{"id":1033,"date":"2018-02-01T19:10:08","date_gmt":"2018-02-01T18:10:08","guid":{"rendered":"http:\/\/herage.org\/blog\/?p=1033"},"modified":"2018-02-27T14:03:37","modified_gmt":"2018-02-27T13:03:37","slug":"de-liege-a-la-paroisse-de-st-saturnin-de-poitiers","status":"publish","type":"post","link":"https:\/\/herage.org\/blog\/https:\/blog.herage.org\/p=\/1033\/","title":{"rendered":"De Li\u00e8ge \u00e0 la paroisse de St-Saturnin de Poitiers"},"content":{"rendered":"<p><span style=\"color: #800000\"><em>Par Thierry P\u00c9RONNET (adh\u00e9rent CGP n\u00b0 154)<\/em><\/span><\/p>\n<p style=\"text-align: justify\">Vers 1685 trois fr\u00e8res Jean, Englebert et Geoffroy DEMARNEF partent de Li\u00e8ge pour chercher fortune comme libraires et imprimeurs en France. Englebert et Geoffroy s\u2019installent \u00e0 Paris rue St-Jacques au P\u00e9lican, Jean de son c\u00f4t\u00e9 choisit Poitiers la rue du march\u00e9 en face de la tour Maubergeon \u00e0 deux pas de l\u2019\u00e9glise Notre-Dame-la-Petite o\u00f9 se trouve sa boutique de libraire-imprimeur au nom du P\u00e9lican.<\/p>\n<div id=\"attachment_1034\" style=\"width: 397px\" class=\"wp-caption alignnone\"><a href=\"https:\/\/i0.wp.com\/herage.org\/blog\/wp-content\/uploads\/2018\/02\/le-P\u00e9lican.jpg\"><img aria-describedby=\"caption-attachment-1034\" data-attachment-id=\"1034\" data-permalink=\"https:\/\/herage.org\/blog\/https:\/blog.herage.org\/p=\/1033\/le-pelican\/\" data-orig-file=\"https:\/\/i0.wp.com\/herage.org\/blog\/wp-content\/uploads\/2018\/02\/le-P\u00e9lican.jpg?fit=1385%2C949&amp;ssl=1\" data-orig-size=\"1385,949\" data-comments-opened=\"1\" data-image-meta=\"{&quot;aperture&quot;:&quot;0&quot;,&quot;credit&quot;:&quot;&quot;,&quot;camera&quot;:&quot;&quot;,&quot;caption&quot;:&quot;&quot;,&quot;created_timestamp&quot;:&quot;0&quot;,&quot;copyright&quot;:&quot;&quot;,&quot;focal_length&quot;:&quot;0&quot;,&quot;iso&quot;:&quot;0&quot;,&quot;shutter_speed&quot;:&quot;0&quot;,&quot;title&quot;:&quot;&quot;,&quot;orientation&quot;:&quot;0&quot;}\" data-image-title=\"le P\u00e9lican\" data-image-description=\"\" data-image-caption=\"\" data-medium-file=\"https:\/\/i0.wp.com\/herage.org\/blog\/wp-content\/uploads\/2018\/02\/le-P\u00e9lican.jpg?fit=300%2C206&amp;ssl=1\" data-large-file=\"https:\/\/i0.wp.com\/herage.org\/blog\/wp-content\/uploads\/2018\/02\/le-P\u00e9lican.jpg?fit=584%2C400&amp;ssl=1\" loading=\"lazy\" class=\"wp-image-1034 \" src=\"https:\/\/i0.wp.com\/herage.org\/blog\/wp-content\/uploads\/2018\/02\/le-P\u00e9lican-300x206.jpg?resize=387%2C266\" alt=\"le P\u00e9lican\" width=\"387\" height=\"266\" srcset=\"https:\/\/i0.wp.com\/herage.org\/blog\/wp-content\/uploads\/2018\/02\/le-P\u00e9lican.jpg?resize=300%2C206&amp;ssl=1 300w, https:\/\/i0.wp.com\/herage.org\/blog\/wp-content\/uploads\/2018\/02\/le-P\u00e9lican.jpg?resize=768%2C526&amp;ssl=1 768w, https:\/\/i0.wp.com\/herage.org\/blog\/wp-content\/uploads\/2018\/02\/le-P\u00e9lican.jpg?resize=1024%2C702&amp;ssl=1 1024w, https:\/\/i0.wp.com\/herage.org\/blog\/wp-content\/uploads\/2018\/02\/le-P\u00e9lican.jpg?w=1385&amp;ssl=1 1385w, https:\/\/i0.wp.com\/herage.org\/blog\/wp-content\/uploads\/2018\/02\/le-P\u00e9lican.jpg?w=1168&amp;ssl=1 1168w\" sizes=\"(max-width: 387px) 100vw, 387px\" data-recalc-dims=\"1\" \/><\/a><p id=\"caption-attachment-1034\" class=\"wp-caption-text\"><span style=\"color: #808000\"><em>COTEREAU (Claude). Du devoir d\u2019un capitaine et chef de guerre. Aussi du combat en camp cloz, ou duel. Poitiers, \u00e0 l\u2019enseigne du P\u00e9lican [Jean et Enguilbert de MARNEF], 1549. In-4, couverture de v\u00e9lin de r\u00e9emploi (Reliure de l\u2019\u00e9poque)<\/em><\/span><\/p><\/div>\n<p style=\"text-align: justify\">Cette famille laissera une petite r\u00e9putation dans le microcosme de la bibliophilie actuelle. Jean aura une descendance et donnera en h\u00e9ritage le pr\u00e9nom rare Englebert qui se retrouve sous la forme Enguibert-Anguibert et qui se transmettra sur plusieurs g\u00e9n\u00e9rations, sur plus de 150 ans, par la magie de la tradition familiale.<\/p>\n<p style=\"text-align: justify\">Cela commence par un fils de Jean, ensuite une petite fille Radegonde, ni\u00e8ce de ce premier Anguibert DEMARNEF poitevin (\u00b0 vers 1500 + 1568), mari\u00e9e en 1570 avec Thomas GARNIER le fils d\u2019un apothicaire dont la boutique \u00e9tait dans l\u2019actuel square Jeanne d\u2019Arc \u00e0 la tour Maubergeon. Elle pr\u00e9nomme un de ses enfants Anguibert (\u00b0 1587 St-Didier + 1650 St-Jean-Baptiste). Le dernier porteur connu sera un petit fils du pr\u00e9c\u00e9dant un certain Anguibert LADMIRAULT (\u00b0 1638 St-Hilaire-le-Grand + 1663).<\/p>\n<div id=\"attachment_1035\" style=\"width: 436px\" class=\"wp-caption alignnone\"><a href=\"https:\/\/i0.wp.com\/herage.org\/blog\/wp-content\/uploads\/2018\/02\/Pont-Joubert.jpg\"><img aria-describedby=\"caption-attachment-1035\" data-attachment-id=\"1035\" data-permalink=\"https:\/\/herage.org\/blog\/https:\/blog.herage.org\/p=\/1033\/pont-joubert\/\" data-orig-file=\"https:\/\/i0.wp.com\/herage.org\/blog\/wp-content\/uploads\/2018\/02\/Pont-Joubert.jpg?fit=861%2C688&amp;ssl=1\" data-orig-size=\"861,688\" data-comments-opened=\"1\" data-image-meta=\"{&quot;aperture&quot;:&quot;0&quot;,&quot;credit&quot;:&quot;&quot;,&quot;camera&quot;:&quot;&quot;,&quot;caption&quot;:&quot;&quot;,&quot;created_timestamp&quot;:&quot;0&quot;,&quot;copyright&quot;:&quot;&quot;,&quot;focal_length&quot;:&quot;0&quot;,&quot;iso&quot;:&quot;0&quot;,&quot;shutter_speed&quot;:&quot;0&quot;,&quot;title&quot;:&quot;&quot;,&quot;orientation&quot;:&quot;0&quot;}\" data-image-title=\"Pont-Joubert\" data-image-description=\"\" data-image-caption=\"&lt;p&gt;La porte du pont Joubert \u00e0 Poitiers&lt;br \/&gt;\ngravure d&amp;rsquo;apr\u00e8s un dessin de Charles Rauch (1791-1857),&lt;br \/&gt;\nextrait de Guide Pittoresque du Voyageur en France, 1834&lt;\/p&gt;\n\" data-medium-file=\"https:\/\/i0.wp.com\/herage.org\/blog\/wp-content\/uploads\/2018\/02\/Pont-Joubert.jpg?fit=300%2C240&amp;ssl=1\" data-large-file=\"https:\/\/i0.wp.com\/herage.org\/blog\/wp-content\/uploads\/2018\/02\/Pont-Joubert.jpg?fit=584%2C467&amp;ssl=1\" loading=\"lazy\" class=\"wp-image-1035 \" src=\"https:\/\/i0.wp.com\/herage.org\/blog\/wp-content\/uploads\/2018\/02\/Pont-Joubert-300x240.jpg?resize=426%2C341\" alt=\"La porte du pont Joubert \u00e0 Poitiers gravure d'apr\u00e8s un dessin de Charles Rauch (1791-1857), extrait de Guide Pittoresque du Voyageur en France, 1834\" width=\"426\" height=\"341\" srcset=\"https:\/\/i0.wp.com\/herage.org\/blog\/wp-content\/uploads\/2018\/02\/Pont-Joubert.jpg?resize=300%2C240&amp;ssl=1 300w, https:\/\/i0.wp.com\/herage.org\/blog\/wp-content\/uploads\/2018\/02\/Pont-Joubert.jpg?resize=768%2C614&amp;ssl=1 768w, https:\/\/i0.wp.com\/herage.org\/blog\/wp-content\/uploads\/2018\/02\/Pont-Joubert.jpg?w=861&amp;ssl=1 861w\" sizes=\"(max-width: 426px) 100vw, 426px\" data-recalc-dims=\"1\" \/><\/a><p id=\"caption-attachment-1035\" class=\"wp-caption-text\"><em><span style=\"color: #808000\">La porte du pont Joubert \u00e0 Poitiers<\/span><\/em><br \/><em><span style=\"color: #808000\"> gravure d&rsquo;apr\u00e8s un dessin de Charles Rauch <\/span><\/em><em><span style=\"color: #808000\">(1791-1857), extrait de Guide Pittoresque du Voyageur en France, 1834 (voir <strong><span style=\"color: #333399\"><a style=\"color: #333399\" href=\"http:\/\/gallica.bnf.fr\/ark:\/12148\/bpt6k5726138w\/f536.item.r=joubert\" target=\"_blank\">Gallica<\/a><\/span><\/strong>)<\/span><\/em><\/p><\/div>\n<p style=\"text-align: justify\">Mais cette famille ne fut pas la premi\u00e8re \u00e0 introduire ce pr\u00e9nom en Poitou, on le retrouve cach\u00e9 dans la toponymie de la cit\u00e9 Pictave. Dans le livre issu d\u2019un travail collectif <strong><span style=\"color: #800000\"><em>\u00ab\u00a0Du faubourg St-Saturnin au faubourg du Pont-Neuf : 3000 ans d\u2019histoire\u00a0\u00bb<\/em><\/span><\/strong><span style=\"color: #800000\">,\u00a0<\/span>l\u2019un des auteurs, Isabelle SOULARD, \u00e9crit que Ingelbert, pr\u00e9v\u00f4t du comte-duc Guy-Geoffroy-Guillaume fils de Guillaume V le Grand et d\u2019Agn\u00e8s de Bourgogne, a donn\u00e9 son nom au <em>\u00ab\u00a0Pontem Engelberti\u00a0\u00bb<\/em> cit\u00e9 en 1086 dans une charte. Ce Pontem Engelberti, c\u2019est le pont Joubert qui relie la ville de Poitiers proprement dite au faubourg St-Saturnin, c\u2019est l\u2019un des plus vieux ponts de Poitiers qui \u00e9tait fortifi\u00e9 comme on peut le voir sur certaines gravures et peintures montrant le Poitiers de l\u2019ancien r\u00e9gime.<\/p>\n<p style=\"text-align: justify\">La paroisse de St-Saturnin \u00e9tait essentiellement rurale, peupl\u00e9e de fermiers, de m\u00e9tayers et de vignerons avec un bourg autour de l\u2019\u00e9glise et le long du Clain o\u00f9 demeurent des artisans. On y retrouve la structure sociologique de toute bonne paroisse rurale du Poitou. Les bords de la rivi\u00e8re concentrent les m\u00e9tiers li\u00e9s \u00e0 l\u2019eau : les meuniers, les tanneurs entre autres. Cette paroisse fait le lien entre la campagne \u00e0 l\u2019est de Poitiers et la ville proprement dite, la jonction se faisant par le pont Joubert porte d\u2019entr\u00e9e orientale de la cit\u00e9 Pictave qui se prolonge par la Grand-Rue, le decumanus de la ville romaine <em>(le decumanus \u00e9tant l\u2019axe principal est-ouest, le cardo lui \u00e9tant l\u2019axe nord-sud)<\/em>.<\/p>\n<p style=\"text-align: justify\">La grande route de Poitiers \u00e0 Bourges passe par St-Saturnin. Le plus vieux monument de Poitiers qui se trouve dans cette paroisse, c\u2019est la Pierre Lev\u00e9e, un dolmen, qui fut \u00e9rig\u00e9 selon Rabelais par Pantagruel. Les deux fr\u00e8res Enguibert et Jean DEMARNEF de la seconde g\u00e9n\u00e9ration poitevine d\u2019imprimeurs-libraires ont \u00e9dit\u00e9 en 1533 le \u00ab\u00a0Pantagruel\u00a0\u00bb de Rabelais.<\/p>\n<table style=\"width: 552px\">\n<tbody>\n<tr>\n<td style=\"width: 188px\"><a href=\"https:\/\/i0.wp.com\/herage.org\/blog\/wp-content\/uploads\/2018\/02\/St-Engelbert.jpg\"><img data-attachment-id=\"1036\" data-permalink=\"https:\/\/herage.org\/blog\/https:\/blog.herage.org\/p=\/1033\/st-engelbert\/\" data-orig-file=\"https:\/\/i0.wp.com\/herage.org\/blog\/wp-content\/uploads\/2018\/02\/St-Engelbert.jpg?fit=1555%2C2285&amp;ssl=1\" data-orig-size=\"1555,2285\" data-comments-opened=\"1\" data-image-meta=\"{&quot;aperture&quot;:&quot;0&quot;,&quot;credit&quot;:&quot;&quot;,&quot;camera&quot;:&quot;&quot;,&quot;caption&quot;:&quot;&quot;,&quot;created_timestamp&quot;:&quot;0&quot;,&quot;copyright&quot;:&quot;&quot;,&quot;focal_length&quot;:&quot;0&quot;,&quot;iso&quot;:&quot;0&quot;,&quot;shutter_speed&quot;:&quot;0&quot;,&quot;title&quot;:&quot;&quot;,&quot;orientation&quot;:&quot;0&quot;}\" data-image-title=\"St-Engelbert\" data-image-description=\"\" data-image-caption=\"\" data-medium-file=\"https:\/\/i0.wp.com\/herage.org\/blog\/wp-content\/uploads\/2018\/02\/St-Engelbert.jpg?fit=204%2C300&amp;ssl=1\" data-large-file=\"https:\/\/i0.wp.com\/herage.org\/blog\/wp-content\/uploads\/2018\/02\/St-Engelbert.jpg?fit=584%2C858&amp;ssl=1\" loading=\"lazy\" class=\"alignleft wp-image-1036\" src=\"https:\/\/i0.wp.com\/herage.org\/blog\/wp-content\/uploads\/2018\/02\/St-Engelbert-204x300.jpg?resize=164%2C241\" alt=\"St-Engelbert\" width=\"164\" height=\"241\" srcset=\"https:\/\/i0.wp.com\/herage.org\/blog\/wp-content\/uploads\/2018\/02\/St-Engelbert.jpg?resize=204%2C300&amp;ssl=1 204w, https:\/\/i0.wp.com\/herage.org\/blog\/wp-content\/uploads\/2018\/02\/St-Engelbert.jpg?resize=768%2C1129&amp;ssl=1 768w, https:\/\/i0.wp.com\/herage.org\/blog\/wp-content\/uploads\/2018\/02\/St-Engelbert.jpg?resize=697%2C1024&amp;ssl=1 697w, https:\/\/i0.wp.com\/herage.org\/blog\/wp-content\/uploads\/2018\/02\/St-Engelbert.jpg?w=1555&amp;ssl=1 1555w, https:\/\/i0.wp.com\/herage.org\/blog\/wp-content\/uploads\/2018\/02\/St-Engelbert.jpg?w=1168&amp;ssl=1 1168w\" sizes=\"(max-width: 164px) 100vw, 164px\" data-recalc-dims=\"1\" \/><\/a><\/td>\n<td style=\"width: 359px\">St-Engelbert archev\u00eaque de Cologne (\u00b0 1185 au Schloss Burg + 1225 \u00e0 Gevelsberg) \u00e9tait tr\u00e8s connu et appr\u00e9ci\u00e9 sous l\u2019ancien r\u00e9gime dans la r\u00e9gion de Li\u00e8ge o\u00f9 de nombreuses personnes port\u00e8rent son patronyme.<\/td>\n<\/tr>\n<\/tbody>\n<\/table>\n<blockquote>\n<hr \/>\n<\/blockquote>\n<p><span style=\"color: #ff0000\"><strong>Pour en savoir + <\/strong><span style=\"color: #000000\"><em>(par Maria FAUGERE CGP n\u00b0\u00a02866)<\/em><\/span><\/span><\/p>\n<p><strong>\u00ab\u00a0L&rsquo;imprimerie\u00a0&amp; la librairie \u00e0 Poitiers pendant le XVIe si\u00e8cle\u00a0\u00bb<\/strong><br \/>\npar M. A. de la BOURALIERE,\u00a0M\u00e9moire de la Soci\u00e9t\u00e9 des Antiquaires de l&rsquo;Ouest,<br \/>\ntome XXIII, an\u00e9e 1899, \u00e0 t\u00e9l\u00e9charger <span style=\"color: #333399\"><strong><a style=\"color: #333399\" href=\"https:\/\/archive.org\/stream\/limprimerielali00labo#page\/n7\/mode\/2up\">ici<\/a>.<br \/>\n<\/strong><\/span>(voir \u00e0 partir de la <strong><span style=\"color: #333399\"><a style=\"color: #333399\" href=\"https:\/\/archive.org\/stream\/limprimerielali00labo#page\/72\/mode\/2up\/search\/de+marnef\" target=\"_blank\">page 72 le chapitre relatif \u00e0 Jean II et Enguilbert II de MARNEF<\/a><\/span><\/strong>)<\/p>\n<p><strong>\u00ab\u00a0Du faubourg St-Saturnin au faubourg du Pont-Neuf : 3000 ans d\u2019histoire\u00a0\u00bb<\/strong><br \/>\n240\u00a0pages illustr\u00e9es et agr\u00e9ment\u00e9 de 150\u00a0photos et illustrations propos\u00e9es par des particuliers et d\u00e9nich\u00e9es chez des collectionneurs. Edit\u00e9 par le Comit\u00e9 du quartier Autour du Pont-Neuf. Vendu au prix de 17\u00a0\u20ac.<br \/>\nContact et information pour acqu\u00e9rir le livre.<strong>\u00a0<\/strong>Comit\u00e9 de quartier autour du Pont-Neuf, t\u00e9l. 06.72.48.78.71.<\/p>\n<p>&nbsp;<\/p>\n","protected":false},"excerpt":{"rendered":"<p>Par Thierry P\u00c9RONNET (adh\u00e9rent CGP n\u00b0 154) Vers 1685 trois fr\u00e8res Jean, Englebert et Geoffroy DEMARNEF partent de Li\u00e8ge pour chercher fortune comme libraires et imprimeurs en France. Englebert et Geoffroy s\u2019installent \u00e0 Paris rue St-Jacques au P\u00e9lican, Jean de &hellip; <a href=\"https:\/\/herage.org\/blog\/https:\/blog.herage.org\/p=\/1033\/\">Continuer la lecture <span class=\"meta-nav\">&rarr;<\/span><\/a><\/p>\n","protected":false},"author":421,"featured_media":0,"comment_status":"closed","ping_status":"closed","sticky":false,"template":"","format":"standard","meta":{"spay_email":"","jetpack_publicize_message":"","jetpack_is_tweetstorm":false,"jetpack_publicize_feature_enabled":true},"categories":[44,30,165],"tags":[138,141,140,139,144,79,142,143],"jetpack_publicize_connections":[],"jetpack_featured_media_url":"","jetpack_sharing_enabled":true,"jetpack_shortlink":"https:\/\/wp.me\/p4fVnZ-gF","jetpack-related-posts":[{"id":1244,"url":"https:\/\/herage.org\/blog\/https:\/blog.herage.org\/p=\/1244\/","url_meta":{"origin":1033,"position":0},"title":"M\u00e9moires d&rsquo;une famille de tailleurs d&rsquo;habits \u00e0 Poitiers","date":"5 mars 2018","format":false,"excerpt":"Par Jean MOUSSU (adh\u00e9rent CGP n\u00b0 1225) Paul WEIMANN et Jeanne ORRILLARD se sont mari\u00e9s \u00e0 Poitiers le 28 septembre 1874, le contrat de mariage ayant \u00e9t\u00e9 pass\u00e9 le 25 septembre 1874 devant Ma\u00eetre LANGEVIN notaire \u00e0 Poitiers. L\u2019\u00e9poux \u00e9tait \u00e2g\u00e9 de 21 ans et l\u2019\u00e9pouse \u00e2g\u00e9e de 22 ans.\u2026","rel":"","context":"Dans &quot;Documents et textes&quot;","img":{"alt_text":"photos priv\u00c3\u00a9es des enfants du couple WEIMANN - ORRILLARD, tailleur d'habits \u00c3\u00a0 Poitiers","src":"https:\/\/i0.wp.com\/herage.org\/blog\/wp-content\/uploads\/2018\/03\/Arbre-famille-Weimann-4.jpg?resize=350%2C200","width":350,"height":200},"classes":[]},{"id":1657,"url":"https:\/\/herage.org\/blog\/https:\/blog.herage.org\/p=\/1657\/","url_meta":{"origin":1033,"position":1},"title":"#ChallengeAZ \u2502 Z&#8230; AuZances, un petit Louvre \u00e0 Poitiers","date":"30 novembre 2018","format":false,"excerpt":"Sous l\u2019ancien r\u00e9gime, les actes de bapt\u00eames, mariages et d\u00e9c\u00e8s sont inscrits sur papier avec timbre fiscal \u00e9manant de la G\u00e9n\u00e9ralit\u00e9 de Poitiers, sign\u00e9 et paraph\u00e9 du lieutenant g\u00e9n\u00e9ral en la s\u00e9n\u00e9chauss\u00e9e du Poitou. Cette charge est tenue de 1717 \u00e0 1724 par Jean de RAZES[1] seigneur et comte d\u2019Auzances\u2026","rel":"","context":"Dans &quot;Challenge AZ 2018&quot;","img":{"alt_text":"","src":"https:\/\/i0.wp.com\/herage.org\/blog\/wp-content\/uploads\/2018\/11\/Emplacement-de-lancienne-impasse-Auzances-1024x637.jpg?resize=350%2C200","width":350,"height":200},"classes":[]},{"id":2335,"url":"https:\/\/herage.org\/blog\/https:\/blog.herage.org\/p=\/2335\/","url_meta":{"origin":1033,"position":2},"title":"#ChallengeAZ \u2502 U&#8230; Universit\u00e9 de Poitiers, portraits de docteurs en m\u00e9decine","date":"25 novembre 2019","format":false,"excerpt":"Dans les cartons des Archives D\u00e9partementale de la Vienne (AD86) on\u00a0trouve une s\u00e9rie de portraits inachev\u00e9s sur velin, il y en a huit en tout (sources AD86 carton 27). Un chercheur historien, ayant \u00e9crit un article sur ces peintures paru dans une des brochures de la Soci\u00e9t\u00e9 des Antiquaires de\u2026","rel":"","context":"Dans &quot;Challenge AZ 2019&quot;","img":{"alt_text":"","src":"https:\/\/i0.wp.com\/herage.org\/blog\/wp-content\/uploads\/2019\/11\/Portraits-de-medecins.png?resize=350%2C200","width":350,"height":200},"classes":[]},{"id":2875,"url":"https:\/\/herage.org\/blog\/https:\/blog.herage.org\/p=\/2875\/","url_meta":{"origin":1033,"position":3},"title":"Calendrier de l&rsquo;avent du CGP : Jour 22","date":"24 d\u00e9cembre 2019","format":false,"excerpt":"Pour le mois de d\u00e9cembre 2019, nous vous proposons d\u2019ouvrir la bo\u00eete \u00e0 souvenirs. Nous avons demand\u00e9 \u00e0 nos adh\u00e9rents de bien vouloir partager des photos ou images et de nous dire en quelques mots ce qu\u2019elles \u00e9voquaient pour eux. Pour ce 22e jour, Jean Moussu s'est replong\u00e9 dans les\u2026","rel":"","context":"Dans &quot;Calendrier de l'avent 2019&quot;","img":{"alt_text":"","src":"https:\/\/i0.wp.com\/herage.org\/blog\/wp-content\/uploads\/2019\/12\/Ypres_campagne1914-1915.jpg?resize=350%2C200","width":350,"height":200},"classes":[]},{"id":1637,"url":"https:\/\/herage.org\/blog\/https:\/blog.herage.org\/p=\/1637\/","url_meta":{"origin":1033,"position":4},"title":"#ChallengeAZ \u2502 P&#8230; Poitiers, le prix du sacril\u00e8ge \u00e0 Saint-Cybard","date":"19 novembre 2018","format":false,"excerpt":"La lecture des registres de la paroisse de Sainte-Radegonde de Poitiers apporte des informations parfois curieuses. En effet, le pr\u00eatre consigne des \u00e9v\u00e9nements marquants pour lesquels il signale en marge une mention \"ad memoriam\"\u00a0ou \"chose remarquable\". Ainsi par exemple, il note en mai 1715 : \"hier au soir a huit\u2026","rel":"","context":"Dans &quot;Challenge AZ 2018&quot;","img":{"alt_text":"","src":"https:\/\/i0.wp.com\/herage.org\/blog\/wp-content\/uploads\/2018\/11\/D\u00c3\u00a9tail-du-si\u00c3\u00a8ge-de-Poitiers-par-Coligny-en-1569--1024x683.jpg?resize=350%2C200","width":350,"height":200},"classes":[]},{"id":2806,"url":"https:\/\/herage.org\/blog\/https:\/blog.herage.org\/p=\/2806\/","url_meta":{"origin":1033,"position":5},"title":"Calendrier de l&rsquo;avent du CGP : Jour 12","date":"12 d\u00e9cembre 2019","format":false,"excerpt":"Pour le mois de d\u00e9cembre 2019, nous vous proposons d\u2019ouvrir la bo\u00eete \u00e0 souvenirs. Nous avons demand\u00e9 \u00e0 nos adh\u00e9rents de bien vouloir partager des photos ou images et de nous dire en quelques mots ce qu\u2019elles \u00e9voquaient pour eux. Pour le 12e jour, Bernard Poussard nous emm\u00e8ne \u00e0 Mign\u00e9-Auxances\u2026","rel":"","context":"Dans &quot;Calendrier de l'avent 2019&quot;","img":{"alt_text":"","src":"https:\/\/i0.wp.com\/herage.org\/blog\/wp-content\/uploads\/2019\/12\/Salvert-orphelinat-1.png?resize=350%2C200","width":350,"height":200},"classes":[]}],"_links":{"self":[{"href":"https:\/\/herage.org\/blog\/wp-json\/wp\/v2\/posts\/1033"}],"collection":[{"href":"https:\/\/herage.org\/blog\/wp-json\/wp\/v2\/posts"}],"about":[{"href":"https:\/\/herage.org\/blog\/wp-json\/wp\/v2\/types\/post"}],"author":[{"embeddable":true,"href":"https:\/\/herage.org\/blog\/wp-json\/wp\/v2\/users\/421"}],"replies":[{"embeddable":true,"href":"https:\/\/herage.org\/blog\/wp-json\/wp\/v2\/comments?post=1033"}],"version-history":[{"count":20,"href":"https:\/\/herage.org\/blog\/wp-json\/wp\/v2\/posts\/1033\/revisions"}],"predecessor-version":[{"id":1057,"href":"https:\/\/herage.org\/blog\/wp-json\/wp\/v2\/posts\/1033\/revisions\/1057"}],"wp:attachment":[{"href":"https:\/\/herage.org\/blog\/wp-json\/wp\/v2\/media?parent=1033"}],"wp:term":[{"taxonomy":"category","embeddable":true,"href":"https:\/\/herage.org\/blog\/wp-json\/wp\/v2\/categories?post=1033"},{"taxonomy":"post_tag","embeddable":true,"href":"https:\/\/herage.org\/blog\/wp-json\/wp\/v2\/tags?post=1033"}],"curies":[{"name":"wp","href":"https:\/\/api.w.org\/{rel}","templated":true}]}}