{"id":107,"date":"2010-06-10T18:36:35","date_gmt":"2010-06-10T17:36:35","guid":{"rendered":"http:\/\/herage.org\/blog\/?p=107"},"modified":"2010-06-10T18:59:09","modified_gmt":"2010-06-10T17:59:09","slug":"manifestation-du-cgp-en-octobre","status":"publish","type":"post","link":"https:\/\/herage.org\/blog\/https:\/blog.herage.org\/p=\/107\/","title":{"rendered":"Manifestation du CGP en octobre"},"content":{"rendered":"<p>Voici le calendrier des manifestations auxquelles le CGP sera pr\u00e9sent en octobre :<br \/>\n2 et 3 octobre : rencontres r\u00e9gionales organis\u00e9es par le Cercle G\u00e9n\u00e9alogique de Saintonge et celui du Sud Saintonge \u00e0 Saintes (16)<br \/>\n16 et 17 octobre : les journ\u00e9es d&rsquo;\u00e9changes organis\u00e9es par le CGP \u00e0 Quin\u00e7ay (86)<br \/>\n23 et 24 octobre : Pass&rsquo;Yon G\u00e9n\u00e9alogie Vend\u00e9e organis\u00e9 par le Cerce de Vend\u00e9e \u00e0 la Roche sur Yon (85)<\/p>\n<p>N&rsquo;h\u00e9sitez pas \u00e0 venir nous rencontrer.<\/p>\n","protected":false},"excerpt":{"rendered":"<p>Voici le calendrier des manifestations auxquelles le CGP sera pr\u00e9sent en octobre : 2 et 3 octobre : rencontres r\u00e9gionales organis\u00e9es par le Cercle G\u00e9n\u00e9alogique de Saintonge et celui du Sud Saintonge \u00e0 Saintes (16) 16 et 17 octobre : &hellip; <a href=\"https:\/\/herage.org\/blog\/https:\/blog.herage.org\/p=\/107\/\">Continuer la lecture <span class=\"meta-nav\">&rarr;<\/span><\/a><\/p>\n","protected":false},"author":3,"featured_media":0,"comment_status":"open","ping_status":"open","sticky":false,"template":"","format":"standard","meta":{"spay_email":"","jetpack_publicize_message":"","jetpack_is_tweetstorm":false,"jetpack_publicize_feature_enabled":true},"categories":[13],"tags":[26],"jetpack_publicize_connections":[],"jetpack_featured_media_url":"","jetpack_sharing_enabled":true,"jetpack_shortlink":"https:\/\/wp.me\/p4fVnZ-1J","jetpack-related-posts":[{"id":583,"url":"https:\/\/herage.org\/blog\/https:\/blog.herage.org\/p=\/583\/","url_meta":{"origin":107,"position":0},"title":"Journ\u00e9es de la g\u00e9n\u00e9alogie \u00e0 Niort les 11 &#038; 12 octobre 2014","date":"19 janvier 2014","format":false,"excerpt":"Le cercle G\u00e9n\u00e9alogique des Deux-S\u00e8vres organise une grande manifestation g\u00e9n\u00e9alogique r\u00e9gionale au parc des expositions \u00a0de Niort les 11 & 12 octobre 2014. A cette occasion, vous y rencontrerez tous les cercles de l'Union G\u00e9n\u00e9alogique Poitou-Charentes- Vend\u00e9e, soit les cercles de la Charente, de l'Aunis, de la Saintonge, du Sud\u2026","rel":"","context":"Dans &quot;Manifestation&quot;","img":{"alt_text":"","src":"","width":0,"height":0},"classes":[]},{"id":761,"url":"https:\/\/herage.org\/blog\/https:\/blog.herage.org\/p=\/761\/","url_meta":{"origin":107,"position":1},"title":"Grande r\u00e9union g\u00e9n\u00e9alogique r\u00e9gionale","date":"29 avril 2016","format":false,"excerpt":"Grande manifestation g\u00e9n\u00e9alogique r\u00e9gionale \u00e0 saintes les samedi 21 et dimanche 22 mai 2016","rel":"","context":"Dans &quot;Manifestation&quot;","img":{"alt_text":"","src":"https:\/\/i0.wp.com\/herage.org\/blog\/wp-content\/uploads\/2016\/04\/gc3a9nc3a9alogie-saintes1-212x300.jpg?resize=350%2C200","width":350,"height":200},"classes":[]},{"id":3311,"url":"https:\/\/herage.org\/blog\/https:\/blog.herage.org\/p=\/3311\/","url_meta":{"origin":107,"position":2},"title":"Une journ\u00e9e \u00e0 Ciss\u00e9 (86)","date":"26 juin 2022","format":false,"excerpt":"Journ\u00e9es expo\/\u00e9changes 2022 organis\u00e9es par le CGP \u00e0 Ciss\u00e9","rel":"","context":"Dans &quot;Manifestation&quot;","img":{"alt_text":"","src":"https:\/\/i0.wp.com\/herage.org\/blog\/wp-content\/uploads\/2022\/06\/CGP-Cisse-2022-evenement-FBK-1-2.png?fit=555%2C312&ssl=1&resize=350%2C200","width":350,"height":200},"classes":[]},{"id":660,"url":"https:\/\/herage.org\/blog\/https:\/blog.herage.org\/p=\/660\/","url_meta":{"origin":107,"position":3},"title":"Charroux sera g\u00e9n\u00e9alogique les 18 &#038; 19 octobre 2014","date":"20 septembre 2014","format":false,"excerpt":"Grande manifestation g\u00e9n\u00e9alogique \u00e0 Charroux les 18 et 19 octobre 2014 organis\u00e9e par le CGP (Cercle G\u00e9n\u00e9alogique Poitevin)","rel":"","context":"Dans &quot;Manifestation&quot;","img":{"alt_text":"","src":"https:\/\/i0.wp.com\/herage.org\/blog\/wp-content\/uploads\/2014\/09\/expo_2014_charroux-212x300.png?resize=350%2C200","width":350,"height":200},"classes":[]},{"id":1424,"url":"https:\/\/herage.org\/blog\/https:\/blog.herage.org\/p=\/1424\/","url_meta":{"origin":107,"position":4},"title":"Les rencontres g\u00e9n\u00e9alogiques du CGP \u00e0 Bignoux","date":"5 juillet 2018","format":false,"excerpt":"Comme tous les ans, le Cercle G\u00e9n\u00e9alogique Poitevin organise un week-end de partages et d'\u00e9changes entre passionn\u00e9s de g\u00e9n\u00e9alogie et donne \u00e9galement la possibilit\u00e9 \u00e0 ses adh\u00e9rents d'exposer leurs travaux de recherches. Cette ann\u00e9e, cette rencontre aura lieu dans la salle socio-culturelle de\u00a0Bignoux, pr\u00e8s de Poitiers, les 06 et 07\u2026","rel":"","context":"Dans &quot;Manifestation&quot;","img":{"alt_text":"forum g\u00e9n\u00e9alogie CGP cercle G\u00e9n\u00e9alogique Poitevin 06 et 07 octobre 2018 Bignoux","src":"https:\/\/i0.wp.com\/herage.org\/blog\/wp-content\/uploads\/2018\/07\/Com-Facebook-1.jpg?fit=454%2C300&ssl=1&resize=350%2C200","width":350,"height":200},"classes":[]},{"id":811,"url":"https:\/\/herage.org\/blog\/https:\/blog.herage.org\/p=\/811\/","url_meta":{"origin":107,"position":5},"title":"les 7-8 octobre 2017, journ\u00e9es Expo &#038; Echanges \u00e0 Lenclo\u00eetre","date":"10 juin 2017","format":false,"excerpt":"Journ\u00e9es Expo & Echanges des adh\u00e9rents du Cercle G\u00e9n\u00e9alogique Poitevin les 7 & 8 octobre 2017 \u00e0 la salle Multim\u00e9dia de Lenclo\u00eetre.","rel":"","context":"Dans &quot;Manifestation&quot;","img":{"alt_text":"","src":"https:\/\/i0.wp.com\/herage.org\/blog\/wp-content\/uploads\/2017\/06\/affiche_5_Lencloitre-212x300.png?resize=350%2C200","width":350,"height":200},"classes":[]}],"_links":{"self":[{"href":"https:\/\/herage.org\/blog\/wp-json\/wp\/v2\/posts\/107"}],"collection":[{"href":"https:\/\/herage.org\/blog\/wp-json\/wp\/v2\/posts"}],"about":[{"href":"https:\/\/herage.org\/blog\/wp-json\/wp\/v2\/types\/post"}],"author":[{"embeddable":true,"href":"https:\/\/herage.org\/blog\/wp-json\/wp\/v2\/users\/3"}],"replies":[{"embeddable":true,"href":"https:\/\/herage.org\/blog\/wp-json\/wp\/v2\/comments?post=107"}],"version-history":[{"count":2,"href":"https:\/\/herage.org\/blog\/wp-json\/wp\/v2\/posts\/107\/revisions"}],"predecessor-version":[{"id":108,"href":"https:\/\/herage.org\/blog\/wp-json\/wp\/v2\/posts\/107\/revisions\/108"}],"wp:attachment":[{"href":"https:\/\/herage.org\/blog\/wp-json\/wp\/v2\/media?parent=107"}],"wp:term":[{"taxonomy":"category","embeddable":true,"href":"https:\/\/herage.org\/blog\/wp-json\/wp\/v2\/categories?post=107"},{"taxonomy":"post_tag","embeddable":true,"href":"https:\/\/herage.org\/blog\/wp-json\/wp\/v2\/tags?post=107"}],"curies":[{"name":"wp","href":"https:\/\/api.w.org\/{rel}","templated":true}]}}