{"id":1097,"date":"2018-02-28T19:15:28","date_gmt":"2018-02-28T18:15:28","guid":{"rendered":"http:\/\/herage.org\/blog\/?p=1097"},"modified":"2018-02-28T20:14:39","modified_gmt":"2018-02-28T19:14:39","slug":"le-chapelain-ma-femme-et-moi","status":"publish","type":"post","link":"https:\/\/herage.org\/blog\/https:\/blog.herage.org\/p=\/1097\/","title":{"rendered":"Le chapelain, ma femme\u2026 et moi"},"content":{"rendered":"<div id=\"attachment_1098\" style=\"width: 235px\" class=\"wp-caption alignleft\"><a href=\"https:\/\/i0.wp.com\/herage.org\/blog\/wp-content\/uploads\/2018\/02\/Mars-et-Venus-surpris-par-Vulcain.jpg\"><img aria-describedby=\"caption-attachment-1098\" data-attachment-id=\"1098\" data-permalink=\"https:\/\/herage.org\/blog\/https:\/blog.herage.org\/p=\/1097\/mars-et-venus-surpris-par-vulcain\/\" data-orig-file=\"https:\/\/i0.wp.com\/herage.org\/blog\/wp-content\/uploads\/2018\/02\/Mars-et-Venus-surpris-par-Vulcain.jpg?fit=304%2C304&amp;ssl=1\" data-orig-size=\"304,304\" data-comments-opened=\"1\" data-image-meta=\"{&quot;aperture&quot;:&quot;0&quot;,&quot;credit&quot;:&quot;&quot;,&quot;camera&quot;:&quot;&quot;,&quot;caption&quot;:&quot;&quot;,&quot;created_timestamp&quot;:&quot;0&quot;,&quot;copyright&quot;:&quot;&quot;,&quot;focal_length&quot;:&quot;0&quot;,&quot;iso&quot;:&quot;0&quot;,&quot;shutter_speed&quot;:&quot;0&quot;,&quot;title&quot;:&quot;&quot;,&quot;orientation&quot;:&quot;0&quot;}\" data-image-title=\"Mars et Venus surpris par Vulcain\" data-image-description=\"\" data-image-caption=\"&lt;p&gt;Mars et Venus surpris par Vulcain&lt;br \/&gt;\npar Louis-Jean-Fran\u00e7ois LAGRENEE (1725-1805)&lt;br \/&gt;\nMus\u00e9e du Louvre&lt;\/p&gt;\n\" data-medium-file=\"https:\/\/i0.wp.com\/herage.org\/blog\/wp-content\/uploads\/2018\/02\/Mars-et-Venus-surpris-par-Vulcain.jpg?fit=300%2C300&amp;ssl=1\" data-large-file=\"https:\/\/i0.wp.com\/herage.org\/blog\/wp-content\/uploads\/2018\/02\/Mars-et-Venus-surpris-par-Vulcain.jpg?fit=304%2C304&amp;ssl=1\" loading=\"lazy\" class=\"wp-image-1098 \" src=\"https:\/\/i0.wp.com\/herage.org\/blog\/wp-content\/uploads\/2018\/02\/Mars-et-Venus-surpris-par-Vulcain-150x150.jpg?resize=225%2C225\" alt=\"Mars et Venus surpris par Vulcain par Louis-Jean-Fran\u00e7ois LAGRENEE (1725-1805) Mus\u00e9e du Louvre\" width=\"225\" height=\"225\" srcset=\"https:\/\/i0.wp.com\/herage.org\/blog\/wp-content\/uploads\/2018\/02\/Mars-et-Venus-surpris-par-Vulcain.jpg?resize=150%2C150&amp;ssl=1 150w, https:\/\/i0.wp.com\/herage.org\/blog\/wp-content\/uploads\/2018\/02\/Mars-et-Venus-surpris-par-Vulcain.jpg?resize=300%2C300&amp;ssl=1 300w, https:\/\/i0.wp.com\/herage.org\/blog\/wp-content\/uploads\/2018\/02\/Mars-et-Venus-surpris-par-Vulcain.jpg?w=304&amp;ssl=1 304w\" sizes=\"(max-width: 225px) 100vw, 225px\" data-recalc-dims=\"1\" \/><\/a><p id=\"caption-attachment-1098\" class=\"wp-caption-text\"><em>Mars et Venus surpris par Vulcain par Louis-Jean-Fran\u00e7ois LAGRENEE (1725-1805) Mus\u00e9e du Louvre<\/em><\/p><\/div>\n<p style=\"text-align: justify\">Parmi les documents relatifs \u00e0 l&rsquo;histoire du Poitou qui sont consultables sur Gallica, nous trouvons 12 volumes qui regroupent les actes royaux du Poitou entre 1302 et 1483. Il s&rsquo;agit du <strong><span style=\"color: #800000\"><em>\u00ab\u00a0Recueil des documents concernant le Poitou contenus dans les registres de la chancellerie de France\u00a0\u00bb<\/em><\/span><\/strong> qui avait \u00e9t\u00e9 publi\u00e9 au XIXe si\u00e8cle par Paul GUERIN (1845-1911), archiviste-pal\u00e9ographe aux Archives nationales.<\/p>\n<p style=\"text-align: justify\">Ces textes r\u00e9v\u00e8lent des renseignements sur les institutions et l&rsquo;histoire des villes ou des communaut\u00e9s religieuses mais \u00e9galement sur les m\u0153urs de la population.<\/p>\n<p style=\"text-align: justify\">Au d\u00e9tour des textes qui sont au demeurant tr\u00e8s s\u00e9rieux, nous avons d\u00e9nich\u00e9 cette lettre de r\u00e9mission dont l&rsquo;histoire est digne d&rsquo;un vaudeville qui aurait pu inspirer quelques bons auteurs de com\u00e9dies de boulevard. <em>(parution dans le Herage n\u00b0 45)<\/em><\/p>\n<p style=\"text-align: justify\"><strong>R\u00e9mission accord\u00e9e \u00e0 Andr\u00e9 GAUVAIN, de Senill\u00e9, pour le meurtre de fr\u00e8re Jean TRANCH\u00c9E, religieux de Saint-Hilaire de la Celle et chapelain de Senill\u00e9, qui avait s\u00e9duit sa femme.<\/strong><\/p>\n<p style=\"text-align: justify\"><em>Charles, par la gr\u00e2ce de Dieu roy de France, nous faisons savoir \u00e0 tous, pr\u00e9sents et avenir, que nous a \u00e9t\u00e9 expos\u00e9 la cause d&rsquo;Andr\u00e9 GAUVAIN, pauvre laboureur de la paroisse de Senill\u00e9 pr\u00e8s Ch\u00e2tellerault.<\/em><\/p>\n<p style=\"text-align: justify\"><em>La nuit suivant le dimanche apr\u00e8s la derni\u00e8re Toussaint, le dit exposant et sa femme \u00e9taient couch\u00e9s en leur lit bien tard et lui endormi, lorsque feu fr\u00e8re Jehan TRANCH\u00c9E, religieux de Saint Hilaire de la Celle et chapelain de la dite paroisse, est venu dans sa maison et s&rsquo;introduisit dans le lit o\u00f9 lui et sa femme \u00e9taient couch\u00e9s et se prit \u00e0 la dite femme pour avoir sa compagnie charnelle.<\/em><\/p>\n<p style=\"text-align: justify\"><em>Alors que le dit exposant s&rsquo;\u00e9veilla et entendit que le dit religieux se couchait au c\u00f4t\u00e9 de sa femme et voulait avoir sa compagnie, il en fut tr\u00e8s courrouc\u00e9. Le dit exposant se prit au dit religieux et pensa le frapper d&rsquo;un b\u00e2ton, mais le dit religieux s&rsquo;\u00e9chappa et s&rsquo;en alla de la maison. Le dit exposant irrit\u00e9 par les faits, frappa un peu sa femme, et lors, ainsi comme il la battait, le dit religieux l&rsquo;entendit et vint \u00e0 la porte du dit exposant, en lui disant : \u00ab\u00a0villain matin, tu as battu et bas ta femme pour et en despit de moy. Ys hors de ton hostel, car il n&rsquo;est plus riens de toy\u00a0\u00bb, et plusieurs autres menaces et paroles injurieuses.<\/em><\/p>\n<p style=\"text-align: justify\"><em>Alors le dit exposant prit en son poing une petite hache et sortit. Et sit\u00f4t dehors, le dit religieux lui couru apr\u00e8s et voulut le frapper violemment d&rsquo;une grande barre de bois qu&rsquo;il tenait en sa main ; et ainsi comme le dit exposant vit venir le coup, se recula un peu et pour peur que le dit religieux ne le tua et pour parer \u00e0 son malice, le frappa \u00e0 la t\u00eate d&rsquo;un seul coup de la dite hache. Apr\u00e8s ce coup, le religieux s&rsquo;en alla chez lui et se coucha en son lit. Parce que le dit religieux ne se fit point visiter ou autrement, mort s&rsquo;ensuivit en sa personne. Le dit exposant, redoutant la rigueur de la justice, s&rsquo;est absent\u00e9 du pays, o\u00f9 il n&rsquo;oserait jamais retourner, si notre gr\u00e2ce ne lui \u00e9tait accord\u00e9e.<\/em><\/p>\n<p style=\"text-align: justify\"><em>En nous requ\u00e9rant humblement, vu que le dit exposant a toujours \u00e9t\u00e9 de bonne r\u00e9putation, renomm\u00e9e et conversation honn\u00eate, sans avoir \u00e9t\u00e9 accus\u00e9 d&rsquo;aucun autre vilain bl\u00e2me et qu&rsquo;il est charg\u00e9 de femme et de 4 petits enfants, lesquels sont en aventure d&rsquo;\u00eatre \u00e0 tout jamais pauvres et mendiants, sur ce nous voulons lui accorder notre gr\u00e2ce.<\/em><\/p>\n<p style=\"text-align: justify\"><em>Pour quoi nous, ces choses consid\u00e9r\u00e9es, etc., \u00e0 Andr\u00e9 GAUVAIN, au cas dessus dit, avons acquitt\u00e9, remis et pardonn\u00e9, etc. Donnons en mandement au bailli des ressors et Exemptions de Touraine, d&rsquo;Anjou, du Maine et de Poitou, etc. Donn\u00e9 \u00e0 Tours, au mois de novembre l&rsquo;an de gr\u00e2ce mil trois cent quatre vingt et onze, et de notre r\u00e8gne le 12<sup>e<\/sup>.<\/em><\/p>\n<p>Source : Les Archives historiques du Poitou volume 6 (<em><span style=\"color: #800000\"><a style=\"color: #800000\" href=\"http:\/\/gallica.bnf.fr\/services\/engine\/search\/sru?operation=searchRetrieve&amp;version=1.2&amp;collapsing=disabled&amp;rk=21459;2&amp;query=%28dc.title%20all%20%22Recueil%20des%20documents%20concernant%20le%20Poitou%22%29%20and%20dc.relation%20all%20%22cb30551581q%22\" target=\"_blank\" rel=\"noopener\">lien Gallica<\/a><\/span><\/em>)<\/p>\n<p>Amour, amour, quand tu nous tiens,<br \/>\nOn peut bien dire : \u00a0\u00bb Adieu prudence!\u00a0\u00bb<br \/>\n(Le loup amoureux, Jean de La FONTAINE)<\/p>\n<p><em>\u00a0<\/em><\/p>\n<p>&nbsp;<\/p>\n<p>&nbsp;<\/p>\n","protected":false},"excerpt":{"rendered":"<p>Parmi les documents relatifs \u00e0 l&rsquo;histoire du Poitou qui sont consultables sur Gallica, nous trouvons 12 volumes qui regroupent les actes royaux du Poitou entre 1302 et 1483. Il s&rsquo;agit du \u00ab\u00a0Recueil des documents concernant le Poitou contenus dans les &hellip; <a href=\"https:\/\/herage.org\/blog\/https:\/blog.herage.org\/p=\/1097\/\">Continuer la lecture <span class=\"meta-nav\">&rarr;<\/span><\/a><\/p>\n","protected":false},"author":421,"featured_media":0,"comment_status":"closed","ping_status":"closed","sticky":false,"template":"","format":"standard","meta":{"spay_email":"","jetpack_publicize_message":"","jetpack_is_tweetstorm":false,"jetpack_publicize_feature_enabled":true},"categories":[30,35,165],"tags":[150,148,42,151,147,149],"jetpack_publicize_connections":[],"jetpack_featured_media_url":"","jetpack_sharing_enabled":true,"jetpack_shortlink":"https:\/\/wp.me\/p4fVnZ-hH","jetpack-related-posts":[{"id":1647,"url":"https:\/\/herage.org\/blog\/https:\/blog.herage.org\/p=\/1647\/","url_meta":{"origin":1097,"position":0},"title":"#ChallengeAZ \u2502 U&#8230; Usson, casse-t\u00eate pour le facteur","date":"24 novembre 2018","format":false,"excerpt":"En France, sur la carte de Cassini, quatre villages portent le nom d\u2019Usson : un en Auvergne, un autre dans le Forez, un troisi\u00e8me dans le Poitou, un quatri\u00e8me en Charente. Celui qui nous int\u00e9resse aujourd\u2019hui est celui qui est dans la province du Poitou, au sud de Poitiers, maintenant\u2026","rel":"","context":"Dans &quot;Challenge AZ 2018&quot;","img":{"alt_text":"Usson-du-Poitou, Vienne 86, place de l'\u00c3\u00a9glise","src":"https:\/\/i0.wp.com\/herage.org\/blog\/wp-content\/uploads\/2018\/11\/Usson-place-de-l\u00c3\u00a9glise-v1.jpg?resize=350%2C200","width":350,"height":200},"classes":[]},{"id":340,"url":"https:\/\/herage.org\/blog\/https:\/blog.herage.org\/p=\/340\/","url_meta":{"origin":1097,"position":1},"title":"Rencontres G\u00e9n\u00e9alogiques \u00e0 Poitiers les 1 et 2 octobre 2011","date":"4 juin 2011","format":false,"excerpt":"A l'occasion du 30\u00b0 anniversaire du Cercle G\u00e9n\u00e9alogique Poitevin et du 20\u00b0 anniversaire\u00a0 de l'Union G\u00e9n\u00e9alogique Poitou-Charentes, une rencontre est organis\u00e9e les 1 et 2 octobre 2011. Plus de 20 cercles couvrant les d\u00e9partements du Poitou-Charentes et des d\u00e9partements voisins seront pr\u00e9sents \u00e0 cette grande f\u00eate. En sus des cercles\u2026","rel":"","context":"Dans &quot;Manifestation&quot;","img":{"alt_text":"","src":"","width":0,"height":0},"classes":[]},{"id":2319,"url":"https:\/\/herage.org\/blog\/https:\/blog.herage.org\/p=\/2319\/","url_meta":{"origin":1097,"position":2},"title":"#ChallengeAZ \u2502 M&#8230; Les Mannevy de Poitiers","date":"15 novembre 2019","format":false,"excerpt":"Le couple Guillaume MANNEVY et Anne MANNEVY est install\u00e9 \u00e0 Poitiers et ils ont pass\u00e9 un contrat de mariage devant M\u00b0 P\u00c9RONNET un notaire de Poitiers le 26 ao\u00fbt 1663. Lui est avocat, dans certains actes il est dit \u00ab\u00a0sieur de Colombiers\u00a0\u00bb, il est fils de Guillaume MANNEVY et de\u2026","rel":"","context":"Dans &quot;Challenge AZ 2019&quot;","img":{"alt_text":"","src":"https:\/\/i0.wp.com\/herage.org\/blog\/wp-content\/uploads\/2019\/11\/figure-1.jpg?resize=350%2C200","width":350,"height":200},"classes":[]},{"id":350,"url":"https:\/\/herage.org\/blog\/https:\/blog.herage.org\/p=\/350\/","url_meta":{"origin":1097,"position":3},"title":"Les 30 ans du cercle, premier jour","date":"1 octobre 2011","format":false,"excerpt":"La manifestation organis\u00e9e par le Cercle G\u00e9n\u00e9alogique Poitevin et l'Union Poitou-Charentes \u00e0 l'occasion des 30 et 20 ans a \u00e9t\u00e9 un vrai succ\u00e8s. Pr\u00e8s de 800 visiteurs sont venus consulter les associations pr\u00e9sentes ou encore les g\u00e9n\u00e9alogistes amateurs qui exposaient leurs travaux. Nombreux sont les nouveaux cousinages qui ont \u00e9t\u00e9\u2026","rel":"","context":"Dans &quot;Cousinages&quot;","img":{"alt_text":"","src":"","width":0,"height":0},"classes":[]},{"id":607,"url":"https:\/\/herage.org\/blog\/https:\/blog.herage.org\/p=\/607\/","url_meta":{"origin":1097,"position":4},"title":"Nouveaux d\u00e9pouillements accessibles aux adh\u00e9rents","date":"13 f\u00e9vrier 2014","format":false,"excerpt":"Ce jour, les apports suivants ont \u00e9t\u00e9 int\u00e9gr\u00e9s \u00e0 la base de donn\u00e9es des relev\u00e9s effectu\u00e9s par les adh\u00e9rents ce qui porte le nombre d'actes d\u00e9pouill\u00e9s \u00e0 2 093 267 \u00a0(1035432 bapt\u00eames\/naissances, 397 291 mariages et 660 544 s\u00e9pultures\/d\u00e9c\u00e8s) : Ajouts ou compl\u00e9ments des bapt\u00eames\/naissances de B\u00e9thines, Lussac-les-Ch\u00e2teaux, Saint-Germain Ajouts\u2026","rel":"","context":"Dans &quot;Relev\u00e9s&quot;","img":{"alt_text":"","src":"","width":0,"height":0},"classes":[]},{"id":583,"url":"https:\/\/herage.org\/blog\/https:\/blog.herage.org\/p=\/583\/","url_meta":{"origin":1097,"position":5},"title":"Journ\u00e9es de la g\u00e9n\u00e9alogie \u00e0 Niort les 11 &#038; 12 octobre 2014","date":"19 janvier 2014","format":false,"excerpt":"Le cercle G\u00e9n\u00e9alogique des Deux-S\u00e8vres organise une grande manifestation g\u00e9n\u00e9alogique r\u00e9gionale au parc des expositions \u00a0de Niort les 11 & 12 octobre 2014. A cette occasion, vous y rencontrerez tous les cercles de l'Union G\u00e9n\u00e9alogique Poitou-Charentes- Vend\u00e9e, soit les cercles de la Charente, de l'Aunis, de la Saintonge, du Sud\u2026","rel":"","context":"Dans &quot;Manifestation&quot;","img":{"alt_text":"","src":"","width":0,"height":0},"classes":[]}],"_links":{"self":[{"href":"https:\/\/herage.org\/blog\/wp-json\/wp\/v2\/posts\/1097"}],"collection":[{"href":"https:\/\/herage.org\/blog\/wp-json\/wp\/v2\/posts"}],"about":[{"href":"https:\/\/herage.org\/blog\/wp-json\/wp\/v2\/types\/post"}],"author":[{"embeddable":true,"href":"https:\/\/herage.org\/blog\/wp-json\/wp\/v2\/users\/421"}],"replies":[{"embeddable":true,"href":"https:\/\/herage.org\/blog\/wp-json\/wp\/v2\/comments?post=1097"}],"version-history":[{"count":15,"href":"https:\/\/herage.org\/blog\/wp-json\/wp\/v2\/posts\/1097\/revisions"}],"predecessor-version":[{"id":1201,"href":"https:\/\/herage.org\/blog\/wp-json\/wp\/v2\/posts\/1097\/revisions\/1201"}],"wp:attachment":[{"href":"https:\/\/herage.org\/blog\/wp-json\/wp\/v2\/media?parent=1097"}],"wp:term":[{"taxonomy":"category","embeddable":true,"href":"https:\/\/herage.org\/blog\/wp-json\/wp\/v2\/categories?post=1097"},{"taxonomy":"post_tag","embeddable":true,"href":"https:\/\/herage.org\/blog\/wp-json\/wp\/v2\/tags?post=1097"}],"curies":[{"name":"wp","href":"https:\/\/api.w.org\/{rel}","templated":true}]}}