{"id":1244,"date":"2018-03-05T13:25:21","date_gmt":"2018-03-05T12:25:21","guid":{"rendered":"http:\/\/herage.org\/blog\/?p=1244"},"modified":"2018-03-05T13:31:15","modified_gmt":"2018-03-05T12:31:15","slug":"orillard-weimann","status":"publish","type":"post","link":"https:\/\/herage.org\/blog\/https:\/blog.herage.org\/p=\/1244\/","title":{"rendered":"M\u00e9moires d&rsquo;une famille de tailleurs d&rsquo;habits \u00e0 Poitiers"},"content":{"rendered":"<h5><span style=\"color: #993300;\">Par Jean MOUSSU (adh\u00e9rent CGP n\u00b0 1225)<\/span><\/h5>\n<div id=\"attachment_1212\" style=\"width: 160px\" class=\"wp-caption alignleft\"><a href=\"https:\/\/i0.wp.com\/herage.org\/blog\/wp-content\/uploads\/2018\/03\/Paul-Weimann.jpg\" target=\"_blank\" rel=\"noopener\"><img aria-describedby=\"caption-attachment-1212\" data-attachment-id=\"1212\" data-permalink=\"https:\/\/herage.org\/blog\/paul-weimann\/\" data-orig-file=\"https:\/\/i0.wp.com\/herage.org\/blog\/wp-content\/uploads\/2018\/03\/Paul-Weimann.jpg?fit=327%2C398&amp;ssl=1\" data-orig-size=\"327,398\" data-comments-opened=\"1\" data-image-meta=\"{&quot;aperture&quot;:&quot;0&quot;,&quot;credit&quot;:&quot;&quot;,&quot;camera&quot;:&quot;&quot;,&quot;caption&quot;:&quot;&quot;,&quot;created_timestamp&quot;:&quot;0&quot;,&quot;copyright&quot;:&quot;&quot;,&quot;focal_length&quot;:&quot;0&quot;,&quot;iso&quot;:&quot;0&quot;,&quot;shutter_speed&quot;:&quot;0&quot;,&quot;title&quot;:&quot;&quot;,&quot;orientation&quot;:&quot;0&quot;}\" data-image-title=\"Paul Weimann\" data-image-description=\"\" data-image-caption=\"&lt;p&gt;Portrait de Paul WEIMANN&lt;\/p&gt;\n\" data-medium-file=\"https:\/\/i0.wp.com\/herage.org\/blog\/wp-content\/uploads\/2018\/03\/Paul-Weimann.jpg?fit=246%2C300&amp;ssl=1\" data-large-file=\"https:\/\/i0.wp.com\/herage.org\/blog\/wp-content\/uploads\/2018\/03\/Paul-Weimann.jpg?fit=327%2C398&amp;ssl=1\" loading=\"lazy\" class=\"wp-image-1212 size-thumbnail\" src=\"https:\/\/i0.wp.com\/herage.org\/blog\/wp-content\/uploads\/2018\/03\/Paul-Weimann-150x150.jpg?resize=150%2C150\" alt=\"Portrait de Paul WEIMANN, tailleur d'habits \u00e0 Poitiers\" width=\"150\" height=\"150\" srcset=\"https:\/\/i0.wp.com\/herage.org\/blog\/wp-content\/uploads\/2018\/03\/Paul-Weimann.jpg?resize=150%2C150&amp;ssl=1 150w, https:\/\/i0.wp.com\/herage.org\/blog\/wp-content\/uploads\/2018\/03\/Paul-Weimann.jpg?zoom=2&amp;resize=150%2C150&amp;ssl=1 300w\" sizes=\"(max-width: 150px) 100vw, 150px\" data-recalc-dims=\"1\" \/><\/a><p id=\"caption-attachment-1212\" class=\"wp-caption-text\">Portrait de Paul WEIMANN vers 1880 &#8211; (collection priv\u00e9e J MOUSSU)<\/p><\/div>\n<p style=\"text-align: justify;\">Paul WEIMANN et Jeanne ORRILLARD se sont mari\u00e9s \u00e0 Poitiers le 28 septembre 1874, le contrat de mariage ayant \u00e9t\u00e9 pass\u00e9 le 25 septembre 1874 devant Ma\u00eetre LANGEVIN notaire \u00e0 Poitiers. L\u2019\u00e9poux \u00e9tait \u00e2g\u00e9 de 21 ans et l\u2019\u00e9pouse \u00e2g\u00e9e de 22 ans. En l\u2019espace de 9 ans, le couple a eu six enfants, dont l\u2019un est mort en bas \u00e2ge. Sont rest\u00e9s un gar\u00e7on et quatre filles qui se sont tous mari\u00e9s \u00e0 Poitiers.<\/p>\n<div id=\"attachment_1213\" style=\"width: 160px\" class=\"wp-caption alignright\"><a href=\"https:\/\/i0.wp.com\/herage.org\/blog\/wp-content\/uploads\/2018\/03\/Poitiers-college-saint-stanislas-vers-1908.jpg\" target=\"_blank\" rel=\"noopener\"><img aria-describedby=\"caption-attachment-1213\" data-attachment-id=\"1213\" data-permalink=\"https:\/\/herage.org\/blog\/poitiers-college-saint-stanislas-vers-1908\/\" data-orig-file=\"https:\/\/i0.wp.com\/herage.org\/blog\/wp-content\/uploads\/2018\/03\/Poitiers-college-saint-stanislas-vers-1908.jpg?fit=500%2C318&amp;ssl=1\" data-orig-size=\"500,318\" data-comments-opened=\"1\" data-image-meta=\"{&quot;aperture&quot;:&quot;0&quot;,&quot;credit&quot;:&quot;&quot;,&quot;camera&quot;:&quot;&quot;,&quot;caption&quot;:&quot;&quot;,&quot;created_timestamp&quot;:&quot;1516835594&quot;,&quot;copyright&quot;:&quot;&quot;,&quot;focal_length&quot;:&quot;0&quot;,&quot;iso&quot;:&quot;0&quot;,&quot;shutter_speed&quot;:&quot;0&quot;,&quot;title&quot;:&quot;&quot;,&quot;orientation&quot;:&quot;1&quot;}\" data-image-title=\"Poitiers college saint stanislas vers 1908\" data-image-description=\"\" data-image-caption=\"&lt;p&gt;Ecole Saint Stanislas vers 1908 (Fonds G\u00e9rard SIMMAT)&lt;\/p&gt;\n\" data-medium-file=\"https:\/\/i0.wp.com\/herage.org\/blog\/wp-content\/uploads\/2018\/03\/Poitiers-college-saint-stanislas-vers-1908.jpg?fit=300%2C191&amp;ssl=1\" data-large-file=\"https:\/\/i0.wp.com\/herage.org\/blog\/wp-content\/uploads\/2018\/03\/Poitiers-college-saint-stanislas-vers-1908.jpg?fit=500%2C318&amp;ssl=1\" loading=\"lazy\" class=\"wp-image-1213 size-thumbnail\" src=\"https:\/\/i0.wp.com\/herage.org\/blog\/wp-content\/uploads\/2018\/03\/Poitiers-college-saint-stanislas-vers-1908-150x150.jpg?resize=150%2C150\" alt=\"photo de rassemblement des \u00e9coliers de l'\u00e9cole Saint Stanislas \u00e0 Poitiers vers 1908\" width=\"150\" height=\"150\" srcset=\"https:\/\/i0.wp.com\/herage.org\/blog\/wp-content\/uploads\/2018\/03\/Poitiers-college-saint-stanislas-vers-1908.jpg?resize=150%2C150&amp;ssl=1 150w, https:\/\/i0.wp.com\/herage.org\/blog\/wp-content\/uploads\/2018\/03\/Poitiers-college-saint-stanislas-vers-1908.jpg?zoom=2&amp;resize=150%2C150&amp;ssl=1 300w, https:\/\/i0.wp.com\/herage.org\/blog\/wp-content\/uploads\/2018\/03\/Poitiers-college-saint-stanislas-vers-1908.jpg?zoom=3&amp;resize=150%2C150&amp;ssl=1 450w\" sizes=\"(max-width: 150px) 100vw, 150px\" data-recalc-dims=\"1\" \/><\/a><p id=\"caption-attachment-1213\" class=\"wp-caption-text\">Ecole Saint Stanislas vers 1908 &#8211; (Fonds G\u00e9rard SIMMAT)<\/p><\/div>\n<p style=\"text-align: justify;\"><strong>Paul WEIMANN<\/strong> \u00e9tait n\u00e9 le 15 octobre 1852 \u00e0 Poitiers. Tailleur d\u2019habit, il avait un magasin vers le palais de justice, et employait une dizaine de personnes. Il faisait tous les uniformes pour le <a href=\"http:\/\/www.centre-presse.fr\/lib\/spaw2\/uploads\/files\/05032013_NR_HR.pdf\" target=\"_blank\" rel=\"noopener\">coll\u00e8ge Stanislas<\/a>.\u00a0Son domicile se situait au n\u00b0 6 rue Saint Didier. Cette rue s\u2019appelle maintenant rue du Palais de justice, le changement de d\u00e9nomination de la rue ayant eu lieu en 1895.<\/p>\n<p style=\"text-align: justify;\">La nourrice des enfants WEIMANN habitait Chasseneuil, ce qui explique pourquoi Paul aimait y aller \u00e0 la p\u00eache. Malheureusement, il est tomb\u00e9 dans le Clain et il en est mort \u00e0 la suite d\u2019une congestion (ou pneumonie), \u00e9tant rest\u00e9 toute la journ\u00e9e mouill\u00e9. C&rsquo;\u00e9tait le 29 ao\u00fbt 1885\u00a0 et il \u00e9tait \u00e2g\u00e9 seulement de 33 ans.<\/p>\n<div id=\"attachment_1222\" style=\"width: 160px\" class=\"wp-caption alignleft\"><a href=\"https:\/\/i0.wp.com\/herage.org\/blog\/wp-content\/uploads\/2018\/03\/Delphine-ORRILLARD-1.jpg\" target=\"_blank\" rel=\"noopener\"><img aria-describedby=\"caption-attachment-1222\" data-attachment-id=\"1222\" data-permalink=\"https:\/\/herage.org\/blog\/delphine-orrillard-2\/\" data-orig-file=\"https:\/\/i0.wp.com\/herage.org\/blog\/wp-content\/uploads\/2018\/03\/Delphine-ORRILLARD-1.jpg?fit=269%2C386&amp;ssl=1\" data-orig-size=\"269,386\" data-comments-opened=\"1\" data-image-meta=\"{&quot;aperture&quot;:&quot;0&quot;,&quot;credit&quot;:&quot;&quot;,&quot;camera&quot;:&quot;&quot;,&quot;caption&quot;:&quot;&quot;,&quot;created_timestamp&quot;:&quot;1519914082&quot;,&quot;copyright&quot;:&quot;&quot;,&quot;focal_length&quot;:&quot;0&quot;,&quot;iso&quot;:&quot;0&quot;,&quot;shutter_speed&quot;:&quot;0&quot;,&quot;title&quot;:&quot;&quot;,&quot;orientation&quot;:&quot;1&quot;}\" data-image-title=\"Delphine ORRILLARD\" data-image-description=\"\" data-image-caption=\"&lt;p&gt;Portrait de Jeanne Delphine ORRILLARD&lt;\/p&gt;\n\" data-medium-file=\"https:\/\/i0.wp.com\/herage.org\/blog\/wp-content\/uploads\/2018\/03\/Delphine-ORRILLARD-1.jpg?fit=209%2C300&amp;ssl=1\" data-large-file=\"https:\/\/i0.wp.com\/herage.org\/blog\/wp-content\/uploads\/2018\/03\/Delphine-ORRILLARD-1.jpg?fit=269%2C386&amp;ssl=1\" loading=\"lazy\" class=\"wp-image-1222 size-thumbnail\" src=\"https:\/\/i0.wp.com\/herage.org\/blog\/wp-content\/uploads\/2018\/03\/Delphine-ORRILLARD-1-150x150.jpg?resize=150%2C150\" alt=\"Portrait de Jeanne Delphine ORRILLARD, veuve WEIMANN, vers 1900, merci\u00e8re \u00e0 Poitiers\" width=\"150\" height=\"150\" data-recalc-dims=\"1\" \/><\/a><p id=\"caption-attachment-1222\" class=\"wp-caption-text\">Portrait de Jeanne Delphine ORRILLARD vers 1900 &#8211; (collection priv\u00e9e J MOUSSU)<\/p><\/div>\n<p style=\"text-align: justify;\">Son \u00e9pouse <strong>Jeanne Delphine ORRILLARD<\/strong>, n\u00e9e le 26 octobre 1851 \u00e0 Poitiers, s\u2019est donc retrouv\u00e9e veuve \u00e0 34 ans avec six enfants \u00e2g\u00e9s de 11 mois \u00bd \u00e0 10 ans. Son deuxi\u00e8me fils est mort la m\u00eame ann\u00e9e d\u2019une m\u00e9ningite, le 21 octobre 1885 soit deux mois apr\u00e8s son p\u00e8re. Il \u00e9tait \u00e2g\u00e9 de 5 ans \u00bd.<\/p>\n<p style=\"text-align: justify;\">Apr\u00e8s la mort de son mari Jeanne Delphine ORRILLARD a tenu une boutique de broderie mercerie qui se trouvait \u00e0 cot\u00e9 de chez Funk chocolatier dans la rue Gambetta (mais elle n\u2019y habitait pas).<\/p>\n<p style=\"text-align: justify;\">G\u00e9rard SIMMAT \u00e9voque ce magasin dans son ouvrage page 71 <a href=\"http:\/\/www.gerardsimmat.com\/livre.php?id=2_Poitiers+fl%E2neries\" target=\"_blank\" rel=\"noopener\"><strong>\u00ab\u00a0Poitiers fl\u00e2neries\u00a0\u00bb<\/strong><\/a>\u00a0<em>(Editions du Pont Neuf 1995)<\/em> lequel est une description des commerces que pouvait rencontrer un visiteur de Poitiers au d\u00e9but du XXe si\u00e8cle : \u00ab\u00a0<em>au n\u00b0 44 mercerie bonneterie, lingerie, corsets et ganterie de la veuve Weimann \u00e0 laquelle succ\u00e9deront les demoiselles Charpentier. Au n\u00b0 42 la p\u00e2tisserie E Fink<\/em>\u00a0\u00bb.<\/p>\n<div id=\"attachment_1219\" style=\"width: 160px\" class=\"wp-caption alignright\"><a href=\"https:\/\/i0.wp.com\/herage.org\/blog\/wp-content\/uploads\/2018\/03\/Publicit\u00e9-ancienne-maison-weimann-1.jpg\" target=\"_blank\" rel=\"noopener\"><img aria-describedby=\"caption-attachment-1219\" data-attachment-id=\"1219\" data-permalink=\"https:\/\/herage.org\/blog\/publicite-ancienne-maison-weimann-1\/\" data-orig-file=\"https:\/\/i0.wp.com\/herage.org\/blog\/wp-content\/uploads\/2018\/03\/Publicit\u00e9-ancienne-maison-weimann-1.jpg?fit=457%2C738&amp;ssl=1\" data-orig-size=\"457,738\" data-comments-opened=\"1\" data-image-meta=\"{&quot;aperture&quot;:&quot;0&quot;,&quot;credit&quot;:&quot;&quot;,&quot;camera&quot;:&quot;&quot;,&quot;caption&quot;:&quot;&quot;,&quot;created_timestamp&quot;:&quot;1518738191&quot;,&quot;copyright&quot;:&quot;&quot;,&quot;focal_length&quot;:&quot;0&quot;,&quot;iso&quot;:&quot;0&quot;,&quot;shutter_speed&quot;:&quot;0&quot;,&quot;title&quot;:&quot;&quot;,&quot;orientation&quot;:&quot;1&quot;}\" data-image-title=\"Publicit\u00e9 ancienne maison weimann 1\" data-image-description=\"\" data-image-caption=\"\" data-medium-file=\"https:\/\/i0.wp.com\/herage.org\/blog\/wp-content\/uploads\/2018\/03\/Publicit\u00e9-ancienne-maison-weimann-1.jpg?fit=186%2C300&amp;ssl=1\" data-large-file=\"https:\/\/i0.wp.com\/herage.org\/blog\/wp-content\/uploads\/2018\/03\/Publicit\u00e9-ancienne-maison-weimann-1.jpg?fit=457%2C738&amp;ssl=1\" loading=\"lazy\" class=\"wp-image-1219 size-thumbnail\" src=\"https:\/\/i0.wp.com\/herage.org\/blog\/wp-content\/uploads\/2018\/03\/Publicit\u00e9-ancienne-maison-weimann-1-150x150.jpg?resize=150%2C150\" alt=\"Publicit\u00e9 pour l'ancienne maison Weimann, tailleur d'habits \u00e0 Poitiers\" width=\"150\" height=\"150\" srcset=\"https:\/\/i0.wp.com\/herage.org\/blog\/wp-content\/uploads\/2018\/03\/Publicit\u00e9-ancienne-maison-weimann-1.jpg?resize=150%2C150&amp;ssl=1 150w, https:\/\/i0.wp.com\/herage.org\/blog\/wp-content\/uploads\/2018\/03\/Publicit\u00e9-ancienne-maison-weimann-1.jpg?zoom=2&amp;resize=150%2C150&amp;ssl=1 300w, https:\/\/i0.wp.com\/herage.org\/blog\/wp-content\/uploads\/2018\/03\/Publicit\u00e9-ancienne-maison-weimann-1.jpg?zoom=3&amp;resize=150%2C150&amp;ssl=1 450w\" sizes=\"(max-width: 150px) 100vw, 150px\" data-recalc-dims=\"1\" \/><\/a><p id=\"caption-attachment-1219\" class=\"wp-caption-text\">Publicit\u00e9 ancienne maison Weimann<\/p><\/div>\n<p style=\"text-align: justify;\">Il est aussi \u00e9voqu\u00e9 dans ce m\u00eame ouvrage, page 61, l\u2019existence au n\u00b0 11 de la rue Gambetta de l\u2019\u00ab\u00a0<em>ancienne maison Weimann<\/em>\u00a0\u00bb tenue par \u00ab\u00a0<em>M Maillet gendre et successeur de J Escouet tailleur civil et militaire<\/em>\u00a0\u00bb. \u00ab\u00a0<em>La rue Gambetta est issue par arr\u00eat\u00e9 municipal du 7 octobre 1895 de la rue St Fran\u00e7ois, rue de la maire et de la rue St Porchaire<\/em>\u00a0\u00bb (illustration page 128).<\/p>\n<p style=\"text-align: justify;\">Jeanne Delphine ORRILLARD \u00e9tait \u00e2g\u00e9e de 69 ans lors de son d\u00e9c\u00e8s. Lors de sa s\u00e9pulture, la famille a suivi le corbillard \u00e0 pied de son domicile Grand rue jusqu\u2019au cimeti\u00e8re de l\u2019h\u00f4pital des champs.<\/p>\n<div id=\"attachment_1235\" style=\"width: 902px\" class=\"wp-caption aligncenter\"><a href=\"https:\/\/i0.wp.com\/herage.org\/blog\/wp-content\/uploads\/2018\/03\/Arbre-famille-Weimann-4.jpg\"><img aria-describedby=\"caption-attachment-1235\" data-attachment-id=\"1235\" data-permalink=\"https:\/\/herage.org\/blog\/arbre-famille-weimann-4\/\" data-orig-file=\"https:\/\/i0.wp.com\/herage.org\/blog\/wp-content\/uploads\/2018\/03\/Arbre-famille-Weimann-4.jpg?fit=892%2C1460&amp;ssl=1\" data-orig-size=\"892,1460\" data-comments-opened=\"1\" data-image-meta=\"{&quot;aperture&quot;:&quot;0&quot;,&quot;credit&quot;:&quot;&quot;,&quot;camera&quot;:&quot;&quot;,&quot;caption&quot;:&quot;&quot;,&quot;created_timestamp&quot;:&quot;1519918376&quot;,&quot;copyright&quot;:&quot;&quot;,&quot;focal_length&quot;:&quot;0&quot;,&quot;iso&quot;:&quot;0&quot;,&quot;shutter_speed&quot;:&quot;0&quot;,&quot;title&quot;:&quot;&quot;,&quot;orientation&quot;:&quot;1&quot;}\" data-image-title=\"Arbre famille Weimann 4\" data-image-description=\"\" data-image-caption=\"&lt;p&gt;arbre de parente et photos des enfants WEIMANN &#8211; (collection priv\u00e9e J MOUSSU)&lt;\/p&gt;\n\" data-medium-file=\"https:\/\/i0.wp.com\/herage.org\/blog\/wp-content\/uploads\/2018\/03\/Arbre-famille-Weimann-4.jpg?fit=183%2C300&amp;ssl=1\" data-large-file=\"https:\/\/i0.wp.com\/herage.org\/blog\/wp-content\/uploads\/2018\/03\/Arbre-famille-Weimann-4.jpg?fit=584%2C955&amp;ssl=1\" loading=\"lazy\" class=\"size-full wp-image-1235\" src=\"https:\/\/i0.wp.com\/herage.org\/blog\/wp-content\/uploads\/2018\/03\/Arbre-famille-Weimann-4.jpg?resize=584%2C956\" alt=\"photos priv\u00e9es des enfants du couple WEIMANN - ORRILLARD, tailleur d'habits \u00e0 Poitiers\" width=\"584\" height=\"956\" srcset=\"https:\/\/i0.wp.com\/herage.org\/blog\/wp-content\/uploads\/2018\/03\/Arbre-famille-Weimann-4.jpg?w=892&amp;ssl=1 892w, https:\/\/i0.wp.com\/herage.org\/blog\/wp-content\/uploads\/2018\/03\/Arbre-famille-Weimann-4.jpg?resize=183%2C300&amp;ssl=1 183w, https:\/\/i0.wp.com\/herage.org\/blog\/wp-content\/uploads\/2018\/03\/Arbre-famille-Weimann-4.jpg?resize=768%2C1257&amp;ssl=1 768w, https:\/\/i0.wp.com\/herage.org\/blog\/wp-content\/uploads\/2018\/03\/Arbre-famille-Weimann-4.jpg?resize=626%2C1024&amp;ssl=1 626w\" sizes=\"(max-width: 584px) 100vw, 584px\" data-recalc-dims=\"1\" \/><\/a><p id=\"caption-attachment-1235\" class=\"wp-caption-text\">arbre de parente et photos des enfants WEIMANN &#8211; (collection priv\u00e9e J MOUSSU)<\/p><\/div>\n","protected":false},"excerpt":{"rendered":"<p>Par Jean MOUSSU (adh\u00e9rent CGP n\u00b0 1225) Paul WEIMANN et Jeanne ORRILLARD se sont mari\u00e9s \u00e0 Poitiers le 28 septembre 1874, le contrat de mariage ayant \u00e9t\u00e9 pass\u00e9 le 25 septembre 1874 devant Ma\u00eetre LANGEVIN notaire \u00e0 Poitiers. L\u2019\u00e9poux \u00e9tait &hellip; <a href=\"https:\/\/herage.org\/blog\/https:\/blog.herage.org\/p=\/1244\/\">Continuer la lecture <span class=\"meta-nav\">&rarr;<\/span><\/a><\/p>\n","protected":false},"author":3,"featured_media":0,"comment_status":"open","ping_status":"open","sticky":false,"template":"","format":"standard","meta":{"spay_email":"","jetpack_publicize_message":"","jetpack_is_tweetstorm":false,"jetpack_publicize_feature_enabled":true},"categories":[30,165,31,34],"tags":[170,79,171,169],"jetpack_publicize_connections":[],"jetpack_featured_media_url":"","jetpack_sharing_enabled":true,"jetpack_shortlink":"https:\/\/wp.me\/p4fVnZ-k4","jetpack-related-posts":[{"id":2875,"url":"https:\/\/herage.org\/blog\/https:\/blog.herage.org\/p=\/2875\/","url_meta":{"origin":1244,"position":0},"title":"Calendrier de l&rsquo;avent du CGP : Jour 22","date":"24 d\u00e9cembre 2019","format":false,"excerpt":"Pour le mois de d\u00e9cembre 2019, nous vous proposons d\u2019ouvrir la bo\u00eete \u00e0 souvenirs. Nous avons demand\u00e9 \u00e0 nos adh\u00e9rents de bien vouloir partager des photos ou images et de nous dire en quelques mots ce qu\u2019elles \u00e9voquaient pour eux. Pour ce 22e jour, Jean Moussu s'est replong\u00e9 dans les\u2026","rel":"","context":"Dans &quot;Calendrier de l'avent 2019&quot;","img":{"alt_text":"","src":"https:\/\/i0.wp.com\/herage.org\/blog\/wp-content\/uploads\/2019\/12\/Ypres_campagne1914-1915.jpg?resize=350%2C200","width":350,"height":200},"classes":[]},{"id":1023,"url":"https:\/\/herage.org\/blog\/https:\/blog.herage.org\/p=\/1023\/","url_meta":{"origin":1244,"position":1},"title":"Une centenaire originaire d&rsquo;Iteuil","date":"9 f\u00e9vrier 2018","format":false,"excerpt":"Par Jean MOUSSU (adh\u00e9rent CGP n\u00b0 1225) On rel\u00e8ve sur le registre de la paroisse de Sainte Triaise \u00e0 Poitiers, \u00e0 la date du 14 f\u00e9vrier 1746, la s\u00e9pulture de Jeanne JORIGNY fille \u00e2g\u00e9e de 103 ans \u00ab\u00a0demeurant depuis trois ans chez Andr\u00e9 JORIGNY petit marchand. Son grand \u00e2ge l\u2019avait\u2026","rel":"","context":"Dans &quot;Divers&quot;","img":{"alt_text":"acte de d\u00c3\u00a9c\u00c3\u00a8s Jeanne JORIGNY","src":"https:\/\/i0.wp.com\/herage.org\/blog\/wp-content\/uploads\/2018\/01\/acte-de-d\u00c3\u00a9c\u00c3\u00a8s-Jeanne-JORIGNY-300x161.png?resize=350%2C200","width":350,"height":200},"classes":[]},{"id":2319,"url":"https:\/\/herage.org\/blog\/https:\/blog.herage.org\/p=\/2319\/","url_meta":{"origin":1244,"position":2},"title":"#ChallengeAZ \u2502 M&#8230; Les Mannevy de Poitiers","date":"15 novembre 2019","format":false,"excerpt":"Le couple Guillaume MANNEVY et Anne MANNEVY est install\u00e9 \u00e0 Poitiers et ils ont pass\u00e9 un contrat de mariage devant M\u00b0 P\u00c9RONNET un notaire de Poitiers le 26 ao\u00fbt 1663. Lui est avocat, dans certains actes il est dit \u00ab\u00a0sieur de Colombiers\u00a0\u00bb, il est fils de Guillaume MANNEVY et de\u2026","rel":"","context":"Dans &quot;Challenge AZ 2019&quot;","img":{"alt_text":"","src":"https:\/\/i0.wp.com\/herage.org\/blog\/wp-content\/uploads\/2019\/11\/figure-1.jpg?resize=350%2C200","width":350,"height":200},"classes":[]},{"id":2293,"url":"https:\/\/herage.org\/blog\/https:\/blog.herage.org\/p=\/2293\/","url_meta":{"origin":1244,"position":3},"title":"#ChallengeAZ \u2502 A&#8230; Ascension sans retenue pour l&rsquo;inspecteur Lacolle","date":"1 novembre 2019","format":false,"excerpt":"Ren\u00e9 LACOLLE na\u00eet le 16\/01\/1792 et est baptis\u00e9 le lendemain \u00e0 Oiron (79). Il est le fils d'autre Ren\u00e9 LACOLLE, propri\u00e9taire tailleur d'habits, et de Marie Radegonde MARTIN. Il grandit dans sa famille avec son fr\u00e8re Vincent (1802-1871) qui finira sa vie cur\u00e9 \u00e0 Saint-Laurent-de-Jourdes (86) et sa s\u0153ur Rosalie\u2026","rel":"","context":"Dans &quot;Challenge AZ 2019&quot;","img":{"alt_text":"","src":"https:\/\/i0.wp.com\/herage.org\/blog\/wp-content\/uploads\/2019\/10\/palmes-academiques.jpg?fit=355%2C410&ssl=1&resize=350%2C200","width":350,"height":200},"classes":[]},{"id":3014,"url":"https:\/\/herage.org\/blog\/https:\/blog.herage.org\/p=\/3014\/","url_meta":{"origin":1244,"position":4},"title":"40 ans du CGP : r\u00e9trospective des expositions","date":"10 juillet 2021","format":false,"excerpt":"Depuis 40 ans le Cercle g\u00e9n\u00e9alogique poitevin propose r\u00e9guli\u00e8rement des expositions qui sont pr\u00e9sent\u00e9es au cours des journ\u00e9es d'\u00e9change qu'il organise. Les 25 et 26 septembre 2021 sera l'occasion de les d\u00e9couvrir ou de les revoir dans la salle Agora \u00e0 Jaunay-Marigny. Des in\u00e9dits seront \u00e9galement pr\u00e9sent\u00e9s. Pour vous donner\u2026","rel":"","context":"Dans &quot;Anniversaire&quot;","img":{"alt_text":"","src":"https:\/\/i0.wp.com\/herage.org\/blog\/wp-content\/uploads\/2021\/07\/Expo-poilus-Montamise.jpg?resize=350%2C200&ssl=1","width":350,"height":200},"classes":[]},{"id":1033,"url":"https:\/\/herage.org\/blog\/https:\/blog.herage.org\/p=\/1033\/","url_meta":{"origin":1244,"position":5},"title":"De Li\u00e8ge \u00e0 la paroisse de St-Saturnin de Poitiers","date":"1 f\u00e9vrier 2018","format":false,"excerpt":"Par Thierry P\u00c9RONNET (adh\u00e9rent CGP n\u00b0 154) Vers 1685 trois fr\u00e8res Jean, Englebert et Geoffroy DEMARNEF partent de Li\u00e8ge pour chercher fortune comme libraires et imprimeurs en France. Englebert et Geoffroy s\u2019installent \u00e0 Paris rue St-Jacques au P\u00e9lican, Jean de son c\u00f4t\u00e9 choisit Poitiers la rue du march\u00e9 en face\u2026","rel":"","context":"Dans &quot;Divers&quot;","img":{"alt_text":"le P\u00c3\u00a9lican","src":"https:\/\/i0.wp.com\/herage.org\/blog\/wp-content\/uploads\/2018\/02\/le-P\u00c3\u00a9lican-300x206.jpg?resize=350%2C200","width":350,"height":200},"classes":[]}],"_links":{"self":[{"href":"https:\/\/herage.org\/blog\/wp-json\/wp\/v2\/posts\/1244"}],"collection":[{"href":"https:\/\/herage.org\/blog\/wp-json\/wp\/v2\/posts"}],"about":[{"href":"https:\/\/herage.org\/blog\/wp-json\/wp\/v2\/types\/post"}],"author":[{"embeddable":true,"href":"https:\/\/herage.org\/blog\/wp-json\/wp\/v2\/users\/3"}],"replies":[{"embeddable":true,"href":"https:\/\/herage.org\/blog\/wp-json\/wp\/v2\/comments?post=1244"}],"version-history":[{"count":2,"href":"https:\/\/herage.org\/blog\/wp-json\/wp\/v2\/posts\/1244\/revisions"}],"predecessor-version":[{"id":1246,"href":"https:\/\/herage.org\/blog\/wp-json\/wp\/v2\/posts\/1244\/revisions\/1246"}],"wp:attachment":[{"href":"https:\/\/herage.org\/blog\/wp-json\/wp\/v2\/media?parent=1244"}],"wp:term":[{"taxonomy":"category","embeddable":true,"href":"https:\/\/herage.org\/blog\/wp-json\/wp\/v2\/categories?post=1244"},{"taxonomy":"post_tag","embeddable":true,"href":"https:\/\/herage.org\/blog\/wp-json\/wp\/v2\/tags?post=1244"}],"curies":[{"name":"wp","href":"https:\/\/api.w.org\/{rel}","templated":true}]}}