{"id":1284,"date":"2018-03-12T14:30:00","date_gmt":"2018-03-12T13:30:00","guid":{"rendered":"http:\/\/herage.org\/blog\/?p=1284"},"modified":"2018-03-12T18:17:56","modified_gmt":"2018-03-12T17:17:56","slug":"prochain-rendez-vous-salon-de-la-genealogie-a-la-mairie-du-xve","status":"publish","type":"post","link":"https:\/\/herage.org\/blog\/https:\/blog.herage.org\/p=\/1284\/","title":{"rendered":"Prochain rendez-vous : salon de la g\u00e9n\u00e9alogie \u00e0 la Mairie du XVe"},"content":{"rendered":"<p><a href=\"https:\/\/i0.wp.com\/herage.org\/blog\/wp-content\/uploads\/2018\/02\/affiche_2018.jpg\"><img data-attachment-id=\"1158\" data-permalink=\"https:\/\/herage.org\/blog\/?attachment_id=1158\" data-orig-file=\"https:\/\/i0.wp.com\/herage.org\/blog\/wp-content\/uploads\/2018\/02\/affiche_2018.jpg?fit=2590%2C3626&amp;ssl=1\" data-orig-size=\"2590,3626\" data-comments-opened=\"1\" data-image-meta=\"{&quot;aperture&quot;:&quot;0&quot;,&quot;credit&quot;:&quot;&quot;,&quot;camera&quot;:&quot;&quot;,&quot;caption&quot;:&quot;&quot;,&quot;created_timestamp&quot;:&quot;0&quot;,&quot;copyright&quot;:&quot;&quot;,&quot;focal_length&quot;:&quot;0&quot;,&quot;iso&quot;:&quot;0&quot;,&quot;shutter_speed&quot;:&quot;0&quot;,&quot;title&quot;:&quot;&quot;,&quot;orientation&quot;:&quot;0&quot;}\" data-image-title=\"Grand Salon de la G\u00e9n\u00e9alogie 2018\" data-image-description=\"\" data-image-caption=\"\" data-medium-file=\"https:\/\/i0.wp.com\/herage.org\/blog\/wp-content\/uploads\/2018\/02\/affiche_2018.jpg?fit=214%2C300&amp;ssl=1\" data-large-file=\"https:\/\/i0.wp.com\/herage.org\/blog\/wp-content\/uploads\/2018\/02\/affiche_2018.jpg?fit=584%2C818&amp;ssl=1\" loading=\"lazy\" class=\"alignleft size-medium wp-image-1158\" src=\"https:\/\/i0.wp.com\/herage.org\/blog\/wp-content\/uploads\/2018\/02\/affiche_2018-214x300.jpg?resize=214%2C300\" alt=\"\" width=\"214\" height=\"300\" srcset=\"https:\/\/i0.wp.com\/herage.org\/blog\/wp-content\/uploads\/2018\/02\/affiche_2018.jpg?resize=214%2C300&amp;ssl=1 214w, https:\/\/i0.wp.com\/herage.org\/blog\/wp-content\/uploads\/2018\/02\/affiche_2018.jpg?resize=768%2C1075&amp;ssl=1 768w, https:\/\/i0.wp.com\/herage.org\/blog\/wp-content\/uploads\/2018\/02\/affiche_2018.jpg?resize=731%2C1024&amp;ssl=1 731w, https:\/\/i0.wp.com\/herage.org\/blog\/wp-content\/uploads\/2018\/02\/affiche_2018.jpg?w=1168&amp;ssl=1 1168w, https:\/\/i0.wp.com\/herage.org\/blog\/wp-content\/uploads\/2018\/02\/affiche_2018.jpg?w=1752&amp;ssl=1 1752w\" sizes=\"(max-width: 214px) 100vw, 214px\" data-recalc-dims=\"1\" \/><\/a><\/p>\n<p style=\"text-align: justify;\">Cette ann\u00e9e encore le <a href=\"http:\/\/www.herage.org\/accueil.htm\" target=\"_blank\" rel=\"noopener\">Cercle G\u00e9n\u00e9alogique Poitevin<\/a> sera pr\u00e9sent au prochain <strong>grand salon de la g\u00e9n\u00e9alogie organis\u00e9 \u00e0 la Mairie du XV\u00e8 arrondissement<\/strong> de Paris en partenariat avec <a href=\"https:\/\/www.archivesetculture.org\/\" target=\"_blank\" rel=\"noopener\">Archives et Culture<\/a> et <a href=\"https:\/\/www.geneanet.org\/\" target=\"_blank\" rel=\"noopener\">Geneanet<\/a>. Il aura lieu<strong> du 15 au 17 mars prochain.<\/strong><\/p>\n<p style=\"text-align: justify;\">Ce salon est ouvert \u00e0 tous, amateurs ou professionnels, d\u00e9butants, passionn\u00e9s ou acharn\u00e9s. De nombreuses <a href=\"https:\/\/www.salondegenealogie.com\/les-stands-regional\" target=\"_blank\" rel=\"noopener\">associations de g\u00e9n\u00e9alogie<\/a> seront pr\u00e9sentes. Vous trouverez \u00e9galement de nombreux stands qui pourront r\u00e9pondre \u00e0 <a href=\"https:\/\/www.salondegenealogie.com\/les-stands-generaux\" target=\"_blank\" rel=\"noopener\">diff\u00e9rentes th\u00e9matiques<\/a> comme faire de la g\u00e9n\u00e9alogie \u00e0 l&rsquo;\u00e9cole, retrouver l&rsquo;histoire d&rsquo;une maison ou vous guider pour faire des recherches sur vos anc\u00eatres espagnols, belges, maltais, etc. Vous aurez \u00e9galement acc\u00e8s \u00e0 des <a href=\"https:\/\/www.salondegenealogie.com\/les-conferences-\" target=\"_blank\" rel=\"noopener\">conf\u00e9rences<\/a>.<\/p>\n<p style=\"text-align: justify;\">Vous pouvez consulter le programme sur le <strong><a href=\"https:\/\/www.salondegenealogie.com\/\" target=\"_blank\" rel=\"noopener\">site du salon<\/a>\u2026<\/strong> et venez nombreux \u00e0 notre rencontre.<\/p>\n<p><strong>Suivez nos rendez-vous sur le <a href=\"http:\/\/herage.org\/blog\/?page_id=569\" target=\"_blank\" rel=\"noopener\">calendrier du blog<\/a>.<\/strong><\/p>\n","protected":false},"excerpt":{"rendered":"<p>Cette ann\u00e9e encore le Cercle G\u00e9n\u00e9alogique Poitevin sera pr\u00e9sent au prochain grand salon de la g\u00e9n\u00e9alogie organis\u00e9 \u00e0 la Mairie du XV\u00e8 arrondissement de Paris en partenariat avec Archives et Culture et Geneanet. Il aura lieu du 15 au 17 &hellip; <a href=\"https:\/\/herage.org\/blog\/https:\/blog.herage.org\/p=\/1284\/\">Continuer la lecture <span class=\"meta-nav\">&rarr;<\/span><\/a><\/p>\n","protected":false},"author":421,"featured_media":1158,"comment_status":"closed","ping_status":"closed","sticky":false,"template":"","format":"standard","meta":{"spay_email":"","jetpack_publicize_message":"","jetpack_is_tweetstorm":false,"jetpack_publicize_feature_enabled":true},"categories":[13,51,92,12],"tags":[89,88,94],"jetpack_publicize_connections":[],"jetpack_featured_media_url":"https:\/\/i0.wp.com\/herage.org\/blog\/wp-content\/uploads\/2018\/02\/affiche_2018.jpg?fit=2590%2C3626&ssl=1","jetpack_sharing_enabled":true,"jetpack_shortlink":"https:\/\/wp.me\/p4fVnZ-kI","jetpack-related-posts":[{"id":792,"url":"https:\/\/herage.org\/blog\/https:\/blog.herage.org\/p=\/792\/","url_meta":{"origin":1284,"position":0},"title":"Manifestation G\u00e9n\u00e9alogique \u00e0 la mairie du XV\u00b0 arrondissement de Paris","date":"24 janvier 2017","format":false,"excerpt":"Salon de la G\u00e9n\u00e9alogie \u00e0 la mairie de Paris XV\u00b0 les 10 et 11 mars 2017","rel":"","context":"Dans &quot;Ile de France&quot;","img":{"alt_text":"","src":"https:\/\/i0.wp.com\/herage.org\/blog\/wp-content\/uploads\/2017\/01\/s2017-03_salon_de_la_genealogie_mairie_15-215x300.jpg?resize=350%2C200","width":350,"height":200},"classes":[]},{"id":724,"url":"https:\/\/herage.org\/blog\/https:\/blog.herage.org\/p=\/724\/","url_meta":{"origin":1284,"position":1},"title":"Salon G\u00e9n\u00e9alogique de la mairie du XV\u00b0","date":"23 f\u00e9vrier 2016","format":false,"excerpt":"Vous pourrez retrouver le Cercle G\u00e9n\u00e9alogique Poitevin au Salon de la G\u00e9n\u00e9alogie de la marie du XV\u00b0 qui se d\u00e9roulera : le 11 mars de 10h \u00e0 20h le 12 mars de 10h \u00e0 17h Cette manifestation, organis\u00e9e par Archives et Cultures avec le partenariat de Geneanet rassemblera les associations\u2026","rel":"","context":"Dans &quot;Ile de France&quot;","img":{"alt_text":"","src":"https:\/\/i0.wp.com\/herage.org\/blog\/wp-content\/uploads\/2016\/02\/s2016-03-1112_salon_de_la_genealogie_marie_15-212x300.jpg?resize=350%2C200","width":350,"height":200},"classes":[]},{"id":684,"url":"https:\/\/herage.org\/blog\/https:\/blog.herage.org\/p=\/684\/","url_meta":{"origin":1284,"position":2},"title":"Salon G\u00e9n\u00e9alogique de Paris XV\u00b0","date":"7 mars 2015","format":false,"excerpt":"De nombreux visiteurs, passionn\u00e9s de g\u00e9n\u00e9alogie, sont venus dans la salle des f\u00eates de la mairie du XV\u00b0 arrondissement de Paris pour rencontrer les associations g\u00e9n\u00e9alogiques ou professionnels de la g\u00e9n\u00e9alogie.Le temps cl\u00e9ment a pouss\u00e9 de nombreux visiteurs vers le stand du Cercle anim\u00e9 par l'Antenne Francilienne.","rel":"","context":"Dans &quot;Ile de France&quot;","img":{"alt_text":"","src":"https:\/\/i0.wp.com\/herage.org\/blog\/wp-content\/uploads\/2015\/03\/2015-03-06-15.00.43-300x224.jpg?resize=350%2C200","width":350,"height":200},"classes":[]},{"id":81,"url":"https:\/\/herage.org\/blog\/https:\/blog.herage.org\/p=\/81\/","url_meta":{"origin":1284,"position":3},"title":"Gene@2010, le Forum de la G\u00e9n\u00e9alogie","date":"11 mai 2010","format":false,"excerpt":"Le prochain forum de la g\u00e9n\u00e9alogie Gene@2010 se d\u00e9roulera \u00e0 Paris dans le 4\u00b0 arrondissement, sur le site prestigieux des archives nationales, l'h\u00f4tel de Soubise. Bien sur, le cercle participera \u00e0 cette manifestation nationale qui se d\u00e9roulera les 25 septembre de 10h \u00e0 19h et le dimanche 26 septembre de\u2026","rel":"","context":"Dans &quot;Manifestation&quot;","img":{"alt_text":"","src":"https:\/\/i0.wp.com\/www.genefede.org\/docs\/biblio\/Vignette%20Internet.jpg?resize=350%2C200","width":350,"height":200},"classes":[]},{"id":626,"url":"https:\/\/herage.org\/blog\/https:\/blog.herage.org\/p=\/626\/","url_meta":{"origin":1284,"position":4},"title":"3e forum national de g\u00e9n\u00e9alogie \u00e0 Paris","date":"22 juillet 2014","format":false,"excerpt":"Venez rencontrer le CGP \u00e0 Soubise (Paris 3\u00b0) les 27 et 28 septembre 2014","rel":"","context":"Dans &quot;Antenne&quot;","img":{"alt_text":"","src":"https:\/\/i0.wp.com\/herage.org\/blog\/wp-content\/uploads\/2014\/07\/genea20141-211x300.jpg?resize=350%2C200","width":350,"height":200},"classes":[]},{"id":784,"url":"https:\/\/herage.org\/blog\/https:\/blog.herage.org\/p=\/784\/","url_meta":{"origin":1284,"position":5},"title":"Pass\u2019Yon g\u00e9n\u00e9alogie Vend\u00e9e","date":"23 octobre 2016","format":false,"excerpt":"Pass'Yon G\u00e9n\u00e9alogie Vend\u00e9e les 29 et 30 octobre 2016","rel":"","context":"Dans &quot;Manifestation&quot;","img":{"alt_text":"","src":"https:\/\/genea79.files.wordpress.com\/2016\/10\/salon_cg_vend__en.jpg?w=350&h=200&crop=1","width":350,"height":200},"classes":[]}],"_links":{"self":[{"href":"https:\/\/herage.org\/blog\/wp-json\/wp\/v2\/posts\/1284"}],"collection":[{"href":"https:\/\/herage.org\/blog\/wp-json\/wp\/v2\/posts"}],"about":[{"href":"https:\/\/herage.org\/blog\/wp-json\/wp\/v2\/types\/post"}],"author":[{"embeddable":true,"href":"https:\/\/herage.org\/blog\/wp-json\/wp\/v2\/users\/421"}],"replies":[{"embeddable":true,"href":"https:\/\/herage.org\/blog\/wp-json\/wp\/v2\/comments?post=1284"}],"version-history":[{"count":6,"href":"https:\/\/herage.org\/blog\/wp-json\/wp\/v2\/posts\/1284\/revisions"}],"predecessor-version":[{"id":1294,"href":"https:\/\/herage.org\/blog\/wp-json\/wp\/v2\/posts\/1284\/revisions\/1294"}],"wp:featuredmedia":[{"embeddable":true,"href":"https:\/\/herage.org\/blog\/wp-json\/wp\/v2\/media\/1158"}],"wp:attachment":[{"href":"https:\/\/herage.org\/blog\/wp-json\/wp\/v2\/media?parent=1284"}],"wp:term":[{"taxonomy":"category","embeddable":true,"href":"https:\/\/herage.org\/blog\/wp-json\/wp\/v2\/categories?post=1284"},{"taxonomy":"post_tag","embeddable":true,"href":"https:\/\/herage.org\/blog\/wp-json\/wp\/v2\/tags?post=1284"}],"curies":[{"name":"wp","href":"https:\/\/api.w.org\/{rel}","templated":true}]}}