{"id":151,"date":"2010-09-10T13:25:04","date_gmt":"2010-09-10T12:25:04","guid":{"rendered":"http:\/\/herage.org\/blog\/?p=151"},"modified":"2017-12-18T11:07:22","modified_gmt":"2017-12-18T10:07:22","slug":"au-grand-complet","status":"publish","type":"post","link":"https:\/\/herage.org\/blog\/https:\/blog.herage.org\/p=\/151\/","title":{"rendered":"Au grand complet &#8230;"},"content":{"rendered":"<h5>Mariage Raymond Guignard et Cl\u00e9lie Blanchard c\u00e9l\u00e9br\u00e9 \u00e0 La Roche de Bran le 8 janvier 1927. Clich\u00e9 r\u00e9alis\u00e9 devant la grille du ch\u00e2teau.<\/h5>\n<p>A partir d&rsquo;une photographie de famille, aimablement pr\u00eat\u00e9e par <strong>Huguette Marinas<\/strong> (fille de Raymond et de Cl\u00e9lie), un document rare par son caract\u00e8re exhaustif relatif aux personnes pr\u00e9sentes: les mari\u00e9s et leurs 41 invit\u00e9s sont <strong>TOUS rep\u00e9r\u00e9s<\/strong> et <strong>nomm\u00e9s<\/strong> ainsi que <strong>leurs inter relations<\/strong> ! Cette \u00ab\u00a0performance\u00a0\u00bb est \u00e0 attribuer \u00e0 l&rsquo;excellente m\u00e9moire d&rsquo;Huguette Marinas qui a retrouv\u00e9 tous les noms que sa maman (la mari\u00e9e) lui avait indiqu\u00e9s il a plusieurs ann\u00e9es.<\/p>\n<p><em>Vous pouvez acc\u00e9der aux noms associ\u00e9s \u00e0 chacune et chacun en activant le lien ci-dessous; il donne acc\u00e8s \u00e0 un album en ligne \u00ab\u00a0Picasa\u00a0\u00bb r\u00e9alis\u00e9 par Michel Bont\u00e9 sous le pseudo Mic Bon &#8230; Pour en savoir plus, prenez contact !<\/em><\/p>\n<p><em><strong>Et pour en savoir plus<\/strong><strong> sur les relations entre personnes <\/strong>(tableau au format PDF)<\/em><em><strong>: La num\u00e9rotation commence par le rang du bas et depuis la gauche<br \/>\n<\/strong><\/em><\/p>\n<p><em><strong><a href=\"http:\/\/herage.org\/blog\/wp-content\/uploads\/2010\/09\/Mariage-1927-Blanchard-Guignard.pdf\">Mariage 1927 Blanchard Guignard<\/a><br \/>\n<\/strong><\/em><\/p>\n<p style=\"text-align: center;\"><a href=\"https:\/\/i0.wp.com\/herage.org\/blog\/wp-content\/uploads\/2010\/09\/Grands-parents-Fourr\u00e9-1927.jpg\"><img data-attachment-id=\"156\" data-permalink=\"https:\/\/herage.org\/blog\/https:\/blog.herage.org\/p=\/151\/grands-parents-fourre-1927\/\" data-orig-file=\"https:\/\/i0.wp.com\/herage.org\/blog\/wp-content\/uploads\/2010\/09\/Grands-parents-Fourr\u00e9-1927.jpg?fit=2553%2C1698&amp;ssl=1\" data-orig-size=\"2553,1698\" data-comments-opened=\"1\" data-image-meta=\"{&quot;aperture&quot;:&quot;0&quot;,&quot;credit&quot;:&quot;&quot;,&quot;camera&quot;:&quot;&quot;,&quot;caption&quot;:&quot;&quot;,&quot;created_timestamp&quot;:&quot;0&quot;,&quot;copyright&quot;:&quot;&quot;,&quot;focal_length&quot;:&quot;0&quot;,&quot;iso&quot;:&quot;0&quot;,&quot;shutter_speed&quot;:&quot;0&quot;,&quot;title&quot;:&quot;&quot;}\" data-image-title=\"Mariage Blanchard &#8211; 1927\" data-image-description=\"\" data-image-caption=\"\" data-medium-file=\"https:\/\/i0.wp.com\/herage.org\/blog\/wp-content\/uploads\/2010\/09\/Grands-parents-Fourr\u00e9-1927.jpg?fit=300%2C199&amp;ssl=1\" data-large-file=\"https:\/\/i0.wp.com\/herage.org\/blog\/wp-content\/uploads\/2010\/09\/Grands-parents-Fourr\u00e9-1927.jpg?fit=584%2C388&amp;ssl=1\" loading=\"lazy\" class=\"aligncenter size-large wp-image-156\" title=\"Mariage Blanchard - 1927\" src=\"https:\/\/i0.wp.com\/herage.org\/blog\/wp-content\/uploads\/2010\/09\/Grands-parents-Fourr\u00e9-1927-1024x681.jpg?resize=584%2C389\" alt=\"\" width=\"584\" height=\"389\" srcset=\"https:\/\/i0.wp.com\/herage.org\/blog\/wp-content\/uploads\/2010\/09\/Grands-parents-Fourr\u00e9-1927.jpg?resize=1024%2C681&amp;ssl=1 1024w, https:\/\/i0.wp.com\/herage.org\/blog\/wp-content\/uploads\/2010\/09\/Grands-parents-Fourr\u00e9-1927.jpg?resize=300%2C199&amp;ssl=1 300w, https:\/\/i0.wp.com\/herage.org\/blog\/wp-content\/uploads\/2010\/09\/Grands-parents-Fourr\u00e9-1927.jpg?w=1168&amp;ssl=1 1168w, https:\/\/i0.wp.com\/herage.org\/blog\/wp-content\/uploads\/2010\/09\/Grands-parents-Fourr\u00e9-1927.jpg?w=1752&amp;ssl=1 1752w\" sizes=\"(max-width: 584px) 100vw, 584px\" data-recalc-dims=\"1\" \/><\/a><\/p>\n<p style=\"text-align: left;\"><strong><br \/>\n<\/strong><\/p>\n","protected":false},"excerpt":{"rendered":"<p>A partir d&rsquo;une photographie de famille, aimablement pr\u00eat\u00e9e par Huguette Marinas  (fille de Raymond et de Cl\u00e9lie), un document rare par son caract\u00e8re exhaustif relatif aux personnes pr\u00e9sentes: les mari\u00e9s et leurs 41 invit\u00e9s sont TOUS rep\u00e9r\u00e9s et nomm\u00e9s ainsi que leurs inter relations  ! Cette \u00ab\u00a0performance\u00a0\u00bb est \u00e0 attribuer \u00e0 l&rsquo;excellente m\u00e9moire d&rsquo;Huguette Marinas qui a retrouv\u00e9 tous les noms que sa maman (la mari\u00e9e) lui avait indiqu\u00e9s il a plusieurs ann\u00e9es. <a href=\"https:\/\/herage.org\/blog\/https:\/blog.herage.org\/p=\/151\/\">Continuer la lecture <span class=\"meta-nav\">&rarr;<\/span><\/a><\/p>\n","protected":false},"author":2,"featured_media":0,"comment_status":"open","ping_status":"open","sticky":false,"template":"","format":"standard","meta":{"spay_email":"","jetpack_publicize_message":"","jetpack_is_tweetstorm":false,"jetpack_publicize_feature_enabled":true},"categories":[31,34],"tags":[],"jetpack_publicize_connections":[],"jetpack_featured_media_url":"","jetpack_sharing_enabled":true,"jetpack_shortlink":"https:\/\/wp.me\/p4fVnZ-2r","jetpack-related-posts":[{"id":1649,"url":"https:\/\/herage.org\/blog\/https:\/blog.herage.org\/p=\/1649\/","url_meta":{"origin":151,"position":0},"title":"#ChallengeAZ \u2502 V&#8230; Vouill\u00e9, un tableau en l&rsquo;honneur des poilus","date":"26 novembre 2018","format":false,"excerpt":"Il y a dans le cimeti\u00e8re de Vouill\u00e9 un monument de m\u00e9moire un peu particulier, une st\u00e8le qui regroupe les photographies de seize soldats morts pour la France lors de la premi\u00e8re guerre mondiale. Pourquoi n'y a-t-il que 16 noms sur ce monument\u00a0? Le livre d'or et le monument aux\u2026","rel":"","context":"Dans &quot;14-18&quot;","img":{"alt_text":"Cimeti\u00c3\u00a8re de Vouill\u00c3\u00a9, Vienne, 14-18","src":"https:\/\/i0.wp.com\/herage.org\/blog\/wp-content\/uploads\/2018\/11\/Tableau-dhonneur-Vouill\u00c3\u00a9-1v1-715x1024.jpg?resize=350%2C200","width":350,"height":200},"classes":[]},{"id":926,"url":"https:\/\/herage.org\/blog\/https:\/blog.herage.org\/p=\/926\/","url_meta":{"origin":151,"position":1},"title":"Pourquoi devons nous \u00e9crire l&rsquo;histoire de nos familles ?","date":"20 novembre 2017","format":false,"excerpt":"Le Cercle G\u00e9n\u00e9alogique Poitevin a lanc\u00e9 il y a quelques semaines un atelier \u00e9criture pour donner la possibilit\u00e9 \u00e0 ceux qui le souhaitent de partager leurs trouvailles et leurs histoires g\u00e9n\u00e9alogiques. La prochaine r\u00e9union est programm\u00e9e le samedi 25 novembre \u00e0 partir de 10 h au si\u00e8ge du CGP et\u2026","rel":"","context":"Dans &quot;Divers&quot;","img":{"alt_text":"","src":"https:\/\/i0.wp.com\/herage.org\/blog\/wp-content\/uploads\/2017\/11\/souvenirs-1-268x300.jpg?resize=350%2C200","width":350,"height":200},"classes":[]},{"id":3380,"url":"https:\/\/herage.org\/blog\/https:\/blog.herage.org\/p=\/3380\/","url_meta":{"origin":151,"position":2},"title":"Les g\u00e9n\u00e9alogistes de la Vienne exposent \u00e0 Montamis\u00e9","date":"28 juillet 2023","format":false,"excerpt":"Les g\u00e9n\u00e9alogistes de la Vienne exposent les 21 et 22 octobre 2023 \u00e0 Montamis\u00e9 (\u00e0 15min de Poitiers). Expositions, conf\u00e9rences, ateliers d'initiation. Venez nombreux !","rel":"","context":"Dans &quot;Manifestation&quot;","img":{"alt_text":"","src":"https:\/\/i0.wp.com\/herage.org\/blog\/wp-content\/uploads\/2023\/07\/CGP-Journees-echanges-Montamise-EvenFCBK-1200x228px-V4.png?fit=1200%2C628&ssl=1&resize=350%2C200","width":350,"height":200},"classes":[]},{"id":2300,"url":"https:\/\/herage.org\/blog\/https:\/blog.herage.org\/p=\/2300\/","url_meta":{"origin":151,"position":3},"title":"#ChallengeAZ \u2502 D&#8230; Le don du recteur Pineau","date":"5 novembre 2019","format":false,"excerpt":"Avez-vous pens\u00e9 \u00e0 consulter les d\u00e9lib\u00e9r\u00e9s des conseils municipaux pour \u00e9toffer l'histoire de votre famille ? Certes vous y trouverez tout ce qui constitue les affaires de la commune : le budget communal, l'approbation des projets, la validation des taux d'imposition, la gestion des agents communaux, la r\u00e9tribution des instituteurs\u2026","rel":"","context":"Dans &quot;Challenge AZ 2019&quot;","img":{"alt_text":"","src":"https:\/\/i0.wp.com\/herage.org\/blog\/wp-content\/uploads\/2019\/11\/En-mai-1914-l-academie-change-de-recteur_slider.jpg?resize=350%2C200","width":350,"height":200},"classes":[]},{"id":2625,"url":"https:\/\/herage.org\/blog\/https:\/blog.herage.org\/p=\/2625\/","url_meta":{"origin":151,"position":4},"title":"#ChallengeAZ \u2502 S&#8230; des Sources pour l&rsquo;\u00e9cole","date":"22 novembre 2019","format":false,"excerpt":"Pour \u00e9toffer l'histoire familiale, il faut savoir sortir des sentiers battus. Lorsqu'on d\u00e9bute sa g\u00e9n\u00e9alogie, il est plaisant voire grisant de collecter les dates et lieux de naissances, mariages et d\u00e9c\u00e8s de nos anc\u00eatres et de sauter ainsi de branches en branches pour compl\u00e9ter les feuilles de notre arbre g\u00e9n\u00e9alogique.\u2026","rel":"","context":"Dans &quot;Challenge AZ 2019&quot;","img":{"alt_text":"","src":"https:\/\/i0.wp.com\/herage.org\/blog\/wp-content\/uploads\/2019\/11\/La-normalienne-nominations-et-mutations-octobre-1911-e1574288609317-944x1024.jpg?resize=350%2C200","width":350,"height":200},"classes":[]},{"id":1617,"url":"https:\/\/herage.org\/blog\/https:\/blog.herage.org\/p=\/1617\/","url_meta":{"origin":151,"position":5},"title":"#ChallengeAZ \u2502 F&#8230; Frontenay-sur-Dive, un crime presque parfait \u00e0 la Bizardrie","date":"7 novembre 2018","format":false,"excerpt":"Vers 1970, la d\u00e9couverte, dans un vieux dictionnaire familial, d'un article de journal soigneusement d\u00e9coup\u00e9, sans date de r\u00e9f\u00e9rence et passablement jauni, m'interpelle. - \"Maman, c'est quoi?\" - \"Tu connais pas, c'est l'article qui parle de Pierre Lestin, une sombre histoire dans la commune. \u00c7a a fait beaucoup de bruit\u2026","rel":"","context":"Dans &quot;Challenge AZ 2018&quot;","img":{"alt_text":"Fait divers \u00c3\u00a0 Frontenay-sur-Dive pr\u00c3\u00a8s de Loudun : un vieillard tue sa femme et se fait justice","src":"https:\/\/i0.wp.com\/herage.org\/blog\/wp-content\/uploads\/2018\/11\/Article-de-journal-\u00c3\u00a0-lorigine-de-la-recherche-790x1024.jpg?resize=350%2C200","width":350,"height":200},"classes":[]}],"_links":{"self":[{"href":"https:\/\/herage.org\/blog\/wp-json\/wp\/v2\/posts\/151"}],"collection":[{"href":"https:\/\/herage.org\/blog\/wp-json\/wp\/v2\/posts"}],"about":[{"href":"https:\/\/herage.org\/blog\/wp-json\/wp\/v2\/types\/post"}],"author":[{"embeddable":true,"href":"https:\/\/herage.org\/blog\/wp-json\/wp\/v2\/users\/2"}],"replies":[{"embeddable":true,"href":"https:\/\/herage.org\/blog\/wp-json\/wp\/v2\/comments?post=151"}],"version-history":[{"count":24,"href":"https:\/\/herage.org\/blog\/wp-json\/wp\/v2\/posts\/151\/revisions"}],"predecessor-version":[{"id":988,"href":"https:\/\/herage.org\/blog\/wp-json\/wp\/v2\/posts\/151\/revisions\/988"}],"wp:attachment":[{"href":"https:\/\/herage.org\/blog\/wp-json\/wp\/v2\/media?parent=151"}],"wp:term":[{"taxonomy":"category","embeddable":true,"href":"https:\/\/herage.org\/blog\/wp-json\/wp\/v2\/categories?post=151"},{"taxonomy":"post_tag","embeddable":true,"href":"https:\/\/herage.org\/blog\/wp-json\/wp\/v2\/tags?post=151"}],"curies":[{"name":"wp","href":"https:\/\/api.w.org\/{rel}","templated":true}]}}