{"id":1589,"date":"2018-10-17T09:15:46","date_gmt":"2018-10-17T07:15:46","guid":{"rendered":"http:\/\/herage.org\/blog\/?p=1589"},"modified":"2018-10-17T09:15:46","modified_gmt":"2018-10-17T07:15:46","slug":"les-samedis-de-la-genealogie","status":"publish","type":"post","link":"https:\/\/herage.org\/blog\/https:\/blog.herage.org\/p=\/1589\/","title":{"rendered":"Les samedis de la g\u00e9n\u00e9alogie"},"content":{"rendered":"<p><a href=\"https:\/\/i0.wp.com\/herage.org\/blog\/wp-content\/uploads\/2018\/10\/Les-samedis-de-la-G\u00e9n\u00e9alogie.jpg\"><img data-attachment-id=\"1591\" data-permalink=\"https:\/\/herage.org\/blog\/https:\/blog.herage.org\/p=\/1589\/les-samedis-de-la-genealogie\/\" data-orig-file=\"https:\/\/i0.wp.com\/herage.org\/blog\/wp-content\/uploads\/2018\/10\/Les-samedis-de-la-G\u00e9n\u00e9alogie.jpg?fit=998%2C634&amp;ssl=1\" data-orig-size=\"998,634\" data-comments-opened=\"1\" data-image-meta=\"{&quot;aperture&quot;:&quot;0&quot;,&quot;credit&quot;:&quot;&quot;,&quot;camera&quot;:&quot;&quot;,&quot;caption&quot;:&quot;&quot;,&quot;created_timestamp&quot;:&quot;1539733071&quot;,&quot;copyright&quot;:&quot;&quot;,&quot;focal_length&quot;:&quot;0&quot;,&quot;iso&quot;:&quot;0&quot;,&quot;shutter_speed&quot;:&quot;0&quot;,&quot;title&quot;:&quot;&quot;,&quot;orientation&quot;:&quot;1&quot;}\" data-image-title=\"Les samedis de la G\u00e9n\u00e9alogie\" data-image-description=\"\" data-image-caption=\"\" data-medium-file=\"https:\/\/i0.wp.com\/herage.org\/blog\/wp-content\/uploads\/2018\/10\/Les-samedis-de-la-G\u00e9n\u00e9alogie.jpg?fit=300%2C191&amp;ssl=1\" data-large-file=\"https:\/\/i0.wp.com\/herage.org\/blog\/wp-content\/uploads\/2018\/10\/Les-samedis-de-la-G\u00e9n\u00e9alogie.jpg?fit=584%2C371&amp;ssl=1\" loading=\"lazy\" class=\"aligncenter  wp-image-1591\" src=\"https:\/\/i0.wp.com\/herage.org\/blog\/wp-content\/uploads\/2018\/10\/Les-samedis-de-la-G\u00e9n\u00e9alogie-300x191.jpg?resize=395%2C258\" alt=\"Les samedis de la g\u00e9n\u00e9alogie, formation, initiation, organis\u00e9s par le Cercle G\u00e9n\u00e9alogique Poitevin\" width=\"395\" height=\"258\" data-recalc-dims=\"1\" \/><\/a><\/p>\n<p style=\"text-align: justify;\">Vous souhaitez vous lancer dans la recherche de vos anc\u00eatres et vous ne savez pas comment vous organiser. Vous avez des documents familiaux (photos, livret de famille, faire-parts) et vous ne savez pas quoi en faire. Vous avez accumul\u00e9 des informations sur votre famille et vous souhaitez les sauvegarder dans un logiciel de g\u00e9n\u00e9alogie.<\/p>\n<p style=\"text-align: justify;\">Le Cercle G\u00e9n\u00e9alogique Poitevin poursuit les s\u00e9ances d&rsquo;initiations, ouvertes \u00e0 tous. Venez participer aux \u00ab\u00a0Samedis de la g\u00e9n\u00e9alogie\u00a0\u00bb au local de l&rsquo;association \u00e0 Poitiers. Vous pouvez apporter vos documents et vous pourrez poser toutes vos questions.<\/p>\n<p style=\"text-align: justify;\"><span style=\"color: #800000; font-size: 12pt;\"><strong>Les places \u00e9tant limit\u00e9es, nous vous demandons de confirmer votre inscription en utilisant les adresses indiqu\u00e9es ci-dessous.<\/strong><\/span><\/p>\n<p><span style=\"font-size: 12pt;\"><strong><span style=\"color: #0000ff;\">INITIATION A LA GENEALOGIE<\/span><\/strong><\/span><br \/>\nLes samedis 20 et 27 octobre de 9h00 \u00e0 12h00<br \/>\nr\u00e9servation : <strong><span style=\"color: #800000;\"><em>formation.initiation@herage.org<\/em><\/span><\/strong><\/p>\n<p><span style=\"font-size: 12pt;\"><strong><span style=\"color: #0000ff;\">INITIATION HEREDIS<\/span><\/strong><\/span><br \/>\nLes Samedis 20 octobre et 17 novembre de 14h30 \u00e0 17h30<br \/>\nr\u00e9servation : <span style=\"color: #800000;\"><em><strong>formation.heredis@herage.org<\/strong><\/em><\/span><\/p>\n<p><span style=\"font-size: 12pt;\"><strong><span style=\"color: #0000ff;\">INITIATION GENEATIQUE<\/span><\/strong><\/span><br \/>\nLes Samedis 24 novembre et 15 d\u00e9cembre de 14h30 \u00e0 17h30<br \/>\nr\u00e9servation : <span style=\"color: #800000;\"><em><strong>formation.geneatique@herage.org<\/strong><\/em><\/span><\/p>\n<p>&nbsp;<\/p>\n","protected":false},"excerpt":{"rendered":"<p>Vous souhaitez vous lancer dans la recherche de vos anc\u00eatres et vous ne savez pas comment vous organiser. Vous avez des documents familiaux (photos, livret de famille, faire-parts) et vous ne savez pas quoi en faire. Vous avez accumul\u00e9 des &hellip; <a href=\"https:\/\/herage.org\/blog\/https:\/blog.herage.org\/p=\/1589\/\">Continuer la lecture <span class=\"meta-nav\">&rarr;<\/span><\/a><\/p>\n","protected":false},"author":421,"featured_media":0,"comment_status":"open","ping_status":"open","sticky":false,"template":"","format":"standard","meta":{"spay_email":"","jetpack_publicize_message":"Les samedis : c'est g\u00e9n\u00e9alogie ! @HerageCGP poursuit ses formations d'initiation ouvertes \u00e0 tous.","jetpack_is_tweetstorm":false,"jetpack_publicize_feature_enabled":true},"categories":[205],"tags":[231],"jetpack_publicize_connections":[],"jetpack_featured_media_url":"","jetpack_sharing_enabled":true,"jetpack_shortlink":"https:\/\/wp.me\/p4fVnZ-pD","jetpack-related-posts":[{"id":1379,"url":"https:\/\/herage.org\/blog\/https:\/blog.herage.org\/p=\/1379\/","url_meta":{"origin":1589,"position":0},"title":"Le CGP relance les s\u00e9ances d&rsquo;initiation \u00e0 la g\u00e9n\u00e9alogie","date":"26 mai 2018","format":false,"excerpt":"Vous \u00eates adh\u00e9rents du cercle, vous d\u00e9marrez vos recherches g\u00e9n\u00e9alogiques et vous ne savez pas comment vous organiser. Vous vous posez beaucoup de questions. Par o\u00f9 commencer ? Que dois-je chercher ? J'ai accumul\u00e9 des documents, \u00e0 quoi vont-ils me servir ? Comment les exploiter ? Quelles sont les sources\u2026","rel":"","context":"Dans &quot;Formation&quot;","img":{"alt_text":"formation, initiation \u00e0 la g\u00e9n\u00e9alogie, cercle g\u00e9n\u00e9alogique poitevin","src":"https:\/\/i0.wp.com\/herage.org\/blog\/wp-content\/uploads\/2018\/05\/Initiation-g\u00e9n\u00e9alogie-du-16-juin-2018-900x640.jpg?fit=905%2C639&ssl=1&resize=350%2C200","width":350,"height":200},"classes":[]},{"id":2502,"url":"https:\/\/herage.org\/blog\/https:\/blog.herage.org\/p=\/2502\/","url_meta":{"origin":1589,"position":1},"title":"Les formations du CGP d\u00e9localis\u00e9es \u00e0 Vivonne","date":"30 octobre 2019","format":false,"excerpt":"Si vous d\u00e9marrez votre g\u00e9n\u00e9alogie ou vous souhaitez vous lancer dans ce loisir qui passionne de nombreux Fran\u00e7ais, vous aurez besoin de conseils pour vous organiser et savoir o\u00f9 allez chercher les informations qui vous seront n\u00e9cessaires pour \u00e9toffer petit \u00e0 petit l'histoire de votre famille. Une fois que vous\u2026","rel":"","context":"Dans &quot;Formation&quot;","img":{"alt_text":"Initiaition g\u00c3\u00a9n\u00c3\u00a9alogie, G\u00c3\u00a9n\u00c3\u00a9atique, Vivonne, CGP","src":"https:\/\/i0.wp.com\/herage.org\/blog\/wp-content\/uploads\/2019\/10\/CGP-Vivonne-Initiation-g\u00c3\u00a9n\u00c3\u00a9atique-1.png?resize=350%2C200","width":350,"height":200},"classes":[]},{"id":1538,"url":"https:\/\/herage.org\/blog\/https:\/blog.herage.org\/p=\/1538\/","url_meta":{"origin":1589,"position":2},"title":"G\u00e9n\u00e9alogie et ADN","date":"28 septembre 2018","format":false,"excerpt":"Un sondage lanc\u00e9 par Geneanet en mai dernier aupr\u00e8s de ses utilisateurs montre que 56% des personnes interrog\u00e9es souhaite-raient r\u00e9aliser un test ADN. Si vous avez suivi les \u00e9changes sur la blogosph\u00e8re g\u00e9n\u00e9alogique, ce sujet a \u00e9t\u00e9 tr\u00e8s largement d\u00e9battu. Les discussions sont vives, ce qui montre que ce sujet\u2026","rel":"","context":"Dans &quot;Non class\u00e9&quot;","img":{"alt_text":"","src":"https:\/\/i0.wp.com\/herage.org\/blog\/wp-content\/uploads\/2018\/09\/ob_4f0f9a_affichegene-2018-3-212x300.jpg?resize=350%2C200","width":350,"height":200},"classes":[]},{"id":1424,"url":"https:\/\/herage.org\/blog\/https:\/blog.herage.org\/p=\/1424\/","url_meta":{"origin":1589,"position":3},"title":"Les rencontres g\u00e9n\u00e9alogiques du CGP \u00e0 Bignoux","date":"5 juillet 2018","format":false,"excerpt":"Comme tous les ans, le Cercle G\u00e9n\u00e9alogique Poitevin organise un week-end de partages et d'\u00e9changes entre passionn\u00e9s de g\u00e9n\u00e9alogie et donne \u00e9galement la possibilit\u00e9 \u00e0 ses adh\u00e9rents d'exposer leurs travaux de recherches. Cette ann\u00e9e, cette rencontre aura lieu dans la salle socio-culturelle de\u00a0Bignoux, pr\u00e8s de Poitiers, les 06 et 07\u2026","rel":"","context":"Dans &quot;Manifestation&quot;","img":{"alt_text":"forum g\u00e9n\u00e9alogie CGP cercle G\u00e9n\u00e9alogique Poitevin 06 et 07 octobre 2018 Bignoux","src":"https:\/\/i0.wp.com\/herage.org\/blog\/wp-content\/uploads\/2018\/07\/Com-Facebook-1.jpg?fit=454%2C300&ssl=1&resize=350%2C200","width":350,"height":200},"classes":[]},{"id":811,"url":"https:\/\/herage.org\/blog\/https:\/blog.herage.org\/p=\/811\/","url_meta":{"origin":1589,"position":4},"title":"les 7-8 octobre 2017, journ\u00e9es Expo &#038; Echanges \u00e0 Lenclo\u00eetre","date":"10 juin 2017","format":false,"excerpt":"Journ\u00e9es Expo & Echanges des adh\u00e9rents du Cercle G\u00e9n\u00e9alogique Poitevin les 7 & 8 octobre 2017 \u00e0 la salle Multim\u00e9dia de Lenclo\u00eetre.","rel":"","context":"Dans &quot;Manifestation&quot;","img":{"alt_text":"","src":"https:\/\/i0.wp.com\/herage.org\/blog\/wp-content\/uploads\/2017\/06\/affiche_5_Lencloitre-212x300.png?resize=350%2C200","width":350,"height":200},"classes":[]},{"id":2993,"url":"https:\/\/herage.org\/blog\/https:\/blog.herage.org\/p=\/2993\/","url_meta":{"origin":1589,"position":5},"title":"Les 40 ans du CGP : parlez nous de vos Sosa 40 et 1981","date":"7 juillet 2021","format":false,"excerpt":"\u00c0 l'occasion de l\u2019anniversaire, le bureau lance deux d\u00e9fis \u00e0 ses adh\u00e9rents les plus motiv\u00e9s. Deux nombres symboliques sont au point de d\u00e9part de ces d\u00e9fis : 40 comme l'anniversaire, 1981 comme l'ann\u00e9e de naissance du cercle. Il s\u2019agit donc pour les adh\u00e9rents de rechercher dans leur arbre g\u00e9n\u00e9alogique les\u2026","rel":"","context":"Dans &quot;Anniversaire&quot;","img":{"alt_text":"L'arbre des 40 ans du Cercle g\u00c3\u00a9n\u00c3\u00a9alogique poitevin, sosa 40 et sosa 1981","src":"https:\/\/i0.wp.com\/herage.org\/blog\/wp-content\/uploads\/2021\/07\/Arbre-40-ans-CGP-1024x971.png?resize=350%2C200&ssl=1","width":350,"height":200},"classes":[]}],"_links":{"self":[{"href":"https:\/\/herage.org\/blog\/wp-json\/wp\/v2\/posts\/1589"}],"collection":[{"href":"https:\/\/herage.org\/blog\/wp-json\/wp\/v2\/posts"}],"about":[{"href":"https:\/\/herage.org\/blog\/wp-json\/wp\/v2\/types\/post"}],"author":[{"embeddable":true,"href":"https:\/\/herage.org\/blog\/wp-json\/wp\/v2\/users\/421"}],"replies":[{"embeddable":true,"href":"https:\/\/herage.org\/blog\/wp-json\/wp\/v2\/comments?post=1589"}],"version-history":[{"count":6,"href":"https:\/\/herage.org\/blog\/wp-json\/wp\/v2\/posts\/1589\/revisions"}],"predecessor-version":[{"id":1596,"href":"https:\/\/herage.org\/blog\/wp-json\/wp\/v2\/posts\/1589\/revisions\/1596"}],"wp:attachment":[{"href":"https:\/\/herage.org\/blog\/wp-json\/wp\/v2\/media?parent=1589"}],"wp:term":[{"taxonomy":"category","embeddable":true,"href":"https:\/\/herage.org\/blog\/wp-json\/wp\/v2\/categories?post=1589"},{"taxonomy":"post_tag","embeddable":true,"href":"https:\/\/herage.org\/blog\/wp-json\/wp\/v2\/tags?post=1589"}],"curies":[{"name":"wp","href":"https:\/\/api.w.org\/{rel}","templated":true}]}}