{"id":1617,"date":"2018-11-07T08:00:06","date_gmt":"2018-11-07T07:00:06","guid":{"rendered":"http:\/\/herage.org\/blog\/?p=1617"},"modified":"2018-11-05T23:31:01","modified_gmt":"2018-11-05T22:31:01","slug":"challengeaz-%e2%94%82-f-frontenay-sur-dive-un-crime-presque-parfait-a-la-bizardrie","status":"publish","type":"post","link":"https:\/\/herage.org\/blog\/https:\/blog.herage.org\/p=\/1617\/","title":{"rendered":"#ChallengeAZ \u2502 F&#8230; Frontenay-sur-Dive, un crime presque parfait \u00e0 la Bizardrie"},"content":{"rendered":"<p style=\"text-align: justify;\">Vers 1970, la d\u00e9couverte, dans un vieux dictionnaire familial, d&rsquo;un article de journal soigneusement d\u00e9coup\u00e9, sans date de r\u00e9f\u00e9rence et passablement jauni, m&rsquo;interpelle.<\/p>\n<div id=\"attachment_1714\" style=\"width: 594px\" class=\"wp-caption aligncenter\"><a href=\"https:\/\/i0.wp.com\/herage.org\/blog\/wp-content\/uploads\/2018\/11\/Article-de-journal-\u00e0-lorigine-de-la-recherche.jpg\" target=\"_blank\" rel=\"noopener\"><img aria-describedby=\"caption-attachment-1714\" data-attachment-id=\"1714\" data-permalink=\"https:\/\/herage.org\/blog\/https:\/blog.herage.org\/p=\/1617\/article-de-journal-a-lorigine-de-la-recherche\/\" data-orig-file=\"https:\/\/i0.wp.com\/herage.org\/blog\/wp-content\/uploads\/2018\/11\/Article-de-journal-\u00e0-lorigine-de-la-recherche.jpg?fit=1405%2C1821&amp;ssl=1\" data-orig-size=\"1405,1821\" data-comments-opened=\"1\" data-image-meta=\"{&quot;aperture&quot;:&quot;0&quot;,&quot;credit&quot;:&quot;&quot;,&quot;camera&quot;:&quot;&quot;,&quot;caption&quot;:&quot;&quot;,&quot;created_timestamp&quot;:&quot;0&quot;,&quot;copyright&quot;:&quot;&quot;,&quot;focal_length&quot;:&quot;0&quot;,&quot;iso&quot;:&quot;0&quot;,&quot;shutter_speed&quot;:&quot;0&quot;,&quot;title&quot;:&quot;&quot;,&quot;orientation&quot;:&quot;0&quot;}\" data-image-title=\"Article de journal \u00e0 l&amp;rsquo;origine de la recherche\" data-image-description=\"\" data-image-caption=\"&lt;p&gt;C&amp;rsquo;est par cet article que tout a commenc\u00e9&lt;\/p&gt;\n\" data-medium-file=\"https:\/\/i0.wp.com\/herage.org\/blog\/wp-content\/uploads\/2018\/11\/Article-de-journal-\u00e0-lorigine-de-la-recherche.jpg?fit=231%2C300&amp;ssl=1\" data-large-file=\"https:\/\/i0.wp.com\/herage.org\/blog\/wp-content\/uploads\/2018\/11\/Article-de-journal-\u00e0-lorigine-de-la-recherche.jpg?fit=584%2C757&amp;ssl=1\" loading=\"lazy\" class=\"wp-image-1714 size-large\" src=\"https:\/\/i0.wp.com\/herage.org\/blog\/wp-content\/uploads\/2018\/11\/Article-de-journal-\u00e0-lorigine-de-la-recherche-790x1024.jpg?resize=584%2C757\" alt=\"Fait divers \u00e0 Frontenay-sur-Dive pr\u00e8s de Loudun : un vieillard tue sa femme et se fait justice\" width=\"584\" height=\"757\" srcset=\"https:\/\/i0.wp.com\/herage.org\/blog\/wp-content\/uploads\/2018\/11\/Article-de-journal-\u00e0-lorigine-de-la-recherche.jpg?resize=790%2C1024&amp;ssl=1 790w, https:\/\/i0.wp.com\/herage.org\/blog\/wp-content\/uploads\/2018\/11\/Article-de-journal-\u00e0-lorigine-de-la-recherche.jpg?resize=231%2C300&amp;ssl=1 231w, https:\/\/i0.wp.com\/herage.org\/blog\/wp-content\/uploads\/2018\/11\/Article-de-journal-\u00e0-lorigine-de-la-recherche.jpg?resize=768%2C995&amp;ssl=1 768w, https:\/\/i0.wp.com\/herage.org\/blog\/wp-content\/uploads\/2018\/11\/Article-de-journal-\u00e0-lorigine-de-la-recherche.jpg?w=1405&amp;ssl=1 1405w, https:\/\/i0.wp.com\/herage.org\/blog\/wp-content\/uploads\/2018\/11\/Article-de-journal-\u00e0-lorigine-de-la-recherche.jpg?w=1168&amp;ssl=1 1168w\" sizes=\"(max-width: 584px) 100vw, 584px\" data-recalc-dims=\"1\" \/><\/a><p id=\"caption-attachment-1714\" class=\"wp-caption-text\">C&rsquo;est par cet article que tout a commenc\u00e9. \u25b2 clic sur l&rsquo;image pour l&rsquo;agrandir<\/p><\/div>\n<p style=\"text-align: justify;\"><em>&#8211; \u00ab\u00a0Maman, c&rsquo;est quoi?\u00a0\u00bb<\/em><br \/>\n&#8211; \u00ab\u00a0<em>Tu connais pas, c&rsquo;est l&rsquo;article qui parle de <strong>Pierre Lestin<\/strong>, une sombre histoire dans la commune. \u00c7a a fait beaucoup de bruit \u00e0 l&rsquo;\u00e9poque.<\/em>\u00ab\u00a0<\/p>\n<p style=\"text-align: justify;\">Ainsi commence pour moi le r\u00e9cit d&rsquo;une affaire qui intrigue encore mon village natal.\u00a0J&rsquo;ai conserv\u00e9 une copie de ce document et le hasard de recherches g\u00e9n\u00e9alogiques m&rsquo;am\u00e8ne de nouveau, 80 ans apr\u00e8s cet \u00e9pisode, \u00e0 enqu\u00eater sur cette affaire, m\u00eame si la m\u00e9moire transmise peut \u00eatre fragile.\u00a0A partir des journaux de cette p\u00e9riode-l\u00e0, de t\u00e9moignages de personnes proches, aujourd&rsquo;hui disparues ou encore de ce monde en 2018, toutes vivantes au moment des faits, il est assez facile de reconstituer les \u00e9v\u00e9nements. Par contre, il est plus difficile d&rsquo;\u00e9lucider les myst\u00e8res \u00e9voqu\u00e9s par certains et encore moins de faire taire la rumeur, \u00e0 moins que ce ne soit la r\u00e9alit\u00e9&#8230;<\/p>\n<p style=\"text-align: justify;\">Le 15 d\u00e9cembre 1938, Frontenay-sur-Dive, paisible localit\u00e9 du nord-ouest de la Vienne, se r\u00e9veille dans la stupeur. Pierre C\u00e9lestin CORVAL, dit <strong>Pierre Lestin <\/strong>et son \u00e9pouse <strong>Germanie<\/strong>, n\u00e9e THOMAS, sont retrouv\u00e9s morts dans leur domicile de la Bizardrie ! C&rsquo;est un proche, Andr\u00e9, qui a pr\u00e9venu la gendarmerie et \u00e0 la d\u00e9couverte des corps, le suicide est l&rsquo;hypoth\u00e8se la plus probable.<\/p>\n<h1><span style=\"font-size: 14pt;\"><strong>Les \u00e9poux Corval sont honorablement connus.<\/strong><\/span><\/h1>\n<div id=\"attachment_1715\" style=\"width: 401px\" class=\"wp-caption aligncenter\"><a href=\"https:\/\/i0.wp.com\/herage.org\/blog\/wp-content\/uploads\/2018\/11\/Corval-Pierre-C\u00e9lestin-et-Thomas-Germanie.jpg\" target=\"_blank\" rel=\"noopener\"><img aria-describedby=\"caption-attachment-1715\" data-attachment-id=\"1715\" data-permalink=\"https:\/\/herage.org\/blog\/https:\/blog.herage.org\/p=\/1617\/corval-pierre-celestin-et-thomas-germanie\/\" data-orig-file=\"https:\/\/i0.wp.com\/herage.org\/blog\/wp-content\/uploads\/2018\/11\/Corval-Pierre-C\u00e9lestin-et-Thomas-Germanie.jpg?fit=391%2C520&amp;ssl=1\" data-orig-size=\"391,520\" data-comments-opened=\"1\" data-image-meta=\"{&quot;aperture&quot;:&quot;3.3&quot;,&quot;credit&quot;:&quot;&quot;,&quot;camera&quot;:&quot;DMC-TZ40&quot;,&quot;caption&quot;:&quot;&quot;,&quot;created_timestamp&quot;:&quot;1394891946&quot;,&quot;copyright&quot;:&quot;&quot;,&quot;focal_length&quot;:&quot;4.3&quot;,&quot;iso&quot;:&quot;100&quot;,&quot;shutter_speed&quot;:&quot;0.00125&quot;,&quot;title&quot;:&quot;&quot;,&quot;orientation&quot;:&quot;1&quot;}\" data-image-title=\"Corval Pierre C\u00e9lestin et Thomas Germanie\" data-image-description=\"\" data-image-caption=\"&lt;p&gt;Pierre C\u00e9lestin CORVAL et  Germanie THOMAS&lt;\/p&gt;\n\" data-medium-file=\"https:\/\/i0.wp.com\/herage.org\/blog\/wp-content\/uploads\/2018\/11\/Corval-Pierre-C\u00e9lestin-et-Thomas-Germanie.jpg?fit=226%2C300&amp;ssl=1\" data-large-file=\"https:\/\/i0.wp.com\/herage.org\/blog\/wp-content\/uploads\/2018\/11\/Corval-Pierre-C\u00e9lestin-et-Thomas-Germanie.jpg?fit=391%2C520&amp;ssl=1\" loading=\"lazy\" class=\"wp-image-1715 size-full\" src=\"https:\/\/i0.wp.com\/herage.org\/blog\/wp-content\/uploads\/2018\/11\/Corval-Pierre-C\u00e9lestin-et-Thomas-Germanie.jpg?resize=391%2C520\" alt=\"Frontenay-sur-Dive, fait divers \u00e0 la Bizardrie impliquant Pierre C\u00e9lestin CORVAL et son \u00e9pouse Germanie THOMAS\" width=\"391\" height=\"520\" srcset=\"https:\/\/i0.wp.com\/herage.org\/blog\/wp-content\/uploads\/2018\/11\/Corval-Pierre-C\u00e9lestin-et-Thomas-Germanie.jpg?w=391&amp;ssl=1 391w, https:\/\/i0.wp.com\/herage.org\/blog\/wp-content\/uploads\/2018\/11\/Corval-Pierre-C\u00e9lestin-et-Thomas-Germanie.jpg?resize=226%2C300&amp;ssl=1 226w\" sizes=\"(max-width: 391px) 100vw, 391px\" data-recalc-dims=\"1\" \/><\/a><p id=\"caption-attachment-1715\" class=\"wp-caption-text\">Pierre C\u00e9lestin CORVAL et Germanie THOMAS \u25b2 clic sur l&rsquo;image pour l&rsquo;agrandir<\/p><\/div>\n<p style=\"text-align: justify;\">Pierre Lestin commence un premier mandat de conseiller municipal en 1892 \u00e0 27 ans. Il entame un second mandat en 1900 apr\u00e8s une pause de 4 ans puis devient adjoint au maire de 1904 \u00e0 1908, le maire \u00e9tant aussi un CORVAL, Jules, un lointain cousin. Apr\u00e8s une seconde pause de 1908 \u00e0 1925, il reprend encore du service comme conseiller municipal, \u00e9tant le doyen d&rsquo;\u00e2ge de cette assembl\u00e9e, de 1925 \u00e0 1929 et de 1929 \u00e0 1935.<\/p>\n<p style=\"text-align: justify;\">Pierre Lestin et son \u00e9pouse se constituent, au fil du temps, un patrimoine non n\u00e9gligeable. Ils louent leurs terres \u00e0 Edmond AUBRY, un de leurs proches voisins et ne manquent financi\u00e8rement de rien.<\/p>\n<p style=\"text-align: justify;\"><span style=\"font-size: 14pt;\"><strong>Alors pourquoi cet acte de d\u00e9sespoir?<\/strong><\/span><\/p>\n<p style=\"text-align: justify;\">L&rsquo;origine de l&rsquo;affaire, si on peut dire, remonte \u00e0 1914 et \u00e0 cette putain de guerre.\u00a0Avant cette date d\u00e9j\u00e0, la vie n&rsquo;\u00e9pargne pas la famille de Pierre Lestin. Son p\u00e8re Victor meurt deux ans apr\u00e8s sa naissance, le 21 ao\u00fbt 1867, \u00e0 29 ans. Le 09 janvier suivant, sa m\u00e8re Marie THIOLLET accouche de jumeaux qui ne vont vivre que quelques mois seulement. Elle reste seule pour \u00e9lever son fils.<\/p>\n<p style=\"text-align: justify;\">En 1889, Pierre Lestin et Germanie se marient \u00e0 Notre-Dame d&rsquo;or, le village d&rsquo;\u00e0 c\u00f4t\u00e9. S&rsquo;ils habitent \u00e0 Frontenay-sur-Dive, c&rsquo;est toujours \u00e0 Notre-Dame-d&rsquo;Or, chez sa grand-m\u00e8re THOMAS, que leur enfant unique, Damien, na\u00eet en 1890.<\/p>\n<div id=\"attachment_1728\" style=\"width: 205px\" class=\"wp-caption alignright\"><a href=\"https:\/\/i0.wp.com\/herage.org\/blog\/wp-content\/uploads\/2018\/11\/CORVAL-Damien-fiche-MDH.jpg\"><img aria-describedby=\"caption-attachment-1728\" data-attachment-id=\"1728\" data-permalink=\"https:\/\/herage.org\/blog\/https:\/blog.herage.org\/p=\/1617\/corval-damien-fiche-mdh\/\" data-orig-file=\"https:\/\/i0.wp.com\/herage.org\/blog\/wp-content\/uploads\/2018\/11\/CORVAL-Damien-fiche-MDH.jpg?fit=861%2C1322&amp;ssl=1\" data-orig-size=\"861,1322\" data-comments-opened=\"1\" data-image-meta=\"{&quot;aperture&quot;:&quot;0&quot;,&quot;credit&quot;:&quot;&quot;,&quot;camera&quot;:&quot;&quot;,&quot;caption&quot;:&quot;&quot;,&quot;created_timestamp&quot;:&quot;1540501881&quot;,&quot;copyright&quot;:&quot;&quot;,&quot;focal_length&quot;:&quot;0&quot;,&quot;iso&quot;:&quot;0&quot;,&quot;shutter_speed&quot;:&quot;0&quot;,&quot;title&quot;:&quot;&quot;,&quot;orientation&quot;:&quot;1&quot;}\" data-image-title=\"CORVAL Damien fiche MDH\" data-image-description=\"\" data-image-caption=\"&lt;p&gt;CORVAL Damien mort pour la France \u00a9 M\u00e9moire des Hommes&lt;\/p&gt;\n\" data-medium-file=\"https:\/\/i0.wp.com\/herage.org\/blog\/wp-content\/uploads\/2018\/11\/CORVAL-Damien-fiche-MDH.jpg?fit=195%2C300&amp;ssl=1\" data-large-file=\"https:\/\/i0.wp.com\/herage.org\/blog\/wp-content\/uploads\/2018\/11\/CORVAL-Damien-fiche-MDH.jpg?fit=584%2C897&amp;ssl=1\" loading=\"lazy\" class=\"size-medium wp-image-1728\" src=\"https:\/\/i0.wp.com\/herage.org\/blog\/wp-content\/uploads\/2018\/11\/CORVAL-Damien-fiche-MDH-195x300.jpg?resize=195%2C300\" alt=\"\" width=\"195\" height=\"300\" srcset=\"https:\/\/i0.wp.com\/herage.org\/blog\/wp-content\/uploads\/2018\/11\/CORVAL-Damien-fiche-MDH.jpg?resize=195%2C300&amp;ssl=1 195w, https:\/\/i0.wp.com\/herage.org\/blog\/wp-content\/uploads\/2018\/11\/CORVAL-Damien-fiche-MDH.jpg?resize=768%2C1179&amp;ssl=1 768w, https:\/\/i0.wp.com\/herage.org\/blog\/wp-content\/uploads\/2018\/11\/CORVAL-Damien-fiche-MDH.jpg?resize=667%2C1024&amp;ssl=1 667w, https:\/\/i0.wp.com\/herage.org\/blog\/wp-content\/uploads\/2018\/11\/CORVAL-Damien-fiche-MDH.jpg?w=861&amp;ssl=1 861w\" sizes=\"(max-width: 195px) 100vw, 195px\" data-recalc-dims=\"1\" \/><\/a><p id=\"caption-attachment-1728\" class=\"wp-caption-text\">CORVAL Damien mort pour la France \u00a9 M\u00e9moire des Hommes<\/p><\/div>\n<p style=\"text-align: justify;\">Voil\u00e0 1914. Mari\u00e9 le 06 juin \u00e0 Olga CHARPENTIER dans un autre village voisin, Damien est envoy\u00e9 au front d\u00e8s le 03 ao\u00fbt suivant. Son r\u00e9giment, le 113e RI de Blois, est quasiment an\u00e9anti le 22 ao\u00fbt 1914 \u00e0 Signeulx (Belgique, lors de la Bataille des Fronti\u00e8res). C&rsquo;est le jour le plus meurtrier de l&rsquo;Histoire de France avec 27000 soldats tu\u00e9s aux combats. Damien y est port\u00e9 disparu.<\/p>\n<p style=\"text-align: justify;\">==&gt; Pour en savoir plus sur la bataille de Signeulx : consulter \u00ab\u00a0<a href=\"http:\/\/herage.org\/blog\/wp-content\/uploads\/2018\/11\/22-aout-1914-le-113e-\u00e0-Signeulx-.pdf\">22 aout 1914 le 113e \u00e0 Signeulx\u00a0\u00bb<\/a>\u00a0une enqu\u00eate en Belgique par HUBERT-FILLAY, \u00e9diteur E. FROGER, Blois, 1921<\/p>\n<p style=\"text-align: justify;\">Apr\u00e8s de vaines recherches aupr\u00e8s du Comit\u00e9 International de la Croix-Rouge \u00e0 Gen\u00e8ve et Annecy entre autres, le tribunal de Loudun d\u00e9clare \u00ab\u00a0constant\u00a0\u00bb le d\u00e9c\u00e8s du fils ch\u00e9ri en 1920.\u00a0Marie<span style=\"color: #ff0000;\">(*)<\/span>, de Messais, proche de Frontenay-sur-Dive, d\u00e9but mars 2018, me pr\u00e9cise : \u00ab\u00a0m<em>a m\u00e8re, cousine issue-de-germain de Damien CORVAL, m&rsquo;a souvent dit que les parents de ce dernier ne se sont jamais remis de la mort de leur fils<\/em>\u00ab\u00a0.\u00a0Pour les parents CORVAL, sans d\u00e9pouille, difficile de faire leur deuil.<\/p>\n<p style=\"text-align: justify;\">Ce n&rsquo;est qu&rsquo;en avril 2014, presque 100 ans apr\u00e8s sa disparition, que j&rsquo;ai connaissance du \u00ab\u00a0parcours\u00a0\u00bb de sa d\u00e9pouille. Depuis 1922, apr\u00e8s trois s\u00e9pultures provisoires en Belgique, Damien CORVAL repose dans une fosse commune \u00e0 la n\u00e9cropole de Gorcy (54).\u00a0Je m&rsquo;y rend le 22 ao\u00fbt 2014 en \u00ab\u00a0p\u00e9lerinage\u00a0\u00bb, 100 ans jour pour jour apr\u00e8s son d\u00e9c\u00e8s et d\u00e9pose sur la fosse commune un peu de terre de son village d&rsquo;enfance.\u00a0L&rsquo;\u00e9pouse de Damien, Olga, qui habite St-Jean-de-Sauves sa vie durant et la famille de Damien ne l&rsquo;ont apparemment jamais su. Cette information m&rsquo;est confirm\u00e9e en mai 2014 par Alphonsine<span style=\"color: #ff0000;\">(*)<\/span>, 93 ans, fille d&rsquo;Olga qui s&rsquo;est remari\u00e9e avec Andr\u00e9 ROBINEAU, celui qui pr\u00e9vient la gendarmerie ce 15 d\u00e9cembre 1938.<\/p>\n<p style=\"text-align: justify;\">Propri\u00e9taires ais\u00e9s, sans h\u00e9ritiers directs, Pierre Lestin et Germanie deviennent alors les bienfaiteurs du village.\u00a0Ils financent en 1920 le Monument aux Morts qu&rsquo;ils donnent officiellement par \u00e9crit ensuite \u00e0 la Commune en 1925. Six ans plus tard, le 15 mars 1931, Pierre Lestin offre un corbillard \u00e0 la municipalit\u00e9, avec le seul engagement de l&rsquo;utiliser sans la moindre distinction de parti ou d&rsquo;opinion de la personne d\u00e9c\u00e9d\u00e9e.\u00a0Et c&rsquo;est Ernest RIDOUARD, 58 ans, le 08 mai 1935, qui \u00ab\u00a0inaugure\u00a0\u00bb ledit corbillard qui sert jusqu&rsquo;en 1976 et croupit depuis, inexorablement, dans un local attenant au cimeti\u00e8re.<\/p>\n<div id=\"attachment_1719\" style=\"width: 594px\" class=\"wp-caption aligncenter\"><a href=\"https:\/\/i0.wp.com\/herage.org\/blog\/wp-content\/uploads\/2018\/11\/Le-corbillard-offert-\u00e0-la-Commune-par-les-\u00e9poux-Corval-V.jpg\" target=\"_blank\" rel=\"noopener\"><img aria-describedby=\"caption-attachment-1719\" data-attachment-id=\"1719\" data-permalink=\"https:\/\/herage.org\/blog\/https:\/blog.herage.org\/p=\/1617\/le-corbillard-offert-a-la-commune-par-les-epoux-corval-v\/\" data-orig-file=\"https:\/\/i0.wp.com\/herage.org\/blog\/wp-content\/uploads\/2018\/11\/Le-corbillard-offert-\u00e0-la-Commune-par-les-\u00e9poux-Corval-V.jpg?fit=2309%2C1732&amp;ssl=1\" data-orig-size=\"2309,1732\" data-comments-opened=\"1\" data-image-meta=\"{&quot;aperture&quot;:&quot;0&quot;,&quot;credit&quot;:&quot;&quot;,&quot;camera&quot;:&quot;&quot;,&quot;caption&quot;:&quot;&quot;,&quot;created_timestamp&quot;:&quot;1518790147&quot;,&quot;copyright&quot;:&quot;&quot;,&quot;focal_length&quot;:&quot;0&quot;,&quot;iso&quot;:&quot;0&quot;,&quot;shutter_speed&quot;:&quot;0&quot;,&quot;title&quot;:&quot;&quot;,&quot;orientation&quot;:&quot;1&quot;}\" data-image-title=\"Le corbillard offert \u00e0 la Commune par les \u00e9poux Corval V\" data-image-description=\"\" data-image-caption=\"&lt;p&gt;Le corbillard offert par les \u00e9poux CORVAL \u00e0 la commune de Frontenay-sur-Dive en 1931. Il sera utilis\u00e9 en 1973 dans le film \u00ab\u00a0pleure pas la bouche pleine\u00a0\u00bb de Pascal THOMAS, cin\u00e9aste n\u00e9 \u00e0 Saint-Chartres, pr\u00e8s de Frontenay. En arri\u00e8re-plan, le b\u00e2timent qu&amp;rsquo;il a fallu construire pour accueillir le corbillard, d&amp;rsquo;un co\u00fbt de 3412Frs. \u25b2 clic sur l&amp;rsquo;image pour l&amp;rsquo;agrandir&lt;\/p&gt;\n\" data-medium-file=\"https:\/\/i0.wp.com\/herage.org\/blog\/wp-content\/uploads\/2018\/11\/Le-corbillard-offert-\u00e0-la-Commune-par-les-\u00e9poux-Corval-V.jpg?fit=300%2C225&amp;ssl=1\" data-large-file=\"https:\/\/i0.wp.com\/herage.org\/blog\/wp-content\/uploads\/2018\/11\/Le-corbillard-offert-\u00e0-la-Commune-par-les-\u00e9poux-Corval-V.jpg?fit=584%2C438&amp;ssl=1\" loading=\"lazy\" class=\"wp-image-1719 size-large\" src=\"https:\/\/i0.wp.com\/herage.org\/blog\/wp-content\/uploads\/2018\/11\/Le-corbillard-offert-\u00e0-la-Commune-par-les-\u00e9poux-Corval-V-1024x768.jpg?resize=584%2C438\" alt=\"Frontenay-sur-Dive, corbillard offert par les \u00e9poux CORVAL en 1931\" width=\"584\" height=\"438\" srcset=\"https:\/\/i0.wp.com\/herage.org\/blog\/wp-content\/uploads\/2018\/11\/Le-corbillard-offert-\u00e0-la-Commune-par-les-\u00e9poux-Corval-V.jpg?resize=1024%2C768&amp;ssl=1 1024w, https:\/\/i0.wp.com\/herage.org\/blog\/wp-content\/uploads\/2018\/11\/Le-corbillard-offert-\u00e0-la-Commune-par-les-\u00e9poux-Corval-V.jpg?resize=300%2C225&amp;ssl=1 300w, https:\/\/i0.wp.com\/herage.org\/blog\/wp-content\/uploads\/2018\/11\/Le-corbillard-offert-\u00e0-la-Commune-par-les-\u00e9poux-Corval-V.jpg?resize=768%2C576&amp;ssl=1 768w, https:\/\/i0.wp.com\/herage.org\/blog\/wp-content\/uploads\/2018\/11\/Le-corbillard-offert-\u00e0-la-Commune-par-les-\u00e9poux-Corval-V.jpg?resize=400%2C300&amp;ssl=1 400w, https:\/\/i0.wp.com\/herage.org\/blog\/wp-content\/uploads\/2018\/11\/Le-corbillard-offert-\u00e0-la-Commune-par-les-\u00e9poux-Corval-V.jpg?w=1168&amp;ssl=1 1168w, https:\/\/i0.wp.com\/herage.org\/blog\/wp-content\/uploads\/2018\/11\/Le-corbillard-offert-\u00e0-la-Commune-par-les-\u00e9poux-Corval-V.jpg?w=1752&amp;ssl=1 1752w\" sizes=\"(max-width: 584px) 100vw, 584px\" data-recalc-dims=\"1\" \/><\/a><p id=\"caption-attachment-1719\" class=\"wp-caption-text\">Le corbillard offert par les \u00e9poux CORVAL \u00e0 la commune de Frontenay-sur-Dive en 1931. Il sera utilis\u00e9 en 1973 dans le film \u00ab\u00a0pleure pas la bouche pleine\u00a0\u00bb de Pascal THOMAS, cin\u00e9aste n\u00e9 \u00e0 Saint-Chartres, pr\u00e8s de Frontenay. En arri\u00e8re-plan, le b\u00e2timent qu&rsquo;il a fallu construire pour accueillir le corbillard, d&rsquo;un co\u00fbt de 3412Frs. \u00a9 photo : R. ARCHAMBEAULT \u25b2 clic sur l&rsquo;image pour l&rsquo;agrandir<\/p><\/div>\n<h1><strong><span style=\"font-size: 14pt;\">Les faits relat\u00e9s dans la presse<\/span><\/strong><\/h1>\n<p style=\"text-align: justify;\">L&rsquo;article du 15 d\u00e9cembre 1938 que j&rsquo;ai r\u00e9cup\u00e9r\u00e9 et dont je n&rsquo;arrive pas \u00e0 retrouver l&rsquo;original du journal aux Archives de la Vienne, pr\u00e9cise que des voisins entendent un coup de feu le 14 d\u00e9cembre vers 18 heures et un autre le lendemain matin vers 4h.\u00a0Selon le journal \u00ab\u00a0l&rsquo;Avenir de la Vienne\u00a0\u00bb du 16 d\u00e9cembre 1938 et l&rsquo;hebdomadaire \u00ab\u00a0La Semaine\u00a0\u00bb du 18 d\u00e9cembre suivant, devant les faits indiscutables et un courrier annon\u00e7ant leur intention de mettre fin \u00e0 leurs jours, le parquet conclut au suicide et n&rsquo;ordonne pas d&rsquo;autopsie.\u00a0Des journaux non locaux semblent mieux inform\u00e9s. \u00ab\u00a0Le Populaire de Paris\u00a0\u00bb et \u00ab\u00a0L&rsquo;Ouest Eclair de Rennes\u00a0\u00bb annoncent que Germanie souffrait de troubles mentaux et que Pierre Lestin avait d\u00e9cid\u00e9 de la supprimer, puis de se suicider.<\/p>\n<p style=\"text-align: justify;\">Les dimanches suivants, le chemin menant \u00e0 la maison des \u00e9poux CORVAL devient un lieu de \u00ab\u00a0promenade\u00a0\u00bb, \u00ab\u00a0<em>mais on ne peut rien voir, la maison est sous scell\u00e9s<\/em>\u00ab\u00a0, me raconte Ir\u00e8ne<span style=\"color: #ff0000;\">(*)<\/span>, 89 ans, en d\u00e9cembre 2017.\u00a0Alphonsine<span style=\"color: #ff0000;\">(*)<\/span>, la fille d&rsquo;Olga, 96 ans pass\u00e9s, que j&rsquo;ai eue au t\u00e9l\u00e9phone courant 2018, toujours bon pied bon \u0153il, a retenu que \u00ab\u00a0<em>Pierre Lestin tue sa femme, puis se suicide<\/em>\u00ab\u00a0. Elle a 17 ans \u00e0 l&rsquo;\u00e9poque des faits et n&rsquo;oublie pas cette trag\u00e9die, car elle se rend r\u00e9guli\u00e8rement avec ses parents chez les \u00e9poux CORVAL. Alphonsine<span style=\"color: #ff0000;\">(*)<\/span>\u00a0se souvient aussi que, apr\u00e8s ce drame, sa m\u00e8re Olga ne lui parle jamais de cette affaire, et ne peut en cons\u00e9quence aujourd&rsquo;hui expliquer le geste de Pierre Lestin.\u00a0Alphonsine<span style=\"color: #ff0000;\">(*)<\/span>\u00a0n&rsquo;a pas non plus le souvenir de troubles mentaux chez Germanie.<\/p>\n<p style=\"text-align: justify;\">Voil\u00e0 pour la version officielle telle que je la d\u00e9couvre en recherchant les documents d&rsquo;\u00e9poque et avec le concours de familiers. Mais une autre version existe, qu&rsquo;il convient de prendre avec pr\u00e9caution, mais aussi avec int\u00e9r\u00eat car venant de gens du village qui me sont proches et pour lesquelles la parole est difficile \u00e0 mettre en doute.<\/p>\n<h1><span style=\"font-size: 14pt;\"><strong>Les anciens de Frontenay se souviennent<\/strong><\/span><\/h1>\n<p style=\"text-align: justify;\"><span style=\"font-size: 10pt; color: #0000ff;\"><em>Je pr\u00e9cise bien qu&rsquo;il n&rsquo;est nullement question ici de porter atteinte \u00e0 la m\u00e9moire des disparus, ni de porter un quelconque jugement, encore moins d&rsquo;affirmer que tous les faits rapport\u00e9s ci-apr\u00e8s sont authentiques.\u00a0Il s&rsquo;agit plut\u00f4t d&rsquo;exprimer ce que les habitants ressentent \u00e0 ce moment-l\u00e0 et d&rsquo;enregistrer des t\u00e9moignages (rumeurs ou r\u00e9alit\u00e9s) qui circulent encore chez les anciens du bourg. Je pr\u00e9cise enfin que, si tous les t\u00e9moignages proviennent de personnes tr\u00e8s \u00e2g\u00e9es, toutes sont saines d&rsquo;esprit, et presque autant de corps.<\/em><\/span><\/p>\n<p style=\"text-align: justify;\">Officiellement donc, Pierre Lestin tue sa femme qui donne des signes de d\u00e9rangement mental.<\/p>\n<p style=\"text-align: justify;\">Officieusement, cet argument n&rsquo;est qu&rsquo;un pr\u00e9texte, \u00e9crit sur la lettre envoy\u00e9e le 14 d\u00e9cembre 1938\u00a0 et re\u00e7ue le 15 au matin. Ce proche qui re\u00e7oit la lettre, c&rsquo;est Andr\u00e9, celui qui pr\u00e9vient la gendarmerie. Nous sommes, en cette fin 2018, toujours en attente du proc\u00e8s-verbal de gendarmerie afin de conna\u00eetre le contenu de cette lettre, si jamais elle est divulgable.\u00a0Dans le bourg, tout le monde retient que Pierre Lestin et son \u00e9pouse Germanie sont en d\u00e9saccord sur la d\u00e9signation d&rsquo;un h\u00e9ritier de leurs biens. L&rsquo;un souhaite faire h\u00e9riter leur belle-fille qui s&rsquo;est remari\u00e9e, l&rsquo;autre ne veut pas en entendre parler.\u00a0Aucun ancien ne m&rsquo;a rapport\u00e9 que Germanie \u00e9tait souffrante!<\/p>\n<p style=\"text-align: justify;\">Ir\u00e8ne<span style=\"color: #ff0000;\">(*)<\/span>, pr\u00e9c\u00e9demment cit\u00e9e, et Aim\u00e9 <span style=\"color: #ff0000;\">(*)<\/span>, aussi 89 ans, me confirment courant 2018, s\u00e9par\u00e9ment et sans concertation aucune: \u00ab\u00a0<em>Pierre Lestin \u00e9tait dur en affaires et pas toujours sociable avec sa femme<\/em>\u00ab\u00a0, et Aim\u00e9<span style=\"color: #ff0000;\">(*)<\/span>\u00a0rajoute : \u00ab\u00a0<em>Pierre Lestin, un enrag\u00e9 de la chasse !<\/em>\u00ab\u00a0<\/p>\n<p style=\"text-align: justify;\">Ir\u00e8ne<span style=\"color: #ff0000;\">(*)<\/span>\u00a0et Aim\u00e9<span style=\"color: #ff0000;\">(*)<\/span>\u00a0toujours, ainsi que Berthe<span style=\"color: #ff0000;\">(*)<\/span>, 91 ans en 2018, jeunes t\u00e9moins de l&rsquo;\u00e9poque, rapportent que Pierre Lestin, le 14 d\u00e9cembre 1938, fait le tour du village et paie toutes ses dettes, notamment celle du boulanger, g\u00e9n\u00e9ralement pay\u00e9e en fin de mois. \u00ab\u00a0<em>On ne sera pas l\u00e0 ces jours<\/em>\u00a0\u00bb me rapporte spontan\u00e9ment Aim\u00e9<span style=\"color: #ff0000;\">(*)<\/span>\u00a0avec qui j&rsquo;\u00e9voque cette affaire d\u00e9but 2018, citant Pierre Lestin.<\/p>\n<p style=\"text-align: justify;\">Pour ma m\u00e8re Denise (1920-1998), laquelle m&rsquo;a souvent parl\u00e9 de cette affaire, si Pierre Lestin tue sa femme Germanie le soir et se suicide au petit matin suivant, c&rsquo;est dans le but de laisser un d\u00e9lai suffisamment long entre les deux d\u00e9c\u00e8s, pour une question de succession. \u00ab\u00a0<em>\u00c7a lui aurait laiss\u00e9 ainsi le temps de r\u00e9diger certains papiers !<\/em>\u00ab\u00a0, me confirme Ir\u00e8ne <span style=\"color: #ff0000;\">(*)<\/span>\u00a0r\u00e9cemment.<\/p>\n<p style=\"text-align: justify;\">La version que me rapporte Juliette <span style=\"color: #ff0000;\">(*)<\/span>, 86 ans en 2007, disparue l&rsquo;ann\u00e9e suivante, est plus surprenante encore.\u00a0Le jour de l&rsquo;enterrement, le 17 d\u00e9cembre 1938, les croque-morts proc\u00e8dent \u00e0 la mise en bi\u00e8re. Germanie est mise normalement dans son cercueil. Mais son \u00e9poux, son meurtrier selon les gens du village, y aurait \u00e9t\u00e9 mis allong\u00e9 sur le ventre, face contre le fond, fa\u00e7on de marquer, m\u00eame dans la mort, une certaine humiliation pour le crime commis.<\/p>\n<h1 style=\"text-align: justify;\"><span style=\"font-size: 14pt;\">Comment sont emport\u00e9s les cercueils vers l&rsquo;\u00e9glise distante de huit cent m\u00e8tres ?<\/span><\/h1>\n<p style=\"text-align: justify;\">Joseph<span style=\"color: #ff0000;\">(*)<\/span>, 88 ans en cette ann\u00e9e 2018, se souvient d&rsquo;avoir accompagn\u00e9, en tant qu&rsquo;enfant de ch\u0153ur, un seul cercueil de la maison CORVAL vers l&rsquo;\u00e9glise, pas deux. On lui a bien parl\u00e9 d&rsquo;un suicide dans cette maison, mais \u00e0 7 ans, il lui est probablement difficile d&rsquo;appr\u00e9hender la situation.\u00a0Qui dit enfant de ch\u0153ur dit religion, c&rsquo;est donc le corps de Germanie que suit Joseph<span style=\"color: #ff0000;\">(*)<\/span>\u00a0ce jour-l\u00e0, car il n&rsquo;est pas question de faire rentrer le cercueil d&rsquo;un suicid\u00e9, qui plus est d&rsquo;un assassin dans l&rsquo;\u00e9glise. Ce fait m&rsquo;est confirm\u00e9 par ma m\u00e8re Denise depuis mon enfance jusqu&rsquo;\u00e0 sa disparition en 1998 et par Aim\u00e9<span style=\"color: #ff0000;\">(*)<\/span>\u00a0d\u00e9but 2018.\u00a0Et peut-\u00eatre que le corbillard offert \u00e0 la commune par Pierre Lestin n&rsquo;a pas servi pour Pierre Lestin lui-m\u00eame. Un comble, dans cette malheureuse histoire, que je rajoute, sans aucune certitude.<\/p>\n<p style=\"text-align: justify;\">Juliette<span style=\"color: #ff0000;\">(*)<\/span>\u00a0me rapporte en 2007 les propos de son entourage. Le cercueil de Pierre Lestin attend dehors pendant que celui de son \u00e9pouse Germanie re\u00e7oit l&rsquo;hommage des villageois. Mais rien ne ressemble plus \u00e0 un cercueil qu&rsquo;un autre cercueil !\u00a0Et plusieurs t\u00e9moins affirmeront plus tard que c&rsquo;est celui de Pierre Lestin qui rentre dans l&rsquo;\u00e9glise et non celui de son \u00e9pouse !<\/p>\n<p style=\"text-align: justify;\">Une fois la c\u00e9r\u00e9monie termin\u00e9e, on emporte dans le cimeti\u00e8re le cercueil pass\u00e9 par l&rsquo;\u00e9glise. Puis tout le monde rentre chez soi, laissant aux croque-morts le soin d&rsquo;enterrer le second cercueil sans c\u00e9r\u00e9monie et peut-\u00eatre en le passant par-dessus le mur, comme c&rsquo;\u00e9tait la coutume jadis.\u00a0Ce qui est s\u00fbr par contre, c&rsquo;est que mon arri\u00e8re-grand-p\u00e8re, L\u00e9on PANIER, le patriarche de la famille, rentrant chez lui soudain se ravise : \u00ab\u00a0j<em>e ne pouvais laisser mon camarade de communion partir comme \u00e7a !\u00a0\u00bb,<\/em>\u00a0racontera-t-il plus tard \u00e0 sa petite-fille Denise, ma m\u00e8re donc. Et il retourne assister \u00e0 l&rsquo;inhumation de Pierre Lestin.<\/p>\n<p style=\"text-align: justify;\">Rumeurs ou r\u00e9alit\u00e9s. Certains faits \u00e9voqu\u00e9s sont sujets \u00e0 caution, d&rsquo;autres incontestables, tel ce document que j&rsquo;ai retrouv\u00e9 r\u00e9cemment dans la famille du sacristain, Ernest COUILLEBAULT : il est demand\u00e9 par la famille un service de grande 1\u00e8re classe d&rsquo;un co\u00fbt de 182 francs, accompagn\u00e9 de deux couronnes de 118 et 138 francs de l&rsquo;\u00e9poque pour Germanie&#8230; Rien n&rsquo;est demand\u00e9 pour Pierre Lestin !<\/p>\n<p style=\"text-align: justify;\">Les \u00e9poux CORVAL sont enterr\u00e9s ensemble. Leur tombe existe toujours \u00e0 Frontenay-sur-Dive. Je n&rsquo;y ai jamais vu de fleurs, mais la plaque avec leurs noms, leurs ann\u00e9es de naissance et de d\u00e9c\u00e8s a \u00e9t\u00e9 r\u00e9nov\u00e9e il y a quelques ann\u00e9es.<\/p>\n<div id=\"attachment_1723\" style=\"width: 235px\" class=\"wp-caption aligncenter\"><a href=\"https:\/\/i0.wp.com\/herage.org\/blog\/wp-content\/uploads\/2018\/11\/tombe-de-Corval-Pierre-et-Thomas-Germaine-\u00e0-Frontenay.jpg\" target=\"_blank\" rel=\"noopener\"><img aria-describedby=\"caption-attachment-1723\" data-attachment-id=\"1723\" data-permalink=\"https:\/\/herage.org\/blog\/https:\/blog.herage.org\/p=\/1617\/tombe-de-corval-pierre-et-thomas-germaine-a-frontenay\/\" data-orig-file=\"https:\/\/i0.wp.com\/herage.org\/blog\/wp-content\/uploads\/2018\/11\/tombe-de-Corval-Pierre-et-Thomas-Germaine-\u00e0-Frontenay.jpg?fit=2112%2C2816&amp;ssl=1\" data-orig-size=\"2112,2816\" data-comments-opened=\"1\" data-image-meta=\"{&quot;aperture&quot;:&quot;4&quot;,&quot;credit&quot;:&quot;&quot;,&quot;camera&quot;:&quot;Canon PowerShot A540&quot;,&quot;caption&quot;:&quot;&quot;,&quot;created_timestamp&quot;:&quot;1179482926&quot;,&quot;copyright&quot;:&quot;&quot;,&quot;focal_length&quot;:&quot;7.889&quot;,&quot;iso&quot;:&quot;0&quot;,&quot;shutter_speed&quot;:&quot;0.0015625&quot;,&quot;title&quot;:&quot;&quot;,&quot;orientation&quot;:&quot;0&quot;}\" data-image-title=\"tombe de Corval Pierre et Thomas Germaine \u00e0 Frontenay\" data-image-description=\"\" data-image-caption=\"&lt;p&gt;S\u00e9pulture des \u00e9poux CORVAL, cimeti\u00e8re de Frontenay-sur-Dive \u00a9 photo R. ARCHAMBEAULT \u25b2 clic sur l&amp;rsquo;image pour l&amp;rsquo;agrandir&lt;\/p&gt;\n\" data-medium-file=\"https:\/\/i0.wp.com\/herage.org\/blog\/wp-content\/uploads\/2018\/11\/tombe-de-Corval-Pierre-et-Thomas-Germaine-\u00e0-Frontenay.jpg?fit=225%2C300&amp;ssl=1\" data-large-file=\"https:\/\/i0.wp.com\/herage.org\/blog\/wp-content\/uploads\/2018\/11\/tombe-de-Corval-Pierre-et-Thomas-Germaine-\u00e0-Frontenay.jpg?fit=584%2C779&amp;ssl=1\" loading=\"lazy\" class=\"wp-image-1723 size-medium\" src=\"https:\/\/i0.wp.com\/herage.org\/blog\/wp-content\/uploads\/2018\/11\/tombe-de-Corval-Pierre-et-Thomas-Germaine-\u00e0-Frontenay-225x300.jpg?resize=225%2C300\" alt=\"Frontenay-sur-Dive, cimeti\u00e8re, s\u00e9pulture des \u00e9poux CORVAL\" width=\"225\" height=\"300\" srcset=\"https:\/\/i0.wp.com\/herage.org\/blog\/wp-content\/uploads\/2018\/11\/tombe-de-Corval-Pierre-et-Thomas-Germaine-\u00e0-Frontenay.jpg?resize=225%2C300&amp;ssl=1 225w, https:\/\/i0.wp.com\/herage.org\/blog\/wp-content\/uploads\/2018\/11\/tombe-de-Corval-Pierre-et-Thomas-Germaine-\u00e0-Frontenay.jpg?resize=768%2C1024&amp;ssl=1 768w, https:\/\/i0.wp.com\/herage.org\/blog\/wp-content\/uploads\/2018\/11\/tombe-de-Corval-Pierre-et-Thomas-Germaine-\u00e0-Frontenay.jpg?w=1168&amp;ssl=1 1168w, https:\/\/i0.wp.com\/herage.org\/blog\/wp-content\/uploads\/2018\/11\/tombe-de-Corval-Pierre-et-Thomas-Germaine-\u00e0-Frontenay.jpg?w=1752&amp;ssl=1 1752w\" sizes=\"(max-width: 225px) 100vw, 225px\" data-recalc-dims=\"1\" \/><\/a><p id=\"caption-attachment-1723\" class=\"wp-caption-text\">S\u00e9pulture des \u00e9poux CORVAL, cimeti\u00e8re de Frontenay-sur-Dive \u00a9 photo R. ARCHAMBEAULT \u25b2 clic sur l&rsquo;image pour l&rsquo;agrandir<\/p><\/div>\n<p style=\"text-align: justify;\">Quant \u00e0 leur maison, elle est rapidement revendue \u00e0 un couple du village qui vient de voir partir la sienne en fum\u00e9e juste avant ou au d\u00e9but de la guerre 39\/45.\u00a0La maison de l&rsquo;horreur devient alors la maison de la gait\u00e9, car c&rsquo;est ici qu&rsquo;on organise dans la grange attenante les bals clandestins de la commune pendant ladite guerre.<\/p>\n<h1><span style=\"font-size: 14pt;\"><strong>Un peu de g\u00e9n\u00e9alogie<\/strong><\/span><\/h1>\n<p style=\"text-align: justify;\">Bizarrement, le nom de CORVAL qui appara\u00eet jusqu&rsquo;\u00e0 une trentaine de fois sur les diff\u00e9rents recensements avant et apr\u00e8s 14\/18 dispara\u00eet presque totalement apr\u00e8s 39\/45 \u00e0 Frontenay-sur-Dive.\u00a0<\/p>\n<p style=\"text-align: justify;\">Une recherche rapide sur Geneanet m&rsquo;a permis de d\u00e9couvrir l&rsquo;ascendance de Pierre CORVAL et retrouver des personnes de sa famille. J&rsquo;ai ainsi pu rechercher des descendants des branches collat\u00e9rales du c\u00f4t\u00e9 CORVAL que j&rsquo;ai rencontr\u00e9es pour \u00e9voquer ce drame.<\/p>\n<p style=\"text-align: justify;\"><a href=\"http:\/\/herage.org\/blog\/wp-content\/uploads\/2018\/11\/Ascendance-de-Damien-CORVAL.pdf\" target=\"_blank\" rel=\"noopener\">Ascendance de Damien CORVAL<\/a>\u00a0d&rsquo;apr\u00e8s Marie Paule PIET (Geneanet)<\/p>\n<p style=\"text-align: justify;\">Par discr\u00e9tion, m\u00eame si j&rsquo;ai une id\u00e9e des personnes qui ont h\u00e9rit\u00e9 des \u00e9poux CORVAL, je ne me suis pas permis de leur en parler.<\/p>\n<p style=\"text-align: justify;\">Pour terminer, l&rsquo;ampleur des recherches men\u00e9es me font appara\u00eetre comme un lointain cousin de Pierre Lestin et de son fils Damien, copain d&rsquo;enfance de mon grand-p\u00e8re Joseph DEPOYS, le p\u00e8re de ma m\u00e8re Denise.<\/p>\n<p style=\"text-align: justify;\">Aujourd&rsquo;hui, pour les quelques membres de la famille de Pierre Lestin que j&rsquo;ai contact\u00e9s, c&rsquo;est plut\u00f4t le silence de leurs parents qui pr\u00e9domine. Quelques uns, tr\u00e8s peu renseign\u00e9s sur cette p\u00e9nible affaire, avec les g\u00e9n\u00e9rations qui ce se sont \u00e9coul\u00e9es depuis, ont appr\u00e9ci\u00e9 que je leur fasse part de mes recherches.\u00a0En dehors de la famille de Pierre Lestin, les vraies raisons de la disparition des \u00e9poux CORVAL ne font aucun doute, chacun ayant sa propre id\u00e9e sur le personnage \u00e0 double facette, \u00e0 la fois Docteur Jekyll et Mister Hyde, bienfaiteur de la commune et assassin de son \u00e9pouse.<\/p>\n<p style=\"text-align: justify;\"><span style=\"color: #ff0000;\">(*) Par pr\u00e9caution et par respect, j&rsquo;ai utilis\u00e9 des noms d&#8217;emprunt pour toutes les personnes qui ont accept\u00e9 de t\u00e9moigner et qui sont encore vivantes \u00e0 l&rsquo;heure o\u00f9 cet article est publi\u00e9.<\/span><\/p>\n<p><span style=\"color: #ff6600;\"><strong>Ci-dessous cartographie des lieux cit\u00e9s au cours de ce Challenge AZ. <br \/>\nCliquez sur les \u00e9pingles pour acc\u00e9der aux articles d\u00e9j\u00e0 publi\u00e9s.<br \/>\n\u25bc<\/strong><\/span><\/p>\n<p><iframe loading=\"lazy\" src=\"https:\/\/umap.openstreetmap.fr\/fr\/map\/carte_challengeaz_2018_cgp_261169?scaleControl=false&amp;miniMap=false&amp;scrollWheelZoom=false&amp;zoomControl=true&amp;allowEdit=false&amp;moreControl=true&amp;searchControl=null&amp;tilelayersControl=null&amp;embedControl=null&amp;datalayersControl=true&amp;onLoadPanel=none&amp;captionBar=false\" width=\"100%\" height=\"300px\" frameborder=\"0\" allowfullscreen=\"allowfullscreen\"><\/iframe><\/p>\n<p><a href=\"https:\/\/umap.openstreetmap.fr\/fr\/map\/carte_challengeaz_2018_cgp_261169\">Voir en plein \u00e9cran<\/a><\/p>\n","protected":false},"excerpt":{"rendered":"<p>Vers 1970, la d\u00e9couverte, dans un vieux dictionnaire familial, d&rsquo;un article de journal soigneusement d\u00e9coup\u00e9, sans date de r\u00e9f\u00e9rence et passablement jauni, m&rsquo;interpelle. &#8211; \u00ab\u00a0Maman, c&rsquo;est quoi?\u00a0\u00bb &#8211; \u00ab\u00a0Tu connais pas, c&rsquo;est l&rsquo;article qui parle de Pierre Lestin, une sombre &hellip; <a href=\"https:\/\/herage.org\/blog\/https:\/blog.herage.org\/p=\/1617\/\">Continuer la lecture <span class=\"meta-nav\">&rarr;<\/span><\/a><\/p>\n","protected":false},"author":706,"featured_media":0,"comment_status":"open","ping_status":"open","sticky":false,"template":"","format":"standard","meta":{"spay_email":"","jetpack_publicize_message":"#ChallengeAZ \u2502 F... Frontenay-sur-Dive, un crime presque parfait \u00e0 la Bizardrie","jetpack_is_tweetstorm":false,"jetpack_publicize_feature_enabled":true},"categories":[163],"tags":[95,221],"jetpack_publicize_connections":[],"jetpack_featured_media_url":"","jetpack_sharing_enabled":true,"jetpack_shortlink":"https:\/\/wp.me\/p4fVnZ-q5","jetpack-related-posts":[{"id":1416,"url":"https:\/\/herage.org\/blog\/https:\/blog.herage.org\/p=\/1416\/","url_meta":{"origin":1617,"position":0},"title":"Le Challenge AZ du CGP sur de bons rails&#8230;","date":"19 juin 2018","format":false,"excerpt":"Rappelez vous, le 02 f\u00e9vrier dernier le CGP s'inscrivait officiellement au Challenge AZ ! Depuis cette date, la vingtaine de participants \u00e0 l'atelier d'\u00e9criture a cogit\u00e9, tri\u00e9, fouin\u00e9, interrog\u00e9, d\u00e9crypt\u00e9 et s'est tritur\u00e9 les m\u00e9ninges pour proposer un sujet en fonction de la lettre \u00e0 traiter. Les premi\u00e8res propositions de\u2026","rel":"","context":"Dans &quot;Challenge AZ 2018&quot;","img":{"alt_text":"atelier ecriture, challengeAZ, Cercle G\u00e9n\u00e9alogique Poitevin","src":"https:\/\/i0.wp.com\/herage.org\/blog\/wp-content\/uploads\/2018\/06\/repas-atelier-ecriture-v1-e1529361484270.jpg?fit=584%2C384&ssl=1&resize=350%2C200","width":350,"height":200},"classes":[]},{"id":1647,"url":"https:\/\/herage.org\/blog\/https:\/blog.herage.org\/p=\/1647\/","url_meta":{"origin":1617,"position":1},"title":"#ChallengeAZ \u2502 U&#8230; Usson, casse-t\u00eate pour le facteur","date":"24 novembre 2018","format":false,"excerpt":"En France, sur la carte de Cassini, quatre villages portent le nom d\u2019Usson : un en Auvergne, un autre dans le Forez, un troisi\u00e8me dans le Poitou, un quatri\u00e8me en Charente. Celui qui nous int\u00e9resse aujourd\u2019hui est celui qui est dans la province du Poitou, au sud de Poitiers, maintenant\u2026","rel":"","context":"Dans &quot;Challenge AZ 2018&quot;","img":{"alt_text":"Usson-du-Poitou, Vienne 86, place de l'\u00c3\u00a9glise","src":"https:\/\/i0.wp.com\/herage.org\/blog\/wp-content\/uploads\/2018\/11\/Usson-place-de-l\u00c3\u00a9glise-v1.jpg?resize=350%2C200","width":350,"height":200},"classes":[]},{"id":2840,"url":"https:\/\/herage.org\/blog\/https:\/blog.herage.org\/p=\/2840\/","url_meta":{"origin":1617,"position":2},"title":"Calendrier de l&rsquo;avent du CGP : Jour 18","date":"18 d\u00e9cembre 2019","format":false,"excerpt":"Pour le mois de d\u00e9cembre 2019, nous vous proposons d\u2019ouvrir la bo\u00eete \u00e0 souvenirs. Nous avons demand\u00e9 \u00e0 nos adh\u00e9rents de bien vouloir partager des photos ou images et de nous dire en quelques mots ce qu\u2019elles \u00e9voquaient pour eux. Pour ce 18e jour, c'est au tour de Jacky Gerbault\u2026","rel":"","context":"Dans &quot;Calendrier de l'avent 2019&quot;","img":{"alt_text":"","src":"https:\/\/i0.wp.com\/herage.org\/blog\/wp-content\/uploads\/2019\/12\/Machine-\u00c3\u00a0-coudre.jpg?resize=350%2C200","width":350,"height":200},"classes":[]},{"id":846,"url":"https:\/\/herage.org\/blog\/https:\/blog.herage.org\/p=\/846\/","url_meta":{"origin":1617,"position":3},"title":"En route vers une nouvelle aventure !","date":"1 octobre 2017","format":false,"excerpt":"Ce samedi matin 30 septembre une quinzaine d'adh\u00e9rents, anim\u00e9s par la curiosit\u00e9 ou d\u00e9j\u00e0 convaincus par le projet, ont pouss\u00e9 la porte du local du CGP, rue Ars\u00e8ne Orillard \u00e0 Poitiers, et se sont retrouv\u00e9s autour d'un caf\u00e9 chaud accompagn\u00e9 de quelques viennoiseries pour participer \u00e0 une nouvelle aventure g\u00e9n\u00e9alogique.\u2026","rel":"","context":"Dans &quot;Challenge AZ 2018&quot;","img":{"alt_text":"","src":"https:\/\/i0.wp.com\/herage.org\/blog\/wp-content\/uploads\/2017\/10\/bienvenue-atelier-300x224.jpg?resize=350%2C200","width":350,"height":200},"classes":[]},{"id":2875,"url":"https:\/\/herage.org\/blog\/https:\/blog.herage.org\/p=\/2875\/","url_meta":{"origin":1617,"position":4},"title":"Calendrier de l&rsquo;avent du CGP : Jour 22","date":"24 d\u00e9cembre 2019","format":false,"excerpt":"Pour le mois de d\u00e9cembre 2019, nous vous proposons d\u2019ouvrir la bo\u00eete \u00e0 souvenirs. Nous avons demand\u00e9 \u00e0 nos adh\u00e9rents de bien vouloir partager des photos ou images et de nous dire en quelques mots ce qu\u2019elles \u00e9voquaient pour eux. Pour ce 22e jour, Jean Moussu s'est replong\u00e9 dans les\u2026","rel":"","context":"Dans &quot;Calendrier de l'avent 2019&quot;","img":{"alt_text":"","src":"https:\/\/i0.wp.com\/herage.org\/blog\/wp-content\/uploads\/2019\/12\/Ypres_campagne1914-1915.jpg?resize=350%2C200","width":350,"height":200},"classes":[]},{"id":1641,"url":"https:\/\/herage.org\/blog\/https:\/blog.herage.org\/p=\/1641\/","url_meta":{"origin":1617,"position":5},"title":"#ChallengeAZ \u2502 R&#8230; Rouill\u00e9, sauvetage d&rsquo;un cimeti\u00e8re protestant","date":"21 novembre 2018","format":false,"excerpt":"Des cimeti\u00e8res, il y en a partout \u00e0 Boisgrollier\u00a0depuis le 18\u00e8me si\u00e8cle, cons\u00e9quence de l\u2019interdiction d\u2019inhumation dans les cimeti\u00e8res catholiques, du Roi Louis XIV, dans sa lutte contre les protestants pour faire dispara\u00eetre cette religion. Pour ce faire, il\u00a0r\u00e9voqua l\u2019Edit de Nantes en signant l\u2019Edit de Fontainebleau,\u00a0le\u00a022 octobre\u00a01685. Le\u00a0protestantisme\u00a0devenait d\u00e8s\u2026","rel":"","context":"Dans &quot;Challenge AZ 2018&quot;","img":{"alt_text":"","src":"https:\/\/i0.wp.com\/herage.org\/blog\/wp-content\/uploads\/2018\/11\/50-IMG_2935-1024x576.jpg?resize=350%2C200","width":350,"height":200},"classes":[]}],"_links":{"self":[{"href":"https:\/\/herage.org\/blog\/wp-json\/wp\/v2\/posts\/1617"}],"collection":[{"href":"https:\/\/herage.org\/blog\/wp-json\/wp\/v2\/posts"}],"about":[{"href":"https:\/\/herage.org\/blog\/wp-json\/wp\/v2\/types\/post"}],"author":[{"embeddable":true,"href":"https:\/\/herage.org\/blog\/wp-json\/wp\/v2\/users\/706"}],"replies":[{"embeddable":true,"href":"https:\/\/herage.org\/blog\/wp-json\/wp\/v2\/comments?post=1617"}],"version-history":[{"count":15,"href":"https:\/\/herage.org\/blog\/wp-json\/wp\/v2\/posts\/1617\/revisions"}],"predecessor-version":[{"id":1996,"href":"https:\/\/herage.org\/blog\/wp-json\/wp\/v2\/posts\/1617\/revisions\/1996"}],"wp:attachment":[{"href":"https:\/\/herage.org\/blog\/wp-json\/wp\/v2\/media?parent=1617"}],"wp:term":[{"taxonomy":"category","embeddable":true,"href":"https:\/\/herage.org\/blog\/wp-json\/wp\/v2\/categories?post=1617"},{"taxonomy":"post_tag","embeddable":true,"href":"https:\/\/herage.org\/blog\/wp-json\/wp\/v2\/tags?post=1617"}],"curies":[{"name":"wp","href":"https:\/\/api.w.org\/{rel}","templated":true}]}}