{"id":1623,"date":"2018-11-10T08:00:26","date_gmt":"2018-11-10T07:00:26","guid":{"rendered":"http:\/\/herage.org\/blog\/?p=1623"},"modified":"2018-11-09T23:04:40","modified_gmt":"2018-11-09T22:04:40","slug":"challengeaz-%e2%94%82-i-je-me-souviens-de-la-belle-indienne","status":"publish","type":"post","link":"https:\/\/herage.org\/blog\/https:\/blog.herage.org\/p=\/1623\/","title":{"rendered":"#ChallengeAZ \u2502 I&#8230; Je me souviens de la Belle Indienne"},"content":{"rendered":"<p style=\"text-align: justify;\"><a href=\"https:\/\/i0.wp.com\/herage.org\/blog\/wp-content\/uploads\/2018\/11\/\u00a8Panneau-La-belle-indienne-V1.jpg\" target=\"_blank\" rel=\"noopener\"><img data-attachment-id=\"2025\" data-permalink=\"https:\/\/herage.org\/blog\/https:\/blog.herage.org\/p=\/1623\/%c2%a8panneau-la-belle-indienne-v1\/\" data-orig-file=\"https:\/\/i0.wp.com\/herage.org\/blog\/wp-content\/uploads\/2018\/11\/\u00a8Panneau-La-belle-indienne-V1.jpg?fit=1024%2C667&amp;ssl=1\" data-orig-size=\"1024,667\" data-comments-opened=\"1\" data-image-meta=\"{&quot;aperture&quot;:&quot;0&quot;,&quot;credit&quot;:&quot;&quot;,&quot;camera&quot;:&quot;&quot;,&quot;caption&quot;:&quot;&quot;,&quot;created_timestamp&quot;:&quot;1537874451&quot;,&quot;copyright&quot;:&quot;&quot;,&quot;focal_length&quot;:&quot;0&quot;,&quot;iso&quot;:&quot;0&quot;,&quot;shutter_speed&quot;:&quot;0&quot;,&quot;title&quot;:&quot;&quot;,&quot;orientation&quot;:&quot;1&quot;}\" data-image-title=\"\u00a8Panneau La belle indienne V1\" data-image-description=\"\" data-image-caption=\"\" data-medium-file=\"https:\/\/i0.wp.com\/herage.org\/blog\/wp-content\/uploads\/2018\/11\/\u00a8Panneau-La-belle-indienne-V1.jpg?fit=300%2C195&amp;ssl=1\" data-large-file=\"https:\/\/i0.wp.com\/herage.org\/blog\/wp-content\/uploads\/2018\/11\/\u00a8Panneau-La-belle-indienne-V1.jpg?fit=584%2C380&amp;ssl=1\" loading=\"lazy\" class=\"aligncenter wp-image-2025 size-full\" src=\"https:\/\/i0.wp.com\/herage.org\/blog\/wp-content\/uploads\/2018\/11\/\u00a8Panneau-La-belle-indienne-V1.jpg?resize=584%2C380\" alt=\"\" width=\"584\" height=\"380\" srcset=\"https:\/\/i0.wp.com\/herage.org\/blog\/wp-content\/uploads\/2018\/11\/\u00a8Panneau-La-belle-indienne-V1.jpg?w=1024&amp;ssl=1 1024w, https:\/\/i0.wp.com\/herage.org\/blog\/wp-content\/uploads\/2018\/11\/\u00a8Panneau-La-belle-indienne-V1.jpg?resize=300%2C195&amp;ssl=1 300w, https:\/\/i0.wp.com\/herage.org\/blog\/wp-content\/uploads\/2018\/11\/\u00a8Panneau-La-belle-indienne-V1.jpg?resize=768%2C500&amp;ssl=1 768w, https:\/\/i0.wp.com\/herage.org\/blog\/wp-content\/uploads\/2018\/11\/\u00a8Panneau-La-belle-indienne-V1.jpg?resize=461%2C300&amp;ssl=1 461w\" sizes=\"(max-width: 584px) 100vw, 584px\" data-recalc-dims=\"1\" \/><\/a>C\u2019est un hameau de la commune de S\u00e9rigny situ\u00e9 \u00e0 5 km du bourg sur la D757 entre Orches et Richelieu : La Belle-Indienne.\u00a0<\/p>\n<p style=\"text-align: justify;\">Ce lieu est la source de souvenirs familiaux et je me suis toujours demand\u00e9e qu&rsquo;elle \u00e9tait l&rsquo;origine de ce nom atypique. Je ne pense pas que les indiens soient venus dans notre Poitou ! D&rsquo;apr\u00e8s la m\u00e9moire locale, l&rsquo;origine de ce nom peu banal pour notre r\u00e9gion viendrait d\u2019une petite \u00e9picerie poss\u00e9dant un rayon mercerie, avec des <a href=\"https:\/\/fr.wikipedia.org\/wiki\/Histoire_des_indiennes_de_coton_en_Europe\" target=\"_blank\" rel=\"noopener\">cotonnades \u00e0 fond sombre appel\u00e9es \u00ab Belle-Indienne \u00bb<\/a>. C\u2019est en l\u2019honneur de ces \u00e9toffes que l\u2019\u00e9picerie aurait port\u00e9 comme enseigne : \u00ab\u00a0A LA BELLE-INDIENNE\u00a0\u00bb. Et tout naturellement le hameau qui s&rsquo;est form\u00e9 autour aurait pris son nom !<\/p>\n<p style=\"text-align: justify;\">Cette rumeur pourrait \u00eatre confirm\u00e9e par les recensements. Il semble en effet que l&rsquo;\u00e9picerie apparaisse dans le hameau entre 1891 et 1896. En effet, on ne trouve aucune trace de l&rsquo;\u00e9picerie en 1891. En revanche, en 1896, on recense 10 foyers dont :<\/p>\n<ul>\n<li style=\"text-align: justify;\">un boucher : Gr\u00e9goire CHEDEVERGNE et son \u00e9pouse,<\/li>\n<li style=\"text-align: justify;\">un instituteur : Charles GUITON avec son \u00e9pouse et son fils,<\/li>\n<li style=\"text-align: justify;\">une institutrice : Marguerite BOUTIN avec son \u00e9poux, sa fille et un domestique,<\/li>\n<li style=\"text-align: justify;\">un cordonnier : Octave DELAGARDE avec son \u00e9pouse Marie LAURIN aubergiste,<\/li>\n<li style=\"text-align: justify;\">un cantonnier : Louis GARNIER avec son \u00e9pouse et ses enfants,<\/li>\n<li style=\"text-align: justify;\">un sabotier : Vincent BEAUVILLAIN,<\/li>\n<li style=\"text-align: justify;\">et une \u00e9pici\u00e8re : Zo\u00e9 BERTIER.\u00a0<\/li>\n<\/ul>\n<p style=\"text-align: justify;\">En 1901 on trouve beaucoup de m\u00e9tiers au bourg, mais, \u00e0 La Belle Indienne, il n\u2019y a plus qu\u2019un couple d\u2019instituteurs (Charles GUITON et sa femme) et le cantonnier. On retrouve l&rsquo;\u00e9pici\u00e8re \u00e0 Gen\u00e7ay, un hameau tout proche. Il\u00a0s\u2019agit certainement d\u2019une erreur de recensement car en 1906 et en 1911 notre Zo\u00e9 est toujours \u00e0 La Belle Indienne. En 1911 elle a 76 ans et on la dit renti\u00e8re.\u00a0Combien de temps a-t-elle tenu son \u00e9picerie, myst\u00e8re\u00a0? On sait, d&rsquo;apr\u00e8s le BODACC (Bulletin officiel des annonce civiles et commerciales), que l&rsquo;\u00e9picerie a port\u00e9 le nom de \u00ab\u00a0LA BELLE INDIENNE\u00a0\u00bb jusqu&rsquo;\u00e0 sa cessation d&rsquo;activit\u00e9 en 1970.<\/p>\n<p style=\"text-align: justify;\">En reprenant les recensements ant\u00e9rieurs, on s&rsquo;aper\u00e7oit que ce hameau appara\u00eet de fa\u00e7on \u00e9pisodique. Ainsi en 1851, on recense un foyer dans ce hameau et par la suite il n&rsquo;est plus cit\u00e9. Cette recherche met donc \u00e0 mal la croyance locale telle qu&rsquo;elle m&rsquo;a \u00e9t\u00e9 racont\u00e9e.\u00a0<\/p>\n<p style=\"text-align: justify;\">Le myst\u00e8re s&rsquo;\u00e9paissit quand, au cours de recherches, on apprend que \u00ab\u00a0La Belle Indienne\u00a0\u00bb \u00e9tait le surnom donn\u00e9\u00a0\u00e0 la veuve SCARRON avant qu&rsquo;elle devienne la Marquise de MAINTENON. Ce surnom faisait r\u00e9f\u00e9rence \u00e0 son enfance qu&rsquo;elle avait pass\u00e9e en Martinique.\u00a0<\/p>\n<p>Alors, qui de l&rsquo;\u00e9picerie ou du lieu a donn\u00e9 le nom \u00e0 l&rsquo;autre ? Le lieu est-il un hommage \u00e0 la Marquise ? Cela reste un myst\u00e8re.<\/p>\n<p>L&rsquo;\u00e9vocation de cette \u00e9picerie est li\u00e9e \u00e0 ma grand-m\u00e8re paternelle, Jos\u00e9phine LEBLANC\u00a0 qui l&rsquo;a probablement fr\u00e9quent\u00e9 et certainement assist\u00e9 \u00e0 sa cr\u00e9ation.<\/p>\n<p style=\"text-align: justify;\">C\u2019est au lieu-dit La Croix, \u00e0 1 km de La Belle Indienne, que ma grand-m\u00e8re voit le jour l\u2019\u00e9t\u00e9 1864, quatri\u00e8me enfant d\u2019une fratrie de six (2 filles et 4 gar\u00e7ons).\u00a0<\/p>\n<p><a href=\"https:\/\/i0.wp.com\/herage.org\/blog\/wp-content\/uploads\/2018\/11\/enfant-de-Josephine-LEBLANC.jpg\" target=\"_blank\" rel=\"noopener\"><img data-attachment-id=\"2040\" data-permalink=\"https:\/\/herage.org\/blog\/https:\/blog.herage.org\/p=\/1623\/enfant-de-josephine-leblanc\/\" data-orig-file=\"https:\/\/i0.wp.com\/herage.org\/blog\/wp-content\/uploads\/2018\/11\/enfant-de-Josephine-LEBLANC.jpg?fit=1157%2C231&amp;ssl=1\" data-orig-size=\"1157,231\" data-comments-opened=\"1\" data-image-meta=\"{&quot;aperture&quot;:&quot;0&quot;,&quot;credit&quot;:&quot;&quot;,&quot;camera&quot;:&quot;&quot;,&quot;caption&quot;:&quot;&quot;,&quot;created_timestamp&quot;:&quot;0&quot;,&quot;copyright&quot;:&quot;&quot;,&quot;focal_length&quot;:&quot;0&quot;,&quot;iso&quot;:&quot;0&quot;,&quot;shutter_speed&quot;:&quot;0&quot;,&quot;title&quot;:&quot;&quot;,&quot;orientation&quot;:&quot;0&quot;}\" data-image-title=\"enfant de Josephine LEBLANC\" data-image-description=\"\" data-image-caption=\"\" data-medium-file=\"https:\/\/i0.wp.com\/herage.org\/blog\/wp-content\/uploads\/2018\/11\/enfant-de-Josephine-LEBLANC.jpg?fit=300%2C60&amp;ssl=1\" data-large-file=\"https:\/\/i0.wp.com\/herage.org\/blog\/wp-content\/uploads\/2018\/11\/enfant-de-Josephine-LEBLANC.jpg?fit=584%2C116&amp;ssl=1\" loading=\"lazy\" class=\"aligncenter wp-image-2040 size-full\" src=\"https:\/\/i0.wp.com\/herage.org\/blog\/wp-content\/uploads\/2018\/11\/enfant-de-Josephine-LEBLANC.jpg?resize=584%2C117\" alt=\"\" width=\"584\" height=\"117\" srcset=\"https:\/\/i0.wp.com\/herage.org\/blog\/wp-content\/uploads\/2018\/11\/enfant-de-Josephine-LEBLANC.jpg?w=1157&amp;ssl=1 1157w, https:\/\/i0.wp.com\/herage.org\/blog\/wp-content\/uploads\/2018\/11\/enfant-de-Josephine-LEBLANC.jpg?resize=300%2C60&amp;ssl=1 300w, https:\/\/i0.wp.com\/herage.org\/blog\/wp-content\/uploads\/2018\/11\/enfant-de-Josephine-LEBLANC.jpg?resize=768%2C153&amp;ssl=1 768w, https:\/\/i0.wp.com\/herage.org\/blog\/wp-content\/uploads\/2018\/11\/enfant-de-Josephine-LEBLANC.jpg?resize=1024%2C204&amp;ssl=1 1024w, https:\/\/i0.wp.com\/herage.org\/blog\/wp-content\/uploads\/2018\/11\/enfant-de-Josephine-LEBLANC.jpg?resize=500%2C100&amp;ssl=1 500w\" sizes=\"(max-width: 584px) 100vw, 584px\" data-recalc-dims=\"1\" \/><\/a><\/p>\n<p style=\"text-align: justify;\">Quatre enfants sont n\u00e9s \u00e0 la Croix, Flavie et Camille \u00e0 la M\u00e9noni\u00e8re, mais Flavie d\u00e9c\u00e8de \u00e0 1 mois. Le p\u00e8re d\u00e9c\u00e8de \u00e0 43 ans \u00e0 Fourneuf\u00a0 laissant 5 enfants mineurs (\u00e2g\u00e9s de 12, 11, 8, 6 et 2 ans).\u00a0La m\u00e8re d\u00e9c\u00e8de \u00e0 56 ans \u00e0 la Galiserie. Elle ne s\u2019\u00e9tait pas remari\u00e9e : exceptionnel, pour une veuve avec de jeunes enfants.\u00a0Au d\u00e9c\u00e8s du p\u00e8re, la famille habite Fourneuf avec un domestique et une servante. Mais en 1876 il n\u2019y a plus qu\u2019une servante, les enfants ayants grandis.\u00a0En 1881 la famille habite Gen\u00e7ay sauf Joseph qui est parti pour le 32<sup>\u00e8me<\/sup> r\u00e9giment d\u2019infanterie.<\/p>\n<div id=\"attachment_2070\" style=\"width: 594px\" class=\"wp-caption aligncenter\"><a href=\"https:\/\/i0.wp.com\/herage.org\/blog\/wp-content\/uploads\/2018\/11\/Vincent-POISSON-et-Josephine-LEBLANC.jpg\" target=\"_blank\" rel=\"noopener\"><img aria-describedby=\"caption-attachment-2070\" data-attachment-id=\"2070\" data-permalink=\"https:\/\/herage.org\/blog\/https:\/blog.herage.org\/p=\/1623\/vincent-poisson-et-josephine-leblanc\/\" data-orig-file=\"https:\/\/i0.wp.com\/herage.org\/blog\/wp-content\/uploads\/2018\/11\/Vincent-POISSON-et-Josephine-LEBLANC.jpg?fit=1680%2C1164&amp;ssl=1\" data-orig-size=\"1680,1164\" data-comments-opened=\"1\" data-image-meta=\"{&quot;aperture&quot;:&quot;0&quot;,&quot;credit&quot;:&quot;&quot;,&quot;camera&quot;:&quot;&quot;,&quot;caption&quot;:&quot;&quot;,&quot;created_timestamp&quot;:&quot;0&quot;,&quot;copyright&quot;:&quot;&quot;,&quot;focal_length&quot;:&quot;0&quot;,&quot;iso&quot;:&quot;0&quot;,&quot;shutter_speed&quot;:&quot;0&quot;,&quot;title&quot;:&quot;&quot;,&quot;orientation&quot;:&quot;0&quot;}\" data-image-title=\"Vincent POISSON et Josephine LEBLANC\" data-image-description=\"\" data-image-caption=\"&lt;p&gt;Mes grands-parents : Vincent POISSON et Jos\u00e9phine LEBLANC \u00a9 photo collection priv\u00e9e&lt;\/p&gt;\n\" data-medium-file=\"https:\/\/i0.wp.com\/herage.org\/blog\/wp-content\/uploads\/2018\/11\/Vincent-POISSON-et-Josephine-LEBLANC.jpg?fit=300%2C208&amp;ssl=1\" data-large-file=\"https:\/\/i0.wp.com\/herage.org\/blog\/wp-content\/uploads\/2018\/11\/Vincent-POISSON-et-Josephine-LEBLANC.jpg?fit=584%2C404&amp;ssl=1\" loading=\"lazy\" class=\"wp-image-2070 size-large\" src=\"https:\/\/i0.wp.com\/herage.org\/blog\/wp-content\/uploads\/2018\/11\/Vincent-POISSON-et-Josephine-LEBLANC-1024x709.jpg?resize=584%2C404\" alt=\"\" width=\"584\" height=\"404\" srcset=\"https:\/\/i0.wp.com\/herage.org\/blog\/wp-content\/uploads\/2018\/11\/Vincent-POISSON-et-Josephine-LEBLANC.jpg?resize=1024%2C709&amp;ssl=1 1024w, https:\/\/i0.wp.com\/herage.org\/blog\/wp-content\/uploads\/2018\/11\/Vincent-POISSON-et-Josephine-LEBLANC.jpg?resize=300%2C208&amp;ssl=1 300w, https:\/\/i0.wp.com\/herage.org\/blog\/wp-content\/uploads\/2018\/11\/Vincent-POISSON-et-Josephine-LEBLANC.jpg?resize=768%2C532&amp;ssl=1 768w, https:\/\/i0.wp.com\/herage.org\/blog\/wp-content\/uploads\/2018\/11\/Vincent-POISSON-et-Josephine-LEBLANC.jpg?resize=433%2C300&amp;ssl=1 433w, https:\/\/i0.wp.com\/herage.org\/blog\/wp-content\/uploads\/2018\/11\/Vincent-POISSON-et-Josephine-LEBLANC.jpg?w=1680&amp;ssl=1 1680w, https:\/\/i0.wp.com\/herage.org\/blog\/wp-content\/uploads\/2018\/11\/Vincent-POISSON-et-Josephine-LEBLANC.jpg?w=1168&amp;ssl=1 1168w\" sizes=\"(max-width: 584px) 100vw, 584px\" data-recalc-dims=\"1\" \/><\/a><p id=\"caption-attachment-2070\" class=\"wp-caption-text\">Mes grands-parents : Vincent Marcellin POISSON et Jos\u00e9phine LEBLANC \u00a9 photo collection priv\u00e9e<\/p><\/div>\n<p style=\"text-align: justify;\">Ma grand-m\u00e8re Jos\u00e9phine se marie en 1885 avec Vincent Marcellin POISSON. Ils auront 14 enfants :<\/p>\n<ul>\n<li>Jos\u00e9phine (\u00b0 1885 \u00e0 Fourneuf\u00a0 \u00a0\u2020 \u00e0 10 jours),<\/li>\n<li>Marcellin (\u00b0 1886 \u00e0 Gen\u00e7ay\u00a0 \u2020 en 1914 en Moselle),<\/li>\n<li>Camille (\u00b0 1888 \u00e0 Saint-Bonnet\u00a0\u00a0 \u2020 en 1918 dans l\u2019Aisne),<\/li>\n<li>Aristide (\u00b01891 \u00e0 Gen\u00e7ay),<\/li>\n<li>Emile (\u00b0 1892 \u00e0 Belleb\u00e2te\u00a0 \u2020 en 1893 \u00e0 3 mois \u00bd),<\/li>\n<li>Marie-Baptistine (\u00b0 1893 \u00e0 Belleb\u00e2te),<\/li>\n<li>Alida (\u00b0 1895 \u00e0 Belleb\u00e2te),<\/li>\n<li>Emilia (\u00b0 1896 \u00e0 Belleb\u00e2te),<\/li>\n<li>Maximin (\u00b0 1898 \u00e0 Belleb\u00e2te),<\/li>\n<li>Octave (\u00b0 1900 \u00e0 Belleb\u00e2te),<\/li>\n<li>Isabelle (\u00b01901 \u00e0 Belleb\u00e2te),<\/li>\n<li>Lucienne (\u00b01904 \u00e0 Belleb\u00e2te),<\/li>\n<li>F\u00e9licien (\u00b0 1907 \u00e0 Belleb\u00e2te),<\/li>\n<li>Ren\u00e9e (\u00b0 1910 \u00e0 Berthegon).<\/li>\n<\/ul>\n<table style=\"border-collapse: collapse; width: 100%;\" border=\"1\">\n<tbody>\n<tr>\n<td style=\"width: 50%;\">\n<div id=\"attachment_2043\" style=\"width: 210px\" class=\"wp-caption aligncenter\"><a href=\"https:\/\/i0.wp.com\/herage.org\/blog\/wp-content\/uploads\/2018\/11\/POISSON-Marcellin-fiche-MdH.jpg\" target=\"_blank\" rel=\"noopener\"><img aria-describedby=\"caption-attachment-2043\" data-attachment-id=\"2043\" data-permalink=\"https:\/\/herage.org\/blog\/https:\/blog.herage.org\/p=\/1623\/poisson-marcellin-fiche-mdh\/\" data-orig-file=\"https:\/\/i0.wp.com\/herage.org\/blog\/wp-content\/uploads\/2018\/11\/POISSON-Marcellin-fiche-MdH.jpg?fit=944%2C1417&amp;ssl=1\" data-orig-size=\"944,1417\" data-comments-opened=\"1\" data-image-meta=\"{&quot;aperture&quot;:&quot;0&quot;,&quot;credit&quot;:&quot;&quot;,&quot;camera&quot;:&quot;&quot;,&quot;caption&quot;:&quot;&quot;,&quot;created_timestamp&quot;:&quot;0&quot;,&quot;copyright&quot;:&quot;&quot;,&quot;focal_length&quot;:&quot;0&quot;,&quot;iso&quot;:&quot;0&quot;,&quot;shutter_speed&quot;:&quot;0&quot;,&quot;title&quot;:&quot;&quot;,&quot;orientation&quot;:&quot;0&quot;}\" data-image-title=\"POISSON Marcellin fiche MdH\" data-image-description=\"\" data-image-caption=\"\" data-medium-file=\"https:\/\/i0.wp.com\/herage.org\/blog\/wp-content\/uploads\/2018\/11\/POISSON-Marcellin-fiche-MdH.jpg?fit=200%2C300&amp;ssl=1\" data-large-file=\"https:\/\/i0.wp.com\/herage.org\/blog\/wp-content\/uploads\/2018\/11\/POISSON-Marcellin-fiche-MdH.jpg?fit=584%2C877&amp;ssl=1\" loading=\"lazy\" class=\"wp-image-2043 size-medium\" src=\"https:\/\/i0.wp.com\/herage.org\/blog\/wp-content\/uploads\/2018\/11\/POISSON-Marcellin-fiche-MdH-200x300.jpg?resize=200%2C300\" alt=\"\" width=\"200\" height=\"300\" srcset=\"https:\/\/i0.wp.com\/herage.org\/blog\/wp-content\/uploads\/2018\/11\/POISSON-Marcellin-fiche-MdH.jpg?resize=200%2C300&amp;ssl=1 200w, https:\/\/i0.wp.com\/herage.org\/blog\/wp-content\/uploads\/2018\/11\/POISSON-Marcellin-fiche-MdH.jpg?resize=768%2C1153&amp;ssl=1 768w, https:\/\/i0.wp.com\/herage.org\/blog\/wp-content\/uploads\/2018\/11\/POISSON-Marcellin-fiche-MdH.jpg?resize=682%2C1024&amp;ssl=1 682w, https:\/\/i0.wp.com\/herage.org\/blog\/wp-content\/uploads\/2018\/11\/POISSON-Marcellin-fiche-MdH.jpg?w=944&amp;ssl=1 944w\" sizes=\"(max-width: 200px) 100vw, 200px\" data-recalc-dims=\"1\" \/><\/a><p id=\"caption-attachment-2043\" class=\"wp-caption-text\">\u00a9 M\u00e9moire des Hommes \u25b2 clic sur l&rsquo;image pour l&rsquo;agrandir<\/p><\/div>\n<\/td>\n<td style=\"width: 50%;\">\n<div id=\"attachment_2044\" style=\"width: 210px\" class=\"wp-caption aligncenter\"><a href=\"https:\/\/i0.wp.com\/herage.org\/blog\/wp-content\/uploads\/2018\/11\/POISSON-Camille-fiche-MdH.jpg\" target=\"_blank\" rel=\"noopener\"><img aria-describedby=\"caption-attachment-2044\" data-attachment-id=\"2044\" data-permalink=\"https:\/\/herage.org\/blog\/https:\/blog.herage.org\/p=\/1623\/poisson-camille-fiche-mdh\/\" data-orig-file=\"https:\/\/i0.wp.com\/herage.org\/blog\/wp-content\/uploads\/2018\/11\/POISSON-Camille-fiche-MdH.jpg?fit=944%2C1417&amp;ssl=1\" data-orig-size=\"944,1417\" data-comments-opened=\"1\" data-image-meta=\"{&quot;aperture&quot;:&quot;0&quot;,&quot;credit&quot;:&quot;&quot;,&quot;camera&quot;:&quot;&quot;,&quot;caption&quot;:&quot;&quot;,&quot;created_timestamp&quot;:&quot;0&quot;,&quot;copyright&quot;:&quot;&quot;,&quot;focal_length&quot;:&quot;0&quot;,&quot;iso&quot;:&quot;0&quot;,&quot;shutter_speed&quot;:&quot;0&quot;,&quot;title&quot;:&quot;&quot;,&quot;orientation&quot;:&quot;0&quot;}\" data-image-title=\"POISSON Camille fiche MdH\" data-image-description=\"\" data-image-caption=\"\" data-medium-file=\"https:\/\/i0.wp.com\/herage.org\/blog\/wp-content\/uploads\/2018\/11\/POISSON-Camille-fiche-MdH.jpg?fit=200%2C300&amp;ssl=1\" data-large-file=\"https:\/\/i0.wp.com\/herage.org\/blog\/wp-content\/uploads\/2018\/11\/POISSON-Camille-fiche-MdH.jpg?fit=584%2C877&amp;ssl=1\" loading=\"lazy\" class=\"wp-image-2044 size-medium\" src=\"https:\/\/i0.wp.com\/herage.org\/blog\/wp-content\/uploads\/2018\/11\/POISSON-Camille-fiche-MdH-200x300.jpg?resize=200%2C300\" alt=\"\" width=\"200\" height=\"300\" srcset=\"https:\/\/i0.wp.com\/herage.org\/blog\/wp-content\/uploads\/2018\/11\/POISSON-Camille-fiche-MdH.jpg?resize=200%2C300&amp;ssl=1 200w, https:\/\/i0.wp.com\/herage.org\/blog\/wp-content\/uploads\/2018\/11\/POISSON-Camille-fiche-MdH.jpg?resize=768%2C1153&amp;ssl=1 768w, https:\/\/i0.wp.com\/herage.org\/blog\/wp-content\/uploads\/2018\/11\/POISSON-Camille-fiche-MdH.jpg?resize=682%2C1024&amp;ssl=1 682w, https:\/\/i0.wp.com\/herage.org\/blog\/wp-content\/uploads\/2018\/11\/POISSON-Camille-fiche-MdH.jpg?w=944&amp;ssl=1 944w\" sizes=\"(max-width: 200px) 100vw, 200px\" data-recalc-dims=\"1\" \/><\/a><p id=\"caption-attachment-2044\" class=\"wp-caption-text\">\u00a9 M\u00e9moire des Hommes \u25b2 clic sur l&rsquo;image pour l&rsquo;agrandir<\/p><\/div>\n<\/td>\n<\/tr>\n<\/tbody>\n<\/table>\n<div id=\"attachment_2046\" style=\"width: 1054px\" class=\"wp-caption aligncenter\"><a href=\"https:\/\/i0.wp.com\/herage.org\/blog\/wp-content\/uploads\/2018\/11\/Lieux-\u00e9voqu\u00e9s-1.jpg\" target=\"_blank\" rel=\"noopener\"><img aria-describedby=\"caption-attachment-2046\" data-attachment-id=\"2046\" data-permalink=\"https:\/\/herage.org\/blog\/https:\/blog.herage.org\/p=\/1623\/lieux-evoques-2\/\" data-orig-file=\"https:\/\/i0.wp.com\/herage.org\/blog\/wp-content\/uploads\/2018\/11\/Lieux-\u00e9voqu\u00e9s-1.jpg?fit=1044%2C751&amp;ssl=1\" data-orig-size=\"1044,751\" data-comments-opened=\"1\" data-image-meta=\"{&quot;aperture&quot;:&quot;0&quot;,&quot;credit&quot;:&quot;&quot;,&quot;camera&quot;:&quot;&quot;,&quot;caption&quot;:&quot;&quot;,&quot;created_timestamp&quot;:&quot;0&quot;,&quot;copyright&quot;:&quot;&quot;,&quot;focal_length&quot;:&quot;0&quot;,&quot;iso&quot;:&quot;0&quot;,&quot;shutter_speed&quot;:&quot;0&quot;,&quot;title&quot;:&quot;&quot;,&quot;orientation&quot;:&quot;0&quot;}\" data-image-title=\"Lieux \u00e9voqu\u00e9s\" data-image-description=\"\" data-image-caption=\"\" data-medium-file=\"https:\/\/i0.wp.com\/herage.org\/blog\/wp-content\/uploads\/2018\/11\/Lieux-\u00e9voqu\u00e9s-1.jpg?fit=300%2C216&amp;ssl=1\" data-large-file=\"https:\/\/i0.wp.com\/herage.org\/blog\/wp-content\/uploads\/2018\/11\/Lieux-\u00e9voqu\u00e9s-1.jpg?fit=584%2C420&amp;ssl=1\" loading=\"lazy\" class=\"wp-image-2046 size-full\" src=\"https:\/\/i0.wp.com\/herage.org\/blog\/wp-content\/uploads\/2018\/11\/Lieux-\u00e9voqu\u00e9s-1.jpg?resize=584%2C420\" alt=\"\" width=\"584\" height=\"420\" srcset=\"https:\/\/i0.wp.com\/herage.org\/blog\/wp-content\/uploads\/2018\/11\/Lieux-\u00e9voqu\u00e9s-1.jpg?w=1044&amp;ssl=1 1044w, https:\/\/i0.wp.com\/herage.org\/blog\/wp-content\/uploads\/2018\/11\/Lieux-\u00e9voqu\u00e9s-1.jpg?resize=300%2C216&amp;ssl=1 300w, https:\/\/i0.wp.com\/herage.org\/blog\/wp-content\/uploads\/2018\/11\/Lieux-\u00e9voqu\u00e9s-1.jpg?resize=768%2C552&amp;ssl=1 768w, https:\/\/i0.wp.com\/herage.org\/blog\/wp-content\/uploads\/2018\/11\/Lieux-\u00e9voqu\u00e9s-1.jpg?resize=1024%2C737&amp;ssl=1 1024w, https:\/\/i0.wp.com\/herage.org\/blog\/wp-content\/uploads\/2018\/11\/Lieux-\u00e9voqu\u00e9s-1.jpg?resize=417%2C300&amp;ssl=1 417w\" sizes=\"(max-width: 584px) 100vw, 584px\" data-recalc-dims=\"1\" \/><\/a><p id=\"caption-attachment-2046\" class=\"wp-caption-text\">Situation g\u00e9ographique des hameaux de S\u00e9rigny cit\u00e9s dans l&rsquo;article<\/p><\/div>\n<p style=\"text-align: justify;\">Pendant 18 ans ils ont habit\u00e9 Belleb\u00e2te une ferme du XV\u00e8me si\u00e8cle, situ\u00e9e au milieu des champs, en haut d\u2019un coteau, la ferme \u00e0 cour carr\u00e9e ferm\u00e9e, typique de la r\u00e9gion, domine le paysage environnant. L\u2019acc\u00e8s se fait par une une large porte coch\u00e8re, flanqu\u00e9e d\u2019une autre pi\u00e9tonni\u00e8re\u00a0 \u00e9galement en plein cintre. Selon les dires locaux, il subsisterait des traces d\u2019une chapelle, d\u2019o\u00f9 partaient des couloirs souterrains en direction de la tour Legat et de la tour Gonzay, ces deux forteresses ayant \u00e9t\u00e9 construites au XV\u00e8me si\u00e8cle pour prot\u00e9ger Ch\u00e2tellerault. Plusieurs cercueils de pierre ont \u00e9t\u00e9 mis au jour \u00e0 quelques dizaines de m\u00e8tres du logis, qui abrite une exploitation agricole.<\/p>\n<div id=\"attachment_2048\" style=\"width: 414px\" class=\"wp-caption aligncenter\"><a href=\"https:\/\/i0.wp.com\/herage.org\/blog\/wp-content\/uploads\/2018\/11\/ferme-de-Bellebate.jpg\" target=\"_blank\" rel=\"noopener\"><img aria-describedby=\"caption-attachment-2048\" data-attachment-id=\"2048\" data-permalink=\"https:\/\/herage.org\/blog\/https:\/blog.herage.org\/p=\/1623\/ferme-de-bellebate\/\" data-orig-file=\"https:\/\/i0.wp.com\/herage.org\/blog\/wp-content\/uploads\/2018\/11\/ferme-de-Bellebate.jpg?fit=404%2C181&amp;ssl=1\" data-orig-size=\"404,181\" data-comments-opened=\"1\" data-image-meta=\"{&quot;aperture&quot;:&quot;0&quot;,&quot;credit&quot;:&quot;&quot;,&quot;camera&quot;:&quot;&quot;,&quot;caption&quot;:&quot;&quot;,&quot;created_timestamp&quot;:&quot;0&quot;,&quot;copyright&quot;:&quot;&quot;,&quot;focal_length&quot;:&quot;0&quot;,&quot;iso&quot;:&quot;0&quot;,&quot;shutter_speed&quot;:&quot;0&quot;,&quot;title&quot;:&quot;&quot;,&quot;orientation&quot;:&quot;0&quot;}\" data-image-title=\"ferme de Bellebate\" data-image-description=\"\" data-image-caption=\"\" data-medium-file=\"https:\/\/i0.wp.com\/herage.org\/blog\/wp-content\/uploads\/2018\/11\/ferme-de-Bellebate.jpg?fit=300%2C134&amp;ssl=1\" data-large-file=\"https:\/\/i0.wp.com\/herage.org\/blog\/wp-content\/uploads\/2018\/11\/ferme-de-Bellebate.jpg?fit=404%2C181&amp;ssl=1\" loading=\"lazy\" class=\"wp-image-2048 size-full\" src=\"https:\/\/i0.wp.com\/herage.org\/blog\/wp-content\/uploads\/2018\/11\/ferme-de-Bellebate.jpg?resize=404%2C181\" alt=\"\" width=\"404\" height=\"181\" srcset=\"https:\/\/i0.wp.com\/herage.org\/blog\/wp-content\/uploads\/2018\/11\/ferme-de-Bellebate.jpg?w=404&amp;ssl=1 404w, https:\/\/i0.wp.com\/herage.org\/blog\/wp-content\/uploads\/2018\/11\/ferme-de-Bellebate.jpg?resize=300%2C134&amp;ssl=1 300w\" sizes=\"(max-width: 404px) 100vw, 404px\" data-recalc-dims=\"1\" \/><\/a><p id=\"caption-attachment-2048\" class=\"wp-caption-text\">Ferme de Belleb\u00e2te (S\u00e9rigny)<\/p><\/div>\n<p>&nbsp;<\/p>\n<p style=\"text-align: justify;\"><span style=\"color: #ff6600;\"><strong>Ci-dessous cartographie des lieux cit\u00e9s au cours de ce Challenge AZ. <br \/>\nCliquez sur les \u00e9pingles pour acc\u00e9der aux articles d\u00e9j\u00e0 publi\u00e9s.<br \/>\n\u25bc<\/strong><\/span><\/p>\n<p><iframe loading=\"lazy\" src=\"https:\/\/umap.openstreetmap.fr\/fr\/map\/carte_challengeaz_2018_cgp_261169?scaleControl=false&amp;miniMap=false&amp;scrollWheelZoom=false&amp;zoomControl=true&amp;allowEdit=false&amp;moreControl=true&amp;searchControl=null&amp;tilelayersControl=null&amp;embedControl=null&amp;datalayersControl=true&amp;onLoadPanel=none&amp;captionBar=false\" width=\"100%\" height=\"300px\" frameborder=\"0\" allowfullscreen=\"allowfullscreen\"><\/iframe><\/p>\n<p><a href=\"https:\/\/umap.openstreetmap.fr\/fr\/map\/carte_challengeaz_2018_cgp_261169\">Voir en plein \u00e9cran<\/a><\/p>\n","protected":false},"excerpt":{"rendered":"<p>C\u2019est un hameau de la commune de S\u00e9rigny situ\u00e9 \u00e0 5 km du bourg sur la D757 entre Orches et Richelieu : La Belle-Indienne.\u00a0 Ce lieu est la source de souvenirs familiaux et je me suis toujours demand\u00e9e qu&rsquo;elle \u00e9tait &hellip; <a href=\"https:\/\/herage.org\/blog\/https:\/blog.herage.org\/p=\/1623\/\">Continuer la lecture <span class=\"meta-nav\">&rarr;<\/span><\/a><\/p>\n","protected":false},"author":720,"featured_media":0,"comment_status":"open","ping_status":"open","sticky":false,"template":"","format":"standard","meta":{"spay_email":"","jetpack_publicize_message":"#ChallengeAZ : I... Je me souviens de la Belle Indienne","jetpack_is_tweetstorm":false,"jetpack_publicize_feature_enabled":true},"categories":[163],"tags":[95,259,260],"jetpack_publicize_connections":[],"jetpack_featured_media_url":"","jetpack_sharing_enabled":true,"jetpack_shortlink":"https:\/\/wp.me\/p4fVnZ-qb","jetpack-related-posts":[{"id":2333,"url":"https:\/\/herage.org\/blog\/https:\/blog.herage.org\/p=\/2333\/","url_meta":{"origin":1623,"position":0},"title":"#ChallengeAZ \u2502 T&#8230; des Terres pour les \u00e9coles de S\u00e9rigny","date":"23 novembre 2019","format":false,"excerpt":"J\u2019ai toujours entendu dire que ma grand-m\u00e8re \u00e9tait all\u00e9e \u00e0 l\u2019\u00e9cole \"chez les s\u0153urs\", comme on disait. Voil\u00e0 qu\u2019apr\u00e8s quelques recherches sur la commune de S\u00e9rigny je d\u00e9couvre qu\u2019il y avait bien une \u00e9cole religieuse (pour les filles) cr\u00e9e par Mme VENAULT de la FOUCHARDIERE. \u00a0Le 17 juin 1869 Mr\u2026","rel":"","context":"Dans &quot;Challenge AZ 2019&quot;","img":{"alt_text":"S\u00c3\u00a9rigny, Vienne","src":"https:\/\/i0.wp.com\/herage.org\/blog\/wp-content\/uploads\/2019\/11\/Serigny-1024x502.jpg?resize=350%2C200","width":350,"height":200},"classes":[]},{"id":1944,"url":"https:\/\/herage.org\/blog\/https:\/blog.herage.org\/p=\/1944\/","url_meta":{"origin":1623,"position":1},"title":"#ChallengeAZ : pr\u00eats pour un voyage aux quatre coins de la Vienne !","date":"31 octobre 2018","format":false,"excerpt":"Il y a un peu plus d'un an, une vingtaine d'adh\u00e9rents r\u00e9pondaient \u00e0 mon invitation pour lancer la cr\u00e9ation d'un atelier \u00e9criture et se mettaient en route vers une nouvelle aventure ! Tous ont accept\u00e9 de relever le d\u00e9fi de participer au \"Challenge AZ\" : publier sur ce blog un\u2026","rel":"","context":"Dans &quot;Challenge AZ 2018&quot;","img":{"alt_text":"Vienne 86","src":"https:\/\/i0.wp.com\/herage.org\/blog\/wp-content\/uploads\/2018\/10\/437_001-1024x716.jpg?resize=350%2C200","width":350,"height":200},"classes":[]},{"id":2836,"url":"https:\/\/herage.org\/blog\/https:\/blog.herage.org\/p=\/2836\/","url_meta":{"origin":1623,"position":2},"title":"Calendrier de l&rsquo;avent du CGP : Jour 16","date":"16 d\u00e9cembre 2019","format":false,"excerpt":"Pour le mois de d\u00e9cembre 2019, nous vous proposons d\u2019ouvrir la bo\u00eete \u00e0 souvenirs. Nous avons demand\u00e9 \u00e0 nos adh\u00e9rents de bien vouloir partager des photos ou images et de nous dire en quelques mots ce qu\u2019elles \u00e9voquaient pour eux. Pour ce 16e jour, c'est au tour de Marie Jeanne\u2026","rel":"","context":"Dans &quot;Calendrier de l'avent 2019&quot;","img":{"alt_text":"Chalais, Vienne 86","src":"https:\/\/i0.wp.com\/herage.org\/blog\/wp-content\/uploads\/2019\/12\/img029-002.jpg?resize=350%2C200","width":350,"height":200},"classes":[]},{"id":2308,"url":"https:\/\/herage.org\/blog\/https:\/blog.herage.org\/p=\/2308\/","url_meta":{"origin":1623,"position":3},"title":"#ChallengeAZ \u2502 H&#8230; Le hibou am\u00e9ricain ?","date":"9 novembre 2019","format":false,"excerpt":"C\u2019est au d\u00e9tour d\u2019une recherche dans les registres paroissiaux en ligne des Archives d\u00e9partementales de la Vienne, que je suis tomb\u00e9e sur un acte qui a litt\u00e9ralement stopp\u00e9 mon regard. Il s\u2019agit d\u2019un acte de bapt\u00eame en date du 18\u00a0novembre 1736, sur le registre paroissial de Pleumartin. Le baptis\u00e9 est\u2026","rel":"","context":"Dans &quot;Challenge AZ 2019&quot;","img":{"alt_text":"","src":"https:\/\/i0.wp.com\/herage.org\/blog\/wp-content\/uploads\/2019\/11\/Acte-de-bapteme-de-Philippe-Andr\u00c3\u00a9-18-novembre-1736.png?resize=350%2C200","width":350,"height":200},"classes":[]},{"id":2329,"url":"https:\/\/herage.org\/blog\/https:\/blog.herage.org\/p=\/2329\/","url_meta":{"origin":1623,"position":4},"title":"#ChallengeAZ \u2502 R&#8230; Regard sur l&rsquo;histoire de mon coll\u00e8ge","date":"21 novembre 2019","format":false,"excerpt":"Au d\u00e9but de l'\u00e9t\u00e9, j'ai accompagn\u00e9 mon p\u00e8re \u00e0 une r\u00e9union du groupe d'\u00e9criture du Cercle G\u00e9n\u00e9alogique Poitevin, \u00e0 propos du \u00ab\u00a0Challenge AZ\u00a0\u00bb. Le sujet \u00e9tant \u00ab\u00a0l'\u00e9cole\u00a0\u00bb, je me suis dit que je pourrais \u00e9ventuellement \u00e9crire quelques lignes, sur l'\u00e9tablissement que je viens de quitter, cette ann\u00e9e. J'ai effectu\u00e9 mes\u2026","rel":"","context":"Dans &quot;Challenge AZ 2019&quot;","img":{"alt_text":"","src":"https:\/\/i0.wp.com\/herage.org\/blog\/wp-content\/uploads\/2019\/11\/st-martial-cour-avant.jpg?resize=350%2C200","width":350,"height":200},"classes":[]},{"id":1655,"url":"https:\/\/herage.org\/blog\/https:\/blog.herage.org\/p=\/1655\/","url_meta":{"origin":1623,"position":5},"title":"#ChallengeAZ \u2502 Y&#8230; Yteuil, une empreinte r\u00e9v\u00e8le une chapelle disparue","date":"29 novembre 2018","format":false,"excerpt":"Outre le meilleur moyen d\u2019obtenir de belles salades et de beaux radis, b\u00e9cher, l\u2019exercice favori des jardiniers, s\u2019av\u00e8re parfois aussi un tr\u00e8s bon moyen de remonter le temps et de tutoyer l\u2019histoire locale. Une myst\u00e9rieuse chapelle Il y plus de 30 ans un habitant du bourg d\u2019Iteuil a d\u00e9couvert par\u2026","rel":"","context":"Dans &quot;Anecdotes&quot;","img":{"alt_text":"Iteuil, Vienne 86","src":"https:\/\/i0.wp.com\/herage.org\/blog\/wp-content\/uploads\/2018\/11\/86-Iteuil-N\u00c2\u00b0227-B-0189-1024x658.jpg?resize=350%2C200","width":350,"height":200},"classes":[]}],"_links":{"self":[{"href":"https:\/\/herage.org\/blog\/wp-json\/wp\/v2\/posts\/1623"}],"collection":[{"href":"https:\/\/herage.org\/blog\/wp-json\/wp\/v2\/posts"}],"about":[{"href":"https:\/\/herage.org\/blog\/wp-json\/wp\/v2\/types\/post"}],"author":[{"embeddable":true,"href":"https:\/\/herage.org\/blog\/wp-json\/wp\/v2\/users\/720"}],"replies":[{"embeddable":true,"href":"https:\/\/herage.org\/blog\/wp-json\/wp\/v2\/comments?post=1623"}],"version-history":[{"count":13,"href":"https:\/\/herage.org\/blog\/wp-json\/wp\/v2\/posts\/1623\/revisions"}],"predecessor-version":[{"id":2071,"href":"https:\/\/herage.org\/blog\/wp-json\/wp\/v2\/posts\/1623\/revisions\/2071"}],"wp:attachment":[{"href":"https:\/\/herage.org\/blog\/wp-json\/wp\/v2\/media?parent=1623"}],"wp:term":[{"taxonomy":"category","embeddable":true,"href":"https:\/\/herage.org\/blog\/wp-json\/wp\/v2\/categories?post=1623"},{"taxonomy":"post_tag","embeddable":true,"href":"https:\/\/herage.org\/blog\/wp-json\/wp\/v2\/tags?post=1623"}],"curies":[{"name":"wp","href":"https:\/\/api.w.org\/{rel}","templated":true}]}}