{"id":1637,"date":"2018-11-19T08:00:51","date_gmt":"2018-11-19T07:00:51","guid":{"rendered":"http:\/\/herage.org\/blog\/?p=1637"},"modified":"2018-11-19T01:45:04","modified_gmt":"2018-11-19T00:45:04","slug":"challengeaz-%e2%94%82-p-poitiers-le-prix-du-sacrilege-a-saint-cybard","status":"publish","type":"post","link":"https:\/\/herage.org\/blog\/https:\/blog.herage.org\/p=\/1637\/","title":{"rendered":"#ChallengeAZ \u2502 P&#8230; Poitiers, le prix du sacril\u00e8ge \u00e0 Saint-Cybard"},"content":{"rendered":"<div id=\"attachment_1761\" style=\"width: 594px\" class=\"wp-caption aligncenter\"><a href=\"https:\/\/i0.wp.com\/herage.org\/blog\/wp-content\/uploads\/2018\/11\/D\u00e9tail-du-si\u00e8ge-de-Poitiers-par-Coligny-en-1569-.jpg\" target=\"_blank\" rel=\"noopener\"><img aria-describedby=\"caption-attachment-1761\" data-attachment-id=\"1761\" data-permalink=\"https:\/\/herage.org\/blog\/https:\/blog.herage.org\/p=\/1637\/detail-du-siege-de-poitiers-par-coligny-en-1569\/\" data-orig-file=\"https:\/\/i0.wp.com\/herage.org\/blog\/wp-content\/uploads\/2018\/11\/D\u00e9tail-du-si\u00e8ge-de-Poitiers-par-Coligny-en-1569-.jpg?fit=3456%2C2304&amp;ssl=1\" data-orig-size=\"3456,2304\" data-comments-opened=\"1\" data-image-meta=\"{&quot;aperture&quot;:&quot;8&quot;,&quot;credit&quot;:&quot;&quot;,&quot;camera&quot;:&quot;Canon EOS 350D DIGITAL&quot;,&quot;caption&quot;:&quot;&quot;,&quot;created_timestamp&quot;:&quot;1204474250&quot;,&quot;copyright&quot;:&quot;&quot;,&quot;focal_length&quot;:&quot;55&quot;,&quot;iso&quot;:&quot;1600&quot;,&quot;shutter_speed&quot;:&quot;0.066666666666667&quot;,&quot;title&quot;:&quot;&quot;,&quot;orientation&quot;:&quot;1&quot;}\" data-image-title=\"D\u00e9tail du si\u00e8ge de Poitiers par Coligny en 1569\" data-image-description=\"\" data-image-caption=\"&lt;p&gt;D\u00e9tail du \u00ab\u00a0Si\u00e8ge de Poitiers par Coligny en 1569\u00a0\u00bb peint par Fran\u00e7ois Nautr\u00e9, 1619 \u00a9 Mus\u00e9e Sainte-Croix, Poitiers \u25b2 clic sur l&amp;rsquo;image pour l&amp;rsquo;agrandir&lt;\/p&gt;\n\" data-medium-file=\"https:\/\/i0.wp.com\/herage.org\/blog\/wp-content\/uploads\/2018\/11\/D\u00e9tail-du-si\u00e8ge-de-Poitiers-par-Coligny-en-1569-.jpg?fit=300%2C200&amp;ssl=1\" data-large-file=\"https:\/\/i0.wp.com\/herage.org\/blog\/wp-content\/uploads\/2018\/11\/D\u00e9tail-du-si\u00e8ge-de-Poitiers-par-Coligny-en-1569-.jpg?fit=584%2C390&amp;ssl=1\" loading=\"lazy\" class=\"wp-image-1761 size-large\" src=\"https:\/\/i0.wp.com\/herage.org\/blog\/wp-content\/uploads\/2018\/11\/D\u00e9tail-du-si\u00e8ge-de-Poitiers-par-Coligny-en-1569--1024x683.jpg?resize=584%2C390\" alt=\"\" width=\"584\" height=\"390\" srcset=\"https:\/\/i0.wp.com\/herage.org\/blog\/wp-content\/uploads\/2018\/11\/D\u00e9tail-du-si\u00e8ge-de-Poitiers-par-Coligny-en-1569-.jpg?resize=1024%2C683&amp;ssl=1 1024w, https:\/\/i0.wp.com\/herage.org\/blog\/wp-content\/uploads\/2018\/11\/D\u00e9tail-du-si\u00e8ge-de-Poitiers-par-Coligny-en-1569-.jpg?resize=300%2C200&amp;ssl=1 300w, https:\/\/i0.wp.com\/herage.org\/blog\/wp-content\/uploads\/2018\/11\/D\u00e9tail-du-si\u00e8ge-de-Poitiers-par-Coligny-en-1569-.jpg?resize=768%2C512&amp;ssl=1 768w, https:\/\/i0.wp.com\/herage.org\/blog\/wp-content\/uploads\/2018\/11\/D\u00e9tail-du-si\u00e8ge-de-Poitiers-par-Coligny-en-1569-.jpg?resize=450%2C300&amp;ssl=1 450w, https:\/\/i0.wp.com\/herage.org\/blog\/wp-content\/uploads\/2018\/11\/D\u00e9tail-du-si\u00e8ge-de-Poitiers-par-Coligny-en-1569-.jpg?w=1168&amp;ssl=1 1168w, https:\/\/i0.wp.com\/herage.org\/blog\/wp-content\/uploads\/2018\/11\/D\u00e9tail-du-si\u00e8ge-de-Poitiers-par-Coligny-en-1569-.jpg?w=1752&amp;ssl=1 1752w\" sizes=\"(max-width: 584px) 100vw, 584px\" data-recalc-dims=\"1\" \/><\/a><p id=\"caption-attachment-1761\" class=\"wp-caption-text\">D\u00e9tail du \u00ab\u00a0Si\u00e8ge de Poitiers par Coligny en 1569\u00a0\u00bb peint par Fran\u00e7ois Nautr\u00e9, 1619 \u00a9 Mus\u00e9e Sainte-Croix, Poitiers \u25b2 clic sur l&rsquo;image pour l&rsquo;agrandir<\/p><\/div>\n<p style=\"text-align: justify;\">La lecture des registres de la paroisse de Sainte-Radegonde de Poitiers apporte des informations parfois curieuses. En effet, le pr\u00eatre consigne des \u00e9v\u00e9nements marquants pour lesquels il signale en marge une mention \u00ab\u00a0<em>ad memoriam\u00a0\u00bb<\/em>\u00a0ou \u00ab\u00a0<em>chose remarquable\u00a0\u00bb<\/em>. Ainsi par exemple, il note en mai 1715 :<\/p>\n<div id=\"attachment_1760\" style=\"width: 1557px\" class=\"wp-caption aligncenter\"><a href=\"https:\/\/i0.wp.com\/herage.org\/blog\/wp-content\/uploads\/2018\/11\/AD86-acte-remarquable-mais-1715-Poitiers.jpg\" target=\"_blank\" rel=\"noopener\"><img aria-describedby=\"caption-attachment-1760\" data-attachment-id=\"1760\" data-permalink=\"https:\/\/herage.org\/blog\/https:\/blog.herage.org\/p=\/1637\/ad86-acte-remarquable-mais-1715-poitiers\/\" data-orig-file=\"https:\/\/i0.wp.com\/herage.org\/blog\/wp-content\/uploads\/2018\/11\/AD86-acte-remarquable-mais-1715-Poitiers.jpg?fit=1547%2C269&amp;ssl=1\" data-orig-size=\"1547,269\" data-comments-opened=\"1\" data-image-meta=\"{&quot;aperture&quot;:&quot;0&quot;,&quot;credit&quot;:&quot;&quot;,&quot;camera&quot;:&quot;&quot;,&quot;caption&quot;:&quot;&quot;,&quot;created_timestamp&quot;:&quot;1518774988&quot;,&quot;copyright&quot;:&quot;&quot;,&quot;focal_length&quot;:&quot;0&quot;,&quot;iso&quot;:&quot;0&quot;,&quot;shutter_speed&quot;:&quot;0&quot;,&quot;title&quot;:&quot;&quot;,&quot;orientation&quot;:&quot;1&quot;}\" data-image-title=\"AD86 acte remarquable mais 1715 Poitiers\" data-image-description=\"\" data-image-caption=\"\" data-medium-file=\"https:\/\/i0.wp.com\/herage.org\/blog\/wp-content\/uploads\/2018\/11\/AD86-acte-remarquable-mais-1715-Poitiers.jpg?fit=300%2C52&amp;ssl=1\" data-large-file=\"https:\/\/i0.wp.com\/herage.org\/blog\/wp-content\/uploads\/2018\/11\/AD86-acte-remarquable-mais-1715-Poitiers.jpg?fit=584%2C102&amp;ssl=1\" loading=\"lazy\" class=\"wp-image-1760 size-full\" src=\"https:\/\/i0.wp.com\/herage.org\/blog\/wp-content\/uploads\/2018\/11\/AD86-acte-remarquable-mais-1715-Poitiers.jpg?resize=584%2C102\" alt=\"\" width=\"584\" height=\"102\" srcset=\"https:\/\/i0.wp.com\/herage.org\/blog\/wp-content\/uploads\/2018\/11\/AD86-acte-remarquable-mais-1715-Poitiers.jpg?w=1547&amp;ssl=1 1547w, https:\/\/i0.wp.com\/herage.org\/blog\/wp-content\/uploads\/2018\/11\/AD86-acte-remarquable-mais-1715-Poitiers.jpg?resize=300%2C52&amp;ssl=1 300w, https:\/\/i0.wp.com\/herage.org\/blog\/wp-content\/uploads\/2018\/11\/AD86-acte-remarquable-mais-1715-Poitiers.jpg?resize=768%2C134&amp;ssl=1 768w, https:\/\/i0.wp.com\/herage.org\/blog\/wp-content\/uploads\/2018\/11\/AD86-acte-remarquable-mais-1715-Poitiers.jpg?resize=1024%2C178&amp;ssl=1 1024w, https:\/\/i0.wp.com\/herage.org\/blog\/wp-content\/uploads\/2018\/11\/AD86-acte-remarquable-mais-1715-Poitiers.jpg?resize=500%2C87&amp;ssl=1 500w, https:\/\/i0.wp.com\/herage.org\/blog\/wp-content\/uploads\/2018\/11\/AD86-acte-remarquable-mais-1715-Poitiers.jpg?w=1168&amp;ssl=1 1168w\" sizes=\"(max-width: 584px) 100vw, 584px\" data-recalc-dims=\"1\" \/><\/a><p id=\"caption-attachment-1760\" class=\"wp-caption-text\">\u00a9 Registres paroissiaux Archives d\u00e9partementales de la Vienne \u25b2 clic sur l&rsquo;image pour l&rsquo;agrandir<\/p><\/div>\n<p style=\"text-align: justify;\"><em style=\"font-style: italic; font-family: 'Helvetica Neue', Helvetica, Arial, 'Nimbus Sans L', sans-serif;\"><span style=\"color: #3366ff;\">\u00ab\u00a0hier au soir a huit heures on brula vif au pilory de cette ville le nomm\u00e9 jean boucet natif de la ville maunomm\u00e9e pr\u00e8s neuville pour avoir vol\u00e9 la nuit les vases sacr\u00e9s dans<\/span><span style=\"color: #3366ff;\"><strong> l\u2019\u00e9glise de St Cybard de cette ville<\/strong>, les calices, le St ciboire et la custode ou \u00e9taient les hosties qu\u2019il renversa sur l\u2019autel\u00a0; il en a fait amende honorable et a eu le poingt coup\u00e9 devant cette \u00e9glise.\u00a0\u00bb\u00a0<\/span><\/em><span style=\"font-family: 'Helvetica Neue', Helvetica, Arial, 'Nimbus Sans L', sans-serif; font-style: normal;\"><span style=\"font-size: 10pt;\">(page 30\/92 registre num\u00e9ris\u00e9 des Archives d\u00e9partementales de la Vienne)<\/span><\/span><\/p>\n<p style=\"text-align: justify;\"><strong style=\"font-size: 14pt; color: #000000;\">Un crime de sacril\u00e8ge<\/strong><\/p>\n<p style=\"text-align: justify;\">Gr\u00e2ce aux conseils avis\u00e9s du service des Archives d\u00e9partementales de la Vienne, il a \u00e9t\u00e9 possible de consulter le dossier d\u2019instruction ouvert par le pr\u00e9sidial de Poitiers <strong><span style=\"font-size: 8pt;\"><em>(cote 1 B 2\/21-bis)<\/em><\/span><\/strong> et un monitoire promulgu\u00e9 par l\u2019official du dioc\u00e8se de Poitiers <strong><span style=\"font-size: 8pt;\">(cote 1 J 1101)<\/span><\/strong> concernant cette affaire. On en tire quelques informations compl\u00e9mentaires sur Jean BOUSSET.<\/p>\n<div id=\"attachment_1768\" style=\"width: 734px\" class=\"wp-caption aligncenter\"><a href=\"https:\/\/i0.wp.com\/herage.org\/blog\/wp-content\/uploads\/2018\/11\/Monitoire.jpg\" target=\"_blank\" rel=\"noopener\"><img aria-describedby=\"caption-attachment-1768\" data-attachment-id=\"1768\" data-permalink=\"https:\/\/herage.org\/blog\/https:\/blog.herage.org\/p=\/1637\/monitoire\/\" data-orig-file=\"https:\/\/i0.wp.com\/herage.org\/blog\/wp-content\/uploads\/2018\/11\/Monitoire.jpg?fit=724%2C472&amp;ssl=1\" data-orig-size=\"724,472\" data-comments-opened=\"1\" data-image-meta=\"{&quot;aperture&quot;:&quot;10&quot;,&quot;credit&quot;:&quot;Picasa&quot;,&quot;camera&quot;:&quot;Canon EOS 70D&quot;,&quot;caption&quot;:&quot;&quot;,&quot;created_timestamp&quot;:&quot;1518612155&quot;,&quot;copyright&quot;:&quot;&quot;,&quot;focal_length&quot;:&quot;35&quot;,&quot;iso&quot;:&quot;500&quot;,&quot;shutter_speed&quot;:&quot;0.025&quot;,&quot;title&quot;:&quot;&quot;,&quot;orientation&quot;:&quot;1&quot;}\" data-image-title=\"Monitoire\" data-image-description=\"\" data-image-caption=\"&lt;p&gt;Monitoire promulgu\u00e9 en novembre 1714 par l\u2019official du dioc\u00e8se de Poitiers, Archives d\u00e9partementales de la Vienne \u25b2 clic sur l&amp;rsquo;image pour l&amp;rsquo;agrandir&lt;\/p&gt;\n\" data-medium-file=\"https:\/\/i0.wp.com\/herage.org\/blog\/wp-content\/uploads\/2018\/11\/Monitoire.jpg?fit=300%2C196&amp;ssl=1\" data-large-file=\"https:\/\/i0.wp.com\/herage.org\/blog\/wp-content\/uploads\/2018\/11\/Monitoire.jpg?fit=584%2C381&amp;ssl=1\" loading=\"lazy\" class=\"wp-image-1768 size-full\" src=\"https:\/\/i0.wp.com\/herage.org\/blog\/wp-content\/uploads\/2018\/11\/Monitoire.jpg?resize=584%2C381\" alt=\"Pr\u00e9sidial Poitiers, Monitoire, AD86\" width=\"584\" height=\"381\" srcset=\"https:\/\/i0.wp.com\/herage.org\/blog\/wp-content\/uploads\/2018\/11\/Monitoire.jpg?w=724&amp;ssl=1 724w, https:\/\/i0.wp.com\/herage.org\/blog\/wp-content\/uploads\/2018\/11\/Monitoire.jpg?resize=300%2C196&amp;ssl=1 300w, https:\/\/i0.wp.com\/herage.org\/blog\/wp-content\/uploads\/2018\/11\/Monitoire.jpg?resize=460%2C300&amp;ssl=1 460w\" sizes=\"(max-width: 584px) 100vw, 584px\" data-recalc-dims=\"1\" \/><\/a><p id=\"caption-attachment-1768\" class=\"wp-caption-text\">Monitoire promulgu\u00e9 en novembre 1714 par l\u2019official du dioc\u00e8se de Poitiers, Archives d\u00e9partementales de la Vienne \u25b2 clic sur l&rsquo;image pour l&rsquo;agrandir<\/p><\/div>\n<p style=\"text-align: justify;\">Le vol a \u00e9t\u00e9 commis dans la nuit du 16 au 17 novembre 1714.<br \/>\n<span style=\"text-align: justify;\">Sur la base de plusieurs t\u00e9moignages un avis de recherche a \u00e9t\u00e9 lanc\u00e9 avec le descriptif suivant\u00a0:\u00a0<\/span><span style=\"color: #3366ff;\"><em style=\"font-style: italic; font-family: 'Helvetica Neue', Helvetica, Arial, 'Nimbus Sans L', sans-serif;\"><em>\u00ab\u00a0de moyenne taille, le visage un peu long rouge vermeille gat\u00e9 un peu de petite v\u00e9role le nez long et \u00e9troit assez beau visage ayant un chapeau \u00e0 grand debord bord\u00e9 d\u2019or, une perruque courte tirant sur le blond nou\u00e9e par les deux cot\u00e9s, un habit de pinchina couleur de canelle, une veste et une culotte de chamois bord\u00e9s d\u2019un petit galon d\u2019argent, une \u00e9p\u00e9e ou petit sabre \u00e0 son cott\u00e9 dont la poign\u00e9e de fa\u00e7on d\u2019agathe ou une petitte pomme de cuivre jaune, chauss\u00e9 de gu\u00eatre detoille barr\u00e9e.\u00a0\u00bb<\/em><\/em><\/span><\/p>\n<p style=\"text-align: justify;\">L&rsquo;individu a \u00e9t\u00e9 retrouv\u00e9. Il s&rsquo;agit de Jean BOUSSET a dit \u00eatre natif de Chabournay, marchand \u00e2g\u00e9 d\u2019environ 34 ans, fils de Vincent DOUSSET laboureur, demeurant \u00e0 Arbois (Harbois) en Comt\u00e9 (Franche Comt\u00e9). A noter qu\u2019il sait \u00e9crire.<\/p>\n<p style=\"text-align: justify;\">Il a une s\u0153ur Ren\u00e9e mari\u00e9e avec un \u00ab\u00a0<em>tixeran<\/em>\u00a0\u00bb de la paroisse de Saint-Laurent-de- Jourdes <em>(on trouve effectivement sur le site Internet Herage du CGP le mariage de\u00a0 Ren\u00e9e BOUSSET avec Fran\u00e7ois BOSIER le 3 f\u00e9vrier 1700 \u00e0 Saint-Laurent-de- Jourdes<\/em>), un beau-fr\u00e8re Andr\u00e9 LAURENSIN marchand blastier <em>(on trouve effectivement sur Herage un Andr\u00e9 LAURENCIN mari\u00e9 \u00e0 Vendeuvre-du-Poitou le 5 f\u00e9vrier 1690 avec Gabrielle BOUSSER fille de Vincent et de Gabrielle MANYE dont l\u2019orthographe est plut\u00f4t DEMANGE<\/em>) et une autre s\u0153ur mari\u00e9e avec Laurent DEPOUDREL.<\/p>\n<p style=\"text-align: justify;\">On trouve aussi sur Geneanet des donn\u00e9es sur l\u2019ascendance et la descendance de Ren\u00e9e BOUSSET pr\u00e9cit\u00e9e.<\/p>\n<h1><span style=\"font-size: 14pt;\"><strong>Une ex\u00e9cution rapide<\/strong><\/span><\/h1>\n<p style=\"text-align: justify;\">Le dossier consult\u00e9 aux Archives d\u00e9partementales n\u2019est pas exhaustif, et on peut s\u2019interroger sur la rapidit\u00e9 de l\u2019ex\u00e9cution d\u2019une sentence de condamnation \u00e0 mort jug\u00e9e par la chambre criminelle le 11 mai 1715, sans trace d\u2019un appel au parlement de Paris ou de sa confirmation. Mais il est fait allusion dans l\u2019un des documents, de <span style=\"color: #3366ff;\">\u00ab\u00a0<em>jugement\u00a0 pr\u00e9sidiale en dernier ressort<\/em><\/span> (<em>le nom de Dieu le premier apel\u00e9<\/em>)\u00a0\u00bb, <span style=\"color: #3366ff;\"><em>\u00ab\u00a0attendu qu\u2019il s\u2019agit d\u2019un sacril\u00e8ge fait avec effraction\u00a0\u00bb<\/em><\/span>.<\/p>\n<p style=\"text-align: justify;\">Jean BOUSSET a ni\u00e9 les faits, pr\u00e9tendant se trouver en Suisse \u00e0 cette \u00e9poque l\u00e0, et il est difficile de conna\u00eetre pr\u00e9cis\u00e9ment les preuves de sa culpabilit\u00e9 \u00e0 travers les pi\u00e8ces disponibles. On peut n\u00e9anmoins penser que les param\u00e8tres suivants ont d\u00fb y contribuer, \u00e0 savoir\u00a0:<\/p>\n<ul>\n<li style=\"text-align: justify;\">la description d\u00e9taill\u00e9e ayant probablement permis de l\u2019arr\u00eater,<\/li>\n<li style=\"text-align: justify;\">les multiples t\u00e9moignages \u00e9voquant sa pr\u00e9sence \u00e0 Poitiers notamment le soir pr\u00e8s de l\u2019\u00e9glise,<\/li>\n<li style=\"text-align: justify;\">le fait d\u2019avoir fait faire par un taillandier un outil correspondant\u00a0aux traces de l\u2019effraction (<em>l\u2019expertise scientifique ne date pas d\u2019aujourd\u2019hui<\/em>),<\/li>\n<li style=\"text-align: justify;\">la possession d\u2019un petit crucifix de vermeil (<em>fragment d\u2019objet vol\u00e9 selon expertise d\u2019un ma\u00eetre orf\u00e8vre<\/em>),<\/li>\n<li style=\"text-align: justify;\">la fr\u00e9quentation de l\u2019auberge du plat d\u2019\u00e9tain o\u00f9 il a laiss\u00e9 des affaires et d\u2019un cabaret de Poitiers avec le t\u00e9moignage de discussions,<\/li>\n<li style=\"text-align: justify;\">la pr\u00e9sence sur le site de Mirebeau d\u2019un almanach d\u00e9chir\u00e9 de 1713 imprim\u00e9 \u00e0 Besan\u00e7on (p<em>r\u00e9sent dans la liasse des AD86<\/em>) apr\u00e8s un vol effectu\u00e9 le 27 juin 1713.<\/li>\n<\/ul>\n<p style=\"text-align: justify;\">A noter que le 29 avril 1715, il a fait une tentative de suicide par pendaison dans le cachot o\u00f9 il \u00e9tait retenu prisonnier.<\/p>\n<p style=\"text-align: justify;\">Pour crime de vol de vases sacr\u00e9s et profanation du Saint Sacrement, le 10 mai 1715 il a \u00e9t\u00e9 requis contre lui <span style=\"color: #3366ff;\">\u00ab\u00a0<em>de faire amende honorable nud en chemise, la corde au col, tenant entre ses mains une torche de cire ardente de poids de deux livres devant la grande porte principale entr\u00e9e de l\u2019Eglise St Cibard o\u00f9 il sera men\u00e9 par l\u2019ex\u00e9cuteur de la haute justice ayant deux \u00e9criteaux devant et derri\u00e8re avec ce mot Sacril\u00e8ge, et estant nud teste et \u00e0 genoux d\u00e9clarera que m\u00e9chament il a voll\u00e9 la dite Eglise, dont il demande pardon \u00e0 Dieu, au Roy et a justice Ce fait aura le poing coup\u00e9 sur un poteau qui sera plant\u00e9 devant la dite Eglise apr\u00e8s quoi il sera men\u00e9 par le dit Ex\u00e9cuteur de la haute Justice en la place publique du pilory de cette ville pour y \u00eatre attach\u00e9 a un potteau avec une chaisne de fer sur un bucher et brull\u00e9 vif, son corps r\u00e9duit en cendres et ycelles jett\u00e9es au vent, en cinquante Livres d\u2019amende envers le Roy, et que premice de soufrir mort le dit Bousset soit apliqu\u00e9 a la question ordinaire et extraordinaire pour aussi r\u00e9v\u00e9lation de ses complices et y estres interrog\u00e9 sur les vols ds Eglises de Mirbeau, Vouzailles et Mauleon.\u00a0\u00bb<\/em><\/span><\/p>\n<p style=\"text-align: justify;\">La mention de son ex\u00e9cution dans le registre de la paroisse de Sainte-Radegonde figure apr\u00e8s un acte du 12 mai 1715 et avant un acte du 16 mai, et du dossier pr\u00e9cit\u00e9 on peut savoir qu\u2019il \u00e9tait d\u00e9j\u00e0 mort avant le 14. On peut donc penser qu\u2019il a \u00e9t\u00e9 ex\u00e9cut\u00e9 le jour m\u00eame de la sentence.<\/p>\n<p>On n&rsquo;y allait pas de main morte \u00e0 cette \u00e9poque\u00a0!<\/p>\n<hr \/>\n<p><span style=\"font-size: 14pt; color: #ff6600;\"><strong>Le PLUS \u00e0 consulter :\u00a0<\/strong><\/span><\/p>\n<ul>\n<li style=\"text-align: justify;\"><span style=\"color: #000000;\"><a href=\"https:\/\/halshs.archives-ouvertes.fr\/halshs-01717000\/document\" target=\"_blank\" rel=\"noopener\">\u00ab\u00a0Sacril\u00e8ge et profanation des choses saintes sous l\u2019Ancien R\u00e9gime\u00a0\u00bb<\/a> par Didier FOUCAULT. Intervention au\u00a0S\u00e9minaire de Jean-Pierre Cavaill\u00e9 \u2013 EHESS \u2013 Avril 2015, Toulouse.<\/span><\/li>\n<li style=\"text-align: justify;\"><a href=\"https:\/\/books.openedition.org\/pur\/15843\" target=\"_blank\" rel=\"noopener\">\u00ab\u00a0En qu\u00eate de preuves ! La publication de monitoires eccl\u00e9siastiques dans le dioc\u00e8se de Poitiers \u00e0 l&rsquo;\u00e9poque moderne\u00a0\u00bb<\/a> par Fabrice VIGIER, extrait de \u00ab\u00a0La preuve en justice de l&rsquo;Antiquit\u00e9 \u00e0 nos jours\u00a0\u00bb sous la direction de Bruno LEMESLE \u00a9 Presses Universitaires de Rennes, 2003<\/li>\n<\/ul>\n<p style=\"text-align: justify;\"><span style=\"color: #ff6600;\"><strong>Ci-dessous cartographie des lieux cit\u00e9s au cours de ce Challenge AZ. <br \/>\nCliquez sur les \u00e9pingles pour acc\u00e9der aux articles d\u00e9j\u00e0 publi\u00e9s.<br \/>\n\u25bc<\/strong><\/span><\/p>\n<p><iframe loading=\"lazy\" src=\"https:\/\/umap.openstreetmap.fr\/fr\/map\/carte_challengeaz_2018_cgp_261169?scaleControl=false&amp;miniMap=false&amp;scrollWheelZoom=false&amp;zoomControl=true&amp;allowEdit=false&amp;moreControl=true&amp;searchControl=null&amp;tilelayersControl=null&amp;embedControl=null&amp;datalayersControl=true&amp;onLoadPanel=none&amp;captionBar=false\" width=\"100%\" height=\"300px\" frameborder=\"0\" allowfullscreen=\"allowfullscreen\"><\/iframe><\/p>\n<p><a href=\"https:\/\/umap.openstreetmap.fr\/fr\/map\/carte_challengeaz_2018_cgp_261169\">Voir en plein \u00e9cran<\/a><\/p>\n","protected":false},"excerpt":{"rendered":"<p>La lecture des registres de la paroisse de Sainte-Radegonde de Poitiers apporte des informations parfois curieuses. En effet, le pr\u00eatre consigne des \u00e9v\u00e9nements marquants pour lesquels il signale en marge une mention \u00ab\u00a0ad memoriam\u00a0\u00bb\u00a0ou \u00ab\u00a0chose remarquable\u00a0\u00bb. Ainsi par exemple, il &hellip; <a href=\"https:\/\/herage.org\/blog\/https:\/blog.herage.org\/p=\/1637\/\">Continuer la lecture <span class=\"meta-nav\">&rarr;<\/span><\/a><\/p>\n","protected":false},"author":701,"featured_media":0,"comment_status":"open","ping_status":"open","sticky":false,"template":"","format":"standard","meta":{"spay_email":"","jetpack_publicize_message":"","jetpack_is_tweetstorm":false,"jetpack_publicize_feature_enabled":true},"categories":[163],"tags":[95,79,243],"jetpack_publicize_connections":[],"jetpack_featured_media_url":"","jetpack_sharing_enabled":true,"jetpack_shortlink":"https:\/\/wp.me\/p4fVnZ-qp","jetpack-related-posts":[{"id":2875,"url":"https:\/\/herage.org\/blog\/https:\/blog.herage.org\/p=\/2875\/","url_meta":{"origin":1637,"position":0},"title":"Calendrier de l&rsquo;avent du CGP : Jour 22","date":"24 d\u00e9cembre 2019","format":false,"excerpt":"Pour le mois de d\u00e9cembre 2019, nous vous proposons d\u2019ouvrir la bo\u00eete \u00e0 souvenirs. Nous avons demand\u00e9 \u00e0 nos adh\u00e9rents de bien vouloir partager des photos ou images et de nous dire en quelques mots ce qu\u2019elles \u00e9voquaient pour eux. Pour ce 22e jour, Jean Moussu s'est replong\u00e9 dans les\u2026","rel":"","context":"Dans &quot;Calendrier de l'avent 2019&quot;","img":{"alt_text":"","src":"https:\/\/i0.wp.com\/herage.org\/blog\/wp-content\/uploads\/2019\/12\/Ypres_campagne1914-1915.jpg?resize=350%2C200","width":350,"height":200},"classes":[]},{"id":2335,"url":"https:\/\/herage.org\/blog\/https:\/blog.herage.org\/p=\/2335\/","url_meta":{"origin":1637,"position":1},"title":"#ChallengeAZ \u2502 U&#8230; Universit\u00e9 de Poitiers, portraits de docteurs en m\u00e9decine","date":"25 novembre 2019","format":false,"excerpt":"Dans les cartons des Archives D\u00e9partementale de la Vienne (AD86) on\u00a0trouve une s\u00e9rie de portraits inachev\u00e9s sur velin, il y en a huit en tout (sources AD86 carton 27). Un chercheur historien, ayant \u00e9crit un article sur ces peintures paru dans une des brochures de la Soci\u00e9t\u00e9 des Antiquaires de\u2026","rel":"","context":"Dans &quot;Challenge AZ 2019&quot;","img":{"alt_text":"","src":"https:\/\/i0.wp.com\/herage.org\/blog\/wp-content\/uploads\/2019\/11\/Portraits-de-medecins.png?resize=350%2C200","width":350,"height":200},"classes":[]},{"id":2806,"url":"https:\/\/herage.org\/blog\/https:\/blog.herage.org\/p=\/2806\/","url_meta":{"origin":1637,"position":2},"title":"Calendrier de l&rsquo;avent du CGP : Jour 12","date":"12 d\u00e9cembre 2019","format":false,"excerpt":"Pour le mois de d\u00e9cembre 2019, nous vous proposons d\u2019ouvrir la bo\u00eete \u00e0 souvenirs. Nous avons demand\u00e9 \u00e0 nos adh\u00e9rents de bien vouloir partager des photos ou images et de nous dire en quelques mots ce qu\u2019elles \u00e9voquaient pour eux. Pour le 12e jour, Bernard Poussard nous emm\u00e8ne \u00e0 Mign\u00e9-Auxances\u2026","rel":"","context":"Dans &quot;Calendrier de l'avent 2019&quot;","img":{"alt_text":"","src":"https:\/\/i0.wp.com\/herage.org\/blog\/wp-content\/uploads\/2019\/12\/Salvert-orphelinat-1.png?resize=350%2C200","width":350,"height":200},"classes":[]},{"id":1944,"url":"https:\/\/herage.org\/blog\/https:\/blog.herage.org\/p=\/1944\/","url_meta":{"origin":1637,"position":3},"title":"#ChallengeAZ : pr\u00eats pour un voyage aux quatre coins de la Vienne !","date":"31 octobre 2018","format":false,"excerpt":"Il y a un peu plus d'un an, une vingtaine d'adh\u00e9rents r\u00e9pondaient \u00e0 mon invitation pour lancer la cr\u00e9ation d'un atelier \u00e9criture et se mettaient en route vers une nouvelle aventure ! Tous ont accept\u00e9 de relever le d\u00e9fi de participer au \"Challenge AZ\" : publier sur ce blog un\u2026","rel":"","context":"Dans &quot;Challenge AZ 2018&quot;","img":{"alt_text":"Vienne 86","src":"https:\/\/i0.wp.com\/herage.org\/blog\/wp-content\/uploads\/2018\/10\/437_001-1024x716.jpg?resize=350%2C200","width":350,"height":200},"classes":[]},{"id":2319,"url":"https:\/\/herage.org\/blog\/https:\/blog.herage.org\/p=\/2319\/","url_meta":{"origin":1637,"position":4},"title":"#ChallengeAZ \u2502 M&#8230; Les Mannevy de Poitiers","date":"15 novembre 2019","format":false,"excerpt":"Le couple Guillaume MANNEVY et Anne MANNEVY est install\u00e9 \u00e0 Poitiers et ils ont pass\u00e9 un contrat de mariage devant M\u00b0 P\u00c9RONNET un notaire de Poitiers le 26 ao\u00fbt 1663. Lui est avocat, dans certains actes il est dit \u00ab\u00a0sieur de Colombiers\u00a0\u00bb, il est fils de Guillaume MANNEVY et de\u2026","rel":"","context":"Dans &quot;Challenge AZ 2019&quot;","img":{"alt_text":"","src":"https:\/\/i0.wp.com\/herage.org\/blog\/wp-content\/uploads\/2019\/11\/figure-1.jpg?resize=350%2C200","width":350,"height":200},"classes":[]},{"id":1657,"url":"https:\/\/herage.org\/blog\/https:\/blog.herage.org\/p=\/1657\/","url_meta":{"origin":1637,"position":5},"title":"#ChallengeAZ \u2502 Z&#8230; AuZances, un petit Louvre \u00e0 Poitiers","date":"30 novembre 2018","format":false,"excerpt":"Sous l\u2019ancien r\u00e9gime, les actes de bapt\u00eames, mariages et d\u00e9c\u00e8s sont inscrits sur papier avec timbre fiscal \u00e9manant de la G\u00e9n\u00e9ralit\u00e9 de Poitiers, sign\u00e9 et paraph\u00e9 du lieutenant g\u00e9n\u00e9ral en la s\u00e9n\u00e9chauss\u00e9e du Poitou. Cette charge est tenue de 1717 \u00e0 1724 par Jean de RAZES[1] seigneur et comte d\u2019Auzances\u2026","rel":"","context":"Dans &quot;Challenge AZ 2018&quot;","img":{"alt_text":"","src":"https:\/\/i0.wp.com\/herage.org\/blog\/wp-content\/uploads\/2018\/11\/Emplacement-de-lancienne-impasse-Auzances-1024x637.jpg?resize=350%2C200","width":350,"height":200},"classes":[]}],"_links":{"self":[{"href":"https:\/\/herage.org\/blog\/wp-json\/wp\/v2\/posts\/1637"}],"collection":[{"href":"https:\/\/herage.org\/blog\/wp-json\/wp\/v2\/posts"}],"about":[{"href":"https:\/\/herage.org\/blog\/wp-json\/wp\/v2\/types\/post"}],"author":[{"embeddable":true,"href":"https:\/\/herage.org\/blog\/wp-json\/wp\/v2\/users\/701"}],"replies":[{"embeddable":true,"href":"https:\/\/herage.org\/blog\/wp-json\/wp\/v2\/comments?post=1637"}],"version-history":[{"count":16,"href":"https:\/\/herage.org\/blog\/wp-json\/wp\/v2\/posts\/1637\/revisions"}],"predecessor-version":[{"id":2126,"href":"https:\/\/herage.org\/blog\/wp-json\/wp\/v2\/posts\/1637\/revisions\/2126"}],"wp:attachment":[{"href":"https:\/\/herage.org\/blog\/wp-json\/wp\/v2\/media?parent=1637"}],"wp:term":[{"taxonomy":"category","embeddable":true,"href":"https:\/\/herage.org\/blog\/wp-json\/wp\/v2\/categories?post=1637"},{"taxonomy":"post_tag","embeddable":true,"href":"https:\/\/herage.org\/blog\/wp-json\/wp\/v2\/tags?post=1637"}],"curies":[{"name":"wp","href":"https:\/\/api.w.org\/{rel}","templated":true}]}}