{"id":2304,"date":"2019-11-07T08:00:20","date_gmt":"2019-11-07T07:00:20","guid":{"rendered":"http:\/\/herage.org\/blog\/?p=2304"},"modified":"2019-11-06T00:58:13","modified_gmt":"2019-11-05T23:58:13","slug":"challengeaz-%e2%94%82-f-une-ferme-ecole-a-lespinasse","status":"publish","type":"post","link":"https:\/\/herage.org\/blog\/https:\/blog.herage.org\/p=\/2304\/","title":{"rendered":"#ChallengeAZ \u2502 F&#8230; Une ferme \u00e9cole \u00e0 l&rsquo;Espinasse"},"content":{"rendered":"<p>En explorant les recensements de la commune d&rsquo;Oyr\u00e9, pr\u00e8s de Ch\u00e2tellerault (86), j&rsquo;ai d\u00e9couvert la pr\u00e9sence d&rsquo;une <strong>ferme \u00e9cole au hameau de l&rsquo;Espinasse<\/strong>, en 1851.<\/p>\n<div id=\"attachment_2367\" style=\"width: 606px\" class=\"wp-caption aligncenter\"><a href=\"https:\/\/i0.wp.com\/herage.org\/blog\/wp-content\/uploads\/2019\/10\/l-espinasse-cadastre-1831.jpg\" target=\"_blank\" rel=\"noopener\"><img aria-describedby=\"caption-attachment-2367\" data-attachment-id=\"2367\" data-permalink=\"https:\/\/herage.org\/blog\/https:\/blog.herage.org\/p=\/2304\/l-espinasse-cadastre-1831\/\" data-orig-file=\"https:\/\/i0.wp.com\/herage.org\/blog\/wp-content\/uploads\/2019\/10\/l-espinasse-cadastre-1831.jpg?fit=596%2C369&amp;ssl=1\" data-orig-size=\"596,369\" data-comments-opened=\"1\" data-image-meta=\"{&quot;aperture&quot;:&quot;0&quot;,&quot;credit&quot;:&quot;&quot;,&quot;camera&quot;:&quot;&quot;,&quot;caption&quot;:&quot;&quot;,&quot;created_timestamp&quot;:&quot;0&quot;,&quot;copyright&quot;:&quot;&quot;,&quot;focal_length&quot;:&quot;0&quot;,&quot;iso&quot;:&quot;0&quot;,&quot;shutter_speed&quot;:&quot;0&quot;,&quot;title&quot;:&quot;&quot;,&quot;orientation&quot;:&quot;0&quot;}\" data-image-title=\"l-espinasse-cadastre 1831\" data-image-description=\"\" data-image-caption=\"&lt;p&gt;L&amp;rsquo;Espinasse, cadastre 1831 \u00a9 AD86&lt;\/p&gt;\n\" data-medium-file=\"https:\/\/i0.wp.com\/herage.org\/blog\/wp-content\/uploads\/2019\/10\/l-espinasse-cadastre-1831.jpg?fit=300%2C186&amp;ssl=1\" data-large-file=\"https:\/\/i0.wp.com\/herage.org\/blog\/wp-content\/uploads\/2019\/10\/l-espinasse-cadastre-1831.jpg?fit=584%2C362&amp;ssl=1\" loading=\"lazy\" class=\"wp-image-2367 size-full\" src=\"https:\/\/i0.wp.com\/herage.org\/blog\/wp-content\/uploads\/2019\/10\/l-espinasse-cadastre-1831.jpg?resize=584%2C362\" alt=\"\" width=\"584\" height=\"362\" srcset=\"https:\/\/i0.wp.com\/herage.org\/blog\/wp-content\/uploads\/2019\/10\/l-espinasse-cadastre-1831.jpg?w=596&amp;ssl=1 596w, https:\/\/i0.wp.com\/herage.org\/blog\/wp-content\/uploads\/2019\/10\/l-espinasse-cadastre-1831.jpg?resize=300%2C186&amp;ssl=1 300w, https:\/\/i0.wp.com\/herage.org\/blog\/wp-content\/uploads\/2019\/10\/l-espinasse-cadastre-1831.jpg?resize=485%2C300&amp;ssl=1 485w\" sizes=\"(max-width: 584px) 100vw, 584px\" data-recalc-dims=\"1\" \/><\/a><p id=\"caption-attachment-2367\" class=\"wp-caption-text\">L&rsquo;Espinasse, cadastre 1831 \u00a9 AD86<\/p><\/div>\n<p style=\"text-align: justify;\">Le recensement de ce hameau mentionne la pr\u00e9sence de 33 r\u00e9sidents, dont le propri\u00e9taire et directeur Louis Constantin Eug\u00e8ne MOLL avec sa famille, un sous directeur, un surveillant comptable et son \u00e9pouse, un chef de pratique, un jardinier, une femme de confiance, un gagiste, une berg\u00e8re, ainsi que 22 \u00e9l\u00e8ves. Ces \u00e9l\u00e8ves sont tous fran\u00e7ais et c\u00e9libataires. Ils ont entre 16 et 29 ans, avec une moyenne d&rsquo;\u00e2ge d&rsquo;environ 20 ans. Cette diff\u00e9rence d&rsquo;\u00e2ge s&rsquo;explique vraisemblablement par le service militaire, car il n&rsquo;y a pas d&rsquo;\u00e9l\u00e8ve \u00e2g\u00e9 de 21 \u00e0 24 ans. Ils sont tous de culte catholique, sauf deux protestants. Ils semblent venir essentiellement du d\u00e9partement de la Vienne. On peut supposer que cette formation professionnelle co\u00fbteuse devait \u00eatre accessible qu&rsquo;\u00e0 une certaine couche sociale.<\/p>\n<p style=\"text-align: justify;\">N\u00e9anmoins, je vais vous pr\u00e9senter deux destins totalement diff\u00e9rents de deux de ces \u00e9tudiants :<\/p>\n<p style=\"text-align: justify;\">&#8211; <strong>Fr\u00e9d\u00e9ric L\u00e9opol HINDRE<\/strong> na\u00eet le 18 juillet1833 \u00e0 Dissay (86), fils de Alexis Fran\u00e7ois HINDRE, chirurgien officier de sant\u00e9 et de Elisabeth MARROT. Issu d&rsquo;une famille notable, apr\u00e8s ses \u00e9tudes \u00e0 la ferme \u00e9cole de l&rsquo;Espinasse, il est dit sans profession et domicili\u00e9 au domaine de la Charmoise \u00e0 Pontlevoy (41) en 1853, certainement plac\u00e9 dans sa famille. Il est exempt\u00e9 du service militaire en raison d&rsquo;un fr\u00e8re \u00e0 l&rsquo;activit\u00e9.<\/p>\n<p style=\"text-align: justify;\">&#8211; <strong>Louis Fran\u00e7ois PATRI<\/strong> na\u00eet le 26 novembre 1831 \u00e0 Poitiers (86), fils de Fran\u00e7ois PATRI artisan cloutier et de Marie CAILLON, de famille plus modeste. Apr\u00e8s ses \u00e9tudes \u00e0 la dite ferme \u00e9cole, il est mentionn\u00e9 exempt\u00e9 du service militaire lui aussi mais parce qu&rsquo;il est fils a\u00een\u00e9 de veuve. Cela ne l&#8217;emp\u00eache pas de partir comme cultivateur \u00e0 la Nouvelle-Orl\u00e9ans aux Etats-Unis, en 1851. Il fait parti des 20 000 fran\u00e7ais qui ont migr\u00e9 pour ce pays, \u00e0 cette \u00e9poque.<\/p>\n<p><strong>Qui \u00e9tait Louis Constantin Eug\u00e8ne MOLL ?<\/strong><\/p>\n<div id=\"attachment_2368\" style=\"width: 216px\" class=\"wp-caption alignleft\"><a href=\"https:\/\/i0.wp.com\/herage.org\/blog\/wp-content\/uploads\/2019\/10\/louis-moll-buste-profil.jpg\" target=\"_blank\" rel=\"noopener\"><img aria-describedby=\"caption-attachment-2368\" data-attachment-id=\"2368\" data-permalink=\"https:\/\/herage.org\/blog\/https:\/blog.herage.org\/p=\/2304\/louis-moll-buste-profil\/\" data-orig-file=\"https:\/\/i0.wp.com\/herage.org\/blog\/wp-content\/uploads\/2019\/10\/louis-moll-buste-profil.jpg?fit=702%2C1024&amp;ssl=1\" data-orig-size=\"702,1024\" data-comments-opened=\"1\" data-image-meta=\"{&quot;aperture&quot;:&quot;0&quot;,&quot;credit&quot;:&quot;&quot;,&quot;camera&quot;:&quot;&quot;,&quot;caption&quot;:&quot;&quot;,&quot;created_timestamp&quot;:&quot;0&quot;,&quot;copyright&quot;:&quot;&quot;,&quot;focal_length&quot;:&quot;0&quot;,&quot;iso&quot;:&quot;0&quot;,&quot;shutter_speed&quot;:&quot;0&quot;,&quot;title&quot;:&quot;&quot;,&quot;orientation&quot;:&quot;0&quot;}\" data-image-title=\"louis-moll-buste-profil\" data-image-description=\"\" data-image-caption=\"&lt;p&gt;Portrait Louis MOLL, Biblioth\u00e8que nationale et universitaire de Strasbourg \u00a9 Gallica BnF&lt;\/p&gt;\n\" data-medium-file=\"https:\/\/i0.wp.com\/herage.org\/blog\/wp-content\/uploads\/2019\/10\/louis-moll-buste-profil.jpg?fit=206%2C300&amp;ssl=1\" data-large-file=\"https:\/\/i0.wp.com\/herage.org\/blog\/wp-content\/uploads\/2019\/10\/louis-moll-buste-profil.jpg?fit=584%2C852&amp;ssl=1\" loading=\"lazy\" class=\"wp-image-2368 size-medium\" src=\"https:\/\/i0.wp.com\/herage.org\/blog\/wp-content\/uploads\/2019\/10\/louis-moll-buste-profil-206x300.jpg?resize=206%2C300\" alt=\"\" width=\"206\" height=\"300\" srcset=\"https:\/\/i0.wp.com\/herage.org\/blog\/wp-content\/uploads\/2019\/10\/louis-moll-buste-profil.jpg?resize=206%2C300&amp;ssl=1 206w, https:\/\/i0.wp.com\/herage.org\/blog\/wp-content\/uploads\/2019\/10\/louis-moll-buste-profil.jpg?w=702&amp;ssl=1 702w\" sizes=\"(max-width: 206px) 100vw, 206px\" data-recalc-dims=\"1\" \/><\/a><p id=\"caption-attachment-2368\" class=\"wp-caption-text\">Portrait Louis MOLL, Biblioth\u00e8que nationale et universitaire de Strasbourg \u00a9 Gallica BnF<\/p><\/div>\n<p style=\"text-align: justify;\">Il na\u00eet le 22 novembre 1809 \u00e0 Wissembourg dans le Bas-Rhin. Fils de Jean Jacques Antoine MOLL et de Rosalie Pauline GRABINI, il apprend l&rsquo;agriculture en Saxe en Allemagne (1828-1829), o\u00f9 il est influenc\u00e9 par l&rsquo;enseignement du c\u00e9l\u00e8bre agronome allemand Albrecht THA\u00cbR. Il devient professeur d&rsquo;agriculture \u00e0 l&rsquo;Institut de Roville, sous la direction de Mathieu de DOMBASLE (1830-1835). Il est professeur au conservatoire des arts et m\u00e9tiers \u00e0 Paris (1836). Il participe \u00e0 une mission agronomique en Alg\u00e9rie en 1842. Il est \u00e9lu membre de l&rsquo;Acad\u00e9mie Royale d&rsquo;Agriculture le 18\/01\/1843. Il s&rsquo;unit le 29 octobre 1844 en la paroisse de Saint-Germain-des-Pr\u00e9s (Seine) avec Ang\u00e9lique Eug\u00e9nie SMITH, fille de Jean Marie Emeric SMITH et de Marguerite Jos\u00e9phine RENARD. Il est nomm\u00e9 <a href=\"http:\/\/www2.culture.gouv.fr\/LH\/LH168\/PG\/FRDAFAN83_OL1900001V001.htm\" target=\"_blank\" rel=\"noopener\">chevalier de la L\u00e9gion d&rsquo;honneur<\/a> le 11 octobre 1845 et promu officier par d\u00e9cret du 08\/08\/1867. On peut supposer qu&rsquo;il acquiert par achat ou succession la propri\u00e9t\u00e9 de l&rsquo;Espinasse vers 1845. Il cr\u00e9e dans cette propri\u00e9t\u00e9 une ferme \u00e9cole vraisemblablement pour plusieurs raisons : communiquer ses connaissances sur la culture pastorale mixte et l&rsquo;\u00e9levage des moutons, pour d\u00e9fricher \u00e0 moindre co\u00fbt ses terres impropres \u00e0 la culture, avec une man\u0153uvre qui paye pour apprendre. C&rsquo;est une bonne op\u00e9ration en soit qui permet aussi d&rsquo;am\u00e9nager les vieux b\u00e2timents, d\u00e9tenus par la famille GUILLEMOT au cours des trois si\u00e8cles et demi pr\u00e9c\u00e9dents, afin d&rsquo;y accueillir tous les r\u00e9sidents.<\/p>\n<p style=\"text-align: justify;\">Cette \u00e9cole a pu fonctionner au moins de 1850 \u00e0 1855, car elle n&rsquo;existe plus en 1856 et l&rsquo;annuaire-almanach du commerce, de l&rsquo;industrie, de la magistrature et de l&rsquo;administration de 1858 indique : <em>\u00ab\u00a0Ferme de l&rsquo;Espinasse, ancienne ferme-\u00e9cole du d\u00e9partement, Louis Moll *, propri\u00e9taire, culture pastorale mixte, \u00e9tablie sur d\u00e9frichements ; beaux et vastes herbages rempla\u00e7ant des landes improductives, \u00e9l\u00e8ve de moutons ; pruneaux fa\u00e7on Tours, etc\u00a0\u00bb<\/em>.<\/p>\n<p style=\"text-align: justify;\">M. MOLL r\u00e9dige avec Nicolas Eug\u00e8ne GAYOT, ancien directeur g\u00e9n\u00e9ral du haras de Pompadour et <a href=\"http:\/\/www2.culture.gouv.fr\/LH\/LH068\/PG\/FRDAFAN83_OL1102082v001.htm\" target=\"_blank\" rel=\"noopener\">chevalier de la l\u00e9gion d&rsquo;honneur<\/a> (t\u00e9moin au mariage de la fille du premier en 1875) : \u00ab\u00a0La connaissance g\u00e9n\u00e9rale du mouton ; librairie de Firmin DIDOT, Fr\u00e8res, Fils et Cie, Paris, 1867\u00a0\u00bb.<\/p>\n<div id=\"attachment_2369\" style=\"width: 594px\" class=\"wp-caption alignleft\"><a href=\"https:\/\/i0.wp.com\/herage.org\/blog\/wp-content\/uploads\/2019\/10\/planche-gayot-v1.jpg\" target=\"_blank\" rel=\"noopener\"><img aria-describedby=\"caption-attachment-2369\" data-attachment-id=\"2369\" data-permalink=\"https:\/\/herage.org\/blog\/https:\/blog.herage.org\/p=\/2304\/planche-gayot-v1\/\" data-orig-file=\"https:\/\/i0.wp.com\/herage.org\/blog\/wp-content\/uploads\/2019\/10\/planche-gayot-v1.jpg?fit=1601%2C1125&amp;ssl=1\" data-orig-size=\"1601,1125\" data-comments-opened=\"1\" data-image-meta=\"{&quot;aperture&quot;:&quot;0&quot;,&quot;credit&quot;:&quot;&quot;,&quot;camera&quot;:&quot;&quot;,&quot;caption&quot;:&quot;&quot;,&quot;created_timestamp&quot;:&quot;1568567060&quot;,&quot;copyright&quot;:&quot;&quot;,&quot;focal_length&quot;:&quot;0&quot;,&quot;iso&quot;:&quot;0&quot;,&quot;shutter_speed&quot;:&quot;0&quot;,&quot;title&quot;:&quot;&quot;,&quot;orientation&quot;:&quot;1&quot;}\" data-image-title=\"planche gayot v1\" data-image-description=\"\" data-image-caption=\"&lt;p&gt;Exemple de planche tir\u00e9e de \u00ab\u00a0La connaissance g\u00e9n\u00e9rale du mouton\u00a0\u00bb&lt;\/p&gt;\n\" data-medium-file=\"https:\/\/i0.wp.com\/herage.org\/blog\/wp-content\/uploads\/2019\/10\/planche-gayot-v1.jpg?fit=300%2C211&amp;ssl=1\" data-large-file=\"https:\/\/i0.wp.com\/herage.org\/blog\/wp-content\/uploads\/2019\/10\/planche-gayot-v1.jpg?fit=584%2C411&amp;ssl=1\" loading=\"lazy\" class=\"wp-image-2369 size-large\" src=\"https:\/\/i0.wp.com\/herage.org\/blog\/wp-content\/uploads\/2019\/10\/planche-gayot-v1-1024x720.jpg?resize=584%2C411\" alt=\"\" width=\"584\" height=\"411\" srcset=\"https:\/\/i0.wp.com\/herage.org\/blog\/wp-content\/uploads\/2019\/10\/planche-gayot-v1.jpg?resize=1024%2C720&amp;ssl=1 1024w, https:\/\/i0.wp.com\/herage.org\/blog\/wp-content\/uploads\/2019\/10\/planche-gayot-v1.jpg?resize=300%2C211&amp;ssl=1 300w, https:\/\/i0.wp.com\/herage.org\/blog\/wp-content\/uploads\/2019\/10\/planche-gayot-v1.jpg?resize=768%2C540&amp;ssl=1 768w, https:\/\/i0.wp.com\/herage.org\/blog\/wp-content\/uploads\/2019\/10\/planche-gayot-v1.jpg?resize=427%2C300&amp;ssl=1 427w, https:\/\/i0.wp.com\/herage.org\/blog\/wp-content\/uploads\/2019\/10\/planche-gayot-v1.jpg?w=1601&amp;ssl=1 1601w, https:\/\/i0.wp.com\/herage.org\/blog\/wp-content\/uploads\/2019\/10\/planche-gayot-v1.jpg?w=1168&amp;ssl=1 1168w\" sizes=\"(max-width: 584px) 100vw, 584px\" data-recalc-dims=\"1\" \/><\/a><p id=\"caption-attachment-2369\" class=\"wp-caption-text\">Exemple de planche tir\u00e9e de \u00ab\u00a0La connaissance g\u00e9n\u00e9rale du mouton\u00a0\u00bb<\/p><\/div>\n<p>&nbsp;<\/p>\n<p style=\"text-align: justify;\">Il est fait chevalier de l&rsquo;ordre religieux et militaire des Saints-Maurice-et-Lazare le 31 mars 1868. Il opte pour la nationalit\u00e9 fran\u00e7aise, apr\u00e8s la guerre en 1871. Il est domicili\u00e9 au 19 boulevard Saint-Martin \u00e0 Paris en 1875 et il indique \u00eatre domicili\u00e9 \u00e0 l&rsquo;Espinasse dans un courrier du 29 ao\u00fbt 1877. Il meurt le 29 novembre 1880 \u00e0 Paris et est inhum\u00e9 au cimeti\u00e8re du P\u00e8re-Lachaise le 02 d\u00e9cembre 1880 (voir sa n\u00e9crologie dans le <a href=\"https:\/\/gallica.bnf.fr\/ark:\/12148\/bpt6k6258593x\/f70.image.r=%22LOUIS%20MOLL%22\" target=\"_blank\" rel=\"noopener\">\u00ab\u00a0Bulletin trimestriel de la Soci\u00e9t\u00e9 d&rsquo;agriculture de Joigny\u00a0\u00bb, juillet 1880, pages 70 \u00e0 73,<\/a> sur le site Gallica)<\/p>\n<p>Sa fille Marie Pauline L\u00e9onie MOLL est toujours propri\u00e9taire de l&rsquo;Espinasse, en 1911. A la fermeture de l&rsquo;\u00e9cole, l&rsquo;exploitation agricole avait \u00e9t\u00e9 g\u00e9r\u00e9e par la famille MOLL, avant d&rsquo;\u00eatre plac\u00e9e en m\u00e9tayage vers 1881. Les m\u00e9tayers MOREAU, BERJAULT, BOUTIN et ANTOINE s&rsquo;y succ\u00e9d\u00e8rent.<\/p>\n<p style=\"text-align: justify;\">La ferme \u00e9cole de l&rsquo;Espinasse \u00e0 Oyr\u00e9 est certainement la plus ancienne \u00ab\u00a0classe agricole\u00a0\u00bb du d\u00e9partement de la Vienne. Alors n&rsquo;h\u00e9sitez pas \u00e0 me prouver le contraire.<\/p>\n<p>Sources : blog <a href=\"http:\/\/histoire-agriculture-touraine.over-blog.com\/\" target=\"_blank\" rel=\"noopener\">\u00ab\u00a0Histoire de l&rsquo;agriculture en Touraine\u00a0\u00bb<\/a><\/p>\n<p>&nbsp;<\/p>\n","protected":false},"excerpt":{"rendered":"<p>En explorant les recensements de la commune d&rsquo;Oyr\u00e9, pr\u00e8s de Ch\u00e2tellerault (86), j&rsquo;ai d\u00e9couvert la pr\u00e9sence d&rsquo;une ferme \u00e9cole au hameau de l&rsquo;Espinasse, en 1851. Le recensement de ce hameau mentionne la pr\u00e9sence de 33 r\u00e9sidents, dont le propri\u00e9taire et &hellip; <a href=\"https:\/\/herage.org\/blog\/https:\/blog.herage.org\/p=\/2304\/\">Continuer la lecture <span class=\"meta-nav\">&rarr;<\/span><\/a><\/p>\n","protected":false},"author":722,"featured_media":0,"comment_status":"open","ping_status":"open","sticky":false,"template":"","format":"standard","meta":{"spay_email":"","jetpack_publicize_message":"#ChallengeAZ \u2502 F... Une ferme \u00e9cole \u00e0 l'Espinasse\r\nou la plus ancienne classe agricole du d\u00e9partement de la Vienne.","jetpack_is_tweetstorm":false,"jetpack_publicize_feature_enabled":true},"categories":[262],"tags":[],"jetpack_publicize_connections":[],"jetpack_featured_media_url":"","jetpack_sharing_enabled":true,"jetpack_shortlink":"https:\/\/wp.me\/p4fVnZ-Ba","jetpack-related-posts":[{"id":2333,"url":"https:\/\/herage.org\/blog\/https:\/blog.herage.org\/p=\/2333\/","url_meta":{"origin":2304,"position":0},"title":"#ChallengeAZ \u2502 T&#8230; des Terres pour les \u00e9coles de S\u00e9rigny","date":"23 novembre 2019","format":false,"excerpt":"J\u2019ai toujours entendu dire que ma grand-m\u00e8re \u00e9tait all\u00e9e \u00e0 l\u2019\u00e9cole \"chez les s\u0153urs\", comme on disait. Voil\u00e0 qu\u2019apr\u00e8s quelques recherches sur la commune de S\u00e9rigny je d\u00e9couvre qu\u2019il y avait bien une \u00e9cole religieuse (pour les filles) cr\u00e9e par Mme VENAULT de la FOUCHARDIERE. \u00a0Le 17 juin 1869 Mr\u2026","rel":"","context":"Dans &quot;Challenge AZ 2019&quot;","img":{"alt_text":"S\u00c3\u00a9rigny, Vienne","src":"https:\/\/i0.wp.com\/herage.org\/blog\/wp-content\/uploads\/2019\/11\/Serigny-1024x502.jpg?resize=350%2C200","width":350,"height":200},"classes":[]},{"id":1623,"url":"https:\/\/herage.org\/blog\/https:\/blog.herage.org\/p=\/1623\/","url_meta":{"origin":2304,"position":1},"title":"#ChallengeAZ \u2502 I&#8230; Je me souviens de la Belle Indienne","date":"10 novembre 2018","format":false,"excerpt":"C\u2019est un hameau de la commune de S\u00e9rigny situ\u00e9 \u00e0 5 km du bourg sur la D757 entre Orches et Richelieu : La Belle-Indienne.\u00a0 Ce lieu est la source de souvenirs familiaux et je me suis toujours demand\u00e9e qu'elle \u00e9tait l'origine de ce nom atypique. Je ne pense pas que\u2026","rel":"","context":"Dans &quot;Challenge AZ 2018&quot;","img":{"alt_text":"","src":"https:\/\/i0.wp.com\/herage.org\/blog\/wp-content\/uploads\/2018\/11\/\u00c2\u00a8Panneau-La-belle-indienne-V1.jpg?resize=350%2C200","width":350,"height":200},"classes":[]},{"id":2296,"url":"https:\/\/herage.org\/blog\/https:\/blog.herage.org\/p=\/2296\/","url_meta":{"origin":2304,"position":2},"title":"#ChallengeAZ \u2502 B&#8230; Ecole de filles \u00ab\u00a0Paul Bert\u00a0\u00bb \u00e0 Ch\u00e2tellerault","date":"2 novembre 2019","format":false,"excerpt":"Cr\u00e9ation d\u2019une \u00e9cole la\u00efque de filles \u00e0 Ch\u00e2tellerault. Le 16 juin 1881, le ministre de l'Instruction publique Jules FERRY, rend l'enseignement primaire public et gratuit, et la loi du 28 mars 1882 impose \u00e9galement l\u2019instruction primaire obligatoire de 6 \u00e0 13 ans un enseignement la\u00efque. Le conseil vote le 12\u2026","rel":"","context":"Dans &quot;Challenge AZ 2019&quot;","img":{"alt_text":"","src":"https:\/\/i0.wp.com\/herage.org\/blog\/wp-content\/uploads\/2019\/10\/CP-Ecole-de-filles-Paul-Bert-Chatellerault.png?fit=921%2C598&ssl=1&resize=350%2C200","width":350,"height":200},"classes":[]},{"id":2321,"url":"https:\/\/herage.org\/blog\/https:\/blog.herage.org\/p=\/2321\/","url_meta":{"origin":2304,"position":3},"title":"#ChallengeAZ \u2502 N&#8230; Naintr\u00e9, la m\u00e9thode de l&rsquo;instituteur Rocher","date":"16 novembre 2019","format":false,"excerpt":"Freinet, Montessori, autant de m\u00e9thodes p\u00e9dagogiques s\u00e9pia red\u00e9couvertes aujourd\u2019hui, mais la m\u00e9thode Rocher, qui s\u2019en souvient\u00a0? C\u00e9lestin Fran\u00e7ois ROCHER est n\u00e9 le 12 septembre 1867 \u00e0 Beaumont dans la Vienne, fils de Louis fermier et de Marie-Louise MERIOT. Il fr\u00e9quente l\u2019\u00e9cole communale de Naintr\u00e9 et obtient son brevet \u00e9l\u00e9mentaire. A\u2026","rel":"","context":"Dans &quot;Challenge AZ 2019&quot;","img":{"alt_text":"","src":"https:\/\/i0.wp.com\/herage.org\/blog\/wp-content\/uploads\/2019\/10\/C\u00c3\u00a9lestin-Rocher-et-\u00c3\u00a9l\u00c3\u00a8ves-Naintr\u00c3\u00a9-215x300.jpg?resize=350%2C200","width":350,"height":200},"classes":[]},{"id":2339,"url":"https:\/\/herage.org\/blog\/https:\/blog.herage.org\/p=\/2339\/","url_meta":{"origin":2304,"position":4},"title":"#ChallengeAZ \u2502 W&#8230; Le Wood-block au conservatoire de musique ?","date":"27 novembre 2019","format":false,"excerpt":"Qu\u2019est-ce qu\u2019un wood-block\u00a0? Le wood-block est un instrument de musique de percussion compos\u00e9 d'un morceau de bois creux sur lequel on tape avec un morceau de bois plein. Il en existe de toutes tailles. \u00a0Le wood-block est \u00e0 l\u2019origine un instrument chinois appel\u00e9 aussi ban. Il a \u00e9t\u00e9 adopt\u00e9 par\u2026","rel":"","context":"Dans &quot;Challenge AZ 2019&quot;","img":{"alt_text":"","src":"https:\/\/i0.wp.com\/herage.org\/blog\/wp-content\/uploads\/2019\/11\/wood.png?resize=350%2C200","width":350,"height":200},"classes":[]},{"id":2313,"url":"https:\/\/herage.org\/blog\/https:\/blog.herage.org\/p=\/2313\/","url_meta":{"origin":2304,"position":5},"title":"#ChallengeAZ \u2502 J&#8230; La m\u00e9thode Jacotot","date":"12 novembre 2019","format":false,"excerpt":"A l\u2019heure o\u00f9 l\u2019on parle de l\u2019Ecole de la confiance et o\u00f9 des m\u00e9thodes atypiques (Montessori, Steiner, Waldorf) ont de plus en plus de succ\u00e8s, en voici une qui a fait parler d\u2019elle en son temps\u00a0: la m\u00e9thode Jacotot. Point commun de toutes ces m\u00e9thodes\u00a0: la motivation de l\u2019enfant, moteur\u2026","rel":"","context":"Dans &quot;Challenge AZ 2019&quot;","img":{"alt_text":"","src":"https:\/\/i0.wp.com\/herage.org\/blog\/wp-content\/uploads\/2019\/11\/JosephJacotot-231x300.jpg?resize=350%2C200","width":350,"height":200},"classes":[]}],"_links":{"self":[{"href":"https:\/\/herage.org\/blog\/wp-json\/wp\/v2\/posts\/2304"}],"collection":[{"href":"https:\/\/herage.org\/blog\/wp-json\/wp\/v2\/posts"}],"about":[{"href":"https:\/\/herage.org\/blog\/wp-json\/wp\/v2\/types\/post"}],"author":[{"embeddable":true,"href":"https:\/\/herage.org\/blog\/wp-json\/wp\/v2\/users\/722"}],"replies":[{"embeddable":true,"href":"https:\/\/herage.org\/blog\/wp-json\/wp\/v2\/comments?post=2304"}],"version-history":[{"count":6,"href":"https:\/\/herage.org\/blog\/wp-json\/wp\/v2\/posts\/2304\/revisions"}],"predecessor-version":[{"id":2551,"href":"https:\/\/herage.org\/blog\/wp-json\/wp\/v2\/posts\/2304\/revisions\/2551"}],"wp:attachment":[{"href":"https:\/\/herage.org\/blog\/wp-json\/wp\/v2\/media?parent=2304"}],"wp:term":[{"taxonomy":"category","embeddable":true,"href":"https:\/\/herage.org\/blog\/wp-json\/wp\/v2\/categories?post=2304"},{"taxonomy":"post_tag","embeddable":true,"href":"https:\/\/herage.org\/blog\/wp-json\/wp\/v2\/tags?post=2304"}],"curies":[{"name":"wp","href":"https:\/\/api.w.org\/{rel}","templated":true}]}}