{"id":2315,"date":"2019-11-13T08:00:27","date_gmt":"2019-11-13T07:00:27","guid":{"rendered":"http:\/\/herage.org\/blog\/?p=2315"},"modified":"2019-11-10T15:19:20","modified_gmt":"2019-11-10T14:19:20","slug":"challengeaz-%e2%94%82-k-le-king-et-les-religieuses","status":"publish","type":"post","link":"https:\/\/herage.org\/blog\/https:\/blog.herage.org\/p=\/2315\/","title":{"rendered":"#ChallengeAZ \u2502 K&#8230; Le King et les religieuses"},"content":{"rendered":"<div id=\"attachment_2400\" style=\"width: 418px\" class=\"wp-caption aligncenter\"><a href=\"https:\/\/i0.wp.com\/herage.org\/blog\/wp-content\/uploads\/2019\/10\/Monast\u00e8re-de-La-Puye.jpg\"><img aria-describedby=\"caption-attachment-2400\" data-attachment-id=\"2400\" data-permalink=\"https:\/\/herage.org\/blog\/https:\/blog.herage.org\/p=\/2315\/monastere-de-la-puye\/\" data-orig-file=\"https:\/\/i0.wp.com\/herage.org\/blog\/wp-content\/uploads\/2019\/10\/Monast\u00e8re-de-La-Puye.jpg?fit=408%2C274&amp;ssl=1\" data-orig-size=\"408,274\" data-comments-opened=\"1\" data-image-meta=\"{&quot;aperture&quot;:&quot;0&quot;,&quot;credit&quot;:&quot;&quot;,&quot;camera&quot;:&quot;&quot;,&quot;caption&quot;:&quot;&quot;,&quot;created_timestamp&quot;:&quot;0&quot;,&quot;copyright&quot;:&quot;&quot;,&quot;focal_length&quot;:&quot;0&quot;,&quot;iso&quot;:&quot;0&quot;,&quot;shutter_speed&quot;:&quot;0&quot;,&quot;title&quot;:&quot;&quot;,&quot;orientation&quot;:&quot;0&quot;}\" data-image-title=\"Monast\u00e8re de La Puye\" data-image-description=\"\" data-image-caption=\"&lt;p&gt;Monast\u00e8re de La Puye (86)&lt;\/p&gt;\n\" data-medium-file=\"https:\/\/i0.wp.com\/herage.org\/blog\/wp-content\/uploads\/2019\/10\/Monast\u00e8re-de-La-Puye.jpg?fit=300%2C201&amp;ssl=1\" data-large-file=\"https:\/\/i0.wp.com\/herage.org\/blog\/wp-content\/uploads\/2019\/10\/Monast\u00e8re-de-La-Puye.jpg?fit=408%2C274&amp;ssl=1\" loading=\"lazy\" class=\"size-full wp-image-2400\" src=\"https:\/\/i0.wp.com\/herage.org\/blog\/wp-content\/uploads\/2019\/10\/Monast\u00e8re-de-La-Puye.jpg?resize=408%2C274\" alt=\"\" width=\"408\" height=\"274\" srcset=\"https:\/\/i0.wp.com\/herage.org\/blog\/wp-content\/uploads\/2019\/10\/Monast\u00e8re-de-La-Puye.jpg?w=408&amp;ssl=1 408w, https:\/\/i0.wp.com\/herage.org\/blog\/wp-content\/uploads\/2019\/10\/Monast\u00e8re-de-La-Puye.jpg?resize=300%2C201&amp;ssl=1 300w\" sizes=\"(max-width: 408px) 100vw, 408px\" data-recalc-dims=\"1\" \/><\/a><p id=\"caption-attachment-2400\" class=\"wp-caption-text\">Monast\u00e8re de La Puye (86)<\/p><\/div>\n<p style=\"text-align: justify;\">La congr\u00e9gation des Filles de la Croix de Saint-Andr\u00e9 est fond\u00e9e en France au d\u00e9but du XIX<sup>e<\/sup> si\u00e8cle \u00e0 la suite de la R\u00e9volution Fran\u00e7aise. <a href=\"https:\/\/www.fillesdelacroix.net\/index.php?option=com_content&amp;view=article&amp;id=69&amp;Itemid=469\" target=\"_blank\" rel=\"noopener\">Saint-Andr\u00e9-Hubert FOURNET<\/a> (1752-1834), cur\u00e9 de Saint-Pierre-de-Maill\u00e9, et <a href=\"https:\/\/www.fillesdelacroix.net\/index.php?option=com_content&amp;view=article&amp;id=70&amp;Itemid=470\" target=\"_blank\" rel=\"noopener\">Sainte-Jeanne-\u00c9lisabeth BICHIER des \u00c2GES<\/a> (1773-1838), jeune fille du Poitou, fond\u00e8rent la\u00a0congr\u00e9gation en 1807 pour \u0153uvrer aupr\u00e8s des pauvres.<\/p>\n<p style=\"text-align: justify;\">Pr\u00e8s de 100 ans plus tard, suite aux lois fran\u00e7aises sur les congr\u00e9gations scolaires, c&rsquo;est par l\u2019interm\u00e9diaire de l\u2019abb\u00e9 A. BEAUREGARD, un pr\u00eatre d\u2019Angoul\u00eame (Charente) qui s\u2019occupait des S\u0153urs de Sainte-Marthe du dioc\u00e8se d\u2019Angoul\u00eame, que les sup\u00e9rieures des Filles de la Croix sont mises en relation avec <a href=\"http:\/\/www.biographi.ca\/fr\/bio\/langevin_adelard_14F.html\" target=\"_blank\" rel=\"noopener\">S.Exc. M<sup>gr<\/sup> Ad\u00e9lard LANGEVIN<\/a> (1855-1915), archev\u00eaque de Saint-Boniface au Manitoba. C\u2019est ainsi que les s\u0153urs traversent l&rsquo;Oc\u00e9an pour se rendre au Manitoba.<\/p>\n<p style=\"text-align: justify;\">Les s\u0153urs Agn\u00e8s-\u00c9milie, Flavia, Agn\u00e8s-Saint Rapha\u00ebl, Marie-\u00c9dithe, \u00c9milie et Jeanne-Th\u00e9r\u00e8se partent de la France le 26 septembre 1904 et arrivent \u00e0 Winnipeg (MB) le 16 octobre 1904.<\/p>\n<p><a href=\"https:\/\/i0.wp.com\/herage.org\/blog\/wp-content\/uploads\/2019\/10\/Soeurs-parties-en-1904.png\" target=\"_blank\" rel=\"noopener\"><img data-attachment-id=\"2401\" data-permalink=\"https:\/\/herage.org\/blog\/https:\/blog.herage.org\/p=\/2315\/soeurs-parties-en-1904\/\" data-orig-file=\"https:\/\/i0.wp.com\/herage.org\/blog\/wp-content\/uploads\/2019\/10\/Soeurs-parties-en-1904.png?fit=1275%2C1079&amp;ssl=1\" data-orig-size=\"1275,1079\" data-comments-opened=\"1\" data-image-meta=\"{&quot;aperture&quot;:&quot;0&quot;,&quot;credit&quot;:&quot;&quot;,&quot;camera&quot;:&quot;&quot;,&quot;caption&quot;:&quot;&quot;,&quot;created_timestamp&quot;:&quot;0&quot;,&quot;copyright&quot;:&quot;&quot;,&quot;focal_length&quot;:&quot;0&quot;,&quot;iso&quot;:&quot;0&quot;,&quot;shutter_speed&quot;:&quot;0&quot;,&quot;title&quot;:&quot;&quot;,&quot;orientation&quot;:&quot;0&quot;}\" data-image-title=\"Soeurs parties en 1904\" data-image-description=\"\" data-image-caption=\"\" data-medium-file=\"https:\/\/i0.wp.com\/herage.org\/blog\/wp-content\/uploads\/2019\/10\/Soeurs-parties-en-1904.png?fit=300%2C254&amp;ssl=1\" data-large-file=\"https:\/\/i0.wp.com\/herage.org\/blog\/wp-content\/uploads\/2019\/10\/Soeurs-parties-en-1904.png?fit=584%2C494&amp;ssl=1\" loading=\"lazy\" class=\"aligncenter wp-image-2401 size-full\" src=\"https:\/\/i0.wp.com\/herage.org\/blog\/wp-content\/uploads\/2019\/10\/Soeurs-parties-en-1904.png?resize=584%2C494\" alt=\"\" width=\"584\" height=\"494\" srcset=\"https:\/\/i0.wp.com\/herage.org\/blog\/wp-content\/uploads\/2019\/10\/Soeurs-parties-en-1904.png?w=1275&amp;ssl=1 1275w, https:\/\/i0.wp.com\/herage.org\/blog\/wp-content\/uploads\/2019\/10\/Soeurs-parties-en-1904.png?resize=300%2C254&amp;ssl=1 300w, https:\/\/i0.wp.com\/herage.org\/blog\/wp-content\/uploads\/2019\/10\/Soeurs-parties-en-1904.png?resize=768%2C650&amp;ssl=1 768w, https:\/\/i0.wp.com\/herage.org\/blog\/wp-content\/uploads\/2019\/10\/Soeurs-parties-en-1904.png?resize=1024%2C867&amp;ssl=1 1024w, https:\/\/i0.wp.com\/herage.org\/blog\/wp-content\/uploads\/2019\/10\/Soeurs-parties-en-1904.png?resize=354%2C300&amp;ssl=1 354w, https:\/\/i0.wp.com\/herage.org\/blog\/wp-content\/uploads\/2019\/10\/Soeurs-parties-en-1904.png?w=1168&amp;ssl=1 1168w\" sizes=\"(max-width: 584px) 100vw, 584px\" data-recalc-dims=\"1\" \/><\/a><\/p>\n<p style=\"text-align: justify;\">Du groupe des six pionni\u00e8res arriv\u00e9es au Canada en 1904, S\u0153ur Flavia SLATTERY, irlandaise, \u00e9tait la seule \u00e0 parler anglais. Avec son accent irlandais il lui fut confi\u00e9 la bonne marche du voyage. La bourse commune ne devait pas peser lourd\u2026 Aussi, en gare de Londres, les religieuses cherchaient un wagon de 2<sup>e<\/sup> classe \u00ab\u00a0<em>ou si possible de 3<sup>e<\/sup> classe<\/em>\u00a0\u00bb (aux dires de l\u2019une d\u2019entre elles),\u00a0afin de se rendre \u00e0 Liverpool, d\u2019o\u00f9 elles s\u2019embarqueraient pour le Canada.<\/p>\n<p style=\"text-align: justify;\">Un Monsieur distingu\u00e9, tout en se promenant et en feignant de lire son journal les entendit discuter et comprit vite que les voyageuses quittaient la France \u00e0 cause des lois n\u00e9fastes aux \u00e9coles de congr\u00e9gations religieuses\u2026 Elles lui parurent plut\u00f4t pauvres avec leurs balluchons bleus, semblables \u00e0 ceux des soldats et qui, \u00e0 elles aussi, tenaient lieu de valises. S\u2019approchant d\u2019elles, il les conduisit vers un wagon de 1<sup>\u00e8re<\/sup> classe. La S\u0153ur \u00c9conome prit peur et lui montra, en l\u2019agitant, son porte-monnaie\u2026 Leur conducteur la rassura de son bienveillant sourire\u2026 Un autre voyageur leur souffla que leur protecteur n\u2019\u00e9tait autre que le Roi d\u2019Angleterre lui-m\u00eame\u2026 Elles n\u2019\u00e9taient pas au bout de leurs surprises car \u00e0 Liverpool un go\u00fbter les attendait\u2026 Elles y furent accueillies gracieusement car <a href=\"https:\/\/www.larousse.fr\/encyclopedie\/personnage\/%C3%89douard_VII\/117683\" target=\"_blank\" rel=\"noopener\">Edward VII<\/a> avait royalement pay\u00e9 leur d\u00fb, ce dont elles lui furent reconnaissantes en priant pour Sa Majest\u00e9 pendant de tr\u00e8s longues ann\u00e9es&#8230;<\/p>\n<div id=\"attachment_2402\" style=\"width: 235px\" class=\"wp-caption aligncenter\"><a href=\"https:\/\/i0.wp.com\/herage.org\/blog\/wp-content\/uploads\/2019\/10\/Eduard_VII_1902.jpg\" target=\"_blank\" rel=\"noopener\"><img aria-describedby=\"caption-attachment-2402\" data-attachment-id=\"2402\" data-permalink=\"https:\/\/herage.org\/blog\/https:\/blog.herage.org\/p=\/2315\/eduard_vii_1902\/\" data-orig-file=\"https:\/\/i0.wp.com\/herage.org\/blog\/wp-content\/uploads\/2019\/10\/Eduard_VII_1902.jpg?fit=750%2C1000&amp;ssl=1\" data-orig-size=\"750,1000\" data-comments-opened=\"1\" data-image-meta=\"{&quot;aperture&quot;:&quot;0&quot;,&quot;credit&quot;:&quot;&quot;,&quot;camera&quot;:&quot;&quot;,&quot;caption&quot;:&quot;&quot;,&quot;created_timestamp&quot;:&quot;0&quot;,&quot;copyright&quot;:&quot;&quot;,&quot;focal_length&quot;:&quot;0&quot;,&quot;iso&quot;:&quot;0&quot;,&quot;shutter_speed&quot;:&quot;0&quot;,&quot;title&quot;:&quot;&quot;,&quot;orientation&quot;:&quot;1&quot;}\" data-image-title=\"Eduard_VII_1902\" data-image-description=\"\" data-image-caption=\"&lt;p&gt;Edouard VII (1941-1910) en 1902 \u00a9 Wikimedia commons&lt;\/p&gt;\n\" data-medium-file=\"https:\/\/i0.wp.com\/herage.org\/blog\/wp-content\/uploads\/2019\/10\/Eduard_VII_1902.jpg?fit=225%2C300&amp;ssl=1\" data-large-file=\"https:\/\/i0.wp.com\/herage.org\/blog\/wp-content\/uploads\/2019\/10\/Eduard_VII_1902.jpg?fit=584%2C779&amp;ssl=1\" loading=\"lazy\" class=\"wp-image-2402 size-medium\" src=\"https:\/\/i0.wp.com\/herage.org\/blog\/wp-content\/uploads\/2019\/10\/Eduard_VII_1902-225x300.jpg?resize=225%2C300\" alt=\"\" width=\"225\" height=\"300\" srcset=\"https:\/\/i0.wp.com\/herage.org\/blog\/wp-content\/uploads\/2019\/10\/Eduard_VII_1902.jpg?resize=225%2C300&amp;ssl=1 225w, https:\/\/i0.wp.com\/herage.org\/blog\/wp-content\/uploads\/2019\/10\/Eduard_VII_1902.jpg?w=750&amp;ssl=1 750w\" sizes=\"(max-width: 225px) 100vw, 225px\" data-recalc-dims=\"1\" \/><\/a><p id=\"caption-attachment-2402\" class=\"wp-caption-text\">Edouard VII (1941-1910) en 1902 \u00a9 Wikimedia commons<\/p><\/div>\n<p><strong>Bref historique de la congr\u00e9gation<\/strong><\/p>\n<p style=\"text-align: justify;\">Entre 1904 et 1905, 26 autres s\u0153urs viennent les rejoindre. Au cours des trois prochaines ann\u00e9es, les paroisses de Saint-Malo (Manitoba), Saint-Maurice de Bellegarde (Saskatchewan) et Saint-Adolphe (Manitoba) leur confi\u00e8rent leurs \u00e9coles et couvent. Elles \u0153uvrent aussi quelques ann\u00e9es \u00e0 l&rsquo;Archev\u00each\u00e9 de Saint-Boniface et aux \u00e9coles industrielles de Fort-Alexandre (Manitoba), Sandy-Bay (Manitoba), Fort-Pelly (Saskatchewan) et Makinak (Manitoba). L&rsquo;\u00e9cole de Saint-Adolphe est fond\u00e9e en 1906 et comporte bient\u00f4t un pensionnat. Le couvent de Saint-Adolphe, devenu la maison centrale des Filles de la Croix au Canada, est agrandi en 1909 et en 1928.<\/p>\n<p style=\"text-align: justify;\">En 1951, puisqu&rsquo;une maison provinciale est construite \u00e0 Saint-Boniface, le noviciat des s\u0153urs est transf\u00e9r\u00e9 \u00e0 Saint-Adolphe. La congr\u00e9gation est incorpor\u00e9e le 16 mars 1910 et s&rsquo;\u00e9tend \u00e0 d&rsquo;autres communaut\u00e9s des prairies : Willow-Bunch (Saskatchewan) en 1914, Lafleche (Saskatchewan) en 1915, La Salle (Manitoba) en 1927, Aubigny (Manitoba) en 1932, Saint-Claude (Manitoba) en 1934 et Montmartre (Saskatchewan) en 1952. En 1972, le premier num\u00e9ro du p\u00e9riodique <em>Ut sint unum<\/em> (Qu&rsquo;elles soient Un) est publi\u00e9. Un comit\u00e9 avait \u00e9t\u00e9 form\u00e9 \u00e0 Sainte-Croix dont le but \u00e9tait de diffuser des informations et nouvelles dans la communaut\u00e9 religieuse au Manitoba et en Saskatchewan. Le comit\u00e9 \u00e9tait form\u00e9 des S\u0153urs Lucille MORIN, Madeleine BRUNET et Gabrielle-Marie. En 1993, la revue est renomm\u00e9e <em>Reflets canadiens<\/em>.<\/p>\n<p style=\"text-align: justify;\"><span style=\"font-size: 12pt;\"><strong>Pour en savoir plus :<br \/>\n<\/strong><\/span>En cliquant sur le lien ci-dessous vous acc\u00e9derez au d\u00e9tail des contingents franco-canadiens de religieuses de la congr\u00e9gation et leurs biographies :<br \/>\n<a href=\"http:\/\/herage.org\/blog\/wp-content\/uploads\/2019\/10\/Biographie-des-religieuses.pdf\">Biographie des religieuses<\/a><\/p>\n","protected":false},"excerpt":{"rendered":"<p>La congr\u00e9gation des Filles de la Croix de Saint-Andr\u00e9 est fond\u00e9e en France au d\u00e9but du XIXe si\u00e8cle \u00e0 la suite de la R\u00e9volution Fran\u00e7aise. Saint-Andr\u00e9-Hubert FOURNET (1752-1834), cur\u00e9 de Saint-Pierre-de-Maill\u00e9, et Sainte-Jeanne-\u00c9lisabeth BICHIER des \u00c2GES (1773-1838), jeune fille du &hellip; <a href=\"https:\/\/herage.org\/blog\/https:\/blog.herage.org\/p=\/2315\/\">Continuer la lecture <span class=\"meta-nav\">&rarr;<\/span><\/a><\/p>\n","protected":false},"author":689,"featured_media":0,"comment_status":"open","ping_status":"open","sticky":false,"template":"","format":"standard","meta":{"spay_email":"","jetpack_publicize_message":"#ChallengeAZ \u2502 K... Le King et les religieuses\r\nou une rencontre fortuite en route vers le Canada.","jetpack_is_tweetstorm":false,"jetpack_publicize_feature_enabled":true},"categories":[262,30],"tags":[],"jetpack_publicize_connections":[],"jetpack_featured_media_url":"","jetpack_sharing_enabled":true,"jetpack_shortlink":"https:\/\/wp.me\/p4fVnZ-Bl","jetpack-related-posts":[{"id":2329,"url":"https:\/\/herage.org\/blog\/https:\/blog.herage.org\/p=\/2329\/","url_meta":{"origin":2315,"position":0},"title":"#ChallengeAZ \u2502 R&#8230; Regard sur l&rsquo;histoire de mon coll\u00e8ge","date":"21 novembre 2019","format":false,"excerpt":"Au d\u00e9but de l'\u00e9t\u00e9, j'ai accompagn\u00e9 mon p\u00e8re \u00e0 une r\u00e9union du groupe d'\u00e9criture du Cercle G\u00e9n\u00e9alogique Poitevin, \u00e0 propos du \u00ab\u00a0Challenge AZ\u00a0\u00bb. Le sujet \u00e9tant \u00ab\u00a0l'\u00e9cole\u00a0\u00bb, je me suis dit que je pourrais \u00e9ventuellement \u00e9crire quelques lignes, sur l'\u00e9tablissement que je viens de quitter, cette ann\u00e9e. J'ai effectu\u00e9 mes\u2026","rel":"","context":"Dans &quot;Challenge AZ 2019&quot;","img":{"alt_text":"","src":"https:\/\/i0.wp.com\/herage.org\/blog\/wp-content\/uploads\/2019\/11\/st-martial-cour-avant.jpg?resize=350%2C200","width":350,"height":200},"classes":[]},{"id":2333,"url":"https:\/\/herage.org\/blog\/https:\/blog.herage.org\/p=\/2333\/","url_meta":{"origin":2315,"position":1},"title":"#ChallengeAZ \u2502 T&#8230; des Terres pour les \u00e9coles de S\u00e9rigny","date":"23 novembre 2019","format":false,"excerpt":"J\u2019ai toujours entendu dire que ma grand-m\u00e8re \u00e9tait all\u00e9e \u00e0 l\u2019\u00e9cole \"chez les s\u0153urs\", comme on disait. Voil\u00e0 qu\u2019apr\u00e8s quelques recherches sur la commune de S\u00e9rigny je d\u00e9couvre qu\u2019il y avait bien une \u00e9cole religieuse (pour les filles) cr\u00e9e par Mme VENAULT de la FOUCHARDIERE. \u00a0Le 17 juin 1869 Mr\u2026","rel":"","context":"Dans &quot;Challenge AZ 2019&quot;","img":{"alt_text":"S\u00c3\u00a9rigny, Vienne","src":"https:\/\/i0.wp.com\/herage.org\/blog\/wp-content\/uploads\/2019\/11\/Serigny-1024x502.jpg?resize=350%2C200","width":350,"height":200},"classes":[]},{"id":2692,"url":"https:\/\/herage.org\/blog\/https:\/blog.herage.org\/p=\/2692\/","url_meta":{"origin":2315,"position":2},"title":"#ChallengeAZ \u2502 V&#8230; Valdivienne, une dynastie d&rsquo;instituteurs","date":"26 novembre 2019","format":false,"excerpt":"A l\u2019occasion de mes recherches g\u00e9n\u00e9alogiques j\u2019ai \u00e9t\u00e9 attir\u00e9 par la pr\u00e9sence sur l\u2019acte de d\u00e9c\u00e8s d\u2019une arri\u00e8re-grand-m\u00e8re, Louise ROBUCHON, le 21 janvier 1916 \u00e0 Salles-en-Toulon, d\u2019un certain Georges ARNAULT, instituteur, ami de la d\u00e9funte. Par curiosit\u00e9, j\u2019ai voulu en savoir plus sur cet instituteur. Il est n\u00e9 en 1863\u2026","rel":"","context":"Dans &quot;Challenge AZ 2019&quot;","img":{"alt_text":"","src":"https:\/\/i0.wp.com\/herage.org\/blog\/wp-content\/uploads\/2019\/11\/Acte-de-d\u00c3\u00a9c\u00c3\u00a8s-de-Louise-Robuchon-1.jpeg?resize=350%2C200","width":350,"height":200},"classes":[]},{"id":1637,"url":"https:\/\/herage.org\/blog\/https:\/blog.herage.org\/p=\/1637\/","url_meta":{"origin":2315,"position":3},"title":"#ChallengeAZ \u2502 P&#8230; Poitiers, le prix du sacril\u00e8ge \u00e0 Saint-Cybard","date":"19 novembre 2018","format":false,"excerpt":"La lecture des registres de la paroisse de Sainte-Radegonde de Poitiers apporte des informations parfois curieuses. En effet, le pr\u00eatre consigne des \u00e9v\u00e9nements marquants pour lesquels il signale en marge une mention \"ad memoriam\"\u00a0ou \"chose remarquable\". Ainsi par exemple, il note en mai 1715 : \"hier au soir a huit\u2026","rel":"","context":"Dans &quot;Challenge AZ 2018&quot;","img":{"alt_text":"","src":"https:\/\/i0.wp.com\/herage.org\/blog\/wp-content\/uploads\/2018\/11\/D\u00c3\u00a9tail-du-si\u00c3\u00a8ge-de-Poitiers-par-Coligny-en-1569--1024x683.jpg?resize=350%2C200","width":350,"height":200},"classes":[]},{"id":607,"url":"https:\/\/herage.org\/blog\/https:\/blog.herage.org\/p=\/607\/","url_meta":{"origin":2315,"position":4},"title":"Nouveaux d\u00e9pouillements accessibles aux adh\u00e9rents","date":"13 f\u00e9vrier 2014","format":false,"excerpt":"Ce jour, les apports suivants ont \u00e9t\u00e9 int\u00e9gr\u00e9s \u00e0 la base de donn\u00e9es des relev\u00e9s effectu\u00e9s par les adh\u00e9rents ce qui porte le nombre d'actes d\u00e9pouill\u00e9s \u00e0 2 093 267 \u00a0(1035432 bapt\u00eames\/naissances, 397 291 mariages et 660 544 s\u00e9pultures\/d\u00e9c\u00e8s) : Ajouts ou compl\u00e9ments des bapt\u00eames\/naissances de B\u00e9thines, Lussac-les-Ch\u00e2teaux, Saint-Germain Ajouts\u2026","rel":"","context":"Dans &quot;Relev\u00e9s&quot;","img":{"alt_text":"","src":"","width":0,"height":0},"classes":[]},{"id":1614,"url":"https:\/\/herage.org\/blog\/https:\/blog.herage.org\/p=\/1614\/","url_meta":{"origin":2315,"position":5},"title":"#ChallengeAZ \u2502 E&#8230; Essomont, consentements multiples pour un mariage sous haute surveillance","date":"6 novembre 2018","format":false,"excerpt":"ESSOMONT \u00e0 ANXAUMONT, une paroisse disparue Son nom vient du latin ECCLESIA DE EXCELSO MONTE qui signifie l'\u00e9glise du mont \u00e9lev\u00e9 (130 m).\u00a0Mais elle connut beaucoup d'orthographes diff\u00e9rentes :\u00a0Essomont en 1252 \u2013 Enxomont en 1264 \u2013 Ecclesia de exomundo, de Essomonte \u2013 De Exceso monte en 1322 - Exomont en\u2026","rel":"","context":"Dans &quot;Anecdotes&quot;","img":{"alt_text":"","src":"https:\/\/i0.wp.com\/herage.org\/blog\/wp-content\/uploads\/2018\/10\/E-ESSOMONT.png?resize=350%2C200","width":350,"height":200},"classes":[]}],"_links":{"self":[{"href":"https:\/\/herage.org\/blog\/wp-json\/wp\/v2\/posts\/2315"}],"collection":[{"href":"https:\/\/herage.org\/blog\/wp-json\/wp\/v2\/posts"}],"about":[{"href":"https:\/\/herage.org\/blog\/wp-json\/wp\/v2\/types\/post"}],"author":[{"embeddable":true,"href":"https:\/\/herage.org\/blog\/wp-json\/wp\/v2\/users\/689"}],"replies":[{"embeddable":true,"href":"https:\/\/herage.org\/blog\/wp-json\/wp\/v2\/comments?post=2315"}],"version-history":[{"count":5,"href":"https:\/\/herage.org\/blog\/wp-json\/wp\/v2\/posts\/2315\/revisions"}],"predecessor-version":[{"id":2592,"href":"https:\/\/herage.org\/blog\/wp-json\/wp\/v2\/posts\/2315\/revisions\/2592"}],"wp:attachment":[{"href":"https:\/\/herage.org\/blog\/wp-json\/wp\/v2\/media?parent=2315"}],"wp:term":[{"taxonomy":"category","embeddable":true,"href":"https:\/\/herage.org\/blog\/wp-json\/wp\/v2\/categories?post=2315"},{"taxonomy":"post_tag","embeddable":true,"href":"https:\/\/herage.org\/blog\/wp-json\/wp\/v2\/tags?post=2315"}],"curies":[{"name":"wp","href":"https:\/\/api.w.org\/{rel}","templated":true}]}}