{"id":2317,"date":"2019-11-14T08:00:42","date_gmt":"2019-11-14T07:00:42","guid":{"rendered":"http:\/\/herage.org\/blog\/?p=2317"},"modified":"2019-11-10T15:45:09","modified_gmt":"2019-11-10T14:45:09","slug":"challengeaz-%e2%94%82-l-latille-mais-ou-est-passe-la-paploterie","status":"publish","type":"post","link":"https:\/\/herage.org\/blog\/https:\/blog.herage.org\/p=\/2317\/","title":{"rendered":"#ChallengeAZ \u2502 L&#8230; Latill\u00e9, mais o\u00f9 est pass\u00e9 La Paploterie ?"},"content":{"rendered":"<p style=\"text-align: justify;\">Le 2 avril 1872, mon arri\u00e8re arri\u00e8re grand-m\u00e8re, <a href=\"http:\/\/www.chroniquesdantan.com\/les-gens\/l-comme-louise\" target=\"_blank\" rel=\"noopener\">Louise Ang\u00e8le REAU<\/a>, met au monde dans la petite maison de son beau-fr\u00e8re et de sa s\u0153ur, Fran\u00e7ois QUINTARD et Marie Magdelaine REAU, un <a href=\"http:\/\/www.chroniquesdantan.com\/les-gens\/louis-reault-ne-de-pere-inconnu\" target=\"_blank\" rel=\"noopener\">petit gar\u00e7on de p\u00e8re inconnu, Louis REAULT<\/a>. Cette maison, nous dit l\u2019acte de naissance, est situ\u00e9e \u00e0 la Paploterie, \u00e0 Latill\u00e9.<\/p>\n<div id=\"attachment_2419\" style=\"width: 594px\" class=\"wp-caption aligncenter\"><a href=\"https:\/\/i0.wp.com\/herage.org\/blog\/wp-content\/uploads\/2019\/11\/Paploterie_2019_11_01.jpg\" target=\"_blank\" rel=\"noopener\"><img aria-describedby=\"caption-attachment-2419\" data-attachment-id=\"2419\" data-permalink=\"https:\/\/herage.org\/blog\/https:\/blog.herage.org\/p=\/2317\/paploterie_2019_11_01\/\" data-orig-file=\"https:\/\/i0.wp.com\/herage.org\/blog\/wp-content\/uploads\/2019\/11\/Paploterie_2019_11_01.jpg?fit=1179%2C833&amp;ssl=1\" data-orig-size=\"1179,833\" data-comments-opened=\"1\" data-image-meta=\"{&quot;aperture&quot;:&quot;0&quot;,&quot;credit&quot;:&quot;brigitte snejkovsky&quot;,&quot;camera&quot;:&quot;&quot;,&quot;caption&quot;:&quot;&quot;,&quot;created_timestamp&quot;:&quot;1568456464&quot;,&quot;copyright&quot;:&quot;&quot;,&quot;focal_length&quot;:&quot;0&quot;,&quot;iso&quot;:&quot;0&quot;,&quot;shutter_speed&quot;:&quot;0&quot;,&quot;title&quot;:&quot;&quot;,&quot;orientation&quot;:&quot;0&quot;}\" data-image-title=\"Paploterie_2019_11_01\" data-image-description=\"\" data-image-caption=\"&lt;p&gt;Acte de naissance de Louis REAULT le 02 avril 1872 au lieu-dit La Paploterie de Latill\u00e9 \u00a9 AD86&lt;\/p&gt;\n\" data-medium-file=\"https:\/\/i0.wp.com\/herage.org\/blog\/wp-content\/uploads\/2019\/11\/Paploterie_2019_11_01.jpg?fit=300%2C212&amp;ssl=1\" data-large-file=\"https:\/\/i0.wp.com\/herage.org\/blog\/wp-content\/uploads\/2019\/11\/Paploterie_2019_11_01.jpg?fit=584%2C412&amp;ssl=1\" loading=\"lazy\" class=\"wp-image-2419 size-large\" src=\"https:\/\/i0.wp.com\/herage.org\/blog\/wp-content\/uploads\/2019\/11\/Paploterie_2019_11_01-1024x723.jpg?resize=584%2C412\" alt=\"\" width=\"584\" height=\"412\" srcset=\"https:\/\/i0.wp.com\/herage.org\/blog\/wp-content\/uploads\/2019\/11\/Paploterie_2019_11_01.jpg?resize=1024%2C723&amp;ssl=1 1024w, https:\/\/i0.wp.com\/herage.org\/blog\/wp-content\/uploads\/2019\/11\/Paploterie_2019_11_01.jpg?resize=300%2C212&amp;ssl=1 300w, https:\/\/i0.wp.com\/herage.org\/blog\/wp-content\/uploads\/2019\/11\/Paploterie_2019_11_01.jpg?resize=768%2C543&amp;ssl=1 768w, https:\/\/i0.wp.com\/herage.org\/blog\/wp-content\/uploads\/2019\/11\/Paploterie_2019_11_01.jpg?resize=425%2C300&amp;ssl=1 425w, https:\/\/i0.wp.com\/herage.org\/blog\/wp-content\/uploads\/2019\/11\/Paploterie_2019_11_01.jpg?w=1179&amp;ssl=1 1179w\" sizes=\"(max-width: 584px) 100vw, 584px\" data-recalc-dims=\"1\" \/><\/a><p id=\"caption-attachment-2419\" class=\"wp-caption-text\">Acte de naissance de Louis REAULT le 02 avril 1872 au lieu-dit La Paploterie de Latill\u00e9 \u00a9 AD86 \u25b2 clic sur l&rsquo;image pour l&rsquo;agrandir<\/p><\/div>\n<p style=\"text-align: justify;\">C\u2019est l\u00e0 que le couple habite depuis au moins octobre 1870, puisque que leur fille Marie Madeleine y meurt, le 11 octobre 1870.<\/p>\n<p style=\"text-align: justify;\">Dans le recensement de 1872, la Paploterie est juste une ferme, avec une seule maison et un seul m\u00e9nage, la famille de Pierre Texereau.<\/p>\n<div id=\"attachment_2421\" style=\"width: 594px\" class=\"wp-caption aligncenter\"><a href=\"https:\/\/i0.wp.com\/herage.org\/blog\/wp-content\/uploads\/2019\/11\/Paploterie_2019_11_02.jpg\" target=\"_blank\" rel=\"noopener\"><img aria-describedby=\"caption-attachment-2421\" data-attachment-id=\"2421\" data-permalink=\"https:\/\/herage.org\/blog\/https:\/blog.herage.org\/p=\/2317\/paploterie_2019_11_02\/\" data-orig-file=\"https:\/\/i0.wp.com\/herage.org\/blog\/wp-content\/uploads\/2019\/11\/Paploterie_2019_11_02.jpg?fit=1592%2C554&amp;ssl=1\" data-orig-size=\"1592,554\" data-comments-opened=\"1\" data-image-meta=\"{&quot;aperture&quot;:&quot;0&quot;,&quot;credit&quot;:&quot;brigitte snejkovsky&quot;,&quot;camera&quot;:&quot;&quot;,&quot;caption&quot;:&quot;&quot;,&quot;created_timestamp&quot;:&quot;1568466869&quot;,&quot;copyright&quot;:&quot;&quot;,&quot;focal_length&quot;:&quot;0&quot;,&quot;iso&quot;:&quot;0&quot;,&quot;shutter_speed&quot;:&quot;0&quot;,&quot;title&quot;:&quot;&quot;,&quot;orientation&quot;:&quot;0&quot;}\" data-image-title=\"Paploterie_2019_11_02\" data-image-description=\"\" data-image-caption=\"&lt;p&gt;Recensement Latill\u00e9 1872 \u2013 vue 19\/26 \u00a9 AD86&lt;\/p&gt;\n\" data-medium-file=\"https:\/\/i0.wp.com\/herage.org\/blog\/wp-content\/uploads\/2019\/11\/Paploterie_2019_11_02.jpg?fit=300%2C104&amp;ssl=1\" data-large-file=\"https:\/\/i0.wp.com\/herage.org\/blog\/wp-content\/uploads\/2019\/11\/Paploterie_2019_11_02.jpg?fit=584%2C203&amp;ssl=1\" loading=\"lazy\" class=\"wp-image-2421 size-large\" src=\"https:\/\/i0.wp.com\/herage.org\/blog\/wp-content\/uploads\/2019\/11\/Paploterie_2019_11_02-1024x356.jpg?resize=584%2C203\" alt=\"\" width=\"584\" height=\"203\" srcset=\"https:\/\/i0.wp.com\/herage.org\/blog\/wp-content\/uploads\/2019\/11\/Paploterie_2019_11_02.jpg?resize=1024%2C356&amp;ssl=1 1024w, https:\/\/i0.wp.com\/herage.org\/blog\/wp-content\/uploads\/2019\/11\/Paploterie_2019_11_02.jpg?resize=300%2C104&amp;ssl=1 300w, https:\/\/i0.wp.com\/herage.org\/blog\/wp-content\/uploads\/2019\/11\/Paploterie_2019_11_02.jpg?resize=768%2C267&amp;ssl=1 768w, https:\/\/i0.wp.com\/herage.org\/blog\/wp-content\/uploads\/2019\/11\/Paploterie_2019_11_02.jpg?resize=500%2C174&amp;ssl=1 500w, https:\/\/i0.wp.com\/herage.org\/blog\/wp-content\/uploads\/2019\/11\/Paploterie_2019_11_02.jpg?w=1592&amp;ssl=1 1592w, https:\/\/i0.wp.com\/herage.org\/blog\/wp-content\/uploads\/2019\/11\/Paploterie_2019_11_02.jpg?w=1168&amp;ssl=1 1168w\" sizes=\"(max-width: 584px) 100vw, 584px\" data-recalc-dims=\"1\" \/><\/a><p id=\"caption-attachment-2421\" class=\"wp-caption-text\">Recensement Latill\u00e9 1872 \u2013 vue 19\/26 \u00a9 AD86 \u25b2 clic sur l&rsquo;image pour l&rsquo;agrandir<\/p><\/div>\n<p style=\"text-align: justify;\">Dans le recensement de 1872, dat\u00e9 du 5 mai, les QUINTARD sont mentionn\u00e9s comme habitants aux Clous, alors m\u00eame qu\u2019ils vivent \u00e0 la Paploterie le 2 avril 1872, un mois plus t\u00f4t, et que l\u2019ann\u00e9e suivante c\u2019est \u00e0 la Paploterie que d\u00e9c\u00e8de Marie Madeleine REAU, la m\u00e8re de famille, tout juste \u00e2g\u00e9e de 30 ans.<\/p>\n<p style=\"text-align: justify;\">M\u00eame si le 5 d\u00e9cembre 1874 mon arri\u00e8re grand-m\u00e8re Marie Ang\u00e8le QUINTARD, fille ill\u00e9gitime de Fran\u00e7ois Quintard et de sa belle s\u0153ur Louise REAU, est d\u00e9clar\u00e9e comme n\u00e9e dans la maison de son p\u00e8re, dans le bourg de Latill\u00e9 et non plus \u00e0 la Paploterie,\u00a0 j\u2019ai voulu en savoir plus sur l\u2019endroit o\u00f9 se situait la ferme ou le hameau, peut-\u00eatre retrouver une maison, quelques pans de murs abandonn\u00e9s et couverts de v\u00e9g\u00e9tation.<\/p>\n<p style=\"text-align: justify;\">Sur le site Geoportail.fr, j\u2019ai trouv\u00e9 le lieu dit La Papeloterie, \u00e0 l\u2019extr\u00eame sud est de la commune.<\/p>\n<div id=\"attachment_2422\" style=\"width: 594px\" class=\"wp-caption aligncenter\"><a href=\"https:\/\/i0.wp.com\/herage.org\/blog\/wp-content\/uploads\/2019\/11\/Paploterie_2019_11_03.jpg\" target=\"_blank\" rel=\"noopener\"><img aria-describedby=\"caption-attachment-2422\" data-attachment-id=\"2422\" data-permalink=\"https:\/\/herage.org\/blog\/https:\/blog.herage.org\/p=\/2317\/paploterie_2019_11_03\/\" data-orig-file=\"https:\/\/i0.wp.com\/herage.org\/blog\/wp-content\/uploads\/2019\/11\/Paploterie_2019_11_03.jpg?fit=1130%2C846&amp;ssl=1\" data-orig-size=\"1130,846\" data-comments-opened=\"1\" data-image-meta=\"{&quot;aperture&quot;:&quot;0&quot;,&quot;credit&quot;:&quot;brigitte snejkovsky&quot;,&quot;camera&quot;:&quot;&quot;,&quot;caption&quot;:&quot;&quot;,&quot;created_timestamp&quot;:&quot;1568467135&quot;,&quot;copyright&quot;:&quot;&quot;,&quot;focal_length&quot;:&quot;0&quot;,&quot;iso&quot;:&quot;0&quot;,&quot;shutter_speed&quot;:&quot;0&quot;,&quot;title&quot;:&quot;&quot;,&quot;orientation&quot;:&quot;0&quot;}\" data-image-title=\"Paploterie_2019_11_03\" data-image-description=\"\" data-image-caption=\"&lt;p&gt;Plan de situation de La Paploterie, Latill\u00e9 \u00a9G\u00e9oportail.fr&lt;\/p&gt;\n\" data-medium-file=\"https:\/\/i0.wp.com\/herage.org\/blog\/wp-content\/uploads\/2019\/11\/Paploterie_2019_11_03.jpg?fit=300%2C225&amp;ssl=1\" data-large-file=\"https:\/\/i0.wp.com\/herage.org\/blog\/wp-content\/uploads\/2019\/11\/Paploterie_2019_11_03.jpg?fit=584%2C437&amp;ssl=1\" loading=\"lazy\" class=\"wp-image-2422 size-large\" src=\"https:\/\/i0.wp.com\/herage.org\/blog\/wp-content\/uploads\/2019\/11\/Paploterie_2019_11_03-1024x767.jpg?resize=584%2C437\" alt=\"\" width=\"584\" height=\"437\" srcset=\"https:\/\/i0.wp.com\/herage.org\/blog\/wp-content\/uploads\/2019\/11\/Paploterie_2019_11_03.jpg?resize=1024%2C767&amp;ssl=1 1024w, https:\/\/i0.wp.com\/herage.org\/blog\/wp-content\/uploads\/2019\/11\/Paploterie_2019_11_03.jpg?resize=300%2C225&amp;ssl=1 300w, https:\/\/i0.wp.com\/herage.org\/blog\/wp-content\/uploads\/2019\/11\/Paploterie_2019_11_03.jpg?resize=768%2C575&amp;ssl=1 768w, https:\/\/i0.wp.com\/herage.org\/blog\/wp-content\/uploads\/2019\/11\/Paploterie_2019_11_03.jpg?resize=401%2C300&amp;ssl=1 401w, https:\/\/i0.wp.com\/herage.org\/blog\/wp-content\/uploads\/2019\/11\/Paploterie_2019_11_03.jpg?w=1130&amp;ssl=1 1130w\" sizes=\"(max-width: 584px) 100vw, 584px\" data-recalc-dims=\"1\" \/><\/a><p id=\"caption-attachment-2422\" class=\"wp-caption-text\">Plan de situation de La Paploterie, Latill\u00e9 \u00a9G\u00e9oportail.fr \u25b2 clic sur l&rsquo;image pour l&rsquo;agrandir<\/p><\/div>\n<p style=\"text-align: justify;\">Cependant, en agrandissant la vue, il n\u2019y a aucune maison, aucun b\u00e2timent mentionn\u00e9 sur la carte, pourtant tr\u00e8s pr\u00e9cise.<\/p>\n<div id=\"attachment_2423\" style=\"width: 949px\" class=\"wp-caption aligncenter\"><a href=\"https:\/\/i0.wp.com\/herage.org\/blog\/wp-content\/uploads\/2019\/11\/Paploterie_2019_11_04.jpg\" target=\"_blank\" rel=\"noopener\"><img aria-describedby=\"caption-attachment-2423\" data-attachment-id=\"2423\" data-permalink=\"https:\/\/herage.org\/blog\/https:\/blog.herage.org\/p=\/2317\/paploterie_2019_11_04\/\" data-orig-file=\"https:\/\/i0.wp.com\/herage.org\/blog\/wp-content\/uploads\/2019\/11\/Paploterie_2019_11_04.jpg?fit=939%2C596&amp;ssl=1\" data-orig-size=\"939,596\" data-comments-opened=\"1\" data-image-meta=\"{&quot;aperture&quot;:&quot;0&quot;,&quot;credit&quot;:&quot;brigitte snejkovsky&quot;,&quot;camera&quot;:&quot;&quot;,&quot;caption&quot;:&quot;&quot;,&quot;created_timestamp&quot;:&quot;1568467398&quot;,&quot;copyright&quot;:&quot;&quot;,&quot;focal_length&quot;:&quot;0&quot;,&quot;iso&quot;:&quot;0&quot;,&quot;shutter_speed&quot;:&quot;0&quot;,&quot;title&quot;:&quot;&quot;,&quot;orientation&quot;:&quot;0&quot;}\" data-image-title=\"Paploterie_2019_11_04\" data-image-description=\"\" data-image-caption=\"&lt;p&gt;Zoom sur le lieu-dit La Paploterie, Latill\u00e9 \u00a9 Geoportail.fr  \u25b2 clic sur l&amp;rsquo;image pour l&amp;rsquo;agrandir&lt;\/p&gt;\n\" data-medium-file=\"https:\/\/i0.wp.com\/herage.org\/blog\/wp-content\/uploads\/2019\/11\/Paploterie_2019_11_04.jpg?fit=300%2C190&amp;ssl=1\" data-large-file=\"https:\/\/i0.wp.com\/herage.org\/blog\/wp-content\/uploads\/2019\/11\/Paploterie_2019_11_04.jpg?fit=584%2C371&amp;ssl=1\" loading=\"lazy\" class=\"wp-image-2423 size-full\" src=\"https:\/\/i0.wp.com\/herage.org\/blog\/wp-content\/uploads\/2019\/11\/Paploterie_2019_11_04.jpg?resize=584%2C371\" alt=\"\" width=\"584\" height=\"371\" srcset=\"https:\/\/i0.wp.com\/herage.org\/blog\/wp-content\/uploads\/2019\/11\/Paploterie_2019_11_04.jpg?w=939&amp;ssl=1 939w, https:\/\/i0.wp.com\/herage.org\/blog\/wp-content\/uploads\/2019\/11\/Paploterie_2019_11_04.jpg?resize=300%2C190&amp;ssl=1 300w, https:\/\/i0.wp.com\/herage.org\/blog\/wp-content\/uploads\/2019\/11\/Paploterie_2019_11_04.jpg?resize=768%2C487&amp;ssl=1 768w, https:\/\/i0.wp.com\/herage.org\/blog\/wp-content\/uploads\/2019\/11\/Paploterie_2019_11_04.jpg?resize=473%2C300&amp;ssl=1 473w\" sizes=\"(max-width: 584px) 100vw, 584px\" data-recalc-dims=\"1\" \/><\/a><p id=\"caption-attachment-2423\" class=\"wp-caption-text\">Zoom sur le lieu-dit La Paploterie, Latill\u00e9 \u00a9 Geoportail.fr<\/p><\/div>\n<p style=\"text-align: justify;\">Alors j\u2019ai plong\u00e9 dans les archives, sur la piste de ce lieu qui ne semble plus exister qu\u2019\u00e0 travers un nom sur une carte.<\/p>\n<p style=\"text-align: justify;\">Sur la carte N\u00b067 de Cassini \u00e9dit\u00e9e vers 1770, le lieu est attest\u00e9, sous le nom de la Pateloterie, \u00e0 proximit\u00e9 de la Roberderie et des hameaux de Haute et Basse Vende, en limite des paroisses de Latill\u00e9 et Chir\u00e9-en-Montreuil.<\/p>\n<div id=\"attachment_2424\" style=\"width: 667px\" class=\"wp-caption aligncenter\"><a href=\"https:\/\/i0.wp.com\/herage.org\/blog\/wp-content\/uploads\/2019\/11\/Paploterie_2019_11_05.jpg\" target=\"_blank\" rel=\"noopener\"><img aria-describedby=\"caption-attachment-2424\" data-attachment-id=\"2424\" data-permalink=\"https:\/\/herage.org\/blog\/https:\/blog.herage.org\/p=\/2317\/paploterie_2019_11_05\/\" data-orig-file=\"https:\/\/i0.wp.com\/herage.org\/blog\/wp-content\/uploads\/2019\/11\/Paploterie_2019_11_05.jpg?fit=657%2C389&amp;ssl=1\" data-orig-size=\"657,389\" data-comments-opened=\"1\" data-image-meta=\"{&quot;aperture&quot;:&quot;0&quot;,&quot;credit&quot;:&quot;brigitte snejkovsky&quot;,&quot;camera&quot;:&quot;&quot;,&quot;caption&quot;:&quot;&quot;,&quot;created_timestamp&quot;:&quot;1568467959&quot;,&quot;copyright&quot;:&quot;&quot;,&quot;focal_length&quot;:&quot;0&quot;,&quot;iso&quot;:&quot;0&quot;,&quot;shutter_speed&quot;:&quot;0&quot;,&quot;title&quot;:&quot;&quot;,&quot;orientation&quot;:&quot;0&quot;}\" data-image-title=\"Paploterie_2019_11_05\" data-image-description=\"\" data-image-caption=\"&lt;p&gt;Carte de Cassini N\u00b0067 \u2013 Poitiers \u00a9Gallica BnF&lt;\/p&gt;\n\" data-medium-file=\"https:\/\/i0.wp.com\/herage.org\/blog\/wp-content\/uploads\/2019\/11\/Paploterie_2019_11_05.jpg?fit=300%2C178&amp;ssl=1\" data-large-file=\"https:\/\/i0.wp.com\/herage.org\/blog\/wp-content\/uploads\/2019\/11\/Paploterie_2019_11_05.jpg?fit=584%2C346&amp;ssl=1\" loading=\"lazy\" class=\"wp-image-2424 size-full\" src=\"https:\/\/i0.wp.com\/herage.org\/blog\/wp-content\/uploads\/2019\/11\/Paploterie_2019_11_05.jpg?resize=584%2C346\" alt=\"\" width=\"584\" height=\"346\" srcset=\"https:\/\/i0.wp.com\/herage.org\/blog\/wp-content\/uploads\/2019\/11\/Paploterie_2019_11_05.jpg?w=657&amp;ssl=1 657w, https:\/\/i0.wp.com\/herage.org\/blog\/wp-content\/uploads\/2019\/11\/Paploterie_2019_11_05.jpg?resize=300%2C178&amp;ssl=1 300w, https:\/\/i0.wp.com\/herage.org\/blog\/wp-content\/uploads\/2019\/11\/Paploterie_2019_11_05.jpg?resize=500%2C296&amp;ssl=1 500w\" sizes=\"(max-width: 584px) 100vw, 584px\" data-recalc-dims=\"1\" \/><\/a><p id=\"caption-attachment-2424\" class=\"wp-caption-text\">Carte de Cassini N\u00b0067 \u2013 Poitiers \u00a9Gallica BnF<\/p><\/div>\n<p style=\"text-align: justify;\">Lors de l\u2019\u00e9tablissement du cadastre dit napol\u00e9onien quelques dizaines d\u2019ann\u00e9es plus tard, on voit clairement la pr\u00e9sence de deux b\u00e2timents et d\u2019un petit \u00e9tang.<\/p>\n<div id=\"attachment_2425\" style=\"width: 909px\" class=\"wp-caption aligncenter\"><a href=\"https:\/\/i0.wp.com\/herage.org\/blog\/wp-content\/uploads\/2019\/11\/Paploterie_2019_11_06.jpg\" target=\"_blank\" rel=\"noopener\"><img aria-describedby=\"caption-attachment-2425\" data-attachment-id=\"2425\" data-permalink=\"https:\/\/herage.org\/blog\/https:\/blog.herage.org\/p=\/2317\/paploterie_2019_11_06\/\" data-orig-file=\"https:\/\/i0.wp.com\/herage.org\/blog\/wp-content\/uploads\/2019\/11\/Paploterie_2019_11_06.jpg?fit=899%2C518&amp;ssl=1\" data-orig-size=\"899,518\" data-comments-opened=\"1\" data-image-meta=\"{&quot;aperture&quot;:&quot;0&quot;,&quot;credit&quot;:&quot;brigitte snejkovsky&quot;,&quot;camera&quot;:&quot;&quot;,&quot;caption&quot;:&quot;&quot;,&quot;created_timestamp&quot;:&quot;1568481009&quot;,&quot;copyright&quot;:&quot;&quot;,&quot;focal_length&quot;:&quot;0&quot;,&quot;iso&quot;:&quot;0&quot;,&quot;shutter_speed&quot;:&quot;0&quot;,&quot;title&quot;:&quot;&quot;,&quot;orientation&quot;:&quot;0&quot;}\" data-image-title=\"Paploterie_2019_11_06\" data-image-description=\"\" data-image-caption=\"&lt;p&gt;Cadastre 1830 \u2013 Plan d\u2019assemblage \u00a9 AD86&lt;\/p&gt;\n\" data-medium-file=\"https:\/\/i0.wp.com\/herage.org\/blog\/wp-content\/uploads\/2019\/11\/Paploterie_2019_11_06.jpg?fit=300%2C173&amp;ssl=1\" data-large-file=\"https:\/\/i0.wp.com\/herage.org\/blog\/wp-content\/uploads\/2019\/11\/Paploterie_2019_11_06.jpg?fit=584%2C336&amp;ssl=1\" loading=\"lazy\" class=\"wp-image-2425 size-full\" src=\"https:\/\/i0.wp.com\/herage.org\/blog\/wp-content\/uploads\/2019\/11\/Paploterie_2019_11_06.jpg?resize=584%2C336\" alt=\"\" width=\"584\" height=\"336\" srcset=\"https:\/\/i0.wp.com\/herage.org\/blog\/wp-content\/uploads\/2019\/11\/Paploterie_2019_11_06.jpg?w=899&amp;ssl=1 899w, https:\/\/i0.wp.com\/herage.org\/blog\/wp-content\/uploads\/2019\/11\/Paploterie_2019_11_06.jpg?resize=300%2C173&amp;ssl=1 300w, https:\/\/i0.wp.com\/herage.org\/blog\/wp-content\/uploads\/2019\/11\/Paploterie_2019_11_06.jpg?resize=768%2C443&amp;ssl=1 768w, https:\/\/i0.wp.com\/herage.org\/blog\/wp-content\/uploads\/2019\/11\/Paploterie_2019_11_06.jpg?resize=500%2C288&amp;ssl=1 500w\" sizes=\"(max-width: 584px) 100vw, 584px\" data-recalc-dims=\"1\" \/><\/a><p id=\"caption-attachment-2425\" class=\"wp-caption-text\">Cadastre 1830 \u2013 Plan d\u2019assemblage \u00a9 AD86<\/p><\/div>\n<p style=\"text-align: justify;\">Le plan d\u00e9taill\u00e9 permet m\u00eame de voir les lots assez nombreux et le nom des champs tout autour\u00a0: le Champ du Devant, le Champ de la Porte, la plaine de la Pateloterie. Comme avant la R\u00e9volution, ce lieu dit est nomm\u00e9 Pa<strong>T<\/strong>eloterie. Quelle est la signification de ce nom, d\u2019o\u00f9 vient il\u00a0? Pour l\u2019instant, je n\u2019en sais rien.<\/p>\n<div id=\"attachment_2426\" style=\"width: 989px\" class=\"wp-caption aligncenter\"><a href=\"https:\/\/i0.wp.com\/herage.org\/blog\/wp-content\/uploads\/2019\/11\/Paploterie_2019_11_07.jpg\" target=\"_blank\" rel=\"noopener\"><img aria-describedby=\"caption-attachment-2426\" data-attachment-id=\"2426\" data-permalink=\"https:\/\/herage.org\/blog\/https:\/blog.herage.org\/p=\/2317\/paploterie_2019_11_07\/\" data-orig-file=\"https:\/\/i0.wp.com\/herage.org\/blog\/wp-content\/uploads\/2019\/11\/Paploterie_2019_11_07.jpg?fit=979%2C673&amp;ssl=1\" data-orig-size=\"979,673\" data-comments-opened=\"1\" data-image-meta=\"{&quot;aperture&quot;:&quot;0&quot;,&quot;credit&quot;:&quot;brigitte snejkovsky&quot;,&quot;camera&quot;:&quot;&quot;,&quot;caption&quot;:&quot;&quot;,&quot;created_timestamp&quot;:&quot;1568481404&quot;,&quot;copyright&quot;:&quot;&quot;,&quot;focal_length&quot;:&quot;0&quot;,&quot;iso&quot;:&quot;0&quot;,&quot;shutter_speed&quot;:&quot;0&quot;,&quot;title&quot;:&quot;&quot;,&quot;orientation&quot;:&quot;0&quot;}\" data-image-title=\"Paploterie_2019_11_07\" data-image-description=\"\" data-image-caption=\"&lt;p&gt;Latill\u00e9 Cadastre napol\u00e9onien Section D Feuille 1 \u00a9 AD86&lt;\/p&gt;\n\" data-medium-file=\"https:\/\/i0.wp.com\/herage.org\/blog\/wp-content\/uploads\/2019\/11\/Paploterie_2019_11_07.jpg?fit=300%2C206&amp;ssl=1\" data-large-file=\"https:\/\/i0.wp.com\/herage.org\/blog\/wp-content\/uploads\/2019\/11\/Paploterie_2019_11_07.jpg?fit=584%2C401&amp;ssl=1\" loading=\"lazy\" class=\"wp-image-2426 size-full\" src=\"https:\/\/i0.wp.com\/herage.org\/blog\/wp-content\/uploads\/2019\/11\/Paploterie_2019_11_07.jpg?resize=584%2C401\" alt=\"\" width=\"584\" height=\"401\" srcset=\"https:\/\/i0.wp.com\/herage.org\/blog\/wp-content\/uploads\/2019\/11\/Paploterie_2019_11_07.jpg?w=979&amp;ssl=1 979w, https:\/\/i0.wp.com\/herage.org\/blog\/wp-content\/uploads\/2019\/11\/Paploterie_2019_11_07.jpg?resize=300%2C206&amp;ssl=1 300w, https:\/\/i0.wp.com\/herage.org\/blog\/wp-content\/uploads\/2019\/11\/Paploterie_2019_11_07.jpg?resize=768%2C528&amp;ssl=1 768w, https:\/\/i0.wp.com\/herage.org\/blog\/wp-content\/uploads\/2019\/11\/Paploterie_2019_11_07.jpg?resize=436%2C300&amp;ssl=1 436w\" sizes=\"(max-width: 584px) 100vw, 584px\" data-recalc-dims=\"1\" \/><\/a><p id=\"caption-attachment-2426\" class=\"wp-caption-text\">Latill\u00e9 Cadastre napol\u00e9onien Section D Feuille 1 \u00a9 AD86<\/p><\/div>\n<p style=\"text-align: justify;\">Sur Geoportail, on peut consulter la carte de l\u2019\u00e9tat-major, dress\u00e9e entre 1820 et 1866. Le lieu dit y est indiqu\u00e9, sous le nom de la Pateloti\u00e8re. Quelque soit le nom, l\u2019endroit est clairement habit\u00e9 et exploit\u00e9 au 19\u00e8 si\u00e8cle.<\/p>\n<div id=\"attachment_2427\" style=\"width: 995px\" class=\"wp-caption aligncenter\"><a href=\"https:\/\/i0.wp.com\/herage.org\/blog\/wp-content\/uploads\/2019\/11\/Paploterie_2019_11_11.jpg\" target=\"_blank\" rel=\"noopener\"><img aria-describedby=\"caption-attachment-2427\" data-attachment-id=\"2427\" data-permalink=\"https:\/\/herage.org\/blog\/https:\/blog.herage.org\/p=\/2317\/paploterie_2019_11_11\/\" data-orig-file=\"https:\/\/i0.wp.com\/herage.org\/blog\/wp-content\/uploads\/2019\/11\/Paploterie_2019_11_11.jpg?fit=985%2C468&amp;ssl=1\" data-orig-size=\"985,468\" data-comments-opened=\"1\" data-image-meta=\"{&quot;aperture&quot;:&quot;0&quot;,&quot;credit&quot;:&quot;brigitte snejkovsky&quot;,&quot;camera&quot;:&quot;&quot;,&quot;caption&quot;:&quot;&quot;,&quot;created_timestamp&quot;:&quot;1568553458&quot;,&quot;copyright&quot;:&quot;&quot;,&quot;focal_length&quot;:&quot;0&quot;,&quot;iso&quot;:&quot;0&quot;,&quot;shutter_speed&quot;:&quot;0&quot;,&quot;title&quot;:&quot;&quot;,&quot;orientation&quot;:&quot;0&quot;}\" data-image-title=\"Paploterie_2019_11_11\" data-image-description=\"\" data-image-caption=\"&lt;p&gt;Carte de l\u2019\u00e9tat major 1830-1866 \u00a9 Geoportail.fr&lt;\/p&gt;\n\" data-medium-file=\"https:\/\/i0.wp.com\/herage.org\/blog\/wp-content\/uploads\/2019\/11\/Paploterie_2019_11_11.jpg?fit=300%2C143&amp;ssl=1\" data-large-file=\"https:\/\/i0.wp.com\/herage.org\/blog\/wp-content\/uploads\/2019\/11\/Paploterie_2019_11_11.jpg?fit=584%2C277&amp;ssl=1\" loading=\"lazy\" class=\"wp-image-2427 size-full\" src=\"https:\/\/i0.wp.com\/herage.org\/blog\/wp-content\/uploads\/2019\/11\/Paploterie_2019_11_11.jpg?resize=584%2C277\" alt=\"\" width=\"584\" height=\"277\" srcset=\"https:\/\/i0.wp.com\/herage.org\/blog\/wp-content\/uploads\/2019\/11\/Paploterie_2019_11_11.jpg?w=985&amp;ssl=1 985w, https:\/\/i0.wp.com\/herage.org\/blog\/wp-content\/uploads\/2019\/11\/Paploterie_2019_11_11.jpg?resize=300%2C143&amp;ssl=1 300w, https:\/\/i0.wp.com\/herage.org\/blog\/wp-content\/uploads\/2019\/11\/Paploterie_2019_11_11.jpg?resize=768%2C365&amp;ssl=1 768w, https:\/\/i0.wp.com\/herage.org\/blog\/wp-content\/uploads\/2019\/11\/Paploterie_2019_11_11.jpg?resize=500%2C238&amp;ssl=1 500w\" sizes=\"(max-width: 584px) 100vw, 584px\" data-recalc-dims=\"1\" \/><\/a><p id=\"caption-attachment-2427\" class=\"wp-caption-text\">Carte de l\u2019\u00e9tat major 1830-1866 \u00a9 Geoportail.fr<\/p><\/div>\n<p style=\"text-align: justify;\">Dans les relev\u00e9s que je fais sur la commune de Latill\u00e9, la plus ancienne mention de ce lieu remonte \u00e0 1824, lors du mariage de Vincent GUILLOT et Louise GUILLON, le 28 septembre 1824. La jeune \u00e9pouse est domicili\u00e9e \u00e0 la m\u00e9tairie de la Paploterie avec sa m\u00e8re.<\/p>\n<div id=\"attachment_2428\" style=\"width: 1006px\" class=\"wp-caption aligncenter\"><a href=\"https:\/\/i0.wp.com\/herage.org\/blog\/wp-content\/uploads\/2019\/11\/Paploterie_2019_11_08.jpg\" target=\"_blank\" rel=\"noopener\"><img aria-describedby=\"caption-attachment-2428\" data-attachment-id=\"2428\" data-permalink=\"https:\/\/herage.org\/blog\/https:\/blog.herage.org\/p=\/2317\/paploterie_2019_11_08\/\" data-orig-file=\"https:\/\/i0.wp.com\/herage.org\/blog\/wp-content\/uploads\/2019\/11\/Paploterie_2019_11_08.jpg?fit=996%2C559&amp;ssl=1\" data-orig-size=\"996,559\" data-comments-opened=\"1\" data-image-meta=\"{&quot;aperture&quot;:&quot;0&quot;,&quot;credit&quot;:&quot;brigitte snejkovsky&quot;,&quot;camera&quot;:&quot;&quot;,&quot;caption&quot;:&quot;&quot;,&quot;created_timestamp&quot;:&quot;1568481901&quot;,&quot;copyright&quot;:&quot;&quot;,&quot;focal_length&quot;:&quot;0&quot;,&quot;iso&quot;:&quot;0&quot;,&quot;shutter_speed&quot;:&quot;0&quot;,&quot;title&quot;:&quot;&quot;,&quot;orientation&quot;:&quot;0&quot;}\" data-image-title=\"Paploterie_2019_11_08\" data-image-description=\"\" data-image-caption=\"&lt;p&gt;Mariages Latill\u00e9 1823-1822 \u2013 vue 17\/112 \u00a9 AD86&lt;\/p&gt;\n\" data-medium-file=\"https:\/\/i0.wp.com\/herage.org\/blog\/wp-content\/uploads\/2019\/11\/Paploterie_2019_11_08.jpg?fit=300%2C168&amp;ssl=1\" data-large-file=\"https:\/\/i0.wp.com\/herage.org\/blog\/wp-content\/uploads\/2019\/11\/Paploterie_2019_11_08.jpg?fit=584%2C328&amp;ssl=1\" loading=\"lazy\" class=\"wp-image-2428 size-full\" src=\"https:\/\/i0.wp.com\/herage.org\/blog\/wp-content\/uploads\/2019\/11\/Paploterie_2019_11_08.jpg?resize=584%2C328\" alt=\"\" width=\"584\" height=\"328\" srcset=\"https:\/\/i0.wp.com\/herage.org\/blog\/wp-content\/uploads\/2019\/11\/Paploterie_2019_11_08.jpg?w=996&amp;ssl=1 996w, https:\/\/i0.wp.com\/herage.org\/blog\/wp-content\/uploads\/2019\/11\/Paploterie_2019_11_08.jpg?resize=300%2C168&amp;ssl=1 300w, https:\/\/i0.wp.com\/herage.org\/blog\/wp-content\/uploads\/2019\/11\/Paploterie_2019_11_08.jpg?resize=768%2C431&amp;ssl=1 768w, https:\/\/i0.wp.com\/herage.org\/blog\/wp-content\/uploads\/2019\/11\/Paploterie_2019_11_08.jpg?resize=500%2C281&amp;ssl=1 500w\" sizes=\"(max-width: 584px) 100vw, 584px\" data-recalc-dims=\"1\" \/><\/a><p id=\"caption-attachment-2428\" class=\"wp-caption-text\">Mariages Latill\u00e9 1823-1822 \u2013 vue 17\/112 \u00a9 AD86<\/p><\/div>\n<p style=\"text-align: justify;\">Il est \u00e0 noter que l\u2019acte r\u00e9dig\u00e9 par le maire de Latill\u00e9 indique le lieu comme PaPloterie, avec un P, alors que la carte de Cassini, \u00e9tablie \u00e0 peu pr\u00e8s \u00e0 la m\u00eame date, indique PaTEloterie, avec TE. P ou T, la diff\u00e9rence \u00e0 l\u2019oreille n\u2019est pas \u00e9norme, et c\u2019est doucement le nom de Paploterie qui va s\u2019imposer, rendant la recherche de son origine etymologique encore plus complexe.<\/p>\n<p style=\"text-align: justify;\">Les recensements \u00e0 Latill\u00e9 sont identifiables par lieu \u00e0 partir de 1841.<\/p>\n<p style=\"text-align: justify;\">En 1841, il y a 2 maisons et 2 m\u00e9nages \u00e0 la Paploterie.<\/p>\n<div id=\"attachment_2430\" style=\"width: 594px\" class=\"wp-caption aligncenter\"><a href=\"https:\/\/i0.wp.com\/herage.org\/blog\/wp-content\/uploads\/2019\/11\/Paploterie_2019_11_09.jpg\" target=\"_blank\" rel=\"noopener\"><img aria-describedby=\"caption-attachment-2430\" data-attachment-id=\"2430\" data-permalink=\"https:\/\/herage.org\/blog\/https:\/blog.herage.org\/p=\/2317\/paploterie_2019_11_09\/\" data-orig-file=\"https:\/\/i0.wp.com\/herage.org\/blog\/wp-content\/uploads\/2019\/11\/Paploterie_2019_11_09.jpg?fit=1123%2C422&amp;ssl=1\" data-orig-size=\"1123,422\" data-comments-opened=\"1\" data-image-meta=\"{&quot;aperture&quot;:&quot;0&quot;,&quot;credit&quot;:&quot;brigitte snejkovsky&quot;,&quot;camera&quot;:&quot;&quot;,&quot;caption&quot;:&quot;&quot;,&quot;created_timestamp&quot;:&quot;1568482487&quot;,&quot;copyright&quot;:&quot;&quot;,&quot;focal_length&quot;:&quot;0&quot;,&quot;iso&quot;:&quot;0&quot;,&quot;shutter_speed&quot;:&quot;0&quot;,&quot;title&quot;:&quot;&quot;,&quot;orientation&quot;:&quot;0&quot;}\" data-image-title=\"Paploterie_2019_11_09\" data-image-description=\"\" data-image-caption=\"&lt;p&gt;Recensement Latill\u00e9 1841 vue 56\/56 \u00a9 AD86&lt;\/p&gt;\n\" data-medium-file=\"https:\/\/i0.wp.com\/herage.org\/blog\/wp-content\/uploads\/2019\/11\/Paploterie_2019_11_09.jpg?fit=300%2C113&amp;ssl=1\" data-large-file=\"https:\/\/i0.wp.com\/herage.org\/blog\/wp-content\/uploads\/2019\/11\/Paploterie_2019_11_09.jpg?fit=584%2C220&amp;ssl=1\" loading=\"lazy\" class=\"wp-image-2430 size-large\" src=\"https:\/\/i0.wp.com\/herage.org\/blog\/wp-content\/uploads\/2019\/11\/Paploterie_2019_11_09-1024x385.jpg?resize=584%2C220\" alt=\"\" width=\"584\" height=\"220\" srcset=\"https:\/\/i0.wp.com\/herage.org\/blog\/wp-content\/uploads\/2019\/11\/Paploterie_2019_11_09.jpg?resize=1024%2C385&amp;ssl=1 1024w, https:\/\/i0.wp.com\/herage.org\/blog\/wp-content\/uploads\/2019\/11\/Paploterie_2019_11_09.jpg?resize=300%2C113&amp;ssl=1 300w, https:\/\/i0.wp.com\/herage.org\/blog\/wp-content\/uploads\/2019\/11\/Paploterie_2019_11_09.jpg?resize=768%2C289&amp;ssl=1 768w, https:\/\/i0.wp.com\/herage.org\/blog\/wp-content\/uploads\/2019\/11\/Paploterie_2019_11_09.jpg?resize=500%2C188&amp;ssl=1 500w, https:\/\/i0.wp.com\/herage.org\/blog\/wp-content\/uploads\/2019\/11\/Paploterie_2019_11_09.jpg?w=1123&amp;ssl=1 1123w\" sizes=\"(max-width: 584px) 100vw, 584px\" data-recalc-dims=\"1\" \/><\/a><p id=\"caption-attachment-2430\" class=\"wp-caption-text\">Recensement Latill\u00e9 1841 vue 56\/56 \u00a9 AD86<\/p><\/div>\n<p style=\"text-align: justify;\">C\u2019est la famille de Jacques SAINSOUX qui habite a priori la m\u00e9tairie, pendant que la famille de Joseph DAIGNE occupe une borderie sur le m\u00eame lieu.<\/p>\n<div id=\"attachment_2431\" style=\"width: 594px\" class=\"wp-caption aligncenter\"><a href=\"https:\/\/i0.wp.com\/herage.org\/blog\/wp-content\/uploads\/2019\/11\/Paploterie_2019_11_10.jpg\" target=\"_blank\" rel=\"noopener\"><img aria-describedby=\"caption-attachment-2431\" data-attachment-id=\"2431\" data-permalink=\"https:\/\/herage.org\/blog\/https:\/blog.herage.org\/p=\/2317\/paploterie_2019_11_10\/\" data-orig-file=\"https:\/\/i0.wp.com\/herage.org\/blog\/wp-content\/uploads\/2019\/11\/Paploterie_2019_11_10.jpg?fit=1482%2C844&amp;ssl=1\" data-orig-size=\"1482,844\" data-comments-opened=\"1\" data-image-meta=\"{&quot;aperture&quot;:&quot;0&quot;,&quot;credit&quot;:&quot;brigitte snejkovsky&quot;,&quot;camera&quot;:&quot;&quot;,&quot;caption&quot;:&quot;&quot;,&quot;created_timestamp&quot;:&quot;1568482823&quot;,&quot;copyright&quot;:&quot;&quot;,&quot;focal_length&quot;:&quot;0&quot;,&quot;iso&quot;:&quot;0&quot;,&quot;shutter_speed&quot;:&quot;0&quot;,&quot;title&quot;:&quot;&quot;,&quot;orientation&quot;:&quot;0&quot;}\" data-image-title=\"Paploterie_2019_11_10\" data-image-description=\"\" data-image-caption=\"&lt;p&gt;Recensement Latill\u00e9 1841 vue 53\/56 \u00a9 AD86&lt;\/p&gt;\n\" data-medium-file=\"https:\/\/i0.wp.com\/herage.org\/blog\/wp-content\/uploads\/2019\/11\/Paploterie_2019_11_10.jpg?fit=300%2C171&amp;ssl=1\" data-large-file=\"https:\/\/i0.wp.com\/herage.org\/blog\/wp-content\/uploads\/2019\/11\/Paploterie_2019_11_10.jpg?fit=584%2C332&amp;ssl=1\" loading=\"lazy\" class=\"wp-image-2431 size-large\" src=\"https:\/\/i0.wp.com\/herage.org\/blog\/wp-content\/uploads\/2019\/11\/Paploterie_2019_11_10-1024x583.jpg?resize=584%2C332\" alt=\"\" width=\"584\" height=\"332\" srcset=\"https:\/\/i0.wp.com\/herage.org\/blog\/wp-content\/uploads\/2019\/11\/Paploterie_2019_11_10.jpg?resize=1024%2C583&amp;ssl=1 1024w, https:\/\/i0.wp.com\/herage.org\/blog\/wp-content\/uploads\/2019\/11\/Paploterie_2019_11_10.jpg?resize=300%2C171&amp;ssl=1 300w, https:\/\/i0.wp.com\/herage.org\/blog\/wp-content\/uploads\/2019\/11\/Paploterie_2019_11_10.jpg?resize=768%2C437&amp;ssl=1 768w, https:\/\/i0.wp.com\/herage.org\/blog\/wp-content\/uploads\/2019\/11\/Paploterie_2019_11_10.jpg?resize=500%2C285&amp;ssl=1 500w, https:\/\/i0.wp.com\/herage.org\/blog\/wp-content\/uploads\/2019\/11\/Paploterie_2019_11_10.jpg?w=1482&amp;ssl=1 1482w, https:\/\/i0.wp.com\/herage.org\/blog\/wp-content\/uploads\/2019\/11\/Paploterie_2019_11_10.jpg?w=1168&amp;ssl=1 1168w\" sizes=\"(max-width: 584px) 100vw, 584px\" data-recalc-dims=\"1\" \/><\/a><p id=\"caption-attachment-2431\" class=\"wp-caption-text\">Recensement Latill\u00e9 1841 vue 53\/56 \u00a9 AD86 \u25b2 clic sur l&rsquo;image pour l&rsquo;agrandir<\/p><\/div>\n<p style=\"text-align: justify;\">A chaque recensement jusqu\u2019en 1861, ce sont des familles diff\u00e9rentes qui habitent et vivent \u00e0 cet endroit. Une \u00e0 deux familles, entre 6 et 11 personnes, jamais les m\u00eames. Certaines familles ne sont que de passage apparemment sur la commune, je ne les retrouve pas dans ma base de donn\u00e9es, quasiment compl\u00e8te entre 1872 et 1912. Cette grande mobilit\u00e9 est un signe de pr\u00e9carit\u00e9 tant au niveau professionnel\u00a0: aucun m\u00e9tayer ou fermier ne reste assez longtemps sur les terres exploit\u00e9es par la ferme de la Paploterie \u2013 qu\u2019au niveau du domicile. La seconde maison du lieu, celle occup\u00e9e par moments par des familles de journalier, semble \u00eatre une maison de secours, lou\u00e9e de fa\u00e7on non continue, trop \u00e9loign\u00e9e des lieux de vie \u2013 et de travail \u2013 de la population du village.<\/p>\n<p style=\"text-align: justify;\">Lors du recensement de 1866, la Paploterie n\u2019est pas mentionn\u00e9e, comme ne l\u2019est pas non plus le lieu dit de la Roberderie tout proche. S\u2019agit -il d\u2019une omission d\u2019une partie plut\u00f4t \u00e9loign\u00e9e du territoire, ou les deux fermes sont elles pour un temps vides d\u2019habitants, leurs terres \u00e9tant exploit\u00e9es par d\u2019autres cultivateurs\u00a0? Il faudrait des recherches plus d\u00e9taill\u00e9es pour le savoir.<\/p>\n<p style=\"text-align: justify;\">A partir du recensement de 1872, l\u2019occupation de la Papeloterie est plus r\u00e9guli\u00e8re. La famille de Jules Fran\u00e7ois TESSERAULT \u2013 souvent connu sous le pr\u00e9nom de Pierre \u2013 et de son \u00e9pouse Marie Louise CHARPENTIER s\u2019y installe avant mars 1870 et va y rester jusqu\u2019apr\u00e8s 1886. Ils g\u00e8rent la m\u00e9tairie du lieu. Leur succ\u00e8de la famille de Jacques BRUNET et Madeleine GARNIER, jusqu\u2019au recensement de 1896. A partir de 1901 on trouve le couple Louis TEXERAULT et Louise LAROCHE, qui va continuer \u00e0 vivre \u00e0 la Paploterie apr\u00e8s le d\u00e9c\u00e8s de son mari, au moins jusqu\u2019en 1926.<\/p>\n<p style=\"text-align: justify;\">Apr\u00e8s 1931 en revanche, les recensements ne mentionnent plus la Paploterie. N\u2019est elle plus habit\u00e9e\u00a0?<\/p>\n<p style=\"text-align: justify;\">Geoportail met en ligne des photos a\u00e9riennes du territoire fran\u00e7ais entre 1950 et 1965. En les consultant avec juxtaposition de la carte Ign classique, j\u2019y vois bien des b\u00e2timents sans pouvoir savoir s\u2019ils sont ou non encore habit\u00e9s \u00e0 l\u2019\u00e9poque. Mais le paysage correspond bien au paysage de semi bocage de mon enfance\u00a0: des parcelles de champs entour\u00e9es de haies.<\/p>\n<p style=\"text-align: justify;\"><a href=\"https:\/\/i0.wp.com\/herage.org\/blog\/wp-content\/uploads\/2019\/11\/Paploterie_2019_11_12.jpg\" target=\"_blank\" rel=\"noopener\"><img data-attachment-id=\"2432\" data-permalink=\"https:\/\/herage.org\/blog\/https:\/blog.herage.org\/p=\/2317\/paploterie_2019_11_12\/\" data-orig-file=\"https:\/\/i0.wp.com\/herage.org\/blog\/wp-content\/uploads\/2019\/11\/Paploterie_2019_11_12.jpg?fit=1121%2C751&amp;ssl=1\" data-orig-size=\"1121,751\" data-comments-opened=\"1\" data-image-meta=\"{&quot;aperture&quot;:&quot;0&quot;,&quot;credit&quot;:&quot;brigitte snejkovsky&quot;,&quot;camera&quot;:&quot;&quot;,&quot;caption&quot;:&quot;&quot;,&quot;created_timestamp&quot;:&quot;1568553930&quot;,&quot;copyright&quot;:&quot;&quot;,&quot;focal_length&quot;:&quot;0&quot;,&quot;iso&quot;:&quot;0&quot;,&quot;shutter_speed&quot;:&quot;0&quot;,&quot;title&quot;:&quot;&quot;,&quot;orientation&quot;:&quot;0&quot;}\" data-image-title=\"Paploterie_2019_11_12\" data-image-description=\"\" data-image-caption=\"\" data-medium-file=\"https:\/\/i0.wp.com\/herage.org\/blog\/wp-content\/uploads\/2019\/11\/Paploterie_2019_11_12.jpg?fit=300%2C201&amp;ssl=1\" data-large-file=\"https:\/\/i0.wp.com\/herage.org\/blog\/wp-content\/uploads\/2019\/11\/Paploterie_2019_11_12.jpg?fit=584%2C391&amp;ssl=1\" loading=\"lazy\" class=\"aligncenter wp-image-2432 size-large\" src=\"https:\/\/i0.wp.com\/herage.org\/blog\/wp-content\/uploads\/2019\/11\/Paploterie_2019_11_12-1024x686.jpg?resize=584%2C391\" alt=\"\" width=\"584\" height=\"391\" srcset=\"https:\/\/i0.wp.com\/herage.org\/blog\/wp-content\/uploads\/2019\/11\/Paploterie_2019_11_12.jpg?resize=1024%2C686&amp;ssl=1 1024w, https:\/\/i0.wp.com\/herage.org\/blog\/wp-content\/uploads\/2019\/11\/Paploterie_2019_11_12.jpg?resize=300%2C201&amp;ssl=1 300w, https:\/\/i0.wp.com\/herage.org\/blog\/wp-content\/uploads\/2019\/11\/Paploterie_2019_11_12.jpg?resize=768%2C515&amp;ssl=1 768w, https:\/\/i0.wp.com\/herage.org\/blog\/wp-content\/uploads\/2019\/11\/Paploterie_2019_11_12.jpg?resize=448%2C300&amp;ssl=1 448w, https:\/\/i0.wp.com\/herage.org\/blog\/wp-content\/uploads\/2019\/11\/Paploterie_2019_11_12.jpg?w=1121&amp;ssl=1 1121w\" sizes=\"(max-width: 584px) 100vw, 584px\" data-recalc-dims=\"1\" \/><\/a><\/p>\n<p style=\"text-align: justify;\">La photographie a\u00e9rienne \u00e9quivalente que l\u2019on peut consulter aujourd\u2019hui sur Google Maps est parlante\u00a0: les haies ont disparues, les champs sont devenus de grandes parcelles\u00a0 cultiv\u00e9es d\u2019un tenant par des engins agricoles plus massifs \u2026.. et les petites maisons de la Paploterie, devenues inutiles, ont disparu.<\/p>\n<p style=\"text-align: justify;\">Rien, il ne reste rien de la petite maison o\u00f9 mes arri\u00e8res arri\u00e8res grands parents ont pass\u00e9 quelques ann\u00e9es, pas m\u00eame un muret de pierres s\u00e8ches. Tout a \u00e9t\u00e9 labour\u00e9 et s\u2019il ne restait pas la mention du lieu dit sur la carte de Geoportail, on ne saurait m\u00eame plus situer cette ancienne ferme.<\/p>\n<div id=\"attachment_2433\" style=\"width: 594px\" class=\"wp-caption aligncenter\"><a href=\"https:\/\/i0.wp.com\/herage.org\/blog\/wp-content\/uploads\/2019\/11\/Paploterie_2019_11_13.jpg\"><img aria-describedby=\"caption-attachment-2433\" data-attachment-id=\"2433\" data-permalink=\"https:\/\/herage.org\/blog\/https:\/blog.herage.org\/p=\/2317\/paploterie_2019_11_13\/\" data-orig-file=\"https:\/\/i0.wp.com\/herage.org\/blog\/wp-content\/uploads\/2019\/11\/Paploterie_2019_11_13.jpg?fit=1184%2C794&amp;ssl=1\" data-orig-size=\"1184,794\" data-comments-opened=\"1\" data-image-meta=\"{&quot;aperture&quot;:&quot;0&quot;,&quot;credit&quot;:&quot;brigitte snejkovsky&quot;,&quot;camera&quot;:&quot;&quot;,&quot;caption&quot;:&quot;&quot;,&quot;created_timestamp&quot;:&quot;1568554077&quot;,&quot;copyright&quot;:&quot;&quot;,&quot;focal_length&quot;:&quot;0&quot;,&quot;iso&quot;:&quot;0&quot;,&quot;shutter_speed&quot;:&quot;0&quot;,&quot;title&quot;:&quot;&quot;,&quot;orientation&quot;:&quot;0&quot;}\" data-image-title=\"Paploterie_2019_11_13\" data-image-description=\"\" data-image-caption=\"&lt;p&gt;Vue a\u00e9rienne \u00a9 Google Maps&lt;\/p&gt;\n\" data-medium-file=\"https:\/\/i0.wp.com\/herage.org\/blog\/wp-content\/uploads\/2019\/11\/Paploterie_2019_11_13.jpg?fit=300%2C201&amp;ssl=1\" data-large-file=\"https:\/\/i0.wp.com\/herage.org\/blog\/wp-content\/uploads\/2019\/11\/Paploterie_2019_11_13.jpg?fit=584%2C392&amp;ssl=1\" loading=\"lazy\" class=\"size-large wp-image-2433\" src=\"https:\/\/i0.wp.com\/herage.org\/blog\/wp-content\/uploads\/2019\/11\/Paploterie_2019_11_13-1024x687.jpg?resize=584%2C392\" alt=\"\" width=\"584\" height=\"392\" srcset=\"https:\/\/i0.wp.com\/herage.org\/blog\/wp-content\/uploads\/2019\/11\/Paploterie_2019_11_13.jpg?resize=1024%2C687&amp;ssl=1 1024w, https:\/\/i0.wp.com\/herage.org\/blog\/wp-content\/uploads\/2019\/11\/Paploterie_2019_11_13.jpg?resize=300%2C201&amp;ssl=1 300w, https:\/\/i0.wp.com\/herage.org\/blog\/wp-content\/uploads\/2019\/11\/Paploterie_2019_11_13.jpg?resize=768%2C515&amp;ssl=1 768w, https:\/\/i0.wp.com\/herage.org\/blog\/wp-content\/uploads\/2019\/11\/Paploterie_2019_11_13.jpg?resize=447%2C300&amp;ssl=1 447w, https:\/\/i0.wp.com\/herage.org\/blog\/wp-content\/uploads\/2019\/11\/Paploterie_2019_11_13.jpg?w=1184&amp;ssl=1 1184w\" sizes=\"(max-width: 584px) 100vw, 584px\" data-recalc-dims=\"1\" \/><\/a><p id=\"caption-attachment-2433\" class=\"wp-caption-text\">Vue a\u00e9rienne \u00a9 Google Maps<\/p><\/div>\n<p style=\"text-align: justify;\">Entre les deux photos, le remembrement agricole a \u00e9t\u00e9 acc\u00e9l\u00e9r\u00e9 par un d\u00e9cret de juin 1963 dans lequel l\u2019Etat a pris en charge tous les frais de remembrement, dont auparavant 20% des d\u00e9penses restaient \u00e0 la charge des propri\u00e9taires.<\/p>\n<p style=\"text-align: justify;\">Sur le cadastre actuel, consultable en ligne, il reste encore 5 parcelles distinctes, l\u00e0 o\u00f9 le cadastre napol\u00e9onien en comptait plus d\u2019une dizaine. Mais ces 5 parcelles ne forment plus qu\u2019un grand champ, qui n\u2019a rien gard\u00e9 de son pass\u00e9 ou de son histoire.<\/p>\n","protected":false},"excerpt":{"rendered":"<p>Le 2 avril 1872, mon arri\u00e8re arri\u00e8re grand-m\u00e8re, Louise Ang\u00e8le REAU, met au monde dans la petite maison de son beau-fr\u00e8re et de sa s\u0153ur, Fran\u00e7ois QUINTARD et Marie Magdelaine REAU, un petit gar\u00e7on de p\u00e8re inconnu, Louis REAULT. Cette &hellip; <a href=\"https:\/\/herage.org\/blog\/https:\/blog.herage.org\/p=\/2317\/\">Continuer la lecture <span class=\"meta-nav\">&rarr;<\/span><\/a><\/p>\n","protected":false},"author":724,"featured_media":0,"comment_status":"open","ping_status":"open","sticky":false,"template":"","format":"standard","meta":{"spay_email":"","jetpack_publicize_message":"#ChallengeAZ \u2502 L... Latill\u00e9, mais o\u00f9 est pass\u00e9 La Paploterie ?\r\nou comment partir \u00e0 la recherche d'un lieu de vie de vos anc\u00eatres \u00e0 travers les recensements et la cartographie.","jetpack_is_tweetstorm":false,"jetpack_publicize_feature_enabled":true},"categories":[262,30],"tags":[],"jetpack_publicize_connections":[],"jetpack_featured_media_url":"","jetpack_sharing_enabled":true,"jetpack_shortlink":"https:\/\/wp.me\/p4fVnZ-Bn","jetpack-related-posts":[{"id":1736,"url":"https:\/\/herage.org\/blog\/https:\/blog.herage.org\/p=\/1736\/","url_meta":{"origin":2317,"position":0},"title":"#ChallengeAZ \u2502 J&#8230; La Jusie, une famille de noiseux \u00ab\u00a0les BOURREAU\u00a0\u00bb","date":"12 novembre 2018","format":false,"excerpt":"Les BOURREAU de la Jusie bastonnent \u00e0 la Saint-Philibert Le 05 ao\u00fbt 1726 une information est ouverte contre BERTINEAU, BRIN, Louis, Pierre et Jean BOURREAU et leur s\u0153ur, AUBOURG femme BOURREAU, HERBOIREAU, accus\u00e9s d\u2019avoir maltrait\u00e9 la veille Mathurin fils de Jacques AUBIN aubergiste de Latill\u00e9. Ledit Mathurin AUBIN malade git\u2026","rel":"","context":"Dans &quot;Challenge AZ 2018&quot;","img":{"alt_text":"La Jusie, Latill\u00c3\u00a9, Vienne 86, cadastre napol\u00c3\u00a9onien","src":"https:\/\/i0.wp.com\/herage.org\/blog\/wp-content\/uploads\/2018\/11\/la-Jusie-AD86-cadastre-Napol\u00c3\u00a9on.jpg?resize=350%2C200","width":350,"height":200},"classes":[]},{"id":2755,"url":"https:\/\/herage.org\/blog\/https:\/blog.herage.org\/p=\/2755\/","url_meta":{"origin":2317,"position":1},"title":"Calendrier de l&rsquo;avent du CGP : Jour 1","date":"2 d\u00e9cembre 2019","format":false,"excerpt":"Pour le mois de d\u00e9cembre 2019, nous vous proposons d'ouvrir la bo\u00eete \u00e0 souvenirs. Nous avons demand\u00e9 \u00e0 nos adh\u00e9rents de bien vouloir partager des photos ou images et de nous dire en quelques mots ce qu'elles \u00e9voquaient pour eux. La premi\u00e8re photo est partag\u00e9e par Brigitte Billard : \"ma\u2026","rel":"","context":"Dans &quot;Calendrier de l'avent 2019&quot;","img":{"alt_text":"Latill\u00c3\u00a9, Quintard, Guignard","src":"https:\/\/i0.wp.com\/herage.org\/blog\/wp-content\/uploads\/2019\/12\/1905_10_Mariage_Guignard_Quintard-724x1024.jpg?resize=350%2C200","width":350,"height":200},"classes":[]},{"id":2804,"url":"https:\/\/herage.org\/blog\/https:\/blog.herage.org\/p=\/2804\/","url_meta":{"origin":2317,"position":2},"title":"Calendrier de l&rsquo;avent du CGP : Jour 11","date":"11 d\u00e9cembre 2019","format":false,"excerpt":"\u00a0 Pour le mois de d\u00e9cembre 2019, nous vous proposons d\u2019ouvrir la bo\u00eete \u00e0 souvenirs. Nous avons demand\u00e9 \u00e0 nos adh\u00e9rents de bien vouloir partager des photos ou images et de nous dire en quelques mots ce qu\u2019elles \u00e9voquaient pour eux. Au 11e jour, c'est le tour de David Albert-Brunet\u2026","rel":"","context":"Dans &quot;Calendrier de l'avent 2019&quot;","img":{"alt_text":"","src":"https:\/\/i0.wp.com\/herage.org\/blog\/wp-content\/uploads\/2019\/12\/Famille-AUTHE.png?resize=350%2C200","width":350,"height":200},"classes":[]},{"id":2870,"url":"https:\/\/herage.org\/blog\/https:\/blog.herage.org\/p=\/2870\/","url_meta":{"origin":2317,"position":3},"title":"Calendrier de l&rsquo;avent du CGP : Jour 21","date":"21 d\u00e9cembre 2019","format":false,"excerpt":"Pour le mois de d\u00e9cembre 2019, nous vous proposons d\u2019ouvrir la bo\u00eete \u00e0 souvenirs. En ce 21e jour, nous avons choisi d'\u00e9voquer un des des moments forts d'une association : les assembl\u00e9es g\u00e9n\u00e9rales. Vous \u00eates nombreux chaque ann\u00e9e \u00e0 r\u00e9pondre \u00e0 cette invitation. Cela en fait des souvenirs ! Voici\u2026","rel":"","context":"Dans &quot;Calendrier de l'avent 2019&quot;","img":{"alt_text":"","src":"https:\/\/i0.wp.com\/herage.org\/blog\/wp-content\/uploads\/2019\/12\/Souvenirs-AG-CGP.png?resize=350%2C200","width":350,"height":200},"classes":[]},{"id":2341,"url":"https:\/\/herage.org\/blog\/https:\/blog.herage.org\/p=\/2341\/","url_meta":{"origin":2317,"position":4},"title":"#ChallengeAZ \u2502 X&#8230; Identifiez les X sur les photos","date":"28 novembre 2019","format":false,"excerpt":"Pour les journ\u00e9es d'\u00e9changes du Cercle g\u00e9n\u00e9alogique Poitevin qui se sont d\u00e9roul\u00e9es \u00e0 Bignoux en 2018, nous avons fait appel \u00e0 nos adh\u00e9rents pour pr\u00e9parer une exposition de photos de classe de la Vienne. Nous avons ainsi pu r\u00e9unir une belle galerie de photos. Les plus anciennes datent de 1884\u2026","rel":"","context":"Dans &quot;Challenge AZ 2019&quot;","img":{"alt_text":"","src":"https:\/\/i0.wp.com\/herage.org\/blog\/wp-content\/uploads\/2019\/11\/Bignoux-par-Th-Chestier-13-1024x683.jpg?resize=350%2C200","width":350,"height":200},"classes":[]},{"id":2306,"url":"https:\/\/herage.org\/blog\/https:\/blog.herage.org\/p=\/2306\/","url_meta":{"origin":2317,"position":5},"title":"#ChallengeAZ \u2502 G&#8230; La grammaire d&rsquo;Aim\u00e9 SOUCH\u00c9","date":"8 novembre 2019","format":false,"excerpt":"En choisissant d'\u00e9voquer l'enseignement pour ce challenge, cela nous donnait l'occasion de parler d'instituteurs, de m\u00e9thodes d'enseignement ou d'anecdotes autour de l'\u00e9cole d'un village. L'instituteur est un personnage que l'on croise souvent dans nos recherches g\u00e9n\u00e9alogiques. Il appara\u00eet ainsi parfois comme t\u00e9moin d'un \u00e9v\u00e9nement familial ou comme conseiller municipal et\u2026","rel":"","context":"Dans &quot;Challenge AZ 2019&quot;","img":{"alt_text":"","src":"https:\/\/i0.wp.com\/herage.org\/blog\/wp-content\/uploads\/2019\/11\/Lettre-A-Souch\u00c3\u00a9-06-juillet-1913-v1.png?resize=350%2C200","width":350,"height":200},"classes":[]}],"_links":{"self":[{"href":"https:\/\/herage.org\/blog\/wp-json\/wp\/v2\/posts\/2317"}],"collection":[{"href":"https:\/\/herage.org\/blog\/wp-json\/wp\/v2\/posts"}],"about":[{"href":"https:\/\/herage.org\/blog\/wp-json\/wp\/v2\/types\/post"}],"author":[{"embeddable":true,"href":"https:\/\/herage.org\/blog\/wp-json\/wp\/v2\/users\/724"}],"replies":[{"embeddable":true,"href":"https:\/\/herage.org\/blog\/wp-json\/wp\/v2\/comments?post=2317"}],"version-history":[{"count":6,"href":"https:\/\/herage.org\/blog\/wp-json\/wp\/v2\/posts\/2317\/revisions"}],"predecessor-version":[{"id":2593,"href":"https:\/\/herage.org\/blog\/wp-json\/wp\/v2\/posts\/2317\/revisions\/2593"}],"wp:attachment":[{"href":"https:\/\/herage.org\/blog\/wp-json\/wp\/v2\/media?parent=2317"}],"wp:term":[{"taxonomy":"category","embeddable":true,"href":"https:\/\/herage.org\/blog\/wp-json\/wp\/v2\/categories?post=2317"},{"taxonomy":"post_tag","embeddable":true,"href":"https:\/\/herage.org\/blog\/wp-json\/wp\/v2\/tags?post=2317"}],"curies":[{"name":"wp","href":"https:\/\/api.w.org\/{rel}","templated":true}]}}