{"id":2325,"date":"2019-11-19T08:00:48","date_gmt":"2019-11-19T07:00:48","guid":{"rendered":"http:\/\/herage.org\/blog\/?p=2325"},"modified":"2019-11-13T22:25:46","modified_gmt":"2019-11-13T21:25:46","slug":"challengeaz-%e2%94%82-p-francois-le-poitevin-compagnon","status":"publish","type":"post","link":"https:\/\/herage.org\/blog\/https:\/blog.herage.org\/p=\/2325\/","title":{"rendered":"#ChallengeAZ \u2502 P&#8230; Fran\u00e7ois Le Poitevin, compagnon"},"content":{"rendered":"<div id=\"attachment_2610\" style=\"width: 225px\" class=\"wp-caption aligncenter\"><a href=\"https:\/\/i0.wp.com\/herage.org\/blog\/wp-content\/uploads\/2019\/11\/Embleme-compagnons-du-devoir.png\" target=\"_blank\" rel=\"noopener\"><img aria-describedby=\"caption-attachment-2610\" data-attachment-id=\"2610\" data-permalink=\"https:\/\/herage.org\/blog\/https:\/blog.herage.org\/p=\/2325\/embleme-compagnons-du-devoir\/\" data-orig-file=\"https:\/\/i0.wp.com\/herage.org\/blog\/wp-content\/uploads\/2019\/11\/Embleme-compagnons-du-devoir.png?fit=177%2C154&amp;ssl=1\" data-orig-size=\"177,154\" data-comments-opened=\"1\" data-image-meta=\"{&quot;aperture&quot;:&quot;0&quot;,&quot;credit&quot;:&quot;&quot;,&quot;camera&quot;:&quot;&quot;,&quot;caption&quot;:&quot;&quot;,&quot;created_timestamp&quot;:&quot;0&quot;,&quot;copyright&quot;:&quot;&quot;,&quot;focal_length&quot;:&quot;0&quot;,&quot;iso&quot;:&quot;0&quot;,&quot;shutter_speed&quot;:&quot;0&quot;,&quot;title&quot;:&quot;&quot;,&quot;orientation&quot;:&quot;0&quot;}\" data-image-title=\"Embleme compagnons du devoir\" data-image-description=\"\" data-image-caption=\"&lt;p&gt;Embl\u00e8me des compagnons du devoir&lt;\/p&gt;\n\" data-medium-file=\"https:\/\/i0.wp.com\/herage.org\/blog\/wp-content\/uploads\/2019\/11\/Embleme-compagnons-du-devoir.png?fit=177%2C154&amp;ssl=1\" data-large-file=\"https:\/\/i0.wp.com\/herage.org\/blog\/wp-content\/uploads\/2019\/11\/Embleme-compagnons-du-devoir.png?fit=177%2C154&amp;ssl=1\" loading=\"lazy\" class=\"wp-image-2610\" src=\"https:\/\/i0.wp.com\/herage.org\/blog\/wp-content\/uploads\/2019\/11\/Embleme-compagnons-du-devoir.png?resize=215%2C187\" alt=\"compagnons du devoir\" width=\"215\" height=\"187\" data-recalc-dims=\"1\" \/><\/a><p id=\"caption-attachment-2610\" class=\"wp-caption-text\">Embl\u00e8me des compagnons du devoir<\/p><\/div>\n<p style=\"text-align: justify;\">Alors qu\u2019il apprenait le d\u00e9c\u00e8s de son p\u00e8re, survenu le 27 janvier 1848 \u00e0 Curzay-sur-Vonne, Fran\u00e7ois ARDOUIN, dit le Poitevin, compagnon du tour de France ou compagnon du devoir, \u00e9tait t\u00e9moin de faits historiques\u00a0majeurs :\u00a0<strong>la R\u00e9volution Fran\u00e7aise de 1848<\/strong>, appel\u00e9e aussi \u00ab\u00a0R\u00e9volution\u00a0de f\u00e9vrier\u00bb, 3<sup>\u00e8me<\/sup> R\u00e9volution apr\u00e8s celle de 1789 et de 1830.\u00a0En effet, nous \u00e9tions le <strong>22 f\u00e9vrier 1848<\/strong>, Fran\u00e7ois se trouvait \u00e0 Paris o\u00f9 son tour de France en tant que compagnon du Devoir, l\u2019avait conduit.\u00a0<\/p>\n<div id=\"attachment_2611\" style=\"width: 594px\" class=\"wp-caption aligncenter\"><a href=\"https:\/\/i0.wp.com\/herage.org\/blog\/wp-content\/uploads\/2019\/11\/Curzay-sur-Vonne-l\u00e9glise.jpg\" target=\"_blank\" rel=\"noopener\"><img aria-describedby=\"caption-attachment-2611\" data-attachment-id=\"2611\" data-permalink=\"https:\/\/herage.org\/blog\/https:\/blog.herage.org\/p=\/2325\/curzay-sur-vonne-leglise\/\" data-orig-file=\"https:\/\/i0.wp.com\/herage.org\/blog\/wp-content\/uploads\/2019\/11\/Curzay-sur-Vonne-l\u00e9glise.jpg?fit=1479%2C939&amp;ssl=1\" data-orig-size=\"1479,939\" data-comments-opened=\"1\" data-image-meta=\"{&quot;aperture&quot;:&quot;0&quot;,&quot;credit&quot;:&quot;&quot;,&quot;camera&quot;:&quot;&quot;,&quot;caption&quot;:&quot;&quot;,&quot;created_timestamp&quot;:&quot;0&quot;,&quot;copyright&quot;:&quot;&quot;,&quot;focal_length&quot;:&quot;0&quot;,&quot;iso&quot;:&quot;0&quot;,&quot;shutter_speed&quot;:&quot;0&quot;,&quot;title&quot;:&quot;&quot;,&quot;orientation&quot;:&quot;0&quot;}\" data-image-title=\"Curzay sur Vonne l&amp;rsquo;\u00e9glise\" data-image-description=\"\" data-image-caption=\"&lt;p&gt;L&amp;rsquo;\u00e9glise de Curzay-sur-Vonne (86)&lt;\/p&gt;\n\" data-medium-file=\"https:\/\/i0.wp.com\/herage.org\/blog\/wp-content\/uploads\/2019\/11\/Curzay-sur-Vonne-l\u00e9glise.jpg?fit=300%2C190&amp;ssl=1\" data-large-file=\"https:\/\/i0.wp.com\/herage.org\/blog\/wp-content\/uploads\/2019\/11\/Curzay-sur-Vonne-l\u00e9glise.jpg?fit=584%2C371&amp;ssl=1\" loading=\"lazy\" class=\"wp-image-2611 size-large\" src=\"https:\/\/i0.wp.com\/herage.org\/blog\/wp-content\/uploads\/2019\/11\/Curzay-sur-Vonne-l\u00e9glise-1024x650.jpg?resize=584%2C371\" alt=\"Curzay-sur-Vonne, \u00e9glise, Vienne 86\" width=\"584\" height=\"371\" srcset=\"https:\/\/i0.wp.com\/herage.org\/blog\/wp-content\/uploads\/2019\/11\/Curzay-sur-Vonne-l\u00e9glise.jpg?resize=1024%2C650&amp;ssl=1 1024w, https:\/\/i0.wp.com\/herage.org\/blog\/wp-content\/uploads\/2019\/11\/Curzay-sur-Vonne-l\u00e9glise.jpg?resize=300%2C190&amp;ssl=1 300w, https:\/\/i0.wp.com\/herage.org\/blog\/wp-content\/uploads\/2019\/11\/Curzay-sur-Vonne-l\u00e9glise.jpg?resize=768%2C488&amp;ssl=1 768w, https:\/\/i0.wp.com\/herage.org\/blog\/wp-content\/uploads\/2019\/11\/Curzay-sur-Vonne-l\u00e9glise.jpg?resize=473%2C300&amp;ssl=1 473w, https:\/\/i0.wp.com\/herage.org\/blog\/wp-content\/uploads\/2019\/11\/Curzay-sur-Vonne-l\u00e9glise.jpg?w=1479&amp;ssl=1 1479w, https:\/\/i0.wp.com\/herage.org\/blog\/wp-content\/uploads\/2019\/11\/Curzay-sur-Vonne-l\u00e9glise.jpg?w=1168&amp;ssl=1 1168w\" sizes=\"(max-width: 584px) 100vw, 584px\" data-recalc-dims=\"1\" \/><\/a><p id=\"caption-attachment-2611\" class=\"wp-caption-text\">L&rsquo;\u00e9glise de Curzay-sur-Vonne (86)<\/p><\/div>\n<p style=\"text-align: justify;\">Au d\u00e9but de l&rsquo;ann\u00e9e 1840, Fran\u00e7ois \u00e9tait alors \u00e2g\u00e9 de 25 ans lorsqu&rsquo;il partit\u00a0de son village natal, Curzay-sur-Vonne, petite commune de 900 habitants dans l\u2019ouest du d\u00e9partement de la Vienne \u00e0 30 Km de Poitiers, pour r\u00e9aliser son tour de France.\u00a0Engag\u00e9 comme apprenti chez Monsieur DEL\u00c9CHELLE, charpentier \u00e0 Curzay-sur-Vonne, selon le recensement de 1836, Fran\u00e7ois fait le choix de devenir menuisier \u00e9b\u00e9niste, alors que son p\u00e8re et son fr\u00e8re a\u00een\u00e9 exer\u00e7aient la profession de <a href=\"https:\/\/www.tfcg.ca\/ancien-metier-chaufournier\" target=\"_blank\" rel=\"noopener\">chaulier (ou chaufournier)<\/a> et ceci, depuis plusieurs g\u00e9n\u00e9rations.\u00a0Fran\u00e7ois avait donc fait un autre choix professionnel, mais pour quelles raisons\u00a0?<\/p>\n<p style=\"text-align: justify;\">Sa formation chez son patron de Curzay-sur-Vonne, le conduisit chez un autre artisan menuisier install\u00e9, lui, \u00e0 Lusignan, chez lequel il fit des rencontres qui orienteront son avenir professionnel.\u00a0Sa route croisera en effet, celle de Compagnons du devoir, dits \u00ab\u00a0<strong>D\u00e9vorants<\/strong>\u00a0\u00bb ouvriers faisant partie de cette soci\u00e9t\u00e9, les ouvriers de l\u2019autre soci\u00e9t\u00e9 \u00e9tant appel\u00e9s \u00ab\u00a0<strong>les Gavots<\/strong>\u00a0\u00bb.<\/p>\n<div id=\"attachment_2608\" style=\"width: 1633px\" class=\"wp-caption aligncenter\"><a href=\"https:\/\/i0.wp.com\/herage.org\/blog\/wp-content\/uploads\/2019\/11\/Extrait-carnet-de-route-Fran\u00e7ois-Le-Poitevin-1840.png\" target=\"_blank\" rel=\"noopener\"><img aria-describedby=\"caption-attachment-2608\" data-attachment-id=\"2608\" data-permalink=\"https:\/\/herage.org\/blog\/https:\/blog.herage.org\/p=\/2325\/extrait-carnet-de-route-francois-le-poitevin-1840\/\" data-orig-file=\"https:\/\/i0.wp.com\/herage.org\/blog\/wp-content\/uploads\/2019\/11\/Extrait-carnet-de-route-Fran\u00e7ois-Le-Poitevin-1840.png?fit=1623%2C632&amp;ssl=1\" data-orig-size=\"1623,632\" data-comments-opened=\"1\" data-image-meta=\"{&quot;aperture&quot;:&quot;0&quot;,&quot;credit&quot;:&quot;&quot;,&quot;camera&quot;:&quot;&quot;,&quot;caption&quot;:&quot;&quot;,&quot;created_timestamp&quot;:&quot;0&quot;,&quot;copyright&quot;:&quot;&quot;,&quot;focal_length&quot;:&quot;0&quot;,&quot;iso&quot;:&quot;0&quot;,&quot;shutter_speed&quot;:&quot;0&quot;,&quot;title&quot;:&quot;&quot;,&quot;orientation&quot;:&quot;0&quot;}\" data-image-title=\"Extrait carnet de route Fran\u00e7ois Le Poitevin 1840\" data-image-description=\"\" data-image-caption=\"&lt;p&gt;Extrait du carnet de route de Fran\u00e7ois Le Poitevin en 1840&lt;\/p&gt;\n\" data-medium-file=\"https:\/\/i0.wp.com\/herage.org\/blog\/wp-content\/uploads\/2019\/11\/Extrait-carnet-de-route-Fran\u00e7ois-Le-Poitevin-1840.png?fit=300%2C117&amp;ssl=1\" data-large-file=\"https:\/\/i0.wp.com\/herage.org\/blog\/wp-content\/uploads\/2019\/11\/Extrait-carnet-de-route-Fran\u00e7ois-Le-Poitevin-1840.png?fit=584%2C228&amp;ssl=1\" loading=\"lazy\" class=\"wp-image-2608 size-full\" src=\"https:\/\/i0.wp.com\/herage.org\/blog\/wp-content\/uploads\/2019\/11\/Extrait-carnet-de-route-Fran\u00e7ois-Le-Poitevin-1840.png?resize=584%2C227\" alt=\"Fran\u00e7ois Le Poitevin, compagnon du tour de France, Curzay*sur-Vonne, Vienne 86\" width=\"584\" height=\"227\" srcset=\"https:\/\/i0.wp.com\/herage.org\/blog\/wp-content\/uploads\/2019\/11\/Extrait-carnet-de-route-Fran\u00e7ois-Le-Poitevin-1840.png?w=1623&amp;ssl=1 1623w, https:\/\/i0.wp.com\/herage.org\/blog\/wp-content\/uploads\/2019\/11\/Extrait-carnet-de-route-Fran\u00e7ois-Le-Poitevin-1840.png?resize=300%2C117&amp;ssl=1 300w, https:\/\/i0.wp.com\/herage.org\/blog\/wp-content\/uploads\/2019\/11\/Extrait-carnet-de-route-Fran\u00e7ois-Le-Poitevin-1840.png?resize=768%2C299&amp;ssl=1 768w, https:\/\/i0.wp.com\/herage.org\/blog\/wp-content\/uploads\/2019\/11\/Extrait-carnet-de-route-Fran\u00e7ois-Le-Poitevin-1840.png?resize=1024%2C399&amp;ssl=1 1024w, https:\/\/i0.wp.com\/herage.org\/blog\/wp-content\/uploads\/2019\/11\/Extrait-carnet-de-route-Fran\u00e7ois-Le-Poitevin-1840.png?resize=500%2C195&amp;ssl=1 500w, https:\/\/i0.wp.com\/herage.org\/blog\/wp-content\/uploads\/2019\/11\/Extrait-carnet-de-route-Fran\u00e7ois-Le-Poitevin-1840.png?w=1168&amp;ssl=1 1168w\" sizes=\"(max-width: 584px) 100vw, 584px\" data-recalc-dims=\"1\" \/><\/a><p id=\"caption-attachment-2608\" class=\"wp-caption-text\">Extrait du carnet de route de Fran\u00e7ois Le Poitevin en 1840<\/p><\/div>\n<p><img data-attachment-id=\"2612\" data-permalink=\"https:\/\/herage.org\/blog\/https:\/blog.herage.org\/p=\/2325\/carnet-de-route-francois-le-poitevin-extrait-1840\/\" data-orig-file=\"https:\/\/i0.wp.com\/herage.org\/blog\/wp-content\/uploads\/2019\/11\/Carnet-de-route-Fran\u00e7ois-Le-Poitevin-extrait-1840.png?fit=1537%2C469&amp;ssl=1\" data-orig-size=\"1537,469\" data-comments-opened=\"1\" data-image-meta=\"{&quot;aperture&quot;:&quot;0&quot;,&quot;credit&quot;:&quot;&quot;,&quot;camera&quot;:&quot;&quot;,&quot;caption&quot;:&quot;&quot;,&quot;created_timestamp&quot;:&quot;0&quot;,&quot;copyright&quot;:&quot;&quot;,&quot;focal_length&quot;:&quot;0&quot;,&quot;iso&quot;:&quot;0&quot;,&quot;shutter_speed&quot;:&quot;0&quot;,&quot;title&quot;:&quot;&quot;,&quot;orientation&quot;:&quot;0&quot;}\" data-image-title=\"Carnet de route Fran\u00e7ois Le Poitevin extrait 1840\" data-image-description=\"\" data-image-caption=\"\" data-medium-file=\"https:\/\/i0.wp.com\/herage.org\/blog\/wp-content\/uploads\/2019\/11\/Carnet-de-route-Fran\u00e7ois-Le-Poitevin-extrait-1840.png?fit=300%2C92&amp;ssl=1\" data-large-file=\"https:\/\/i0.wp.com\/herage.org\/blog\/wp-content\/uploads\/2019\/11\/Carnet-de-route-Fran\u00e7ois-Le-Poitevin-extrait-1840.png?fit=584%2C178&amp;ssl=1\" loading=\"lazy\" class=\"aligncenter wp-image-2612 size-full\" src=\"https:\/\/i0.wp.com\/herage.org\/blog\/wp-content\/uploads\/2019\/11\/Carnet-de-route-Fran\u00e7ois-Le-Poitevin-extrait-1840.png?resize=584%2C178\" alt=\"\" width=\"584\" height=\"178\" srcset=\"https:\/\/i0.wp.com\/herage.org\/blog\/wp-content\/uploads\/2019\/11\/Carnet-de-route-Fran\u00e7ois-Le-Poitevin-extrait-1840.png?w=1537&amp;ssl=1 1537w, https:\/\/i0.wp.com\/herage.org\/blog\/wp-content\/uploads\/2019\/11\/Carnet-de-route-Fran\u00e7ois-Le-Poitevin-extrait-1840.png?resize=300%2C92&amp;ssl=1 300w, https:\/\/i0.wp.com\/herage.org\/blog\/wp-content\/uploads\/2019\/11\/Carnet-de-route-Fran\u00e7ois-Le-Poitevin-extrait-1840.png?resize=768%2C234&amp;ssl=1 768w, https:\/\/i0.wp.com\/herage.org\/blog\/wp-content\/uploads\/2019\/11\/Carnet-de-route-Fran\u00e7ois-Le-Poitevin-extrait-1840.png?resize=1024%2C312&amp;ssl=1 1024w, https:\/\/i0.wp.com\/herage.org\/blog\/wp-content\/uploads\/2019\/11\/Carnet-de-route-Fran\u00e7ois-Le-Poitevin-extrait-1840.png?resize=500%2C153&amp;ssl=1 500w, https:\/\/i0.wp.com\/herage.org\/blog\/wp-content\/uploads\/2019\/11\/Carnet-de-route-Fran\u00e7ois-Le-Poitevin-extrait-1840.png?w=1168&amp;ssl=1 1168w\" sizes=\"(max-width: 584px) 100vw, 584px\" data-recalc-dims=\"1\" \/><\/p>\n<p style=\"text-align: justify;\"><strong>Voici donc l\u2019histoire insolite de Fran\u00e7ois dit Le Poitevin et de son p\u00e9riple \u00e0 travers la France.<\/strong><\/p>\n<p style=\"text-align: justify;\"><a href=\"https:\/\/i0.wp.com\/herage.org\/blog\/wp-content\/uploads\/2019\/11\/Compagnon-menuisier-DD.jpg\" target=\"_blank\" rel=\"noopener\"><img data-attachment-id=\"2613\" data-permalink=\"https:\/\/herage.org\/blog\/https:\/blog.herage.org\/p=\/2325\/compagnon-menuisier-dd\/\" data-orig-file=\"https:\/\/i0.wp.com\/herage.org\/blog\/wp-content\/uploads\/2019\/11\/Compagnon-menuisier-DD.jpg?fit=250%2C460&amp;ssl=1\" data-orig-size=\"250,460\" data-comments-opened=\"1\" data-image-meta=\"{&quot;aperture&quot;:&quot;0&quot;,&quot;credit&quot;:&quot;&quot;,&quot;camera&quot;:&quot;&quot;,&quot;caption&quot;:&quot;&quot;,&quot;created_timestamp&quot;:&quot;0&quot;,&quot;copyright&quot;:&quot;&quot;,&quot;focal_length&quot;:&quot;0&quot;,&quot;iso&quot;:&quot;0&quot;,&quot;shutter_speed&quot;:&quot;0&quot;,&quot;title&quot;:&quot;&quot;,&quot;orientation&quot;:&quot;0&quot;}\" data-image-title=\"Compagnon-menuisier-DD\" data-image-description=\"\" data-image-caption=\"\" data-medium-file=\"https:\/\/i0.wp.com\/herage.org\/blog\/wp-content\/uploads\/2019\/11\/Compagnon-menuisier-DD.jpg?fit=163%2C300&amp;ssl=1\" data-large-file=\"https:\/\/i0.wp.com\/herage.org\/blog\/wp-content\/uploads\/2019\/11\/Compagnon-menuisier-DD.jpg?fit=250%2C460&amp;ssl=1\" loading=\"lazy\" class=\"alignleft wp-image-2613 size-full\" src=\"https:\/\/i0.wp.com\/herage.org\/blog\/wp-content\/uploads\/2019\/11\/Compagnon-menuisier-DD.jpg?resize=250%2C460\" alt=\"\" width=\"250\" height=\"460\" srcset=\"https:\/\/i0.wp.com\/herage.org\/blog\/wp-content\/uploads\/2019\/11\/Compagnon-menuisier-DD.jpg?w=250&amp;ssl=1 250w, https:\/\/i0.wp.com\/herage.org\/blog\/wp-content\/uploads\/2019\/11\/Compagnon-menuisier-DD.jpg?resize=163%2C300&amp;ssl=1 163w\" sizes=\"(max-width: 250px) 100vw, 250px\" data-recalc-dims=\"1\" \/><\/a>Pour rappel, les Compagnons menuisiers ne se donnent pas de surnoms, ils s\u2019appellent par leur nom de bapt\u00eame et de pays comme \u00ab\u00a0<strong>Fran\u00e7ois le Poitevin<\/strong>\u00a0\u00bb, alias Fran\u00e7ois ARDOUIN.<\/p>\n<p style=\"text-align: justify;\">La rencontre avec ces compagnons \u00e0 Lusignan suscite probablement beaucoup d\u2019admiration chez Fran\u00e7ois qui, face aux t\u00e9moignages et r\u00e9cits de ces derniers, ne tarde pas \u00e0 l\u2019inciter \u00e0 se lancer lui-m\u00eame dans l\u2019aventure sur les routes de France.\u00a0Et le voil\u00e0 parti encourag\u00e9 par son patron, et avec le soutien familial, vers son destin, avec sa malle et son baluchon, \u00e0 pied, sur la route qui le m\u00e8ne \u00e0 la Rochelle, anim\u00e9 par le d\u00e9sir d\u2019apprendre un m\u00e9tier et de d\u00e9couvrir son pays.<\/p>\n<p style=\"text-align: justify;\">De rencontres en cours, de pratique en \u00e9changes, il acquiert un savoir professionnel, mais aussi personnel.\u00a0Il devient <strong>Aspirant<\/strong>, grade qui constitue la premi\u00e8re \u00e9tape dans la voie du compagnonnage. L\u2019Aspirant n\u2019est adopt\u00e9 qu\u2019apr\u00e8s une p\u00e9riode d\u2019\u00e9preuves. Si son courage physique et moral et sa conduite ne sont pas jug\u00e9s suffisants, l\u2019Aspirant ne pourra jamais \u00eatre re\u00e7u Compagnon.<\/p>\n<p style=\"text-align: justify;\">Sa route se poursuit donc \u00e0 Rochefort, puis \u00e0 Bordeaux, vers le sud et il ne manque pas de faire part \u00e0 sa famille de son p\u00e9riple et ses exploits, mais aussi de ses difficult\u00e9s en leur \u00e9crivant de longues lettres, t\u00e9moignage de son exp\u00e9rience et de son v\u00e9cu.\u00a0Ce partage \u00e9pistolaire lui permet \u00e9galement d\u2019avoir des nouvelles des siens, rest\u00e9s au pays, ce qui, probablement doit l\u2019aider dans ses moments de solitude ou face aux difficult\u00e9s qu\u2019il doit probablement rencontrer dans une telle aventure.<\/p>\n<p style=\"text-align: justify;\">Montpellier, Agen, Toulouse, Carcassonne, Marseille qu\u2019il compte atteindre dans l\u2019hiver 1844, toutes ses grandes villes qu\u2019il va d\u00e9couvrir repr\u00e9sentent pour lui, un v\u00e9ritablement enchantement.\u00a0En chemin, il sera r\u00e9guli\u00e8rement confront\u00e9 \u00e0 des \u00e9v\u00e9nements heureux, mais aussi \u00e0 des catastrophes, qui lui font acqu\u00e9rir une certaine maturit\u00e9. Il apprend la Vie.\u00a0Finalement, il restera plus longtemps que pr\u00e9vu \u00e0 Montpellier puisque le 21 septembre 1845 on retrouve sa trace par le biais du courrier envoy\u00e9 \u00e0 sa famille dans lequel il explique qu\u2019il travaille \u00e0 la cath\u00e9drale.\u00a0Il en repartira par le train, nouvelle ligne, qui va de N\u00eemes \u00e0 Marseille, le 24 mai 1847 o\u00f9 il ne restera pas tr\u00e8s longtemps, \u00e0 cause du chol\u00e9ra.<\/p>\n<p style=\"text-align: justify;\">Enfin, il arrivera \u00e0 Paris le 4 janvier 1848 soit 8 ann\u00e9es apr\u00e8s son d\u00e9part de Lusignan, et apr\u00e8s \u00eatre pass\u00e9 par Lyon. Il apprendra peu de temps apr\u00e8s, le d\u00e9c\u00e8s de son p\u00e8re, survenu le 24 janvier 1848 \u00e0 Curzay, ce qui l\u2019affectera d\u2019autant plus qu\u2019il n\u2019a pu \u00eatre pr\u00e9sent aupr\u00e8s des siens lors de ce moment difficile.\u00a0Sa famille lui manque. Malgr\u00e9 l\u2019exp\u00e9rience et la maturit\u00e9 acquises lors de tout son p\u00e9riple, la nouvelle est douloureuse et sa famille n\u2019est pas l\u00e0 pour l\u2019aider \u00e0 supporter l\u2019\u00e9preuve.<\/p>\n<p style=\"text-align: justify;\">Et c&rsquo;est ainsi qu&rsquo;il sera t\u00e9moin de la r\u00e9volution de f\u00e9vrier 1848 qui secouera la France enti\u00e8re.\u00a0Les 5 jours qu\u2019a dur\u00e9 cet \u00e9v\u00e9nement sont relat\u00e9s dans le long courrier que Fran\u00e7ois enverra \u00e0 sa famille.\u00a0<br \/>\nVous pouvez visualiser la copie int\u00e9grale de ce courrier en cliquant <a href=\"http:\/\/herage.org\/blog\/wp-content\/uploads\/2019\/11\/Lettre-Fran%C3%A7ois-Le-Poitevin-26-f%C3%A9vrier-1848-int%C3%A9grale.pdf\" target=\"_blank\" rel=\"noopener\"><strong><span style=\"font-size: 14pt;\">ICI<\/span><\/strong><\/a>.<\/p>\n<p><span style=\"font-size: 12pt;\"><strong>Ascendance de la famille ARDOUIN de Curzay-sur-Vonne<\/strong><\/span><\/p>\n<div id=\"attachment_2607\" style=\"width: 618px\" class=\"wp-caption aligncenter\"><a href=\"https:\/\/i0.wp.com\/herage.org\/blog\/wp-content\/uploads\/2019\/11\/Ascendance-de-Fran\u00e7ois-Le-Poitevin.png\" target=\"_blank\" rel=\"noopener\"><img aria-describedby=\"caption-attachment-2607\" data-attachment-id=\"2607\" data-permalink=\"https:\/\/herage.org\/blog\/https:\/blog.herage.org\/p=\/2325\/ascendance-de-francois-le-poitevin\/\" data-orig-file=\"https:\/\/i0.wp.com\/herage.org\/blog\/wp-content\/uploads\/2019\/11\/Ascendance-de-Fran\u00e7ois-Le-Poitevin.png?fit=608%2C818&amp;ssl=1\" data-orig-size=\"608,818\" data-comments-opened=\"1\" data-image-meta=\"{&quot;aperture&quot;:&quot;0&quot;,&quot;credit&quot;:&quot;&quot;,&quot;camera&quot;:&quot;&quot;,&quot;caption&quot;:&quot;&quot;,&quot;created_timestamp&quot;:&quot;0&quot;,&quot;copyright&quot;:&quot;&quot;,&quot;focal_length&quot;:&quot;0&quot;,&quot;iso&quot;:&quot;0&quot;,&quot;shutter_speed&quot;:&quot;0&quot;,&quot;title&quot;:&quot;&quot;,&quot;orientation&quot;:&quot;0&quot;}\" data-image-title=\"Ascendance de Fran\u00e7ois Le Poitevin\" data-image-description=\"\" data-image-caption=\"&lt;p&gt;\u25b2 clic sur l&amp;rsquo;image pour l&amp;rsquo;agrandir&lt;\/p&gt;\n\" data-medium-file=\"https:\/\/i0.wp.com\/herage.org\/blog\/wp-content\/uploads\/2019\/11\/Ascendance-de-Fran\u00e7ois-Le-Poitevin.png?fit=223%2C300&amp;ssl=1\" data-large-file=\"https:\/\/i0.wp.com\/herage.org\/blog\/wp-content\/uploads\/2019\/11\/Ascendance-de-Fran\u00e7ois-Le-Poitevin.png?fit=584%2C786&amp;ssl=1\" loading=\"lazy\" class=\"wp-image-2607 size-full\" src=\"https:\/\/i0.wp.com\/herage.org\/blog\/wp-content\/uploads\/2019\/11\/Ascendance-de-Fran\u00e7ois-Le-Poitevin.png?resize=584%2C786\" alt=\"\" width=\"584\" height=\"786\" srcset=\"https:\/\/i0.wp.com\/herage.org\/blog\/wp-content\/uploads\/2019\/11\/Ascendance-de-Fran\u00e7ois-Le-Poitevin.png?w=608&amp;ssl=1 608w, https:\/\/i0.wp.com\/herage.org\/blog\/wp-content\/uploads\/2019\/11\/Ascendance-de-Fran\u00e7ois-Le-Poitevin.png?resize=223%2C300&amp;ssl=1 223w\" sizes=\"(max-width: 584px) 100vw, 584px\" data-recalc-dims=\"1\" \/><\/a><p id=\"caption-attachment-2607\" class=\"wp-caption-text\">\u25b2 clic sur l&rsquo;image pour l&rsquo;agrandir<\/p><\/div>\n<p style=\"text-align: justify;\">Je tiens \u00e0 remercier Bernard ARDOUIN, sans lequel je n\u2019aurai pas pu \u00e9crire cet article\u00a0 et on peut imaginer la fiert\u00e9 d\u2019avoir un anc\u00eatre aussi courageux.\u00a0N\u2019est-ce pas l\u00e0 la preuve d\u2019une telle qu\u00eate lorsque l\u2019on se lance dans la longue aventure \u00e0 la recherche de ses anc\u00eatres ?<\/p>\n<p style=\"text-align: justify;\"><span style=\"font-size: 14pt;\"><strong>Pour en savoir plus<\/strong> <\/span>:<br \/>\nSi vous rencontrez un anc\u00eatre compagnon du tour de France, vous pouvez consulter le site du \u00ab\u00a0<a href=\"http:\/\/www.museecompagnonnage.fr\/\" target=\"_blank\" rel=\"noopener\">Mus\u00e9e du compagnonnage de Tours<\/a>\u00ab\u00a0. Vous y trouverez des conseils pour vos recherche et aussi une <a href=\"http:\/\/www.museecompagnonnage.fr\/genealogie\" target=\"_blank\" rel=\"noopener\">base de donn\u00e9es de compagnons<\/a> sur une p\u00e9riode r\u00e9cente avec parfois des photos\u00a0 et des informations sur son parcours compagnonnique.<\/p>\n<p>&nbsp;<\/p>\n","protected":false},"excerpt":{"rendered":"<p>Alors qu\u2019il apprenait le d\u00e9c\u00e8s de son p\u00e8re, survenu le 27 janvier 1848 \u00e0 Curzay-sur-Vonne, Fran\u00e7ois ARDOUIN, dit le Poitevin, compagnon du tour de France ou compagnon du devoir, \u00e9tait t\u00e9moin de faits historiques\u00a0majeurs :\u00a0la R\u00e9volution Fran\u00e7aise de 1848, appel\u00e9e &hellip; <a href=\"https:\/\/herage.org\/blog\/https:\/blog.herage.org\/p=\/2325\/\">Continuer la lecture <span class=\"meta-nav\">&rarr;<\/span><\/a><\/p>\n","protected":false},"author":196,"featured_media":0,"comment_status":"open","ping_status":"open","sticky":false,"template":"","format":"standard","meta":{"spay_email":"","jetpack_publicize_message":"#ChallengeAZ \u2502 P... Fran\u00e7ois Le Poitevin, compagnon\r\nou la R\u00e9volution sur le chemin du Tour de France","jetpack_is_tweetstorm":false,"jetpack_publicize_feature_enabled":true},"categories":[262,30],"tags":[],"jetpack_publicize_connections":[],"jetpack_featured_media_url":"","jetpack_sharing_enabled":true,"jetpack_shortlink":"https:\/\/wp.me\/p4fVnZ-Bv","jetpack-related-posts":[{"id":1608,"url":"https:\/\/herage.org\/blog\/https:\/blog.herage.org\/p=\/1608\/","url_meta":{"origin":2325,"position":0},"title":"#ChallengeAZ \u2502 B&#8230;Bonnes, La Ronde, des meuniers","date":"2 novembre 2018","format":false,"excerpt":"Situation et bref historique Le moulin de la Ronde assis en la rivi\u00e8re Vienne et situ\u00e9 sur la commune de Bonnes est cit\u00e9, pour la premi\u00e8re fois, en 1417 dans un jugement du s\u00e9n\u00e9chal de l\u2019\u00e9v\u00eaque de Poitiers. Le moulin de la Ronde \u00e9tait alors le moulin banal de la\u2026","rel":"","context":"Dans &quot;Challenge AZ 2018&quot;","img":{"alt_text":"Fonctionnement d'un moulin \u00c3\u00a0 eau","src":"https:\/\/i0.wp.com\/herage.org\/blog\/wp-content\/uploads\/2018\/11\/moulin-a-eau-fonctionnement-V2-290x300.jpg?resize=350%2C200","width":350,"height":200},"classes":[]},{"id":1497,"url":"https:\/\/herage.org\/blog\/https:\/blog.herage.org\/p=\/1497\/","url_meta":{"origin":2325,"position":1},"title":"Herage 142","date":"13 septembre 2018","format":false,"excerpt":"Le troisi\u00e8me num\u00e9ro de l'ann\u00e9e 2018\u00a0est sur les rotatives. Surveillez vos bo\u00eetes aux lettres, vous allez le recevoir dans les prochains jours ! Les abonn\u00e9s peuvent d'ores et d\u00e9j\u00e0 le consulter\u00a0en version num\u00e9rique (sur le site herage.org, rubrique \"Adh\u00e9rents\", puis \"Compte\", puis \"consultation du dernier Herage\"). Ce dernier bulletin a\u2026","rel":"","context":"Dans &quot;Herage&quot;","img":{"alt_text":"revue Herage, cercle g\u00c3\u00a9n\u00c3\u00a9alogique poitevin, CGP","src":"https:\/\/i0.wp.com\/herage.org\/blog\/wp-content\/uploads\/2018\/09\/Pub-Herage-142-1024x721.jpg?resize=350%2C200","width":350,"height":200},"classes":[]},{"id":2512,"url":"https:\/\/herage.org\/blog\/https:\/blog.herage.org\/p=\/2512\/","url_meta":{"origin":2325,"position":2},"title":"#ChallengeAZ 2019&#8230; sur le chemin de l&rsquo;\u00e9cole","date":"30 octobre 2019","format":false,"excerpt":"L'ann\u00e9e derni\u00e8re j'ai embarqu\u00e9 une vingtaine d'adh\u00e9rents du Cercle g\u00e9n\u00e9alogique Poitevin au sein d'un l'atelier \u00e9criture dont l'objectif \u00e9tait de participer \u00e0 un d\u00e9fi d'\u00e9criture lanc\u00e9 par Sophie Boudarel il y a quelques ann\u00e9es d\u00e9j\u00e0. Durant tout le mois de novembre, nous avons publi\u00e9 tous les jours, sauf le dimanche,\u2026","rel":"","context":"Dans &quot;Challenge AZ 2019&quot;","img":{"alt_text":"Bignoux, exposition, journ\u00c3\u00a9es d'\u00c3\u00a9change, CGP, Vienne (86), Rossignol","src":"https:\/\/i0.wp.com\/herage.org\/blog\/wp-content\/uploads\/2019\/10\/Souvenirs-Expos-Bignoux.png?resize=350%2C200","width":350,"height":200},"classes":[]},{"id":1313,"url":"https:\/\/herage.org\/blog\/https:\/blog.herage.org\/p=\/1313\/","url_meta":{"origin":2325,"position":3},"title":"Balade au temps des m\u00e9rovingiens \u00e0 Civaux","date":"18 mars 2018","format":false,"excerpt":"Ce samedi 17 mars, nous \u00e9tions \u00e0 Civaux pour notre assembl\u00e9e g\u00e9n\u00e9rale. Apr\u00e8s un accueil toujours aussi chaleureux autour d'un caf\u00e9 chaud, nous avons \u00e9cout\u00e9 attentivement le bilan des activit\u00e9s du cercle pr\u00e9sent\u00e9 par notre Pr\u00e9sident, Thierry CHESTIER, et d\u00e9cortiqu\u00e9 par Serge PICAULT. Puis c'est l'heure de se retrouver autour\u2026","rel":"","context":"Dans &quot;AG&quot;","img":{"alt_text":"","src":"https:\/\/i0.wp.com\/herage.org\/blog\/wp-content\/uploads\/2018\/03\/IMG_9756-900x600.jpg?resize=350%2C200","width":350,"height":200},"classes":[]},{"id":2808,"url":"https:\/\/herage.org\/blog\/https:\/blog.herage.org\/p=\/2808\/","url_meta":{"origin":2325,"position":4},"title":"Calendrier de l&rsquo;avent du CGP : Jour 13","date":"13 d\u00e9cembre 2019","format":false,"excerpt":"Pour le mois de d\u00e9cembre 2019, nous vous proposons d\u2019ouvrir la bo\u00eete \u00e0 souvenirs. Nous avons demand\u00e9 \u00e0 nos adh\u00e9rents de bien vouloir partager des photos ou images et de nous dire en quelques mots ce qu\u2019elles \u00e9voquaient pour eux. Pour ce 13e jour, c'est Claude ALLARD qui prend la\u2026","rel":"","context":"Dans &quot;Calendrier de l'avent 2019&quot;","img":{"alt_text":"","src":"https:\/\/i0.wp.com\/herage.org\/blog\/wp-content\/uploads\/2019\/12\/Mariage-Point-Boutin-et-Point-Allard.png?resize=350%2C200","width":350,"height":200},"classes":[]},{"id":1033,"url":"https:\/\/herage.org\/blog\/https:\/blog.herage.org\/p=\/1033\/","url_meta":{"origin":2325,"position":5},"title":"De Li\u00e8ge \u00e0 la paroisse de St-Saturnin de Poitiers","date":"1 f\u00e9vrier 2018","format":false,"excerpt":"Par Thierry P\u00c9RONNET (adh\u00e9rent CGP n\u00b0 154) Vers 1685 trois fr\u00e8res Jean, Englebert et Geoffroy DEMARNEF partent de Li\u00e8ge pour chercher fortune comme libraires et imprimeurs en France. Englebert et Geoffroy s\u2019installent \u00e0 Paris rue St-Jacques au P\u00e9lican, Jean de son c\u00f4t\u00e9 choisit Poitiers la rue du march\u00e9 en face\u2026","rel":"","context":"Dans &quot;Divers&quot;","img":{"alt_text":"le P\u00c3\u00a9lican","src":"https:\/\/i0.wp.com\/herage.org\/blog\/wp-content\/uploads\/2018\/02\/le-P\u00c3\u00a9lican-300x206.jpg?resize=350%2C200","width":350,"height":200},"classes":[]}],"_links":{"self":[{"href":"https:\/\/herage.org\/blog\/wp-json\/wp\/v2\/posts\/2325"}],"collection":[{"href":"https:\/\/herage.org\/blog\/wp-json\/wp\/v2\/posts"}],"about":[{"href":"https:\/\/herage.org\/blog\/wp-json\/wp\/v2\/types\/post"}],"author":[{"embeddable":true,"href":"https:\/\/herage.org\/blog\/wp-json\/wp\/v2\/users\/196"}],"replies":[{"embeddable":true,"href":"https:\/\/herage.org\/blog\/wp-json\/wp\/v2\/comments?post=2325"}],"version-history":[{"count":8,"href":"https:\/\/herage.org\/blog\/wp-json\/wp\/v2\/posts\/2325\/revisions"}],"predecessor-version":[{"id":2631,"href":"https:\/\/herage.org\/blog\/wp-json\/wp\/v2\/posts\/2325\/revisions\/2631"}],"wp:attachment":[{"href":"https:\/\/herage.org\/blog\/wp-json\/wp\/v2\/media?parent=2325"}],"wp:term":[{"taxonomy":"category","embeddable":true,"href":"https:\/\/herage.org\/blog\/wp-json\/wp\/v2\/categories?post=2325"},{"taxonomy":"post_tag","embeddable":true,"href":"https:\/\/herage.org\/blog\/wp-json\/wp\/v2\/tags?post=2325"}],"curies":[{"name":"wp","href":"https:\/\/api.w.org\/{rel}","templated":true}]}}