{"id":2335,"date":"2019-11-25T08:00:43","date_gmt":"2019-11-25T07:00:43","guid":{"rendered":"http:\/\/herage.org\/blog\/?p=2335"},"modified":"2019-11-24T16:02:37","modified_gmt":"2019-11-24T15:02:37","slug":"challengeaz-%e2%94%82-u-universite-de-poitiers-portraits-de-docteurs-en-medecine","status":"publish","type":"post","link":"https:\/\/herage.org\/blog\/https:\/blog.herage.org\/p=\/2335\/","title":{"rendered":"#ChallengeAZ \u2502 U&#8230; Universit\u00e9 de Poitiers, portraits de docteurs en m\u00e9decine"},"content":{"rendered":"<p style=\"text-align: justify;\">Dans les cartons des Archives D\u00e9partementale de la Vienne (AD86) on\u00a0trouve une s\u00e9rie de portraits inachev\u00e9s sur velin, il y en a huit en tout (sources AD86 carton 27).<\/p>\n<p><a href=\"https:\/\/i0.wp.com\/herage.org\/blog\/wp-content\/uploads\/2019\/11\/Portraits-de-medecins.png\" target=\"_blank\" rel=\"noopener\"><img data-attachment-id=\"2646\" data-permalink=\"https:\/\/herage.org\/blog\/https:\/blog.herage.org\/p=\/2335\/portraits-de-medecins\/\" data-orig-file=\"https:\/\/i0.wp.com\/herage.org\/blog\/wp-content\/uploads\/2019\/11\/Portraits-de-medecins.png?fit=1088%2C1518&amp;ssl=1\" data-orig-size=\"1088,1518\" data-comments-opened=\"1\" data-image-meta=\"{&quot;aperture&quot;:&quot;0&quot;,&quot;credit&quot;:&quot;&quot;,&quot;camera&quot;:&quot;&quot;,&quot;caption&quot;:&quot;&quot;,&quot;created_timestamp&quot;:&quot;0&quot;,&quot;copyright&quot;:&quot;&quot;,&quot;focal_length&quot;:&quot;0&quot;,&quot;iso&quot;:&quot;0&quot;,&quot;shutter_speed&quot;:&quot;0&quot;,&quot;title&quot;:&quot;&quot;,&quot;orientation&quot;:&quot;0&quot;}\" data-image-title=\"Portraits de medecins\" data-image-description=\"\" data-image-caption=\"\" data-medium-file=\"https:\/\/i0.wp.com\/herage.org\/blog\/wp-content\/uploads\/2019\/11\/Portraits-de-medecins.png?fit=215%2C300&amp;ssl=1\" data-large-file=\"https:\/\/i0.wp.com\/herage.org\/blog\/wp-content\/uploads\/2019\/11\/Portraits-de-medecins.png?fit=584%2C815&amp;ssl=1\" loading=\"lazy\" class=\"aligncenter wp-image-2646 size-full\" src=\"https:\/\/i0.wp.com\/herage.org\/blog\/wp-content\/uploads\/2019\/11\/Portraits-de-medecins.png?resize=584%2C815\" alt=\"\" width=\"584\" height=\"815\" srcset=\"https:\/\/i0.wp.com\/herage.org\/blog\/wp-content\/uploads\/2019\/11\/Portraits-de-medecins.png?w=1088&amp;ssl=1 1088w, https:\/\/i0.wp.com\/herage.org\/blog\/wp-content\/uploads\/2019\/11\/Portraits-de-medecins.png?resize=215%2C300&amp;ssl=1 215w, https:\/\/i0.wp.com\/herage.org\/blog\/wp-content\/uploads\/2019\/11\/Portraits-de-medecins.png?resize=768%2C1072&amp;ssl=1 768w, https:\/\/i0.wp.com\/herage.org\/blog\/wp-content\/uploads\/2019\/11\/Portraits-de-medecins.png?resize=734%2C1024&amp;ssl=1 734w\" sizes=\"(max-width: 584px) 100vw, 584px\" data-recalc-dims=\"1\" \/><\/a><\/p>\n<p style=\"text-align: justify;\">Un chercheur historien, ayant \u00e9crit un article sur ces peintures paru dans une des brochures de la Soci\u00e9t\u00e9 des Antiquaires de l&rsquo;Ouest (la SAO), date et identifie les personnages. Premi\u00e8rement il y a une d\u00e9lib\u00e9ration de 1621 de l\u2019universit\u00e9 de m\u00e9decine de Poitiers fixant la p\u00e9riode et dans laquelle il y est dit que les docteurs r\u00e9gents en m\u00e9decine avaient le droit d\u2019avoir leur portrait dans un livre sur les r\u00e8glements de cette universit\u00e9 de m\u00e9decine, livre qui \u00e9tait en cours de r\u00e9daction. Selon le r\u00e9dacteur de l\u2019article, on peut attribuer un nom aux quatre personnages dont le portrait est complet ou presque.<\/p>\n<ul>\n<li style=\"text-align: justify;\">Pour la deuxi\u00e8me photo, celle d\u2019un personnage fini \u00e0 gauche et un personnage incomplet \u00e0 droite, il s\u2019agit de <strong>Jacob DE MAYRE.<\/strong><\/li>\n<li style=\"text-align: justify;\">Sur la troisi\u00e8me photo, celle avec le personnage complet \u00e0 droite, il s\u2019agit de <strong>Jean DE RAFFOU<\/strong>,<\/li>\n<li style=\"text-align: justify;\">Sur la derni\u00e8re avec les deux personnages complets, il s\u2019agit de gauche \u00e0 droite de <strong>Pascal LE COCQ<\/strong> l\u2019herboriste et de <strong>Fran\u00e7ois CYTOIS<\/strong>.<\/li>\n<\/ul>\n<p style=\"text-align: justify;\">Les personnages peints ont une hauteur d\u2019une douzaine de centim\u00e8tres, c\u2019est un travail fin, d\u00e9licat, proche de la miniature et fait avec soin par quelqu\u2019un qui ma\u00eetrise son art. L\u2019artiste n\u2019a pas oubli\u00e9 les embl\u00e8mes symboles de leur charge, comme la fleur pour l\u2019herboriste.<\/p>\n<p style=\"text-align: justify;\">On a donc l\u00e0 les portraits complets de quatre docteurs en m\u00e9decine.<\/p>\n<ul>\n<li style=\"text-align: justify;\"><strong>Jacob DE MAYRE<\/strong> est fils de Mathurin DE MAYRE sieur de la Randonni\u00e8re et de Marie PINAULT. Il est docteur en m\u00e9decine de la facult\u00e9 de Montpellier et a \u00e9t\u00e9 re\u00e7u r\u00e9gent de la facult\u00e9 de Poitiers le 10-06-1607. Il est mari\u00e9 avec Marguerite GARSONNET, fille de Henry GARSONNET ma\u00eetre apothicaire et de Jeanne ESNAULT. Il a une fille Jeanne \u00e9pouse de Louis DELESTANG seigneur du Ry (mariage en 1630).<\/li>\n<li style=\"text-align: justify;\"><strong>Pascal LE COCQ<\/strong> lui est fils d\u2019Aymar LE COCQ et de Jeanne DUBOIS. Il s\u2019est sp\u00e9cialis\u00e9 dans la botanique. Il a parcouru l\u2019Europe \u00e0 l\u2019\u00e9tude de la flore. Il est nomm\u00e9 r\u00e9gent de la facult\u00e9 de Poitiers en 1597. Il est l\u2019\u00e9poux de Fran\u00e7oise DE SAINT-VERTUNIEN, fille de Fran\u00e7ois DE SAINT-VERTUNIEN et de Fran\u00e7oise BESNARD. Il a eu au moins sept enfants. Il meurt en 1632 avec le titre de Doyen de la Facult\u00e9 de M\u00e9decine de Poitiers.<\/li>\n<li style=\"text-align: justify;\"><strong>Jean DE RAFFOU<\/strong> a fait ses \u00e9tudes de m\u00e9decine \u00e0 Paris puis \u00e0 Poitiers. Il devient docteur de la facult\u00e9 de Poitiers en 1608. Il est fils de Pierre DE RAFFOU et de Julienne BLONDEAU. Il d\u00e9c\u00e8de \u00e0 Poitiers en 1635 \u00e0 51 ans. Il avait \u00e9pous\u00e9 Marie CONTANT fille de Paul CONTANT et de Marie Esther PELLETIER, il a eu deux enfants.<\/li>\n<li style=\"text-align: justify;\"><strong>Fran\u00e7ois CYTOIS<\/strong>, docteur en m\u00e9decine, a eu un destin plus grand que les pr\u00e9c\u00e9dents. Il est le fils de Pierre CYTOIS et de Mathurine GIRAULT. Il quitte Poitiers pour devenir le m\u00e9decin de RICHELIEU et du roi Louis XIII. Il s\u2019est mari\u00e9 deux fois : sa premi\u00e8re \u00e9pouse s\u2019appelle Marie GODARD, la deuxi\u00e8me \u00e9pouse s\u2019appelle Madeleine JOULAIN,. Il est not\u00e9 dans une insinuation de 1627 <span style=\"color: #3366ff;\"><em>\u00abFran\u00e7ois Cytois, m\u00e9decin du Roi et de la Reine, m\u00e8re du Roi, et Madeleine Joulain, demeurant \u00e0 Paris rue \u00ab\u00a0Courtoris\u00a0\u00bb, paroisse Saint-Eustache : donation \u00e0 Fran\u00e7ois, \u00e0 Joseph, \u00e0 Jean et \u00e0 Isabeau Cytois, enfantz d&rsquo;un premier mariage dudit Fran\u00e7ois Cytois de tous leurs biens meubles et des acqu\u00eats et conqu\u00eats immeubles qu&rsquo;ils auront faits durant et constant leur mariage\u00bb<\/em><\/span> (Notice n\u00b0 7034)\u00a0 (sources Archives Nationales : <a href=\"https:\/\/francearchives.fr\/fr\/findingaid\/bc6abe3f5d320e43705e8609a7f21d7e039deb39\">Ch\u00e2telet de Paris. Y\/\/163-Y\/\/167. Insinuations (28 juin 1622 &#8211; 11 mars 1628)<\/a>).<br \/>\n<div id=\"attachment_2648\" style=\"width: 253px\" class=\"wp-caption alignright\"><a href=\"https:\/\/i0.wp.com\/herage.org\/blog\/wp-content\/uploads\/2019\/11\/photo-N.jpg\" target=\"_blank\" rel=\"noopener\"><img aria-describedby=\"caption-attachment-2648\" data-attachment-id=\"2648\" data-permalink=\"https:\/\/herage.org\/blog\/https:\/blog.herage.org\/p=\/2335\/photo-n\/\" data-orig-file=\"https:\/\/i0.wp.com\/herage.org\/blog\/wp-content\/uploads\/2019\/11\/photo-N.jpg?fit=615%2C759&amp;ssl=1\" data-orig-size=\"615,759\" data-comments-opened=\"1\" data-image-meta=\"{&quot;aperture&quot;:&quot;0&quot;,&quot;credit&quot;:&quot;&quot;,&quot;camera&quot;:&quot;&quot;,&quot;caption&quot;:&quot;&quot;,&quot;created_timestamp&quot;:&quot;0&quot;,&quot;copyright&quot;:&quot;&quot;,&quot;focal_length&quot;:&quot;0&quot;,&quot;iso&quot;:&quot;0&quot;,&quot;shutter_speed&quot;:&quot;0&quot;,&quot;title&quot;:&quot;&quot;,&quot;orientation&quot;:&quot;0&quot;}\" data-image-title=\"photo-N\" data-image-description=\"\" data-image-caption=\"\" data-medium-file=\"https:\/\/i0.wp.com\/herage.org\/blog\/wp-content\/uploads\/2019\/11\/photo-N.jpg?fit=243%2C300&amp;ssl=1\" data-large-file=\"https:\/\/i0.wp.com\/herage.org\/blog\/wp-content\/uploads\/2019\/11\/photo-N.jpg?fit=584%2C721&amp;ssl=1\" loading=\"lazy\" class=\"wp-image-2648 size-medium\" src=\"https:\/\/i0.wp.com\/herage.org\/blog\/wp-content\/uploads\/2019\/11\/photo-N-243x300.jpg?resize=243%2C300\" alt=\"Pharmacie du march\u00e9, place Charles de Gaulle, Poitiers, Famille Citoys\" width=\"243\" height=\"300\" srcset=\"https:\/\/i0.wp.com\/herage.org\/blog\/wp-content\/uploads\/2019\/11\/photo-N.jpg?resize=243%2C300&amp;ssl=1 243w, https:\/\/i0.wp.com\/herage.org\/blog\/wp-content\/uploads\/2019\/11\/photo-N.jpg?w=615&amp;ssl=1 615w\" sizes=\"(max-width: 243px) 100vw, 243px\" data-recalc-dims=\"1\" \/><\/a><p id=\"caption-attachment-2648\" class=\"wp-caption-text\">Fa\u00e7ade actuelle de l&rsquo;ancienne boutique d&rsquo;apothicaire des Citoys, sise place Charles de Gaulle \u00e0 Poitiers. \u00a9 Google Maps<\/p><\/div><br \/>\nDans la premi\u00e8re partie de sa vie Fran\u00e7ois CYTOIS a du vivre en la maison dite des \u00ab\u00a0Cytois\u00a0\u00bb situ\u00e9e en haut de la Grand-Rue \u00e0 Poitiers le long de l\u2019\u00e9glise Notre-Dame-la-Grande. La fa\u00e7ade de cette maison date de 1573-1574, il existe une minute dat\u00e9e de fin 1573 concernant la construction d\u2019une nouvelle fa\u00e7ade en pignon \u00e0 l\u2019\u00e9difice, avec des fen\u00eatres \u00e0 meneaux, le plan de cette fa\u00e7ade que l\u2019on trouve avec l\u2019acte permet sans \u00e9quivoque d\u2019identifier la maison. Le b\u00e2timent lui m\u00eame est bien plus ancien. Aujourd\u2019hui une pharmacie occupe le rez-de-chauss\u00e9e, probablement dans la continuit\u00e9 d\u2019une boutique d\u2019apothicaire datant d\u2019avant 1600.<\/li>\n<\/ul>\n<p>&nbsp;<\/p>\n<h1 style=\"text-align: justify;\"><span style=\"font-size: 12pt;\"><strong>Le peintre auteur des portraits\u00a0?<\/strong><\/span><\/h1>\n<p style=\"text-align: justify;\">Le r\u00e9dacteur de l\u2019article publi\u00e9 par la SAO n\u2019a pas identifi\u00e9 l\u2019auteur des portraits, ni expliqu\u00e9 pourquoi ceux-ci sont inachev\u00e9s. A Poitiers au d\u00e9but du 17\u00e8me si\u00e8cle un peintre <strong>Pierre LEPILLEUR<\/strong> est connu et appr\u00e9ci\u00e9 localement, il a \u00e9t\u00e9 sollicit\u00e9 plusieurs fois pour des r\u00e9novations et des productions de tableaux par les congr\u00e9gations religieuses et les autorit\u00e9s. Dans les registres\u00a0paroissiaux il se fait remarquer par sa signature tr\u00e8s expressive.<\/p>\n<div id=\"attachment_2649\" style=\"width: 975px\" class=\"wp-caption aligncenter\"><img aria-describedby=\"caption-attachment-2649\" data-attachment-id=\"2649\" data-permalink=\"https:\/\/herage.org\/blog\/https:\/blog.herage.org\/p=\/2335\/signature-le-pilleur\/\" data-orig-file=\"https:\/\/i0.wp.com\/herage.org\/blog\/wp-content\/uploads\/2019\/11\/Signature-Le-Pilleur.png?fit=965%2C502&amp;ssl=1\" data-orig-size=\"965,502\" data-comments-opened=\"1\" data-image-meta=\"{&quot;aperture&quot;:&quot;0&quot;,&quot;credit&quot;:&quot;&quot;,&quot;camera&quot;:&quot;&quot;,&quot;caption&quot;:&quot;&quot;,&quot;created_timestamp&quot;:&quot;0&quot;,&quot;copyright&quot;:&quot;&quot;,&quot;focal_length&quot;:&quot;0&quot;,&quot;iso&quot;:&quot;0&quot;,&quot;shutter_speed&quot;:&quot;0&quot;,&quot;title&quot;:&quot;&quot;,&quot;orientation&quot;:&quot;0&quot;}\" data-image-title=\"Signature Le Pilleur\" data-image-description=\"\" data-image-caption=\"\" data-medium-file=\"https:\/\/i0.wp.com\/herage.org\/blog\/wp-content\/uploads\/2019\/11\/Signature-Le-Pilleur.png?fit=300%2C156&amp;ssl=1\" data-large-file=\"https:\/\/i0.wp.com\/herage.org\/blog\/wp-content\/uploads\/2019\/11\/Signature-Le-Pilleur.png?fit=584%2C304&amp;ssl=1\" loading=\"lazy\" class=\"wp-image-2649 size-full\" src=\"https:\/\/i0.wp.com\/herage.org\/blog\/wp-content\/uploads\/2019\/11\/Signature-Le-Pilleur.png?resize=584%2C304\" alt=\"\" width=\"584\" height=\"304\" srcset=\"https:\/\/i0.wp.com\/herage.org\/blog\/wp-content\/uploads\/2019\/11\/Signature-Le-Pilleur.png?w=965&amp;ssl=1 965w, https:\/\/i0.wp.com\/herage.org\/blog\/wp-content\/uploads\/2019\/11\/Signature-Le-Pilleur.png?resize=300%2C156&amp;ssl=1 300w, https:\/\/i0.wp.com\/herage.org\/blog\/wp-content\/uploads\/2019\/11\/Signature-Le-Pilleur.png?resize=768%2C400&amp;ssl=1 768w, https:\/\/i0.wp.com\/herage.org\/blog\/wp-content\/uploads\/2019\/11\/Signature-Le-Pilleur.png?resize=500%2C260&amp;ssl=1 500w\" sizes=\"(max-width: 584px) 100vw, 584px\" data-recalc-dims=\"1\" \/><p id=\"caption-attachment-2649\" class=\"wp-caption-text\">\u00a9 AD86 &#8211; registres paroissiaux, Poitiers-St-Cybard-B-1603-1611 collection communale vue 46<\/p><\/div>\n<p style=\"text-align: justify;\">L\u2019examen des parties inachev\u00e9es des portraits, en particulier les esquisse au crayon non peintes on remarque au niveau des mains que les doigts sont allong\u00e9s et rebiquent vers le haut.<\/p>\n<p><a href=\"https:\/\/i0.wp.com\/herage.org\/blog\/wp-content\/uploads\/2019\/11\/detail.jpg\" target=\"_blank\" rel=\"noopener\"><img data-attachment-id=\"2650\" data-permalink=\"https:\/\/herage.org\/blog\/https:\/blog.herage.org\/p=\/2335\/detail\/\" data-orig-file=\"https:\/\/i0.wp.com\/herage.org\/blog\/wp-content\/uploads\/2019\/11\/detail.jpg?fit=146%2C291&amp;ssl=1\" data-orig-size=\"146,291\" data-comments-opened=\"1\" data-image-meta=\"{&quot;aperture&quot;:&quot;2.8&quot;,&quot;credit&quot;:&quot;&quot;,&quot;camera&quot;:&quot;CI-8330&quot;,&quot;caption&quot;:&quot;&quot;,&quot;created_timestamp&quot;:&quot;1105045373&quot;,&quot;copyright&quot;:&quot;&quot;,&quot;focal_length&quot;:&quot;7.3&quot;,&quot;iso&quot;:&quot;50&quot;,&quot;shutter_speed&quot;:&quot;0.037037037037037&quot;,&quot;title&quot;:&quot;&quot;,&quot;orientation&quot;:&quot;1&quot;}\" data-image-title=\"detail\" data-image-description=\"\" data-image-caption=\"\" data-medium-file=\"https:\/\/i0.wp.com\/herage.org\/blog\/wp-content\/uploads\/2019\/11\/detail.jpg?fit=146%2C291&amp;ssl=1\" data-large-file=\"https:\/\/i0.wp.com\/herage.org\/blog\/wp-content\/uploads\/2019\/11\/detail.jpg?fit=146%2C291&amp;ssl=1\" loading=\"lazy\" class=\"aligncenter wp-image-2650 size-full\" src=\"https:\/\/i0.wp.com\/herage.org\/blog\/wp-content\/uploads\/2019\/11\/detail.jpg?resize=146%2C291\" alt=\"\" width=\"146\" height=\"291\" data-recalc-dims=\"1\" \/><\/a><\/p>\n<p style=\"text-align: justify;\">Le trac\u00e9 des doigts esquiss\u00e9s, m\u00eame s\u2019ils sont tr\u00e8s petits proportionnellement, fait penser \u00e0 ceux de la signature, long effil\u00e9s et qui rebiquent vers le haut. <strong>Pierre LEPILLEUR<\/strong> est mari\u00e9 avec Fran\u00e7oise DEMARNEF. Radegonde DEMARNEF sa tante est mari\u00e9e avec Thomas GARNIER un apothicaire, dont un petit fils Jean GARNIER, docteur en m\u00e9decine de Montpellier, issu du premier mariage de ce Thomas GARNIER apothicaire, est admis \u00e0 la facult\u00e9 de m\u00e9decine de Poitiers apr\u00e8s examen en 1621. Pierre LEPILLEUR doit \u00eatre le r\u00e9alisateur des portraits, il est d\u00e9c\u00e9d\u00e9 en 1620, ce qui explique parfaitement le c\u00f4t\u00e9 inachev\u00e9 des images. Un nouveau docteur intronis\u00e9 devant payer un repas aux r\u00e9gents de la facult\u00e9 de m\u00e9decine, le p\u00e8re de Jean GARNIER a pu \u00ab\u00a0offrir\u00a0\u00bb aux r\u00e9gents en plus du repas leurs portraits en s\u2019adressant \u00e0 un peintre, un de ses proches parents, pour faciliter la carri\u00e8re de son fils. Le couple LEPILLEUR x DEMARNEF a eu six enfants tous baptis\u00e9s en l\u2019\u00e9glise de St-Cybard de Poitiers, entre 1608 et 1619.<\/p>\n<p style=\"text-align: justify;\">\u00a0<\/p>\n","protected":false},"excerpt":{"rendered":"<p>Dans les cartons des Archives D\u00e9partementale de la Vienne (AD86) on\u00a0trouve une s\u00e9rie de portraits inachev\u00e9s sur velin, il y en a huit en tout (sources AD86 carton 27). Un chercheur historien, ayant \u00e9crit un article sur ces peintures paru &hellip; <a href=\"https:\/\/herage.org\/blog\/https:\/blog.herage.org\/p=\/2335\/\">Continuer la lecture <span class=\"meta-nav\">&rarr;<\/span><\/a><\/p>\n","protected":false},"author":721,"featured_media":0,"comment_status":"open","ping_status":"open","sticky":false,"template":"","format":"standard","meta":{"spay_email":"","jetpack_publicize_message":"#ChallengeAZ \u2502 U... Universit\u00e9 de Poitiers, portraits de docteurs en m\u00e9decine\r\nou l'identification de dessins trouv\u00e9s dans un carton aux #Archives d\u00e9partementales de la #Vienne86","jetpack_is_tweetstorm":false,"jetpack_publicize_feature_enabled":true},"categories":[262,30],"tags":[],"jetpack_publicize_connections":[],"jetpack_featured_media_url":"","jetpack_sharing_enabled":true,"jetpack_shortlink":"https:\/\/wp.me\/p4fVnZ-BF","jetpack-related-posts":[{"id":2861,"url":"https:\/\/herage.org\/blog\/https:\/blog.herage.org\/p=\/2861\/","url_meta":{"origin":2335,"position":0},"title":"Calendrier de l&rsquo;avent du CGP : Jour 19","date":"19 d\u00e9cembre 2019","format":false,"excerpt":"Pour le mois de d\u00e9cembre 2019, nous vous proposons d\u2019ouvrir la bo\u00eete \u00e0 souvenirs. Nous avons demand\u00e9 \u00e0 nos adh\u00e9rents de bien vouloir partager des photos ou images et de nous dire en quelques mots ce qu\u2019elles \u00e9voquaient pour eux. 19 jours d\u00e9j\u00e0 que nos adh\u00e9rents partagent leurs souvenirs. Aujourd'hui\u2026","rel":"","context":"Dans &quot;Calendrier de l'avent 2019&quot;","img":{"alt_text":"","src":"https:\/\/i0.wp.com\/herage.org\/blog\/wp-content\/uploads\/2019\/12\/Puy-Lonchard-hiver-1957-1958.jpg?resize=350%2C200","width":350,"height":200},"classes":[]},{"id":2512,"url":"https:\/\/herage.org\/blog\/https:\/blog.herage.org\/p=\/2512\/","url_meta":{"origin":2335,"position":1},"title":"#ChallengeAZ 2019&#8230; sur le chemin de l&rsquo;\u00e9cole","date":"30 octobre 2019","format":false,"excerpt":"L'ann\u00e9e derni\u00e8re j'ai embarqu\u00e9 une vingtaine d'adh\u00e9rents du Cercle g\u00e9n\u00e9alogique Poitevin au sein d'un l'atelier \u00e9criture dont l'objectif \u00e9tait de participer \u00e0 un d\u00e9fi d'\u00e9criture lanc\u00e9 par Sophie Boudarel il y a quelques ann\u00e9es d\u00e9j\u00e0. Durant tout le mois de novembre, nous avons publi\u00e9 tous les jours, sauf le dimanche,\u2026","rel":"","context":"Dans &quot;Challenge AZ 2019&quot;","img":{"alt_text":"Bignoux, exposition, journ\u00c3\u00a9es d'\u00c3\u00a9change, CGP, Vienne (86), Rossignol","src":"https:\/\/i0.wp.com\/herage.org\/blog\/wp-content\/uploads\/2019\/10\/Souvenirs-Expos-Bignoux.png?resize=350%2C200","width":350,"height":200},"classes":[]},{"id":947,"url":"https:\/\/herage.org\/blog\/https:\/blog.herage.org\/p=\/947\/","url_meta":{"origin":2335,"position":2},"title":"Enfants trouv\u00e9s \u00e0 Poitiers","date":"20 f\u00e9vrier 2018","format":false,"excerpt":"Dans la revue Herage n\u00b0 17 page 19, Simone DUPR\u00c9 \u00e9voque ses recherches sur les enfants trouv\u00e9s dans la Vienne. C'est lors de recherches g\u00e9n\u00e9alogiques \u00e0 Persac que fut d\u00e9couvert dans un registre d'\u00e9tat-civil un dossier d'enfant \"trouv\u00e9 dans un panier\" en 1811. On lui donne le nom de Julie\u2026","rel":"","context":"Dans &quot;Divers&quot;","img":{"alt_text":"Tourniquet des abandons","src":"https:\/\/i0.wp.com\/herage.org\/blog\/wp-content\/uploads\/2017\/12\/tourniquet-des-abandons-300x225.jpg?resize=350%2C200","width":350,"height":200},"classes":[]},{"id":2875,"url":"https:\/\/herage.org\/blog\/https:\/blog.herage.org\/p=\/2875\/","url_meta":{"origin":2335,"position":3},"title":"Calendrier de l&rsquo;avent du CGP : Jour 22","date":"24 d\u00e9cembre 2019","format":false,"excerpt":"Pour le mois de d\u00e9cembre 2019, nous vous proposons d\u2019ouvrir la bo\u00eete \u00e0 souvenirs. Nous avons demand\u00e9 \u00e0 nos adh\u00e9rents de bien vouloir partager des photos ou images et de nous dire en quelques mots ce qu\u2019elles \u00e9voquaient pour eux. Pour ce 22e jour, Jean Moussu s'est replong\u00e9 dans les\u2026","rel":"","context":"Dans &quot;Calendrier de l'avent 2019&quot;","img":{"alt_text":"","src":"https:\/\/i0.wp.com\/herage.org\/blog\/wp-content\/uploads\/2019\/12\/Ypres_campagne1914-1915.jpg?resize=350%2C200","width":350,"height":200},"classes":[]},{"id":2293,"url":"https:\/\/herage.org\/blog\/https:\/blog.herage.org\/p=\/2293\/","url_meta":{"origin":2335,"position":4},"title":"#ChallengeAZ \u2502 A&#8230; Ascension sans retenue pour l&rsquo;inspecteur Lacolle","date":"1 novembre 2019","format":false,"excerpt":"Ren\u00e9 LACOLLE na\u00eet le 16\/01\/1792 et est baptis\u00e9 le lendemain \u00e0 Oiron (79). Il est le fils d'autre Ren\u00e9 LACOLLE, propri\u00e9taire tailleur d'habits, et de Marie Radegonde MARTIN. Il grandit dans sa famille avec son fr\u00e8re Vincent (1802-1871) qui finira sa vie cur\u00e9 \u00e0 Saint-Laurent-de-Jourdes (86) et sa s\u0153ur Rosalie\u2026","rel":"","context":"Dans &quot;Challenge AZ 2019&quot;","img":{"alt_text":"","src":"https:\/\/i0.wp.com\/herage.org\/blog\/wp-content\/uploads\/2019\/10\/palmes-academiques.jpg?fit=355%2C410&ssl=1&resize=350%2C200","width":350,"height":200},"classes":[]},{"id":1637,"url":"https:\/\/herage.org\/blog\/https:\/blog.herage.org\/p=\/1637\/","url_meta":{"origin":2335,"position":5},"title":"#ChallengeAZ \u2502 P&#8230; Poitiers, le prix du sacril\u00e8ge \u00e0 Saint-Cybard","date":"19 novembre 2018","format":false,"excerpt":"La lecture des registres de la paroisse de Sainte-Radegonde de Poitiers apporte des informations parfois curieuses. En effet, le pr\u00eatre consigne des \u00e9v\u00e9nements marquants pour lesquels il signale en marge une mention \"ad memoriam\"\u00a0ou \"chose remarquable\". Ainsi par exemple, il note en mai 1715 : \"hier au soir a huit\u2026","rel":"","context":"Dans &quot;Challenge AZ 2018&quot;","img":{"alt_text":"","src":"https:\/\/i0.wp.com\/herage.org\/blog\/wp-content\/uploads\/2018\/11\/D\u00c3\u00a9tail-du-si\u00c3\u00a8ge-de-Poitiers-par-Coligny-en-1569--1024x683.jpg?resize=350%2C200","width":350,"height":200},"classes":[]}],"_links":{"self":[{"href":"https:\/\/herage.org\/blog\/wp-json\/wp\/v2\/posts\/2335"}],"collection":[{"href":"https:\/\/herage.org\/blog\/wp-json\/wp\/v2\/posts"}],"about":[{"href":"https:\/\/herage.org\/blog\/wp-json\/wp\/v2\/types\/post"}],"author":[{"embeddable":true,"href":"https:\/\/herage.org\/blog\/wp-json\/wp\/v2\/users\/721"}],"replies":[{"embeddable":true,"href":"https:\/\/herage.org\/blog\/wp-json\/wp\/v2\/comments?post=2335"}],"version-history":[{"count":7,"href":"https:\/\/herage.org\/blog\/wp-json\/wp\/v2\/posts\/2335\/revisions"}],"predecessor-version":[{"id":2694,"href":"https:\/\/herage.org\/blog\/wp-json\/wp\/v2\/posts\/2335\/revisions\/2694"}],"wp:attachment":[{"href":"https:\/\/herage.org\/blog\/wp-json\/wp\/v2\/media?parent=2335"}],"wp:term":[{"taxonomy":"category","embeddable":true,"href":"https:\/\/herage.org\/blog\/wp-json\/wp\/v2\/categories?post=2335"},{"taxonomy":"post_tag","embeddable":true,"href":"https:\/\/herage.org\/blog\/wp-json\/wp\/v2\/tags?post=2335"}],"curies":[{"name":"wp","href":"https:\/\/api.w.org\/{rel}","templated":true}]}}