{"id":2339,"date":"2019-11-27T08:00:18","date_gmt":"2019-11-27T07:00:18","guid":{"rendered":"http:\/\/herage.org\/blog\/?p=2339"},"modified":"2019-11-20T18:49:08","modified_gmt":"2019-11-20T17:49:08","slug":"challengeaz-%e2%94%82-w-le-wood-block-au-conservatoire-de-musique","status":"publish","type":"post","link":"https:\/\/herage.org\/blog\/https:\/blog.herage.org\/p=\/2339\/","title":{"rendered":"#ChallengeAZ \u2502 W&#8230; Le Wood-block au conservatoire de musique ?"},"content":{"rendered":"<p><strong>Qu\u2019est-ce qu\u2019un wood-block\u00a0?<\/strong><\/p>\n<p>Le <strong>wood-block<\/strong> est un instrument de musique de percussion compos\u00e9 d&rsquo;un morceau de bois creux sur lequel on tape avec un morceau de bois plein. Il en existe de toutes tailles.<\/p>\n<p><a href=\"https:\/\/i0.wp.com\/herage.org\/blog\/wp-content\/uploads\/2019\/11\/wood.png\" target=\"_blank\" rel=\"noopener\"><img data-attachment-id=\"2639\" data-permalink=\"https:\/\/herage.org\/blog\/https:\/blog.herage.org\/p=\/2339\/wood\/\" data-orig-file=\"https:\/\/i0.wp.com\/herage.org\/blog\/wp-content\/uploads\/2019\/11\/wood.png?fit=945%2C775&amp;ssl=1\" data-orig-size=\"945,775\" data-comments-opened=\"1\" data-image-meta=\"{&quot;aperture&quot;:&quot;0&quot;,&quot;credit&quot;:&quot;&quot;,&quot;camera&quot;:&quot;&quot;,&quot;caption&quot;:&quot;&quot;,&quot;created_timestamp&quot;:&quot;0&quot;,&quot;copyright&quot;:&quot;&quot;,&quot;focal_length&quot;:&quot;0&quot;,&quot;iso&quot;:&quot;0&quot;,&quot;shutter_speed&quot;:&quot;0&quot;,&quot;title&quot;:&quot;&quot;,&quot;orientation&quot;:&quot;0&quot;}\" data-image-title=\"wood\" data-image-description=\"\" data-image-caption=\"\" data-medium-file=\"https:\/\/i0.wp.com\/herage.org\/blog\/wp-content\/uploads\/2019\/11\/wood.png?fit=300%2C246&amp;ssl=1\" data-large-file=\"https:\/\/i0.wp.com\/herage.org\/blog\/wp-content\/uploads\/2019\/11\/wood.png?fit=584%2C479&amp;ssl=1\" loading=\"lazy\" class=\"aligncenter wp-image-2639 size-full\" src=\"https:\/\/i0.wp.com\/herage.org\/blog\/wp-content\/uploads\/2019\/11\/wood.png?resize=584%2C479\" alt=\"\" width=\"584\" height=\"479\" srcset=\"https:\/\/i0.wp.com\/herage.org\/blog\/wp-content\/uploads\/2019\/11\/wood.png?w=945&amp;ssl=1 945w, https:\/\/i0.wp.com\/herage.org\/blog\/wp-content\/uploads\/2019\/11\/wood.png?resize=300%2C246&amp;ssl=1 300w, https:\/\/i0.wp.com\/herage.org\/blog\/wp-content\/uploads\/2019\/11\/wood.png?resize=768%2C630&amp;ssl=1 768w, https:\/\/i0.wp.com\/herage.org\/blog\/wp-content\/uploads\/2019\/11\/wood.png?resize=366%2C300&amp;ssl=1 366w\" sizes=\"(max-width: 584px) 100vw, 584px\" data-recalc-dims=\"1\" \/><\/a><\/p>\n<p style=\"text-align: justify;\"><strong>\u00a0<\/strong>Le wood-block est \u00e0 l\u2019origine un instrument chinois appel\u00e9 aussi ban. Il a \u00e9t\u00e9 adopt\u00e9 par les premi\u00e8res formations de jazz et il est devenu par la suite tr\u00e8s pris\u00e9 des batteurs.<\/p>\n<p style=\"text-align: justify;\"><strong>O\u00f9 apprendre \u00e0 jouer du wood-block ? <\/strong><\/p>\n<p style=\"text-align: justify;\">La meilleure fa\u00e7on de jouer du wood-block, c\u2019est d\u2019int\u00e9grer une \u00e9cole de musique ou un conservatoire de musique.<\/p>\n<p style=\"text-align: justify;\"><strong>A Ch\u00e2tellerault, vous pouvez aller au conservatoire de musique Cl\u00e9ment JANEQUIN.\u00a0<\/strong><strong>\u00a0<\/strong>Un petit historique des lieux s\u2019impose\u00a0?<\/p>\n<p style=\"text-align: justify;\">Le 17 ao\u00fbt 1912, le conseil municipal propose d\u2019organiser une \u00e9cole de musique municipale \u00e0 l\u2019usage de filles et de gar\u00e7ons<a href=\"#_ftn1\" name=\"_ftnref1\">[1]<\/a>. L\u2019ann\u00e9e suivante, la d\u00e9cision est prise de faire une \u00e9tude pour la cr\u00e9ation d\u2019une \u00e9cole de musique municipale<a href=\"#_ftn2\" name=\"_ftnref2\">[2]<\/a>. Mais la guerre survient et tout est arr\u00eat\u00e9.<\/p>\n<p style=\"text-align: justify;\">Finalement, la cr\u00e9ation de cette \u00e9cole est d\u00e9cid\u00e9e le 24 octobre 1919, avec le regroupement des deux ensembles existants \u00a0alors \u00e0 Ch\u00e2tellerault \u00ab\u00a0l\u2019Harmonie\u00a0\u00bb et \u00ab\u00a0la Fanfare\u00a0\u00bb<a href=\"#_ftn3\" name=\"_ftnref3\">[3]<\/a>. Deux professeurs de solf\u00e8ge et de musique instrumentale sont nomm\u00e9s pour cette occasion.<\/p>\n<p style=\"text-align: justify;\">Dans les ann\u00e9es 1929\/1930, les cours sont donn\u00e9s \u00e0 la mairie dans deux grandes salles de l\u2019ancienne \u00e9cole d\u00e9saffect\u00e9e et les cours du soir ont lieu dans la salle d\u2019audience de la justice de paix.<\/p>\n<p style=\"text-align: justify;\">En 1936, Joseph-Rapha\u00ebl MASSON r\u00e9organise l\u2019\u00e9cole de musique sous le nom d\u2019\u00a0\u00ab\u00a0\u00e9cole gratuite de musique de l\u2019Harmonie municipale\u00a0\u00bb. Il en devient le premier directeur. L\u2019\u00e9cole compte alors une trentaine d\u2019\u00e9l\u00e8ves.<\/p>\n<p style=\"text-align: justify;\">En 1962, l\u2019\u00e9cole de l\u2019harmonie devient\u00a0\u00ab\u00a0l\u2019\u00e9cole municipale de musique\u00a0\u00bb et s\u2019installe progressivement dans l\u2019ancien coll\u00e8ge d\u00e9saffect\u00e9, en plein centre ville, 8 rue de la Taupanne. A partir d\u2019octobre\u00a0 1964, les lieux sont am\u00e9nag\u00e9s et neuf salles sont occup\u00e9es.<\/p>\n<p style=\"text-align: justify;\">En 1968, l\u2019\u00e9cole prend le nom de \u00ab\u00a0Conservatoire municipal de musique\u00a0\u00bb et est agr\u00e9\u00e9 par le ministre sous l\u2019impulsion de Pierre-Yves Level en 1979. Son directeur est Emile LELOUCH, il y a 28 disciplines enseign\u00e9es, 30 professeurs et 724 \u00e9l\u00e8ves.<\/p>\n<p style=\"text-align: justify;\">En 1982, la danse vient rejoindre la musique, l\u2019\u00e9cole devient \u00ab\u00a0conservatoire municipal de musique et de danse\u00a0\u00bb. Charles Kaiser vulgarisateur et pionner de la danse dans le ch\u00e2telleraudais, devient le premier enseignant.<\/p>\n<p style=\"text-align: justify;\">En 1984, Fran\u00e7oise MATRINGE devient directrice du conservatoire. L\u2019\u00e9cole devient \u00ab\u00a0\u00e9cole nationale de musique et de danse\u00a0\u00bb.<\/p>\n<p style=\"text-align: justify;\">En 1985, c\u2019est l\u2019ann\u00e9e europ\u00e9enne de la musique<a href=\"#_ftn4\" name=\"_ftnref4\">[4]<\/a>.\u00a0 La \u00a0directrice de l\u2019\u00e9cole, aussi pr\u00e9sidente du centre musical Cl\u00e9ment JANEQUIN organise du 1 au 7 septembre, le 500<sup>\u00e9me<\/sup> anniversaire de la naissance de Cl\u00e9ment JANEQUIN. Des expositions et des r\u00e9citals sont organis\u00e9s. Les chansons \u00a0\u00ab\u00a0Pavane la bataille\u00a0\u00bb et \u00ab\u00a0Martin Menoit\u00a0\u00bb de cet auteur sont interpr\u00e9t\u00e9es.<\/p>\n<div id=\"attachment_2641\" style=\"width: 455px\" class=\"wp-caption aligncenter\"><a href=\"https:\/\/i0.wp.com\/herage.org\/blog\/wp-content\/uploads\/2019\/11\/image-8032-1.png\" target=\"_blank\" rel=\"noopener\"><img aria-describedby=\"caption-attachment-2641\" data-attachment-id=\"2641\" data-permalink=\"https:\/\/herage.org\/blog\/https:\/blog.herage.org\/p=\/2339\/image-8032-1\/\" data-orig-file=\"https:\/\/i0.wp.com\/herage.org\/blog\/wp-content\/uploads\/2019\/11\/image-8032-1.png?fit=445%2C645&amp;ssl=1\" data-orig-size=\"445,645\" data-comments-opened=\"1\" data-image-meta=\"{&quot;aperture&quot;:&quot;0&quot;,&quot;credit&quot;:&quot;&quot;,&quot;camera&quot;:&quot;&quot;,&quot;caption&quot;:&quot;&quot;,&quot;created_timestamp&quot;:&quot;0&quot;,&quot;copyright&quot;:&quot;&quot;,&quot;focal_length&quot;:&quot;0&quot;,&quot;iso&quot;:&quot;0&quot;,&quot;shutter_speed&quot;:&quot;0&quot;,&quot;title&quot;:&quot;&quot;,&quot;orientation&quot;:&quot;0&quot;}\" data-image-title=\"image 8032-1\" data-image-description=\"\" data-image-caption=\"\" data-medium-file=\"https:\/\/i0.wp.com\/herage.org\/blog\/wp-content\/uploads\/2019\/11\/image-8032-1.png?fit=207%2C300&amp;ssl=1\" data-large-file=\"https:\/\/i0.wp.com\/herage.org\/blog\/wp-content\/uploads\/2019\/11\/image-8032-1.png?fit=445%2C645&amp;ssl=1\" loading=\"lazy\" class=\"wp-image-2641 size-full\" src=\"https:\/\/i0.wp.com\/herage.org\/blog\/wp-content\/uploads\/2019\/11\/image-8032-1.png?resize=445%2C645\" alt=\"\" width=\"445\" height=\"645\" srcset=\"https:\/\/i0.wp.com\/herage.org\/blog\/wp-content\/uploads\/2019\/11\/image-8032-1.png?w=445&amp;ssl=1 445w, https:\/\/i0.wp.com\/herage.org\/blog\/wp-content\/uploads\/2019\/11\/image-8032-1.png?resize=207%2C300&amp;ssl=1 207w\" sizes=\"(max-width: 445px) 100vw, 445px\" data-recalc-dims=\"1\" \/><\/a><p id=\"caption-attachment-2641\" class=\"wp-caption-text\">Programme du concert du jeudi 5 septembre 1985, ACGC : 4PR17<\/p><\/div>\n<p style=\"text-align: justify;\">Les lieux sont exigus et de plus en trop v\u00e9tustes. Aussi de nombreux travaux sont effectu\u00e9s entre 1986 et 1988. Apr\u00e8s les travaux, 19 salles sont utilis\u00e9es ainsi qu\u2019un auditorium, un studio de danse, une biblioth\u00e8que, un foyer ainsi que des locaux administratifs.<\/p>\n<p style=\"text-align: justify;\">En 2002, l\u2019\u00e9cole Nationale de musique et de danse devient un \u00e9quipement culturel \u00e0 vocation communautaire, g\u00e9r\u00e9 par la communaut\u00e9 d\u2019agglom\u00e9ration du Pays Ch\u00e2telleraudais.<\/p>\n<p style=\"text-align: justify;\">En 2007, l\u2019\u00e9cole Nationale de musique et de danse (ENMD) devient conservatoire \u00e0 rayonnement d\u00e9partemental (CRD).<\/p>\n<p style=\"text-align: justify;\">En 2010, le CRD arbore un nouveau nom et devient\u00a0\u00ab le conservatoire de musique et de danse \u00e0 rayonnement d\u00e9partemental Cl\u00e9ment JANEQUIN \u00bb.<\/p>\n<div id=\"attachment_2642\" style=\"width: 650px\" class=\"wp-caption aligncenter\"><a href=\"https:\/\/i0.wp.com\/herage.org\/blog\/wp-content\/uploads\/2019\/11\/IMG_3807.jpg\" target=\"_blank\" rel=\"noopener\"><img aria-describedby=\"caption-attachment-2642\" data-attachment-id=\"2642\" data-permalink=\"https:\/\/herage.org\/blog\/https:\/blog.herage.org\/p=\/2339\/img_3807\/\" data-orig-file=\"https:\/\/i0.wp.com\/herage.org\/blog\/wp-content\/uploads\/2019\/11\/IMG_3807.jpg?fit=640%2C480&amp;ssl=1\" data-orig-size=\"640,480\" data-comments-opened=\"1\" data-image-meta=\"{&quot;aperture&quot;:&quot;2.2&quot;,&quot;credit&quot;:&quot;&quot;,&quot;camera&quot;:&quot;iPhone 6s&quot;,&quot;caption&quot;:&quot;&quot;,&quot;created_timestamp&quot;:&quot;1573233790&quot;,&quot;copyright&quot;:&quot;&quot;,&quot;focal_length&quot;:&quot;4.15&quot;,&quot;iso&quot;:&quot;125&quot;,&quot;shutter_speed&quot;:&quot;0.03030303030303&quot;,&quot;title&quot;:&quot;&quot;,&quot;orientation&quot;:&quot;1&quot;}\" data-image-title=\"IMG_3807\" data-image-description=\"\" data-image-caption=\"\" data-medium-file=\"https:\/\/i0.wp.com\/herage.org\/blog\/wp-content\/uploads\/2019\/11\/IMG_3807.jpg?fit=300%2C225&amp;ssl=1\" data-large-file=\"https:\/\/i0.wp.com\/herage.org\/blog\/wp-content\/uploads\/2019\/11\/IMG_3807.jpg?fit=584%2C438&amp;ssl=1\" loading=\"lazy\" class=\"wp-image-2642 size-full\" src=\"https:\/\/i0.wp.com\/herage.org\/blog\/wp-content\/uploads\/2019\/11\/IMG_3807.jpg?resize=584%2C438\" alt=\"\" width=\"584\" height=\"438\" srcset=\"https:\/\/i0.wp.com\/herage.org\/blog\/wp-content\/uploads\/2019\/11\/IMG_3807.jpg?w=640&amp;ssl=1 640w, https:\/\/i0.wp.com\/herage.org\/blog\/wp-content\/uploads\/2019\/11\/IMG_3807.jpg?resize=300%2C225&amp;ssl=1 300w, https:\/\/i0.wp.com\/herage.org\/blog\/wp-content\/uploads\/2019\/11\/IMG_3807.jpg?resize=400%2C300&amp;ssl=1 400w\" sizes=\"(max-width: 584px) 100vw, 584px\" data-recalc-dims=\"1\" \/><\/a><p id=\"caption-attachment-2642\" class=\"wp-caption-text\">Conservatoire de musique et de danse, Cl\u00e9ment Janequin \u00a9 C. Bourreau, novembre 2019<\/p><\/div>\n<p style=\"text-align: justify;\"><strong>Pourquoi le nom de Cl\u00e9ment JANEQUIN ?<\/strong><\/p>\n<p style=\"text-align: justify;\">Cl\u00e9ment JANEQUIN est n\u00e9 vers 1485, \u00e0 Ch\u00e2tellerault, fils d\u2019Etienne et de Louise LIACH\u00c8RE. C\u2019est un compositeur de la Renaissance fran\u00e7aise. Il laisse une oeuvre tr\u00e8s importante\u00a0: plus de deux cent cinquante chansons fran\u00e7aises dont le chant des oiseaux, la guerre ou la bataille de Marignan, de cent cinquante psaumes et chansons spirituelles, des motets, deux messes et un madrigal italien.<\/p>\n<p style=\"text-align: justify;\">En 2011, Le CRD d\u00e9m\u00e9nage 1 rue Jean Monnet, dans le b\u00e2timent de l\u2019horloge, sur le site de la manu. Il est inaugur\u00e9 le 14 avril 2011.<\/p>\n<div id=\"attachment_2643\" style=\"width: 650px\" class=\"wp-caption aligncenter\"><a href=\"https:\/\/i0.wp.com\/herage.org\/blog\/wp-content\/uploads\/2019\/11\/IMG_3806.jpg\" target=\"_blank\" rel=\"noopener\"><img aria-describedby=\"caption-attachment-2643\" data-attachment-id=\"2643\" data-permalink=\"https:\/\/herage.org\/blog\/https:\/blog.herage.org\/p=\/2339\/img_3806\/\" data-orig-file=\"https:\/\/i0.wp.com\/herage.org\/blog\/wp-content\/uploads\/2019\/11\/IMG_3806.jpg?fit=640%2C480&amp;ssl=1\" data-orig-size=\"640,480\" data-comments-opened=\"1\" data-image-meta=\"{&quot;aperture&quot;:&quot;2.2&quot;,&quot;credit&quot;:&quot;&quot;,&quot;camera&quot;:&quot;iPhone 6s&quot;,&quot;caption&quot;:&quot;&quot;,&quot;created_timestamp&quot;:&quot;1573233750&quot;,&quot;copyright&quot;:&quot;&quot;,&quot;focal_length&quot;:&quot;4.15&quot;,&quot;iso&quot;:&quot;200&quot;,&quot;shutter_speed&quot;:&quot;0.05&quot;,&quot;title&quot;:&quot;&quot;,&quot;orientation&quot;:&quot;1&quot;}\" data-image-title=\"IMG_3806\" data-image-description=\"\" data-image-caption=\"\" data-medium-file=\"https:\/\/i0.wp.com\/herage.org\/blog\/wp-content\/uploads\/2019\/11\/IMG_3806.jpg?fit=300%2C225&amp;ssl=1\" data-large-file=\"https:\/\/i0.wp.com\/herage.org\/blog\/wp-content\/uploads\/2019\/11\/IMG_3806.jpg?fit=584%2C438&amp;ssl=1\" loading=\"lazy\" class=\"wp-image-2643 size-full\" src=\"https:\/\/i0.wp.com\/herage.org\/blog\/wp-content\/uploads\/2019\/11\/IMG_3806.jpg?resize=584%2C438\" alt=\"\" width=\"584\" height=\"438\" srcset=\"https:\/\/i0.wp.com\/herage.org\/blog\/wp-content\/uploads\/2019\/11\/IMG_3806.jpg?w=640&amp;ssl=1 640w, https:\/\/i0.wp.com\/herage.org\/blog\/wp-content\/uploads\/2019\/11\/IMG_3806.jpg?resize=300%2C225&amp;ssl=1 300w, https:\/\/i0.wp.com\/herage.org\/blog\/wp-content\/uploads\/2019\/11\/IMG_3806.jpg?resize=400%2C300&amp;ssl=1 400w\" sizes=\"(max-width: 584px) 100vw, 584px\" data-recalc-dims=\"1\" \/><\/a><p id=\"caption-attachment-2643\" class=\"wp-caption-text\">Inauguration du conservatoire de musique et de danse, Cl\u00e9ment Janequin \u00a9 C. Bourreau, novembre 2019<\/p><\/div>\n<p style=\"text-align: justify;\">Maintenant fort de ces renseignements vous pouvez vous rendre au conservatoire \u00ab\u00a0Cl\u00e9ment Janequin\u00a0\u00bb pour apprendre \u00e0 jouer de cet instrument particulier le \u00ab\u00a0wood-block\u00a0pour ensuite incorporer une formation de jazz.<\/p>\n<p style=\"text-align: justify;\"><a href=\"#_ftnref1\" name=\"_ftn1\">[1]<\/a> ACGC\u00a0: 1D47. D\u00e9lib\u00e9ration du conseil municipal, page 50.<\/p>\n<p style=\"text-align: justify;\"><a href=\"#_ftnref2\" name=\"_ftn2\">[2]<\/a> ACGC\u00a0: 1D48. D\u00e9lib\u00e9ration du conseil municipal, page 62.<\/p>\n<p><a href=\"#_ftnref3\" name=\"_ftn3\">[3]<\/a> ACGC\u00a0: 1D50. D\u00e9lib\u00e9ration du conseil municipal, page 176.<\/p>\n<p><a href=\"#_ftnref4\" name=\"_ftn4\">[4]<\/a> ACGC\u00a0: 4PR17.<\/p>\n","protected":false},"excerpt":{"rendered":"<p>Qu\u2019est-ce qu\u2019un wood-block\u00a0? Le wood-block est un instrument de musique de percussion compos\u00e9 d&rsquo;un morceau de bois creux sur lequel on tape avec un morceau de bois plein. Il en existe de toutes tailles. \u00a0Le wood-block est \u00e0 l\u2019origine un &hellip; <a href=\"https:\/\/herage.org\/blog\/https:\/blog.herage.org\/p=\/2339\/\">Continuer la lecture <span class=\"meta-nav\">&rarr;<\/span><\/a><\/p>\n","protected":false},"author":688,"featured_media":0,"comment_status":"open","ping_status":"open","sticky":false,"template":"","format":"standard","meta":{"spay_email":"","jetpack_publicize_message":"#ChallengeAZ \u2502 W... Le Wood-block au conservatoire de musique\r\nnous permet d'\u00e9voquer l'histoire du conservatoire de musique de Ch\u00e2tellerault.","jetpack_is_tweetstorm":false,"jetpack_publicize_feature_enabled":true},"categories":[262,30],"tags":[],"jetpack_publicize_connections":[],"jetpack_featured_media_url":"","jetpack_sharing_enabled":true,"jetpack_shortlink":"https:\/\/wp.me\/p4fVnZ-BJ","jetpack-related-posts":[{"id":2781,"url":"https:\/\/herage.org\/blog\/https:\/blog.herage.org\/p=\/2781\/","url_meta":{"origin":2339,"position":0},"title":"Calendrier de l&rsquo;avent du CGP : Jour 6","date":"7 d\u00e9cembre 2019","format":false,"excerpt":"Pour le mois de d\u00e9cembre 2019, nous vous proposons d\u2019ouvrir la bo\u00eete \u00e0 souvenirs. Nous avons demand\u00e9 \u00e0 nos adh\u00e9rents de bien vouloir partager des photos ou images et de nous dire en quelques mots ce qu\u2019elles \u00e9voquaient pour eux. La sixi\u00e8me photo sera double. Elles sont partag\u00e9es par Claudie\u2026","rel":"","context":"Dans &quot;Calendrier de l'avent 2019&quot;","img":{"alt_text":"Thur\u00c3\u00a9, Vienne 86","src":"https:\/\/i0.wp.com\/herage.org\/blog\/wp-content\/uploads\/2019\/12\/Thur\u00c3\u00a9-\u00c3\u00a9glise.jpg?resize=350%2C200","width":350,"height":200},"classes":[]},{"id":2512,"url":"https:\/\/herage.org\/blog\/https:\/blog.herage.org\/p=\/2512\/","url_meta":{"origin":2339,"position":1},"title":"#ChallengeAZ 2019&#8230; sur le chemin de l&rsquo;\u00e9cole","date":"30 octobre 2019","format":false,"excerpt":"L'ann\u00e9e derni\u00e8re j'ai embarqu\u00e9 une vingtaine d'adh\u00e9rents du Cercle g\u00e9n\u00e9alogique Poitevin au sein d'un l'atelier \u00e9criture dont l'objectif \u00e9tait de participer \u00e0 un d\u00e9fi d'\u00e9criture lanc\u00e9 par Sophie Boudarel il y a quelques ann\u00e9es d\u00e9j\u00e0. Durant tout le mois de novembre, nous avons publi\u00e9 tous les jours, sauf le dimanche,\u2026","rel":"","context":"Dans &quot;Challenge AZ 2019&quot;","img":{"alt_text":"Bignoux, exposition, journ\u00c3\u00a9es d'\u00c3\u00a9change, CGP, Vienne (86), Rossignol","src":"https:\/\/i0.wp.com\/herage.org\/blog\/wp-content\/uploads\/2019\/10\/Souvenirs-Expos-Bignoux.png?resize=350%2C200","width":350,"height":200},"classes":[]},{"id":2304,"url":"https:\/\/herage.org\/blog\/https:\/blog.herage.org\/p=\/2304\/","url_meta":{"origin":2339,"position":2},"title":"#ChallengeAZ \u2502 F&#8230; Une ferme \u00e9cole \u00e0 l&rsquo;Espinasse","date":"7 novembre 2019","format":false,"excerpt":"En explorant les recensements de la commune d'Oyr\u00e9, pr\u00e8s de Ch\u00e2tellerault (86), j'ai d\u00e9couvert la pr\u00e9sence d'une ferme \u00e9cole au hameau de l'Espinasse, en 1851. Le recensement de ce hameau mentionne la pr\u00e9sence de 33 r\u00e9sidents, dont le propri\u00e9taire et directeur Louis Constantin Eug\u00e8ne MOLL avec sa famille, un sous\u2026","rel":"","context":"Dans &quot;Challenge AZ 2019&quot;","img":{"alt_text":"","src":"https:\/\/i0.wp.com\/herage.org\/blog\/wp-content\/uploads\/2019\/10\/l-espinasse-cadastre-1831.jpg?resize=350%2C200","width":350,"height":200},"classes":[]},{"id":2692,"url":"https:\/\/herage.org\/blog\/https:\/blog.herage.org\/p=\/2692\/","url_meta":{"origin":2339,"position":3},"title":"#ChallengeAZ \u2502 V&#8230; Valdivienne, une dynastie d&rsquo;instituteurs","date":"26 novembre 2019","format":false,"excerpt":"A l\u2019occasion de mes recherches g\u00e9n\u00e9alogiques j\u2019ai \u00e9t\u00e9 attir\u00e9 par la pr\u00e9sence sur l\u2019acte de d\u00e9c\u00e8s d\u2019une arri\u00e8re-grand-m\u00e8re, Louise ROBUCHON, le 21 janvier 1916 \u00e0 Salles-en-Toulon, d\u2019un certain Georges ARNAULT, instituteur, ami de la d\u00e9funte. Par curiosit\u00e9, j\u2019ai voulu en savoir plus sur cet instituteur. Il est n\u00e9 en 1863\u2026","rel":"","context":"Dans &quot;Challenge AZ 2019&quot;","img":{"alt_text":"","src":"https:\/\/i0.wp.com\/herage.org\/blog\/wp-content\/uploads\/2019\/11\/Acte-de-d\u00c3\u00a9c\u00c3\u00a8s-de-Louise-Robuchon-1.jpeg?resize=350%2C200","width":350,"height":200},"classes":[]},{"id":2884,"url":"https:\/\/herage.org\/blog\/https:\/blog.herage.org\/p=\/2884\/","url_meta":{"origin":2339,"position":4},"title":"Calendrier de l&rsquo;avent du CGP : Jour 24","date":"25 d\u00e9cembre 2019","format":false,"excerpt":"Pour le mois de d\u00e9cembre 2019, nous vous proposons d\u2019ouvrir la bo\u00eete \u00e0 souvenirs. Nous avons demand\u00e9 \u00e0 nos adh\u00e9rents de bien vouloir partager des photos ou images et de nous dire en quelques mots ce qu\u2019elles \u00e9voquaient pour eux. Pour ce 24e et dernier jour de l'avent, j'ai gard\u00e9\u2026","rel":"","context":"Dans &quot;Calendrier de l'avent 2019&quot;","img":{"alt_text":"","src":"https:\/\/i0.wp.com\/herage.org\/blog\/wp-content\/uploads\/2019\/12\/aagp-coulonges.jpg?resize=350%2C200","width":350,"height":200},"classes":[]},{"id":1641,"url":"https:\/\/herage.org\/blog\/https:\/blog.herage.org\/p=\/1641\/","url_meta":{"origin":2339,"position":5},"title":"#ChallengeAZ \u2502 R&#8230; Rouill\u00e9, sauvetage d&rsquo;un cimeti\u00e8re protestant","date":"21 novembre 2018","format":false,"excerpt":"Des cimeti\u00e8res, il y en a partout \u00e0 Boisgrollier\u00a0depuis le 18\u00e8me si\u00e8cle, cons\u00e9quence de l\u2019interdiction d\u2019inhumation dans les cimeti\u00e8res catholiques, du Roi Louis XIV, dans sa lutte contre les protestants pour faire dispara\u00eetre cette religion. Pour ce faire, il\u00a0r\u00e9voqua l\u2019Edit de Nantes en signant l\u2019Edit de Fontainebleau,\u00a0le\u00a022 octobre\u00a01685. Le\u00a0protestantisme\u00a0devenait d\u00e8s\u2026","rel":"","context":"Dans &quot;Challenge AZ 2018&quot;","img":{"alt_text":"","src":"https:\/\/i0.wp.com\/herage.org\/blog\/wp-content\/uploads\/2018\/11\/50-IMG_2935-1024x576.jpg?resize=350%2C200","width":350,"height":200},"classes":[]}],"_links":{"self":[{"href":"https:\/\/herage.org\/blog\/wp-json\/wp\/v2\/posts\/2339"}],"collection":[{"href":"https:\/\/herage.org\/blog\/wp-json\/wp\/v2\/posts"}],"about":[{"href":"https:\/\/herage.org\/blog\/wp-json\/wp\/v2\/types\/post"}],"author":[{"embeddable":true,"href":"https:\/\/herage.org\/blog\/wp-json\/wp\/v2\/users\/688"}],"replies":[{"embeddable":true,"href":"https:\/\/herage.org\/blog\/wp-json\/wp\/v2\/comments?post=2339"}],"version-history":[{"count":3,"href":"https:\/\/herage.org\/blog\/wp-json\/wp\/v2\/posts\/2339\/revisions"}],"predecessor-version":[{"id":2644,"href":"https:\/\/herage.org\/blog\/wp-json\/wp\/v2\/posts\/2339\/revisions\/2644"}],"wp:attachment":[{"href":"https:\/\/herage.org\/blog\/wp-json\/wp\/v2\/media?parent=2339"}],"wp:term":[{"taxonomy":"category","embeddable":true,"href":"https:\/\/herage.org\/blog\/wp-json\/wp\/v2\/categories?post=2339"},{"taxonomy":"post_tag","embeddable":true,"href":"https:\/\/herage.org\/blog\/wp-json\/wp\/v2\/tags?post=2339"}],"curies":[{"name":"wp","href":"https:\/\/api.w.org\/{rel}","templated":true}]}}