{"id":2343,"date":"2019-11-29T08:00:24","date_gmt":"2019-11-29T07:00:24","guid":{"rendered":"http:\/\/herage.org\/blog\/?p=2343"},"modified":"2019-11-29T23:42:40","modified_gmt":"2019-11-29T22:42:40","slug":"challengeaz-%e2%94%82-y-lecole-camille-demarcay","status":"publish","type":"post","link":"https:\/\/herage.org\/blog\/https:\/blog.herage.org\/p=\/2343\/","title":{"rendered":"#ChallengeAZ \u2502 Y&#8230; L&rsquo;\u00e9cole Camille DEMAR\u00c7AY"},"content":{"rendered":"<p style=\"text-align: justify;\"><a href=\"https:\/\/i0.wp.com\/herage.org\/blog\/wp-content\/uploads\/2019\/11\/Mign\u00e9-\u00e9cole-de-Nanteuil.jpg\" target=\"_blank\" rel=\"noopener\"><img data-attachment-id=\"2729\" data-permalink=\"https:\/\/herage.org\/blog\/https:\/blog.herage.org\/p=\/2343\/migne-ecole-de-nanteuil\/\" data-orig-file=\"https:\/\/i0.wp.com\/herage.org\/blog\/wp-content\/uploads\/2019\/11\/Mign\u00e9-\u00e9cole-de-Nanteuil.jpg?fit=1724%2C1135&amp;ssl=1\" data-orig-size=\"1724,1135\" data-comments-opened=\"1\" data-image-meta=\"{&quot;aperture&quot;:&quot;0&quot;,&quot;credit&quot;:&quot;&quot;,&quot;camera&quot;:&quot;&quot;,&quot;caption&quot;:&quot;&quot;,&quot;created_timestamp&quot;:&quot;1537271632&quot;,&quot;copyright&quot;:&quot;&quot;,&quot;focal_length&quot;:&quot;0&quot;,&quot;iso&quot;:&quot;0&quot;,&quot;shutter_speed&quot;:&quot;0&quot;,&quot;title&quot;:&quot;&quot;,&quot;orientation&quot;:&quot;1&quot;}\" data-image-title=\"Mign\u00e9 \u00e9cole de Nanteuil\" data-image-description=\"\" data-image-caption=\"\" data-medium-file=\"https:\/\/i0.wp.com\/herage.org\/blog\/wp-content\/uploads\/2019\/11\/Mign\u00e9-\u00e9cole-de-Nanteuil.jpg?fit=300%2C198&amp;ssl=1\" data-large-file=\"https:\/\/i0.wp.com\/herage.org\/blog\/wp-content\/uploads\/2019\/11\/Mign\u00e9-\u00e9cole-de-Nanteuil.jpg?fit=584%2C384&amp;ssl=1\" loading=\"lazy\" class=\"aligncenter wp-image-2729 size-large\" src=\"https:\/\/i0.wp.com\/herage.org\/blog\/wp-content\/uploads\/2019\/11\/Mign\u00e9-\u00e9cole-de-Nanteuil-1024x674.jpg?resize=584%2C384\" alt=\"\" width=\"584\" height=\"384\" srcset=\"https:\/\/i0.wp.com\/herage.org\/blog\/wp-content\/uploads\/2019\/11\/Mign\u00e9-\u00e9cole-de-Nanteuil.jpg?resize=1024%2C674&amp;ssl=1 1024w, https:\/\/i0.wp.com\/herage.org\/blog\/wp-content\/uploads\/2019\/11\/Mign\u00e9-\u00e9cole-de-Nanteuil.jpg?resize=300%2C198&amp;ssl=1 300w, https:\/\/i0.wp.com\/herage.org\/blog\/wp-content\/uploads\/2019\/11\/Mign\u00e9-\u00e9cole-de-Nanteuil.jpg?resize=768%2C506&amp;ssl=1 768w, https:\/\/i0.wp.com\/herage.org\/blog\/wp-content\/uploads\/2019\/11\/Mign\u00e9-\u00e9cole-de-Nanteuil.jpg?resize=456%2C300&amp;ssl=1 456w, https:\/\/i0.wp.com\/herage.org\/blog\/wp-content\/uploads\/2019\/11\/Mign\u00e9-\u00e9cole-de-Nanteuil.jpg?w=1724&amp;ssl=1 1724w, https:\/\/i0.wp.com\/herage.org\/blog\/wp-content\/uploads\/2019\/11\/Mign\u00e9-\u00e9cole-de-Nanteuil.jpg?w=1168&amp;ssl=1 1168w\" sizes=\"(max-width: 584px) 100vw, 584px\" data-recalc-dims=\"1\" \/><\/a>L\u2019\u00e9cole Camille Demar\u00e7ay se situe au bourg de Nanteuil dans la rue principale reliant celui de Mign\u00e9 \u00e0 Grand-Pont. Elle a \u00e9t\u00e9 construite sur la commune de Mign\u00e9-Auxances vers 1880 par Camille Demar\u00e7ay sur un terrain du domaine de Malaguet obtenu par h\u00e9ritage de son p\u00e8re, le g\u00e9n\u00e9ral d\u2019artillerie et baron d\u2019Empire, Marc Jean Demar\u00e7ay. Ce dernier s\u2019\u00e9tait port\u00e9 acqu\u00e9reur de ce domaine par acte du 25 mai 1817 pass\u00e9 par devant Me Tulasne notaire \u00e0 Poitiers.<\/p>\n<p style=\"text-align: justify;\">Bien que demeurant principalement \u00e0 Paris &#8211; ses trois enfants y sont n\u00e9s &#8211; Camille Demar\u00e7ay participe \u00e0 la vie communale. Il est \u00e9lu conseiller municipal puis maire les 23 janvier 1881 et 25 juin 1885. Toujours conseiller municipal, Il ne sera pas r\u00e9\u00e9lu les mandatures suivantes de 1888 et 1892 et d\u00e9c\u00e9dera \u00e0 Paris le 7 juin 1893.<\/p>\n<p style=\"text-align: justify;\"><a href=\"https:\/\/i0.wp.com\/herage.org\/blog\/wp-content\/uploads\/2019\/11\/Camille-Demarcay.png\" target=\"_blank\" rel=\"noopener\"><img data-attachment-id=\"2730\" data-permalink=\"https:\/\/herage.org\/blog\/https:\/blog.herage.org\/p=\/2343\/camille-demarcay\/\" data-orig-file=\"https:\/\/i0.wp.com\/herage.org\/blog\/wp-content\/uploads\/2019\/11\/Camille-Demarcay.png?fit=400%2C626&amp;ssl=1\" data-orig-size=\"400,626\" data-comments-opened=\"1\" data-image-meta=\"{&quot;aperture&quot;:&quot;0&quot;,&quot;credit&quot;:&quot;&quot;,&quot;camera&quot;:&quot;&quot;,&quot;caption&quot;:&quot;&quot;,&quot;created_timestamp&quot;:&quot;0&quot;,&quot;copyright&quot;:&quot;&quot;,&quot;focal_length&quot;:&quot;0&quot;,&quot;iso&quot;:&quot;0&quot;,&quot;shutter_speed&quot;:&quot;0&quot;,&quot;title&quot;:&quot;&quot;,&quot;orientation&quot;:&quot;0&quot;}\" data-image-title=\"Camille Demarcay\" data-image-description=\"\" data-image-caption=\"\" data-medium-file=\"https:\/\/i0.wp.com\/herage.org\/blog\/wp-content\/uploads\/2019\/11\/Camille-Demarcay.png?fit=192%2C300&amp;ssl=1\" data-large-file=\"https:\/\/i0.wp.com\/herage.org\/blog\/wp-content\/uploads\/2019\/11\/Camille-Demarcay.png?fit=400%2C626&amp;ssl=1\" loading=\"lazy\" class=\"alignleft wp-image-2730 size-medium\" src=\"https:\/\/i0.wp.com\/herage.org\/blog\/wp-content\/uploads\/2019\/11\/Camille-Demarcay-192x300.png?resize=192%2C300\" alt=\"\" width=\"192\" height=\"300\" srcset=\"https:\/\/i0.wp.com\/herage.org\/blog\/wp-content\/uploads\/2019\/11\/Camille-Demarcay.png?resize=192%2C300&amp;ssl=1 192w, https:\/\/i0.wp.com\/herage.org\/blog\/wp-content\/uploads\/2019\/11\/Camille-Demarcay.png?w=400&amp;ssl=1 400w\" sizes=\"(max-width: 192px) 100vw, 192px\" data-recalc-dims=\"1\" \/><\/a>Camille Demar\u00e7ay offre la jouissance gratuite pendant une p\u00e9riode de 10 ann\u00e9es des b\u00e2timents qu\u2019il a pr\u00e9c\u00e9demment construits pour y cr\u00e9er une \u00e9cole la\u00efque de filles et une \u00e9cole enfantine. La municipalit\u00e9 accepte cette offre qui doit prendre effet, apr\u00e8s accord du pr\u00e9fet, le 1<sup>er<\/sup> janvier 1884. Le bail de location des b\u00e2timents ne sera finalement \u00e9tabli que le 12 juillet 1885.<\/p>\n<p style=\"text-align: justify;\">Camille Demar\u00e7ay \u00e9tant d\u00e9c\u00e9d\u00e9, et la fin du bail de location des b\u00e2timents arrivant \u00e0 br\u00e8ve \u00e9ch\u00e9ance, C\u00e9cile Lain\u00e9 son \u00e9pouse, est sollicit\u00e9e par la municipalit\u00e9 pour continuer l\u2019\u0153uvre de bienfaisance de son mari. Cette derni\u00e8re accepte la proposition de renouvellement du bail \u00e9tabli par son mari, mais en contrepartie, elle demande le changement, pour des raisons obscures, de l\u2019institutrice Mme Perdreau pourtant appr\u00e9ci\u00e9e par les parents d\u2019\u00e9l\u00e8ves et la population de Nanteuil.<\/p>\n<p style=\"text-align: justify;\">Elle propose un <em>logement n\u00e9cessaire pour l\u2019installation d\u2019une \u00e9cole de<\/em> <em>filles \u00e0 Nanteuil, offre \u00e9galement un logement complet pour y installer un instituteur<\/em>.<\/p>\n<p style=\"text-align: justify;\">Des d\u00e9marches sont entreprises aupr\u00e8s de Mme Demar\u00e7ay pour la convaincre de revenir sur sa d\u00e9cision. Finalement, le bail est reconduit le 1<sup>er<\/sup> septembre 1895 pour une dur\u00e9e de 6 ann\u00e9es et une somme d\u2019un franc annuel. Mme Perdreau est maintenue dans ses fonctions d\u2019institutrice.<\/p>\n<p style=\"text-align: justify;\">En d\u00e9cembre 1896, Mme Demar\u00e7ay s\u2019\u00e9tonne qu\u2019en raison des sacrifices qu\u2019elle fait, et qu\u2019elle a l\u2019intention de faire pour la commune, le poste d\u2019instituteur ne soit pas encore cr\u00e9\u00e9.<\/p>\n<p style=\"text-align: justify;\"><em>\u2026 si satisfaction ne lui est pas donn\u00e9e, elle retirera ses maisons aussit\u00f4t qu\u2019elle le pourra. Au contraire, si le poste est cr\u00e9\u00e9, elle prendra \u00e0 sa charge le chauffage des classes et fournira les prix n\u00e9cessaires \u00e0 la fin de chaque ann\u00e9e.<\/em><\/p>\n<p style=\"text-align: justify;\">En 1900, le poste d\u2019instituteur exig\u00e9 par Mme Demar\u00e7ay n\u2019est toujours pas cr\u00e9\u00e9 \u00e0 l\u2019\u00e9cole de Nanteuil. Ce n\u2019est pas le fait de la municipalit\u00e9, mais celle de l\u2019administration pr\u00e9fectorale. Elle ne se d\u00e9courage pas, et dans le renouvellement du bail, elle est dispos\u00e9e \u00e0 c\u00e9der ses locaux \u00e0 la commune \u00e0 condition qu\u2019il soit enfin cr\u00e9e le poste d\u2019instituteur.<\/p>\n<p style=\"text-align: justify;\">La t\u00e9nacit\u00e9 de Mme Demar\u00e7ay conduit \u00e0 la nomination de Louis-Fernand Camille Plaud, n\u00e9 \u00e0 Paizay-le-sec le 19 septembre 1881, comme instituteur titulaire \u00e0 l\u2019\u00e9cole de Nanteuil le 1<sup>er<\/sup> aout 1910, poste qu\u2019il occupera jusqu\u2019au 7 mai 1916. Lors de sa visite de 1912, l\u2019inspecteur primaire le qualifie de<em> maitre intelligent et actif obtenant des r\u00e9sultats satisfaisants et tr\u00e8s bien vu \u00e0 Nanteuil<\/em>. Il est rejoint par son \u00e9pouse Za\u00ebl Cl\u00e9lie Juliette Pallu comme institutrice.<\/p>\n<p><div id=\"attachment_2738\" style=\"width: 594px\" class=\"wp-caption aligncenter\"><a href=\"https:\/\/i0.wp.com\/herage.org\/blog\/wp-content\/uploads\/2019\/11\/1809140149370001-v1.jpg\" target=\"_blank\" rel=\"noopener\"><img aria-describedby=\"caption-attachment-2738\" data-attachment-id=\"2738\" data-permalink=\"https:\/\/herage.org\/blog\/https:\/blog.herage.org\/p=\/2343\/1809140149370001-v1\/\" data-orig-file=\"https:\/\/i0.wp.com\/herage.org\/blog\/wp-content\/uploads\/2019\/11\/1809140149370001-v1.jpg?fit=3452%2C2352&amp;ssl=1\" data-orig-size=\"3452,2352\" data-comments-opened=\"1\" data-image-meta=\"{&quot;aperture&quot;:&quot;0&quot;,&quot;credit&quot;:&quot;&quot;,&quot;camera&quot;:&quot;&quot;,&quot;caption&quot;:&quot;&quot;,&quot;created_timestamp&quot;:&quot;1536889776&quot;,&quot;copyright&quot;:&quot;&quot;,&quot;focal_length&quot;:&quot;0&quot;,&quot;iso&quot;:&quot;0&quot;,&quot;shutter_speed&quot;:&quot;0&quot;,&quot;title&quot;:&quot;&quot;,&quot;orientation&quot;:&quot;1&quot;}\" data-image-title=\"1809140149370001 v1\" data-image-description=\"\" data-image-caption=\"&lt;p&gt;Classe de Louis PLAUD, \u00e9cole Demar\u00e7ay&lt;\/p&gt;\n\" data-medium-file=\"https:\/\/i0.wp.com\/herage.org\/blog\/wp-content\/uploads\/2019\/11\/1809140149370001-v1.jpg?fit=300%2C204&amp;ssl=1\" data-large-file=\"https:\/\/i0.wp.com\/herage.org\/blog\/wp-content\/uploads\/2019\/11\/1809140149370001-v1.jpg?fit=584%2C398&amp;ssl=1\" loading=\"lazy\" class=\"wp-image-2738 size-large\" src=\"https:\/\/i0.wp.com\/herage.org\/blog\/wp-content\/uploads\/2019\/11\/1809140149370001-v1-1024x698.jpg?resize=584%2C398\" alt=\"\" width=\"584\" height=\"398\" srcset=\"https:\/\/i0.wp.com\/herage.org\/blog\/wp-content\/uploads\/2019\/11\/1809140149370001-v1.jpg?resize=1024%2C698&amp;ssl=1 1024w, https:\/\/i0.wp.com\/herage.org\/blog\/wp-content\/uploads\/2019\/11\/1809140149370001-v1.jpg?resize=300%2C204&amp;ssl=1 300w, https:\/\/i0.wp.com\/herage.org\/blog\/wp-content\/uploads\/2019\/11\/1809140149370001-v1.jpg?resize=768%2C523&amp;ssl=1 768w, https:\/\/i0.wp.com\/herage.org\/blog\/wp-content\/uploads\/2019\/11\/1809140149370001-v1.jpg?resize=440%2C300&amp;ssl=1 440w, https:\/\/i0.wp.com\/herage.org\/blog\/wp-content\/uploads\/2019\/11\/1809140149370001-v1.jpg?w=1168&amp;ssl=1 1168w, https:\/\/i0.wp.com\/herage.org\/blog\/wp-content\/uploads\/2019\/11\/1809140149370001-v1.jpg?w=1752&amp;ssl=1 1752w\" sizes=\"(max-width: 584px) 100vw, 584px\" data-recalc-dims=\"1\" \/><\/a><p id=\"caption-attachment-2738\" class=\"wp-caption-text\">Classe de Louis PLAUD, \u00e9cole Demar\u00e7ay, 1912 ou 1913 \u25b2 clic pour agrandir l&rsquo;image<\/p><\/div> <div id=\"attachment_2739\" style=\"width: 594px\" class=\"wp-caption aligncenter\"><a href=\"https:\/\/i0.wp.com\/herage.org\/blog\/wp-content\/uploads\/2019\/11\/1809140153200001-v1.jpg\" target=\"_blank\" rel=\"noopener\"><img aria-describedby=\"caption-attachment-2739\" data-attachment-id=\"2739\" data-permalink=\"https:\/\/herage.org\/blog\/https:\/blog.herage.org\/p=\/2343\/1809140153200001-v1\/\" data-orig-file=\"https:\/\/i0.wp.com\/herage.org\/blog\/wp-content\/uploads\/2019\/11\/1809140153200001-v1.jpg?fit=3166%2C2336&amp;ssl=1\" data-orig-size=\"3166,2336\" data-comments-opened=\"1\" data-image-meta=\"{&quot;aperture&quot;:&quot;0&quot;,&quot;credit&quot;:&quot;&quot;,&quot;camera&quot;:&quot;&quot;,&quot;caption&quot;:&quot;&quot;,&quot;created_timestamp&quot;:&quot;1536890000&quot;,&quot;copyright&quot;:&quot;&quot;,&quot;focal_length&quot;:&quot;0&quot;,&quot;iso&quot;:&quot;0&quot;,&quot;shutter_speed&quot;:&quot;0&quot;,&quot;title&quot;:&quot;&quot;,&quot;orientation&quot;:&quot;1&quot;}\" data-image-title=\"1809140153200001 v1\" data-image-description=\"\" data-image-caption=\"&lt;p&gt;Classe de Za\u00ebl PLAUD, \u00e9cole Demar\u00e7ay, hiver 1913&lt;\/p&gt;\n\" data-medium-file=\"https:\/\/i0.wp.com\/herage.org\/blog\/wp-content\/uploads\/2019\/11\/1809140153200001-v1.jpg?fit=300%2C221&amp;ssl=1\" data-large-file=\"https:\/\/i0.wp.com\/herage.org\/blog\/wp-content\/uploads\/2019\/11\/1809140153200001-v1.jpg?fit=584%2C431&amp;ssl=1\" loading=\"lazy\" class=\"wp-image-2739 size-large\" src=\"https:\/\/i0.wp.com\/herage.org\/blog\/wp-content\/uploads\/2019\/11\/1809140153200001-v1-1024x756.jpg?resize=584%2C431\" alt=\"\" width=\"584\" height=\"431\" srcset=\"https:\/\/i0.wp.com\/herage.org\/blog\/wp-content\/uploads\/2019\/11\/1809140153200001-v1.jpg?resize=1024%2C756&amp;ssl=1 1024w, https:\/\/i0.wp.com\/herage.org\/blog\/wp-content\/uploads\/2019\/11\/1809140153200001-v1.jpg?resize=300%2C221&amp;ssl=1 300w, https:\/\/i0.wp.com\/herage.org\/blog\/wp-content\/uploads\/2019\/11\/1809140153200001-v1.jpg?resize=768%2C567&amp;ssl=1 768w, https:\/\/i0.wp.com\/herage.org\/blog\/wp-content\/uploads\/2019\/11\/1809140153200001-v1.jpg?resize=407%2C300&amp;ssl=1 407w, https:\/\/i0.wp.com\/herage.org\/blog\/wp-content\/uploads\/2019\/11\/1809140153200001-v1.jpg?w=1168&amp;ssl=1 1168w, https:\/\/i0.wp.com\/herage.org\/blog\/wp-content\/uploads\/2019\/11\/1809140153200001-v1.jpg?w=1752&amp;ssl=1 1752w\" sizes=\"(max-width: 584px) 100vw, 584px\" data-recalc-dims=\"1\" \/><\/a><p id=\"caption-attachment-2739\" class=\"wp-caption-text\">Classe de Za\u00ebl PLAUD, \u00e9cole Demar\u00e7ay, hiver 1913 \u25b2 clic pour agrandir l&rsquo;image<\/p><\/div><\/p>\n<p style=\"text-align: justify;\">Au moment du conflit 14-18, Louis Plaud est incorpor\u00e9 au 125<sup>\u00e8me<\/sup> r\u00e9giment d\u2019Infanterie bas\u00e9 \u00e0 Poitiers. Il entre en campagne en septembre 1914, et participe comme sous-lieutenant aux combats de Verdun. Il est \u00a0\u00bb <em>tu\u00e9 \u00e0 l\u2019ennemi<\/em> \u00a0\u00bb \u00e0 la cote 304, commune d\u2019Esnes et d\u00e9partement de la Meuse.<\/p>\n<p style=\"text-align: justify;\">Louis Plaud est cit\u00e9 \u00e0 l\u2019ordre du corps d\u2019arm\u00e9e comme <em>Excellent officier, tr\u00e8s brave et tr\u00e8s \u00e9nergique. Tu\u00e9 glorieusement alors qu\u2019il soutenait le moral de ses hommes au cours du combat du 7 mai 1916<\/em><\/p>\n<p style=\"text-align: justify;\">Il obtient la croix de guerre avec une \u00e9toile ainsi que la Croix de Chevalier dans l\u2019ordre National de la L\u00e9gion d\u2019Honneur.<\/p>\n<p style=\"text-align: justify;\">Sa d\u00e9pouille repose \u00e0 la n\u00e9cropole nationale de Brocourt-en-Argonne commune de R\u00e9cicourt.<\/p>\n<p style=\"text-align: justify;\"><a href=\"https:\/\/i0.wp.com\/herage.org\/blog\/wp-content\/uploads\/2019\/11\/Rue-Louis-Plaud.png\"><img data-attachment-id=\"2731\" data-permalink=\"https:\/\/herage.org\/blog\/https:\/blog.herage.org\/p=\/2343\/rue-louis-plaud\/\" data-orig-file=\"https:\/\/i0.wp.com\/herage.org\/blog\/wp-content\/uploads\/2019\/11\/Rue-Louis-Plaud.png?fit=250%2C136&amp;ssl=1\" data-orig-size=\"250,136\" data-comments-opened=\"1\" data-image-meta=\"{&quot;aperture&quot;:&quot;0&quot;,&quot;credit&quot;:&quot;&quot;,&quot;camera&quot;:&quot;&quot;,&quot;caption&quot;:&quot;&quot;,&quot;created_timestamp&quot;:&quot;0&quot;,&quot;copyright&quot;:&quot;&quot;,&quot;focal_length&quot;:&quot;0&quot;,&quot;iso&quot;:&quot;0&quot;,&quot;shutter_speed&quot;:&quot;0&quot;,&quot;title&quot;:&quot;&quot;,&quot;orientation&quot;:&quot;0&quot;}\" data-image-title=\"Rue Louis Plaud\" data-image-description=\"\" data-image-caption=\"\" data-medium-file=\"https:\/\/i0.wp.com\/herage.org\/blog\/wp-content\/uploads\/2019\/11\/Rue-Louis-Plaud.png?fit=250%2C136&amp;ssl=1\" data-large-file=\"https:\/\/i0.wp.com\/herage.org\/blog\/wp-content\/uploads\/2019\/11\/Rue-Louis-Plaud.png?fit=250%2C136&amp;ssl=1\" loading=\"lazy\" class=\" wp-image-2731 alignleft\" src=\"https:\/\/i0.wp.com\/herage.org\/blog\/wp-content\/uploads\/2019\/11\/Rue-Louis-Plaud.png?resize=156%2C88\" alt=\"\" width=\"156\" height=\"88\" data-recalc-dims=\"1\" \/><\/a>La commune de Mign\u00e9 lui rend hommage en donnant son nom \u00e0 une rue du bourg de Nanteuil<\/p>\n<p>&nbsp;<\/p>\n<p style=\"text-align: justify;\">Si Mme Demar\u00e7ay a r\u00e9ussi \u00e0 obtenir la cr\u00e9ation d\u2019un poste d\u2019instituteur, elle n\u2019a pas fait don de ses b\u00e2timents scolaires comme elle l\u2019avait propos\u00e9. Elle s\u2019\u00e9teint le 4 mai 1916 au ch\u00e2teau de Malaguet. Son inhumation a lieu au cimeti\u00e8re des Sous-Remuets o\u00f9 sa tombe est fleurie par la municipalit\u00e9.<\/p>\n<p style=\"text-align: justify;\">La commune devient propri\u00e9taire des b\u00e2timents scolaires gr\u00e2ce \u00e0 la donation de Philippe Demar\u00e7ay son petit-fils et h\u00e9ritier. En effet en 1977, \u2026 <em>sur son lit de mort, alors qu\u2019il se trouvait dans l\u2019impossibilit\u00e9 d\u2019\u00e9crire, en raison de sa grand faiblesse, et que le temps manquait pour appeler un notaire, a d\u00e9clar\u00e9 en pr\u00e9sence de ses amis, qu\u2019il laissait \u00e0 la Commune de Mign\u00e9-Auxances les immeubles servant de b\u00e2timents scolaires, dit <\/em><em>\u00a0\u00bb Ecole de Nanteuil <\/em><em>\u00ab\u00a0\u2026<\/em><\/p>\n<p style=\"text-align: justify;\">La municipalit\u00e9, dans sa s\u00e9ance du 24 f\u00e9vrier 1980 accepte ce leg.<\/p>\n<p style=\"text-align: justify;\"><a href=\"https:\/\/i0.wp.com\/herage.org\/blog\/wp-content\/uploads\/2019\/11\/Rue-Camille-Demarcay.png\" target=\"_blank\" rel=\"noopener\"><img data-attachment-id=\"2737\" data-permalink=\"https:\/\/herage.org\/blog\/https:\/blog.herage.org\/p=\/2343\/rue-camille-demarcay\/\" data-orig-file=\"https:\/\/i0.wp.com\/herage.org\/blog\/wp-content\/uploads\/2019\/11\/Rue-Camille-Demarcay.png?fit=400%2C226&amp;ssl=1\" data-orig-size=\"400,226\" data-comments-opened=\"1\" data-image-meta=\"{&quot;aperture&quot;:&quot;0&quot;,&quot;credit&quot;:&quot;&quot;,&quot;camera&quot;:&quot;&quot;,&quot;caption&quot;:&quot;&quot;,&quot;created_timestamp&quot;:&quot;0&quot;,&quot;copyright&quot;:&quot;&quot;,&quot;focal_length&quot;:&quot;0&quot;,&quot;iso&quot;:&quot;0&quot;,&quot;shutter_speed&quot;:&quot;0&quot;,&quot;title&quot;:&quot;&quot;,&quot;orientation&quot;:&quot;0&quot;}\" data-image-title=\"Rue Camille Demarcay\" data-image-description=\"\" data-image-caption=\"\" data-medium-file=\"https:\/\/i0.wp.com\/herage.org\/blog\/wp-content\/uploads\/2019\/11\/Rue-Camille-Demarcay.png?fit=300%2C170&amp;ssl=1\" data-large-file=\"https:\/\/i0.wp.com\/herage.org\/blog\/wp-content\/uploads\/2019\/11\/Rue-Camille-Demarcay.png?fit=400%2C226&amp;ssl=1\" loading=\"lazy\" class=\"alignleft wp-image-2737 \" src=\"https:\/\/i0.wp.com\/herage.org\/blog\/wp-content\/uploads\/2019\/11\/Rue-Camille-Demarcay-300x170.png?resize=171%2C101\" alt=\"\" width=\"171\" height=\"101\" data-recalc-dims=\"1\" \/><\/a>Aujourd\u2019hui, pour honorer la m\u00e9moire de Camille Demar\u00e7ay, l\u2019\u00e9cole qu\u2019il a fond\u00e9e et la rue principale de Nanteuil qu\u2019elle dessert, portent son nom.<\/p>\n<p>&nbsp;<\/p>\n<p>G\u00e9n\u00e9alogie de la famille Demar\u00e7ay :<\/p>\n<div id=\"attachment_2742\" style=\"width: 3280px\" class=\"wp-caption aligncenter\"><a href=\"https:\/\/i0.wp.com\/herage.org\/blog\/wp-content\/uploads\/2019\/11\/genealogie-demarcay-001.jpg\" target=\"_blank\" rel=\"noopener\"><img aria-describedby=\"caption-attachment-2742\" data-attachment-id=\"2742\" data-permalink=\"https:\/\/herage.org\/blog\/https:\/blog.herage.org\/p=\/2343\/genealogie-demarcay-001\/\" data-orig-file=\"https:\/\/i0.wp.com\/herage.org\/blog\/wp-content\/uploads\/2019\/11\/genealogie-demarcay-001.jpg?fit=3270%2C2274&amp;ssl=1\" data-orig-size=\"3270,2274\" data-comments-opened=\"1\" data-image-meta=\"{&quot;aperture&quot;:&quot;0&quot;,&quot;credit&quot;:&quot;&quot;,&quot;camera&quot;:&quot;TS6000 series&quot;,&quot;caption&quot;:&quot;&quot;,&quot;created_timestamp&quot;:&quot;1575037368&quot;,&quot;copyright&quot;:&quot;&quot;,&quot;focal_length&quot;:&quot;0&quot;,&quot;iso&quot;:&quot;0&quot;,&quot;shutter_speed&quot;:&quot;0&quot;,&quot;title&quot;:&quot;&quot;,&quot;orientation&quot;:&quot;1&quot;}\" data-image-title=\"genealogie demarcay 001\" data-image-description=\"\" data-image-caption=\"\" data-medium-file=\"https:\/\/i0.wp.com\/herage.org\/blog\/wp-content\/uploads\/2019\/11\/genealogie-demarcay-001.jpg?fit=300%2C209&amp;ssl=1\" data-large-file=\"https:\/\/i0.wp.com\/herage.org\/blog\/wp-content\/uploads\/2019\/11\/genealogie-demarcay-001.jpg?fit=584%2C406&amp;ssl=1\" loading=\"lazy\" class=\"wp-image-2742 size-full\" src=\"https:\/\/i0.wp.com\/herage.org\/blog\/wp-content\/uploads\/2019\/11\/genealogie-demarcay-001.jpg?resize=584%2C406\" alt=\"DEMARCAY, Mign\u00e9 Auxances, Vienne 86, g\u00e9n\u00e9alogie\" width=\"584\" height=\"406\" srcset=\"https:\/\/i0.wp.com\/herage.org\/blog\/wp-content\/uploads\/2019\/11\/genealogie-demarcay-001.jpg?w=3270&amp;ssl=1 3270w, https:\/\/i0.wp.com\/herage.org\/blog\/wp-content\/uploads\/2019\/11\/genealogie-demarcay-001.jpg?resize=300%2C209&amp;ssl=1 300w, https:\/\/i0.wp.com\/herage.org\/blog\/wp-content\/uploads\/2019\/11\/genealogie-demarcay-001.jpg?resize=768%2C534&amp;ssl=1 768w, https:\/\/i0.wp.com\/herage.org\/blog\/wp-content\/uploads\/2019\/11\/genealogie-demarcay-001.jpg?resize=1024%2C712&amp;ssl=1 1024w, https:\/\/i0.wp.com\/herage.org\/blog\/wp-content\/uploads\/2019\/11\/genealogie-demarcay-001.jpg?resize=431%2C300&amp;ssl=1 431w, https:\/\/i0.wp.com\/herage.org\/blog\/wp-content\/uploads\/2019\/11\/genealogie-demarcay-001.jpg?w=1168&amp;ssl=1 1168w, https:\/\/i0.wp.com\/herage.org\/blog\/wp-content\/uploads\/2019\/11\/genealogie-demarcay-001.jpg?w=1752&amp;ssl=1 1752w\" sizes=\"(max-width: 584px) 100vw, 584px\" data-recalc-dims=\"1\" \/><\/a><p id=\"caption-attachment-2742\" class=\"wp-caption-text\">Arbre g\u00e9n\u00e9alogique \u25b2 clic pour agrandir l&rsquo;image<\/p><\/div>\n<p>&nbsp;<\/p>\n<p style=\"text-align: justify;\"><em>Sources\u00a0:<br \/>\n<\/em><em>Archives municipales\u00a0: d\u00e9lib\u00e9rations conseil municipal<br \/>\n<\/em><em>Archives d\u00e9partementales\u00a0: registres Etat-civil \u2013 s\u00e9rie 1 T 2-<br \/>\n<\/em><em>SHAT de Vincennes 5YE<\/em><em><br \/>\n<\/em><\/p>\n<p>&nbsp;<\/p>\n","protected":false},"excerpt":{"rendered":"<p>L\u2019\u00e9cole Camille Demar\u00e7ay se situe au bourg de Nanteuil dans la rue principale reliant celui de Mign\u00e9 \u00e0 Grand-Pont. Elle a \u00e9t\u00e9 construite sur la commune de Mign\u00e9-Auxances vers 1880 par Camille Demar\u00e7ay sur un terrain du domaine de Malaguet &hellip; <a href=\"https:\/\/herage.org\/blog\/https:\/blog.herage.org\/p=\/2343\/\">Continuer la lecture <span class=\"meta-nav\">&rarr;<\/span><\/a><\/p>\n","protected":false},"author":44,"featured_media":0,"comment_status":"open","ping_status":"open","sticky":false,"template":"","format":"standard","meta":{"spay_email":"","jetpack_publicize_message":"#ChallengeAZ \u2502 Y... L'\u00e9cole Camille Demar\u00e7aY\r\net un Y final qui sauve le challenge !","jetpack_is_tweetstorm":false,"jetpack_publicize_feature_enabled":true},"categories":[262,30],"tags":[],"jetpack_publicize_connections":[],"jetpack_featured_media_url":"","jetpack_sharing_enabled":true,"jetpack_shortlink":"https:\/\/wp.me\/p4fVnZ-BN","jetpack-related-posts":[{"id":2806,"url":"https:\/\/herage.org\/blog\/https:\/blog.herage.org\/p=\/2806\/","url_meta":{"origin":2343,"position":0},"title":"Calendrier de l&rsquo;avent du CGP : Jour 12","date":"12 d\u00e9cembre 2019","format":false,"excerpt":"Pour le mois de d\u00e9cembre 2019, nous vous proposons d\u2019ouvrir la bo\u00eete \u00e0 souvenirs. Nous avons demand\u00e9 \u00e0 nos adh\u00e9rents de bien vouloir partager des photos ou images et de nous dire en quelques mots ce qu\u2019elles \u00e9voquaient pour eux. Pour le 12e jour, Bernard Poussard nous emm\u00e8ne \u00e0 Mign\u00e9-Auxances\u2026","rel":"","context":"Dans &quot;Calendrier de l'avent 2019&quot;","img":{"alt_text":"","src":"https:\/\/i0.wp.com\/herage.org\/blog\/wp-content\/uploads\/2019\/12\/Salvert-orphelinat-1.png?resize=350%2C200","width":350,"height":200},"classes":[]},{"id":3014,"url":"https:\/\/herage.org\/blog\/https:\/blog.herage.org\/p=\/3014\/","url_meta":{"origin":2343,"position":1},"title":"40 ans du CGP : r\u00e9trospective des expositions","date":"10 juillet 2021","format":false,"excerpt":"Depuis 40 ans le Cercle g\u00e9n\u00e9alogique poitevin propose r\u00e9guli\u00e8rement des expositions qui sont pr\u00e9sent\u00e9es au cours des journ\u00e9es d'\u00e9change qu'il organise. Les 25 et 26 septembre 2021 sera l'occasion de les d\u00e9couvrir ou de les revoir dans la salle Agora \u00e0 Jaunay-Marigny. Des in\u00e9dits seront \u00e9galement pr\u00e9sent\u00e9s. Pour vous donner\u2026","rel":"","context":"Dans &quot;Anniversaire&quot;","img":{"alt_text":"","src":"https:\/\/i0.wp.com\/herage.org\/blog\/wp-content\/uploads\/2021\/07\/Expo-poilus-Montamise.jpg?resize=350%2C200&ssl=1","width":350,"height":200},"classes":[]},{"id":2329,"url":"https:\/\/herage.org\/blog\/https:\/blog.herage.org\/p=\/2329\/","url_meta":{"origin":2343,"position":2},"title":"#ChallengeAZ \u2502 R&#8230; Regard sur l&rsquo;histoire de mon coll\u00e8ge","date":"21 novembre 2019","format":false,"excerpt":"Au d\u00e9but de l'\u00e9t\u00e9, j'ai accompagn\u00e9 mon p\u00e8re \u00e0 une r\u00e9union du groupe d'\u00e9criture du Cercle G\u00e9n\u00e9alogique Poitevin, \u00e0 propos du \u00ab\u00a0Challenge AZ\u00a0\u00bb. Le sujet \u00e9tant \u00ab\u00a0l'\u00e9cole\u00a0\u00bb, je me suis dit que je pourrais \u00e9ventuellement \u00e9crire quelques lignes, sur l'\u00e9tablissement que je viens de quitter, cette ann\u00e9e. J'ai effectu\u00e9 mes\u2026","rel":"","context":"Dans &quot;Challenge AZ 2019&quot;","img":{"alt_text":"","src":"https:\/\/i0.wp.com\/herage.org\/blog\/wp-content\/uploads\/2019\/11\/st-martial-cour-avant.jpg?resize=350%2C200","width":350,"height":200},"classes":[]},{"id":2512,"url":"https:\/\/herage.org\/blog\/https:\/blog.herage.org\/p=\/2512\/","url_meta":{"origin":2343,"position":3},"title":"#ChallengeAZ 2019&#8230; sur le chemin de l&rsquo;\u00e9cole","date":"30 octobre 2019","format":false,"excerpt":"L'ann\u00e9e derni\u00e8re j'ai embarqu\u00e9 une vingtaine d'adh\u00e9rents du Cercle g\u00e9n\u00e9alogique Poitevin au sein d'un l'atelier \u00e9criture dont l'objectif \u00e9tait de participer \u00e0 un d\u00e9fi d'\u00e9criture lanc\u00e9 par Sophie Boudarel il y a quelques ann\u00e9es d\u00e9j\u00e0. Durant tout le mois de novembre, nous avons publi\u00e9 tous les jours, sauf le dimanche,\u2026","rel":"","context":"Dans &quot;Challenge AZ 2019&quot;","img":{"alt_text":"Bignoux, exposition, journ\u00c3\u00a9es d'\u00c3\u00a9change, CGP, Vienne (86), Rossignol","src":"https:\/\/i0.wp.com\/herage.org\/blog\/wp-content\/uploads\/2019\/10\/Souvenirs-Expos-Bignoux.png?resize=350%2C200","width":350,"height":200},"classes":[]},{"id":1629,"url":"https:\/\/herage.org\/blog\/https:\/blog.herage.org\/p=\/1629\/","url_meta":{"origin":2343,"position":4},"title":"#ChallengeAZ \u2502 L&#8230; Lourdines, gargousses meurtri\u00e8res","date":"14 novembre 2018","format":false,"excerpt":"La commune de Mign\u00e9-Auxances poss\u00e8de de nombreuses carri\u00e8res de pierre, en particulier au lieu-dit \u00ab\u00a0les Lourdines\u00a0\u00bb. Pendant la guerre 1914-1918, celles-ci sont r\u00e9quisitionn\u00e9es pour le stockage de munitions et deux ateliers destin\u00e9s \u00e0 la fabrication de \u00ab\u00a0gargousses\u00a0\u00bb install\u00e9s sur le site. Deux cents femmes environ y travaillent dans des conditions\u2026","rel":"","context":"Dans &quot;14-18&quot;","img":{"alt_text":"","src":"https:\/\/i0.wp.com\/herage.org\/blog\/wp-content\/uploads\/2018\/11\/Stele-comm\u00c3\u00a9morative-des-Lourdines-2-1024x749.jpg?resize=350%2C200","width":350,"height":200},"classes":[]},{"id":2345,"url":"https:\/\/herage.org\/blog\/https:\/blog.herage.org\/p=\/2345\/","url_meta":{"origin":2343,"position":5},"title":"#ChallengeAZ \u2502 Z&#8230;  De A \u00e0 Z, les lettres de la machine \u00e0 lire","date":"30 novembre 2019","format":false,"excerpt":"Parmi mes nombreuses archives, j\u2019ai retrouv\u00e9 un document sign\u00e9 \u00abF.J.\u00a0Jallais, instituteur \u00e0 Mign\u00e9\u00a0\u00bb qui est en quelque sorte une publicit\u00e9 pour une m\u00e9thode de lecture. \u00ab\u00a0La m\u00e9thode permet d\u2019apprendre \u00e0 lire aux enfants et d\u2019attirer leur attention tout en les amusant. Elle se compose d\u2019une machine qui peut former toutes\u2026","rel":"","context":"Dans &quot;Challenge AZ 2019&quot;","img":{"alt_text":"","src":"https:\/\/i0.wp.com\/herage.org\/blog\/wp-content\/uploads\/2019\/11\/classe-de-M.-Jallais-.jpg?resize=350%2C200","width":350,"height":200},"classes":[]}],"_links":{"self":[{"href":"https:\/\/herage.org\/blog\/wp-json\/wp\/v2\/posts\/2343"}],"collection":[{"href":"https:\/\/herage.org\/blog\/wp-json\/wp\/v2\/posts"}],"about":[{"href":"https:\/\/herage.org\/blog\/wp-json\/wp\/v2\/types\/post"}],"author":[{"embeddable":true,"href":"https:\/\/herage.org\/blog\/wp-json\/wp\/v2\/users\/44"}],"replies":[{"embeddable":true,"href":"https:\/\/herage.org\/blog\/wp-json\/wp\/v2\/comments?post=2343"}],"version-history":[{"count":6,"href":"https:\/\/herage.org\/blog\/wp-json\/wp\/v2\/posts\/2343\/revisions"}],"predecessor-version":[{"id":2743,"href":"https:\/\/herage.org\/blog\/wp-json\/wp\/v2\/posts\/2343\/revisions\/2743"}],"wp:attachment":[{"href":"https:\/\/herage.org\/blog\/wp-json\/wp\/v2\/media?parent=2343"}],"wp:term":[{"taxonomy":"category","embeddable":true,"href":"https:\/\/herage.org\/blog\/wp-json\/wp\/v2\/categories?post=2343"},{"taxonomy":"post_tag","embeddable":true,"href":"https:\/\/herage.org\/blog\/wp-json\/wp\/v2\/tags?post=2343"}],"curies":[{"name":"wp","href":"https:\/\/api.w.org\/{rel}","templated":true}]}}