{"id":2776,"date":"2019-12-05T13:00:04","date_gmt":"2019-12-05T12:00:04","guid":{"rendered":"http:\/\/herage.org\/blog\/?p=2776"},"modified":"2019-12-04T00:35:48","modified_gmt":"2019-12-03T23:35:48","slug":"calendrier-de-lavent-du-cgp-jour-5","status":"publish","type":"post","link":"https:\/\/herage.org\/blog\/https:\/blog.herage.org\/p=\/2776\/","title":{"rendered":"Calendrier de l&rsquo;avent du CGP : Jour 5"},"content":{"rendered":"<div id=\"attachment_2778\" style=\"width: 1968px\" class=\"wp-caption aligncenter\"><a href=\"https:\/\/i0.wp.com\/herage.org\/blog\/wp-content\/uploads\/2019\/12\/th\u00e9\u00e2tre-St-Jean-Photo-dorigine-00138739.jpg\" target=\"_blank\" rel=\"noopener\"><img aria-describedby=\"caption-attachment-2778\" data-attachment-id=\"2778\" data-permalink=\"https:\/\/herage.org\/blog\/https:\/blog.herage.org\/p=\/2776\/theatre-st-jean-photo-dorigine-00138739\/\" data-orig-file=\"https:\/\/i0.wp.com\/herage.org\/blog\/wp-content\/uploads\/2019\/12\/th\u00e9\u00e2tre-St-Jean-Photo-dorigine-00138739.jpg?fit=1958%2C1361&amp;ssl=1\" data-orig-size=\"1958,1361\" data-comments-opened=\"1\" data-image-meta=\"{&quot;aperture&quot;:&quot;0&quot;,&quot;credit&quot;:&quot;&quot;,&quot;camera&quot;:&quot;TS6000 series&quot;,&quot;caption&quot;:&quot;&quot;,&quot;created_timestamp&quot;:&quot;0&quot;,&quot;copyright&quot;:&quot;&quot;,&quot;focal_length&quot;:&quot;0&quot;,&quot;iso&quot;:&quot;0&quot;,&quot;shutter_speed&quot;:&quot;0&quot;,&quot;title&quot;:&quot;&quot;,&quot;orientation&quot;:&quot;1&quot;}\" data-image-title=\"th\u00e9\u00e2tre St Jean Photo d&amp;rsquo;origine 001[38739]\" data-image-description=\"\" data-image-caption=\"&lt;p&gt;Groupe de th\u00e9\u00e2tre de Saint-Jean-de-Sauves; vers 1928, collection priv\u00e9e Mich\u00e8le Poussard&lt;\/p&gt;\n\" data-medium-file=\"https:\/\/i0.wp.com\/herage.org\/blog\/wp-content\/uploads\/2019\/12\/th\u00e9\u00e2tre-St-Jean-Photo-dorigine-00138739.jpg?fit=300%2C209&amp;ssl=1\" data-large-file=\"https:\/\/i0.wp.com\/herage.org\/blog\/wp-content\/uploads\/2019\/12\/th\u00e9\u00e2tre-St-Jean-Photo-dorigine-00138739.jpg?fit=584%2C406&amp;ssl=1\" loading=\"lazy\" class=\"wp-image-2778 size-full\" src=\"https:\/\/i0.wp.com\/herage.org\/blog\/wp-content\/uploads\/2019\/12\/th\u00e9\u00e2tre-St-Jean-Photo-dorigine-00138739.jpg?resize=584%2C406\" alt=\"\" width=\"584\" height=\"406\" srcset=\"https:\/\/i0.wp.com\/herage.org\/blog\/wp-content\/uploads\/2019\/12\/th\u00e9\u00e2tre-St-Jean-Photo-dorigine-00138739.jpg?w=1958&amp;ssl=1 1958w, https:\/\/i0.wp.com\/herage.org\/blog\/wp-content\/uploads\/2019\/12\/th\u00e9\u00e2tre-St-Jean-Photo-dorigine-00138739.jpg?resize=300%2C209&amp;ssl=1 300w, https:\/\/i0.wp.com\/herage.org\/blog\/wp-content\/uploads\/2019\/12\/th\u00e9\u00e2tre-St-Jean-Photo-dorigine-00138739.jpg?resize=768%2C534&amp;ssl=1 768w, https:\/\/i0.wp.com\/herage.org\/blog\/wp-content\/uploads\/2019\/12\/th\u00e9\u00e2tre-St-Jean-Photo-dorigine-00138739.jpg?resize=1024%2C712&amp;ssl=1 1024w, https:\/\/i0.wp.com\/herage.org\/blog\/wp-content\/uploads\/2019\/12\/th\u00e9\u00e2tre-St-Jean-Photo-dorigine-00138739.jpg?resize=432%2C300&amp;ssl=1 432w, https:\/\/i0.wp.com\/herage.org\/blog\/wp-content\/uploads\/2019\/12\/th\u00e9\u00e2tre-St-Jean-Photo-dorigine-00138739.jpg?w=1168&amp;ssl=1 1168w, https:\/\/i0.wp.com\/herage.org\/blog\/wp-content\/uploads\/2019\/12\/th\u00e9\u00e2tre-St-Jean-Photo-dorigine-00138739.jpg?w=1752&amp;ssl=1 1752w\" sizes=\"(max-width: 584px) 100vw, 584px\" data-recalc-dims=\"1\" \/><\/a><p id=\"caption-attachment-2778\" class=\"wp-caption-text\">Groupe de th\u00e9\u00e2tre de Saint-Jean-de-Sauves; vers 1928, collection priv\u00e9e Mich\u00e8le Poussard<\/p><\/div>\n<p style=\"text-align: justify;\">Pour le mois de d\u00e9cembre 2019, nous vous proposons d\u2019ouvrir la bo\u00eete \u00e0 souvenirs. Nous avons demand\u00e9 \u00e0 nos adh\u00e9rents de bien vouloir partager des photos ou images et de nous dire en quelques mots ce qu\u2019elles \u00e9voquaient pour eux.<\/p>\n<div id=\"attachment_2779\" style=\"width: 210px\" class=\"wp-caption aligncenter\"><a href=\"https:\/\/i0.wp.com\/herage.org\/blog\/wp-content\/uploads\/2019\/12\/Portrait-Odette-Boutin.png\"><img aria-describedby=\"caption-attachment-2779\" data-attachment-id=\"2779\" data-permalink=\"https:\/\/herage.org\/blog\/https:\/blog.herage.org\/p=\/2776\/portrait-odette-boutin\/\" data-orig-file=\"https:\/\/i0.wp.com\/herage.org\/blog\/wp-content\/uploads\/2019\/12\/Portrait-Odette-Boutin.png?fit=200%2C242&amp;ssl=1\" data-orig-size=\"200,242\" data-comments-opened=\"1\" data-image-meta=\"{&quot;aperture&quot;:&quot;0&quot;,&quot;credit&quot;:&quot;&quot;,&quot;camera&quot;:&quot;&quot;,&quot;caption&quot;:&quot;&quot;,&quot;created_timestamp&quot;:&quot;0&quot;,&quot;copyright&quot;:&quot;&quot;,&quot;focal_length&quot;:&quot;0&quot;,&quot;iso&quot;:&quot;0&quot;,&quot;shutter_speed&quot;:&quot;0&quot;,&quot;title&quot;:&quot;&quot;,&quot;orientation&quot;:&quot;0&quot;}\" data-image-title=\"Portrait Odette Boutin\" data-image-description=\"\" data-image-caption=\"&lt;p&gt;Odette Boutin n\u00e9e Mondon &lt;\/p&gt;\n\" data-medium-file=\"https:\/\/i0.wp.com\/herage.org\/blog\/wp-content\/uploads\/2019\/12\/Portrait-Odette-Boutin.png?fit=200%2C242&amp;ssl=1\" data-large-file=\"https:\/\/i0.wp.com\/herage.org\/blog\/wp-content\/uploads\/2019\/12\/Portrait-Odette-Boutin.png?fit=200%2C242&amp;ssl=1\" loading=\"lazy\" class=\"size-full wp-image-2779\" src=\"https:\/\/i0.wp.com\/herage.org\/blog\/wp-content\/uploads\/2019\/12\/Portrait-Odette-Boutin.png?resize=200%2C242\" alt=\"\" width=\"200\" height=\"242\" data-recalc-dims=\"1\" \/><\/a><p id=\"caption-attachment-2779\" class=\"wp-caption-text\">Odette Boutin n\u00e9e Mondon<\/p><\/div>\n<p style=\"text-align: justify;\">La cinqui\u00e8me photo est partag\u00e9e par Mich\u00e8le Poussard <em>\u00ab\u00a0souvenir de la pi\u00e8ce \u00ab\u00a0la chambre chauve\u00a0\u00bb dans laquelle jouait ma maman, Odette Boutin n\u00e9e Mondon\u00a0\u00bb.<\/em><\/p>\n<p style=\"text-align: justify;\">Sur cette photo, elle y a identifi\u00e9 les noms suivants d<span style=\"text-align: justify;\">e gauche \u00e0 droite\u00a0<br \/>\n<strong>(Assises)<\/strong>\u00a0: Marcelle Forest \u00e9p.H\u00e9non &#8211; Th\u00e9r\u00e8se Bezaud &#8211; Marie Laillault -Marie-Jos\u00e8phe Baudouin \u00e9p. Gaucher &#8211; Marie Anthoinette Aguillon \u00e9p. Brunet &#8211; Madeleine Pied \u00e9p.Drillaud &#8211; Rene Baigneux &#8211; Camille Baigneux &#8211; Georgette Saincourt. <br \/>\n<strong>(Debout)<\/strong>\u00a0: Henriette Siroux &#8211; Solange Landry &#8211; Gabrielle Moreau &#8211; Alice Fouqueteau \u00e9p. Garreau -Lucienne Valan\u00e7on \u00e9p. M\u00e9ron &#8211; Madeleine Landry &#8211; Odette Mondon \u00e9p.Boutin &#8211; Eliette Renault \u00e9p. Turquois &#8211; Raymonde Renault \u00e9p. Massicot &#8211; Andr\u00e9e Demorin &#8211; Suzanne Audet.<\/span><\/p>\n<p>Mich\u00e8le a particip\u00e9 au challenge AZ du CGP :<br \/>\nEn 2018 avec <a href=\"http:\/\/herage.org\/blog\/?p=1629\" target=\"_blank\" rel=\"noopener\">L comme Lourdines, gargousses meurtri\u00e8res<\/a><br \/>\nEn 2019 avec <a href=\"http:\/\/herage.org\/blog\/?p=2345\" target=\"_blank\" rel=\"noopener\">Z comme de A \u00e0 Z les lettres de la machine \u00e0 lire<\/a><\/p>\n<p>Bonne lecture !<\/p>\n","protected":false},"excerpt":{"rendered":"<p>Pour le mois de d\u00e9cembre 2019, nous vous proposons d\u2019ouvrir la bo\u00eete \u00e0 souvenirs. Nous avons demand\u00e9 \u00e0 nos adh\u00e9rents de bien vouloir partager des photos ou images et de nous dire en quelques mots ce qu\u2019elles \u00e9voquaient pour eux. &hellip; <a href=\"https:\/\/herage.org\/blog\/https:\/blog.herage.org\/p=\/2776\/\">Continuer la lecture <span class=\"meta-nav\">&rarr;<\/span><\/a><\/p>\n","protected":false},"author":421,"featured_media":0,"comment_status":"open","ping_status":"open","sticky":false,"template":"","format":"standard","meta":{"spay_email":"","jetpack_publicize_message":"Calendrier de l'avent du CGP : Jour 5\r\nSouvenir de th\u00e9\u00e2tre partag\u00e9 par Mich\u00e8le Poussard","jetpack_is_tweetstorm":false,"jetpack_publicize_feature_enabled":true},"categories":[267],"tags":[],"jetpack_publicize_connections":[],"jetpack_featured_media_url":"","jetpack_sharing_enabled":true,"jetpack_shortlink":"https:\/\/wp.me\/p4fVnZ-IM","jetpack-related-posts":[{"id":2810,"url":"https:\/\/herage.org\/blog\/https:\/blog.herage.org\/p=\/2810\/","url_meta":{"origin":2776,"position":0},"title":"Calendrier de l&rsquo;avent du CGP : Jour 14","date":"14 d\u00e9cembre 2019","format":false,"excerpt":"Pour le mois de d\u00e9cembre 2019, nous vous proposons d\u2019ouvrir la bo\u00eete \u00e0 souvenirs. Pour ce 14e jour, nous avons choisi d'\u00e9voquer les souvenirs du Cercle. Ceux-ci sont fortement li\u00e9s aux journ\u00e9es d'\u00e9changes qui sont avant tout destin\u00e9es \u00e0 nos adh\u00e9rents qui peuvent ainsi exposer gratuitement pendant 2 jours le\u2026","rel":"","context":"Dans &quot;Calendrier de l'avent 2019&quot;","img":{"alt_text":"","src":"https:\/\/i0.wp.com\/herage.org\/blog\/wp-content\/uploads\/2019\/12\/Souvenirs-de-salons-CGP.png?resize=350%2C200","width":350,"height":200},"classes":[]},{"id":2796,"url":"https:\/\/herage.org\/blog\/https:\/blog.herage.org\/p=\/2796\/","url_meta":{"origin":2776,"position":1},"title":"Calendrier de l&rsquo;avent du CGP : Jour 8","date":"8 d\u00e9cembre 2019","format":false,"excerpt":"Pour le mois de d\u00e9cembre 2019, nous vous proposons d\u2019ouvrir la bo\u00eete \u00e0 souvenirs. Pour ce huiti\u00e8me jour, nous avons choisi d'\u00e9voquer M. Andr\u00e9 Chandernagor qui nous avait honorer de sa pr\u00e9sence aux journ\u00e9es d'\u00e9changes du Cercle de Charroux.en 2014. M. Chandernagor est descendant d'une vieille famille civraisienne et passionn\u00e9\u2026","rel":"","context":"Dans &quot;Calendrier de l'avent 2019&quot;","img":{"alt_text":"","src":"https:\/\/i0.wp.com\/herage.org\/blog\/wp-content\/uploads\/2019\/12\/Chandernagor-\u00c3\u00a0-Charroux.png?resize=350%2C200","width":350,"height":200},"classes":[]},{"id":2812,"url":"https:\/\/herage.org\/blog\/https:\/blog.herage.org\/p=\/2812\/","url_meta":{"origin":2776,"position":2},"title":"Calendrier de l&rsquo;avent du CGP : Jour 15","date":"15 d\u00e9cembre 2019","format":false,"excerpt":"Pour le mois de d\u00e9cembre 2019, nous vous proposons d\u2019ouvrir la bo\u00eete \u00e0 souvenirs. Pour ce 15e jour, nous avons choisi d'\u00e9voquer les expositions que nous avons pr\u00e9sent\u00e9es lors de nos derni\u00e8res manifestations. Ce sont de formidables souvenirs pour l'\u00e9quipe qui les a pr\u00e9par\u00e9es en amont. 2014- Charroux - Le\u2026","rel":"","context":"Dans &quot;Calendrier de l'avent 2019&quot;","img":{"alt_text":"","src":"https:\/\/i0.wp.com\/herage.org\/blog\/wp-content\/uploads\/2019\/12\/Jour-15.png?resize=350%2C200","width":350,"height":200},"classes":[]},{"id":2765,"url":"https:\/\/herage.org\/blog\/https:\/blog.herage.org\/p=\/2765\/","url_meta":{"origin":2776,"position":3},"title":"Calendrier de l&rsquo;avent du CGP : Jour 3","date":"3 d\u00e9cembre 2019","format":false,"excerpt":"Pour le mois de d\u00e9cembre 2019, nous vous proposons d\u2019ouvrir la bo\u00eete \u00e0 souvenirs. Nous avons demand\u00e9 \u00e0 nos adh\u00e9rents de bien vouloir partager des photos ou images et de nous dire en quelques mots ce qu\u2019elles \u00e9voquaient pour eux. La troisi\u00e8me photo est partag\u00e9e par Anne Berthe : \"sur\u2026","rel":"","context":"Dans &quot;Calendrier de l'avent 2019&quot;","img":{"alt_text":"","src":"https:\/\/i0.wp.com\/herage.org\/blog\/wp-content\/uploads\/2019\/12\/Dissay-Vall\u00c3\u00a9e-du-Clain-et-Usine-Gu\u00c3\u00a9rin.jpg?resize=350%2C200","width":350,"height":200},"classes":[]},{"id":2760,"url":"https:\/\/herage.org\/blog\/https:\/blog.herage.org\/p=\/2760\/","url_meta":{"origin":2776,"position":4},"title":"Calendrier de l&rsquo;avent du CGP : Jour 2","date":"2 d\u00e9cembre 2019","format":false,"excerpt":"Pour le mois de d\u00e9cembre 2019, nous vous proposons d\u2019ouvrir la bo\u00eete \u00e0 souvenirs. Nous avons demand\u00e9 \u00e0 nos adh\u00e9rents de bien vouloir partager des photos ou images et de nous dire en quelques mots ce qu\u2019elles \u00e9voquaient pour eux. La deuxi\u00e8me photo est partag\u00e9e par Fran\u00e7oise Degenne : \"Il\u2026","rel":"","context":"Dans &quot;Calendrier de l'avent 2019&quot;","img":{"alt_text":"","src":"https:\/\/i0.wp.com\/herage.org\/blog\/wp-content\/uploads\/2019\/12\/EgliseCremille.jpg?resize=350%2C200","width":350,"height":200},"classes":[]},{"id":2771,"url":"https:\/\/herage.org\/blog\/https:\/blog.herage.org\/p=\/2771\/","url_meta":{"origin":2776,"position":5},"title":"Calendrier de l&rsquo;avent du CGP : Jour 4","date":"4 d\u00e9cembre 2019","format":false,"excerpt":"Pour le mois de d\u00e9cembre 2019, nous vous proposons d\u2019ouvrir la bo\u00eete \u00e0 souvenirs. Nous avons demand\u00e9 \u00e0 nos adh\u00e9rents de bien vouloir partager des photos ou images et de nous dire en quelques mots ce qu\u2019elles \u00e9voquaient pour eux. La quatri\u00e8me photo est partag\u00e9e par Nat\u00a0Deret. Elle nous propose\u2026","rel":"","context":"Dans &quot;Calendrier de l'avent 2019&quot;","img":{"alt_text":"","src":"https:\/\/i0.wp.com\/herage.org\/blog\/wp-content\/uploads\/2019\/12\/Mariage-Grands-parents-Deret.jpeg?resize=350%2C200","width":350,"height":200},"classes":[]}],"_links":{"self":[{"href":"https:\/\/herage.org\/blog\/wp-json\/wp\/v2\/posts\/2776"}],"collection":[{"href":"https:\/\/herage.org\/blog\/wp-json\/wp\/v2\/posts"}],"about":[{"href":"https:\/\/herage.org\/blog\/wp-json\/wp\/v2\/types\/post"}],"author":[{"embeddable":true,"href":"https:\/\/herage.org\/blog\/wp-json\/wp\/v2\/users\/421"}],"replies":[{"embeddable":true,"href":"https:\/\/herage.org\/blog\/wp-json\/wp\/v2\/comments?post=2776"}],"version-history":[{"count":2,"href":"https:\/\/herage.org\/blog\/wp-json\/wp\/v2\/posts\/2776\/revisions"}],"predecessor-version":[{"id":2780,"href":"https:\/\/herage.org\/blog\/wp-json\/wp\/v2\/posts\/2776\/revisions\/2780"}],"wp:attachment":[{"href":"https:\/\/herage.org\/blog\/wp-json\/wp\/v2\/media?parent=2776"}],"wp:term":[{"taxonomy":"category","embeddable":true,"href":"https:\/\/herage.org\/blog\/wp-json\/wp\/v2\/categories?post=2776"},{"taxonomy":"post_tag","embeddable":true,"href":"https:\/\/herage.org\/blog\/wp-json\/wp\/v2\/tags?post=2776"}],"curies":[{"name":"wp","href":"https:\/\/api.w.org\/{rel}","templated":true}]}}