{"id":2781,"date":"2019-12-07T00:07:17","date_gmt":"2019-12-06T23:07:17","guid":{"rendered":"http:\/\/herage.org\/blog\/?p=2781"},"modified":"2019-12-07T12:20:56","modified_gmt":"2019-12-07T11:20:56","slug":"calendrier-de-lavent-du-cgp-jour-6","status":"publish","type":"post","link":"https:\/\/herage.org\/blog\/https:\/blog.herage.org\/p=\/2781\/","title":{"rendered":"Calendrier de l&rsquo;avent du CGP : Jour 6"},"content":{"rendered":"<p><div id=\"attachment_2783\" style=\"width: 521px\" class=\"wp-caption aligncenter\"><a href=\"https:\/\/i0.wp.com\/herage.org\/blog\/wp-content\/uploads\/2019\/12\/Thur\u00e9-\u00e9glise.jpg\" target=\"_blank\" rel=\"noopener\"><img aria-describedby=\"caption-attachment-2783\" data-attachment-id=\"2783\" data-permalink=\"https:\/\/herage.org\/blog\/https:\/blog.herage.org\/p=\/2781\/thure-eglise\/\" data-orig-file=\"https:\/\/i0.wp.com\/herage.org\/blog\/wp-content\/uploads\/2019\/12\/Thur\u00e9-\u00e9glise.jpg?fit=511%2C338&amp;ssl=1\" data-orig-size=\"511,338\" data-comments-opened=\"1\" data-image-meta=\"{&quot;aperture&quot;:&quot;0&quot;,&quot;credit&quot;:&quot;&quot;,&quot;camera&quot;:&quot;&quot;,&quot;caption&quot;:&quot;&quot;,&quot;created_timestamp&quot;:&quot;0&quot;,&quot;copyright&quot;:&quot;&quot;,&quot;focal_length&quot;:&quot;0&quot;,&quot;iso&quot;:&quot;0&quot;,&quot;shutter_speed&quot;:&quot;0&quot;,&quot;title&quot;:&quot;&quot;,&quot;orientation&quot;:&quot;0&quot;}\" data-image-title=\"Thur\u00e9 \u00e9glise\" data-image-description=\"\" data-image-caption=\"\" data-medium-file=\"https:\/\/i0.wp.com\/herage.org\/blog\/wp-content\/uploads\/2019\/12\/Thur\u00e9-\u00e9glise.jpg?fit=300%2C198&amp;ssl=1\" data-large-file=\"https:\/\/i0.wp.com\/herage.org\/blog\/wp-content\/uploads\/2019\/12\/Thur\u00e9-\u00e9glise.jpg?fit=511%2C338&amp;ssl=1\" loading=\"lazy\" class=\"wp-image-2783 size-full\" src=\"https:\/\/i0.wp.com\/herage.org\/blog\/wp-content\/uploads\/2019\/12\/Thur\u00e9-\u00e9glise.jpg?resize=511%2C338\" alt=\"Thur\u00e9, Vienne 86\" width=\"511\" height=\"338\" srcset=\"https:\/\/i0.wp.com\/herage.org\/blog\/wp-content\/uploads\/2019\/12\/Thur\u00e9-\u00e9glise.jpg?w=511&amp;ssl=1 511w, https:\/\/i0.wp.com\/herage.org\/blog\/wp-content\/uploads\/2019\/12\/Thur\u00e9-\u00e9glise.jpg?resize=300%2C198&amp;ssl=1 300w, https:\/\/i0.wp.com\/herage.org\/blog\/wp-content\/uploads\/2019\/12\/Thur\u00e9-\u00e9glise.jpg?resize=454%2C300&amp;ssl=1 454w\" sizes=\"(max-width: 511px) 100vw, 511px\" data-recalc-dims=\"1\" \/><\/a><p id=\"caption-attachment-2783\" class=\"wp-caption-text\">L&rsquo;\u00e9glise de Thur\u00e9, coll. C. Bourreau<\/p><\/div> <div id=\"attachment_2784\" style=\"width: 521px\" class=\"wp-caption aligncenter\"><a href=\"https:\/\/i0.wp.com\/herage.org\/blog\/wp-content\/uploads\/2019\/12\/Thur\u00e9-mairie.jpg\" target=\"_blank\" rel=\"noopener\"><img aria-describedby=\"caption-attachment-2784\" data-attachment-id=\"2784\" data-permalink=\"https:\/\/herage.org\/blog\/https:\/blog.herage.org\/p=\/2781\/thure-mairie\/\" data-orig-file=\"https:\/\/i0.wp.com\/herage.org\/blog\/wp-content\/uploads\/2019\/12\/Thur\u00e9-mairie.jpg?fit=511%2C322&amp;ssl=1\" data-orig-size=\"511,322\" data-comments-opened=\"1\" data-image-meta=\"{&quot;aperture&quot;:&quot;0&quot;,&quot;credit&quot;:&quot;&quot;,&quot;camera&quot;:&quot;&quot;,&quot;caption&quot;:&quot;&quot;,&quot;created_timestamp&quot;:&quot;0&quot;,&quot;copyright&quot;:&quot;&quot;,&quot;focal_length&quot;:&quot;0&quot;,&quot;iso&quot;:&quot;0&quot;,&quot;shutter_speed&quot;:&quot;0&quot;,&quot;title&quot;:&quot;&quot;,&quot;orientation&quot;:&quot;0&quot;}\" data-image-title=\"Thur\u00e9 mairie\" data-image-description=\"\" data-image-caption=\"\" data-medium-file=\"https:\/\/i0.wp.com\/herage.org\/blog\/wp-content\/uploads\/2019\/12\/Thur\u00e9-mairie.jpg?fit=300%2C189&amp;ssl=1\" data-large-file=\"https:\/\/i0.wp.com\/herage.org\/blog\/wp-content\/uploads\/2019\/12\/Thur\u00e9-mairie.jpg?fit=511%2C322&amp;ssl=1\" loading=\"lazy\" class=\"wp-image-2784 size-full\" src=\"https:\/\/i0.wp.com\/herage.org\/blog\/wp-content\/uploads\/2019\/12\/Thur\u00e9-mairie.jpg?resize=511%2C322\" alt=\"\" width=\"511\" height=\"322\" srcset=\"https:\/\/i0.wp.com\/herage.org\/blog\/wp-content\/uploads\/2019\/12\/Thur\u00e9-mairie.jpg?w=511&amp;ssl=1 511w, https:\/\/i0.wp.com\/herage.org\/blog\/wp-content\/uploads\/2019\/12\/Thur\u00e9-mairie.jpg?resize=300%2C189&amp;ssl=1 300w, https:\/\/i0.wp.com\/herage.org\/blog\/wp-content\/uploads\/2019\/12\/Thur\u00e9-mairie.jpg?resize=476%2C300&amp;ssl=1 476w\" sizes=\"(max-width: 511px) 100vw, 511px\" data-recalc-dims=\"1\" \/><\/a><p id=\"caption-attachment-2784\" class=\"wp-caption-text\">Mairie de Thur\u00e9, coll. C. Bourreau<\/p><\/div><\/p>\n<p style=\"text-align: justify;\">Pour le mois de d\u00e9cembre 2019, nous vous proposons d\u2019ouvrir la bo\u00eete \u00e0 souvenirs. Nous avons demand\u00e9 \u00e0 nos adh\u00e9rents de bien vouloir partager des photos ou images et de nous dire en quelques mots ce qu\u2019elles \u00e9voquaient pour eux.<\/p>\n<p style=\"text-align: justify;\">La sixi\u00e8me photo sera double. Elles sont partag\u00e9es par Claudie Bourreau qui \u00e9voque ainsi ses anc\u00eatres de Thur\u00e9 :<br \/>\n<em>\u00ab\u00a0Beaucoup de mes anc\u00eatres sont n\u00e9s \u00e0 Thur\u00e9.<\/em><br \/>\n<em>Mes anc\u00eatres Louise Amandine Guilbert qui s\u2019est mari\u00e9e avec Louis-Aim\u00e9 Barbot ont connu cette \u00e9glise et cette mairie de Thur\u00e9. Ils s\u2019y sont mari\u00e9s le 14 juin 1869. Leurs deux enfants Louise-Ferdinande et Marie Aim\u00e9 ont \u00e9t\u00e9 baptis\u00e9s dans ce village.\u00a0\u00bb<\/em><\/p>\n<p>Claudie a particip\u00e9 au challenge AZ du CGP :<br \/>\nEn 2018 avec <a href=\"http:\/\/herage.org\/blog\/?p=1645\" target=\"_blank\" rel=\"noopener\">T comme de Thur\u00e9 en Mauritanie, hommage \u00e0 un combattant v\u00e9t\u00e9rinaire<\/a>\u00a0 et\u00a0 <a href=\"http:\/\/herage.org\/blog\/?p=1647\" target=\"_blank\" rel=\"noopener\">U comme Usson, un casse t\u00eate pour le facteur<\/a><br \/>\nEn 2019 avec <a href=\"http:\/\/herage.org\/blog\/?p=2296\" target=\"_blank\" rel=\"noopener\">B comme l&rsquo;\u00e9cole de filles Paul Bert \u00e0 Ch\u00e2tellerault<\/a><br \/>\net <a href=\"http:\/\/herage.org\/blog\/?p=2339\" target=\"_blank\" rel=\"noopener\">W comme le Wood-block au conservatoire de musique ?<\/a><\/p>\n<p>Bonne lecture !<\/p>\n","protected":false},"excerpt":{"rendered":"<p>Pour le mois de d\u00e9cembre 2019, nous vous proposons d\u2019ouvrir la bo\u00eete \u00e0 souvenirs. Nous avons demand\u00e9 \u00e0 nos adh\u00e9rents de bien vouloir partager des photos ou images et de nous dire en quelques mots ce qu\u2019elles \u00e9voquaient pour eux. &hellip; <a href=\"https:\/\/herage.org\/blog\/https:\/blog.herage.org\/p=\/2781\/\">Continuer la lecture <span class=\"meta-nav\">&rarr;<\/span><\/a><\/p>\n","protected":false},"author":421,"featured_media":0,"comment_status":"open","ping_status":"open","sticky":false,"template":"","format":"standard","meta":{"spay_email":"","jetpack_publicize_message":"Calendrier de l'avent du CGP : Jour 6\r\nFaisons une halte \u00e0 Thur\u00e9, la patrie des anc\u00eatres de Claudie.","jetpack_is_tweetstorm":false,"jetpack_publicize_feature_enabled":true},"categories":[267],"tags":[],"jetpack_publicize_connections":[],"jetpack_featured_media_url":"","jetpack_sharing_enabled":true,"jetpack_shortlink":"https:\/\/wp.me\/p4fVnZ-IR","jetpack-related-posts":[{"id":2861,"url":"https:\/\/herage.org\/blog\/https:\/blog.herage.org\/p=\/2861\/","url_meta":{"origin":2781,"position":0},"title":"Calendrier de l&rsquo;avent du CGP : Jour 19","date":"19 d\u00e9cembre 2019","format":false,"excerpt":"Pour le mois de d\u00e9cembre 2019, nous vous proposons d\u2019ouvrir la bo\u00eete \u00e0 souvenirs. Nous avons demand\u00e9 \u00e0 nos adh\u00e9rents de bien vouloir partager des photos ou images et de nous dire en quelques mots ce qu\u2019elles \u00e9voquaient pour eux. 19 jours d\u00e9j\u00e0 que nos adh\u00e9rents partagent leurs souvenirs. Aujourd'hui\u2026","rel":"","context":"Dans &quot;Calendrier de l'avent 2019&quot;","img":{"alt_text":"","src":"https:\/\/i0.wp.com\/herage.org\/blog\/wp-content\/uploads\/2019\/12\/Puy-Lonchard-hiver-1957-1958.jpg?resize=350%2C200","width":350,"height":200},"classes":[]},{"id":2865,"url":"https:\/\/herage.org\/blog\/https:\/blog.herage.org\/p=\/2865\/","url_meta":{"origin":2781,"position":1},"title":"Calendrier de l&rsquo;avent du CGP : Jour 20","date":"20 d\u00e9cembre 2019","format":false,"excerpt":"Pour le mois de d\u00e9cembre 2019, nous vous proposons d\u2019ouvrir la bo\u00eete \u00e0 souvenirs. Nous avons demand\u00e9 \u00e0 nos adh\u00e9rents de bien vouloir partager des photos ou images et de nous dire en quelques mots ce qu\u2019elles \u00e9voquaient pour eux. Pour ce 20e jour, c'est Christian DESSIOUX, notre secr\u00e9taire, qui\u2026","rel":"","context":"Dans &quot;Calendrier de l'avent 2019&quot;","img":{"alt_text":"BERGERON, PLAT, Persac, Vienne 86","src":"https:\/\/i0.wp.com\/herage.org\/blog\/wp-content\/uploads\/2019\/12\/mariage-adrien-001.jpg?resize=350%2C200","width":350,"height":200},"classes":[]},{"id":2755,"url":"https:\/\/herage.org\/blog\/https:\/blog.herage.org\/p=\/2755\/","url_meta":{"origin":2781,"position":2},"title":"Calendrier de l&rsquo;avent du CGP : Jour 1","date":"2 d\u00e9cembre 2019","format":false,"excerpt":"Pour le mois de d\u00e9cembre 2019, nous vous proposons d'ouvrir la bo\u00eete \u00e0 souvenirs. Nous avons demand\u00e9 \u00e0 nos adh\u00e9rents de bien vouloir partager des photos ou images et de nous dire en quelques mots ce qu'elles \u00e9voquaient pour eux. La premi\u00e8re photo est partag\u00e9e par Brigitte Billard : \"ma\u2026","rel":"","context":"Dans &quot;Calendrier de l'avent 2019&quot;","img":{"alt_text":"Latill\u00c3\u00a9, Quintard, Guignard","src":"https:\/\/i0.wp.com\/herage.org\/blog\/wp-content\/uploads\/2019\/12\/1905_10_Mariage_Guignard_Quintard-724x1024.jpg?resize=350%2C200","width":350,"height":200},"classes":[]},{"id":2875,"url":"https:\/\/herage.org\/blog\/https:\/blog.herage.org\/p=\/2875\/","url_meta":{"origin":2781,"position":3},"title":"Calendrier de l&rsquo;avent du CGP : Jour 22","date":"24 d\u00e9cembre 2019","format":false,"excerpt":"Pour le mois de d\u00e9cembre 2019, nous vous proposons d\u2019ouvrir la bo\u00eete \u00e0 souvenirs. Nous avons demand\u00e9 \u00e0 nos adh\u00e9rents de bien vouloir partager des photos ou images et de nous dire en quelques mots ce qu\u2019elles \u00e9voquaient pour eux. Pour ce 22e jour, Jean Moussu s'est replong\u00e9 dans les\u2026","rel":"","context":"Dans &quot;Calendrier de l'avent 2019&quot;","img":{"alt_text":"","src":"https:\/\/i0.wp.com\/herage.org\/blog\/wp-content\/uploads\/2019\/12\/Ypres_campagne1914-1915.jpg?resize=350%2C200","width":350,"height":200},"classes":[]},{"id":2802,"url":"https:\/\/herage.org\/blog\/https:\/blog.herage.org\/p=\/2802\/","url_meta":{"origin":2781,"position":4},"title":"Calendrier de l&rsquo;avent du CGP : Jour 10","date":"10 d\u00e9cembre 2019","format":false,"excerpt":"Pour le mois de d\u00e9cembre 2019, nous vous proposons d\u2019ouvrir la bo\u00eete \u00e0 souvenirs. Nous avons demand\u00e9 \u00e0 nos adh\u00e9rents de bien vouloir partager des photos ou images et de nous dire en quelques mots ce qu\u2019elles \u00e9voquaient pour eux. Pour le 10e jour de ce calendrier, nous passons la\u2026","rel":"","context":"Dans &quot;Calendrier de l'avent 2019&quot;","img":{"alt_text":"","src":"https:\/\/i0.wp.com\/herage.org\/blog\/wp-content\/uploads\/2019\/12\/01_1894_AV_mariage_roy_rouget.jpg?resize=350%2C200","width":350,"height":200},"classes":[]},{"id":2810,"url":"https:\/\/herage.org\/blog\/https:\/blog.herage.org\/p=\/2810\/","url_meta":{"origin":2781,"position":5},"title":"Calendrier de l&rsquo;avent du CGP : Jour 14","date":"14 d\u00e9cembre 2019","format":false,"excerpt":"Pour le mois de d\u00e9cembre 2019, nous vous proposons d\u2019ouvrir la bo\u00eete \u00e0 souvenirs. Pour ce 14e jour, nous avons choisi d'\u00e9voquer les souvenirs du Cercle. Ceux-ci sont fortement li\u00e9s aux journ\u00e9es d'\u00e9changes qui sont avant tout destin\u00e9es \u00e0 nos adh\u00e9rents qui peuvent ainsi exposer gratuitement pendant 2 jours le\u2026","rel":"","context":"Dans &quot;Calendrier de l'avent 2019&quot;","img":{"alt_text":"","src":"https:\/\/i0.wp.com\/herage.org\/blog\/wp-content\/uploads\/2019\/12\/Souvenirs-de-salons-CGP.png?resize=350%2C200","width":350,"height":200},"classes":[]}],"_links":{"self":[{"href":"https:\/\/herage.org\/blog\/wp-json\/wp\/v2\/posts\/2781"}],"collection":[{"href":"https:\/\/herage.org\/blog\/wp-json\/wp\/v2\/posts"}],"about":[{"href":"https:\/\/herage.org\/blog\/wp-json\/wp\/v2\/types\/post"}],"author":[{"embeddable":true,"href":"https:\/\/herage.org\/blog\/wp-json\/wp\/v2\/users\/421"}],"replies":[{"embeddable":true,"href":"https:\/\/herage.org\/blog\/wp-json\/wp\/v2\/comments?post=2781"}],"version-history":[{"count":3,"href":"https:\/\/herage.org\/blog\/wp-json\/wp\/v2\/posts\/2781\/revisions"}],"predecessor-version":[{"id":2798,"href":"https:\/\/herage.org\/blog\/wp-json\/wp\/v2\/posts\/2781\/revisions\/2798"}],"wp:attachment":[{"href":"https:\/\/herage.org\/blog\/wp-json\/wp\/v2\/media?parent=2781"}],"wp:term":[{"taxonomy":"category","embeddable":true,"href":"https:\/\/herage.org\/blog\/wp-json\/wp\/v2\/categories?post=2781"},{"taxonomy":"post_tag","embeddable":true,"href":"https:\/\/herage.org\/blog\/wp-json\/wp\/v2\/tags?post=2781"}],"curies":[{"name":"wp","href":"https:\/\/api.w.org\/{rel}","templated":true}]}}