{"id":2786,"date":"2019-12-07T12:00:20","date_gmt":"2019-12-07T11:00:20","guid":{"rendered":"http:\/\/herage.org\/blog\/?p=2786"},"modified":"2019-12-07T01:05:03","modified_gmt":"2019-12-07T00:05:03","slug":"calendrier-de-lavent-du-cgp-jour-7","status":"publish","type":"post","link":"https:\/\/herage.org\/blog\/https:\/blog.herage.org\/p=\/2786\/","title":{"rendered":"Calendrier de l&rsquo;avent du CGP : Jour 7"},"content":{"rendered":"<p class=\"jetpack-slideshow-noscript robots-nocontent\">Ce diaporama n\u00e9cessite JavaScript.<\/p><div id=\"gallery-2786-1-slideshow\" class=\"jetpack-slideshow-window jetpack-slideshow jetpack-slideshow-black\" data-trans=\"fade\" data-autostart=\"1\" data-gallery=\"[{&quot;src&quot;:&quot;https:\\\/\\\/i0.wp.com\\\/herage.org\\\/blog\\\/wp-content\\\/uploads\\\/2019\\\/12\\\/congr\\u00e8s-2.jpg?fit=584%2C438\\u0026ssl=1&quot;,&quot;id&quot;:&quot;2792&quot;,&quot;title&quot;:&quot;congr\\u00e8s (2)&quot;,&quot;alt&quot;:&quot;&quot;,&quot;caption&quot;:&quot;&quot;,&quot;itemprop&quot;:&quot;image&quot;},{&quot;src&quot;:&quot;https:\\\/\\\/i0.wp.com\\\/herage.org\\\/blog\\\/wp-content\\\/uploads\\\/2019\\\/12\\\/congr\\u00e8s-1.jpg?fit=584%2C722\\u0026ssl=1&quot;,&quot;id&quot;:&quot;2791&quot;,&quot;title&quot;:&quot;congr\\u00e8s (1)&quot;,&quot;alt&quot;:&quot;&quot;,&quot;caption&quot;:&quot;&quot;,&quot;itemprop&quot;:&quot;image&quot;},{&quot;src&quot;:&quot;https:\\\/\\\/i0.wp.com\\\/herage.org\\\/blog\\\/wp-content\\\/uploads\\\/2019\\\/12\\\/Saintes-5-2016.jpg?fit=584%2C391\\u0026ssl=1&quot;,&quot;id&quot;:&quot;2790&quot;,&quot;title&quot;:&quot;Saintes 5-2016&quot;,&quot;alt&quot;:&quot;&quot;,&quot;caption&quot;:&quot;&quot;,&quot;itemprop&quot;:&quot;image&quot;}]\" itemscope itemtype=\"https:\/\/schema.org\/ImageGallery\"><\/div>\n<p style=\"text-align: justify;\">Pour le mois de d\u00e9cembre 2019, nous vous proposons d\u2019ouvrir la bo\u00eete \u00e0 souvenirs.<br \/>\nPour ce septi\u00e8me jour, nous avons choisi d&rsquo;\u00e9voquer les souvenirs du Cercle. Parmi les plus marquants, il y a bien s\u00fbr le 23e salon national de g\u00e9n\u00e9alogie que nous avons eu l&rsquo;honneur d&rsquo;organiser du 02 au 03 octobre 2015 au Parc ces expositions du Futuroscope pr\u00e8s de Poitiers. Sandrine Pourrageau a s\u00e9lectionn\u00e9 ces quelques photos qui illustrent ces merveilleux moments que nous avons pass\u00e9s avec tous ceux qui sont venus nous rendre visite.<\/p>\n<p>Extrait de la revue Herage n\u00b0130 (par Michel Bont\u00e9) :<br \/>\n<em>\u00ab\u00a0Le comit\u00e9 d&rsquo;organisation, une bonne quinzaine de militants, s&rsquo;est beaucoup donn\u00e9 pour assurer cette organisation. Commenc\u00e9e en mars 2013, la pr\u00e9paration a suscit\u00e9 plus de 100 r\u00e9unions de travail [&#8230;]. L&rsquo;appel \u00e0 participation a g\u00e9n\u00e9r\u00e9 plus de 100 candidatures \u00e0 une aide b\u00e9n\u00e9vole. A elle seule, cette op\u00e9ration est un succ\u00e8s : elle montre l&rsquo;int\u00e9r\u00eat des adh\u00e9rents pour la r\u00e9ussite de notre cercle&#8230;<\/em><br \/>\n<em>&#8230; Quelques chiffres indicatifs, le congr\u00e8s sera (en valeurs arrondies) :<\/em><br \/>\n<em>110 exposants, 700 congressistes inscrits, 100 b\u00e9n\u00e9voles, 800 repas command\u00e9s, 240 demi-journ\u00e9es (ou journ\u00e9es) touristiques&#8230;\u00a0\u00bb<\/em><\/p>\n<p>&nbsp;<\/p>\n<p>&nbsp;<\/p>\n","protected":false},"excerpt":{"rendered":"<p>Pour le mois de d\u00e9cembre 2019, nous vous proposons d\u2019ouvrir la bo\u00eete \u00e0 souvenirs. Pour ce septi\u00e8me jour, nous avons choisi d&rsquo;\u00e9voquer les souvenirs du Cercle. Parmi les plus marquants, il y a bien s\u00fbr le 23e salon national de &hellip; <a href=\"https:\/\/herage.org\/blog\/https:\/blog.herage.org\/p=\/2786\/\">Continuer la lecture <span class=\"meta-nav\">&rarr;<\/span><\/a><\/p>\n","protected":false},"author":421,"featured_media":0,"comment_status":"open","ping_status":"open","sticky":false,"template":"","format":"standard","meta":{"spay_email":"","jetpack_publicize_message":"Calendrier de l'avent du CGP : Jour 7\r\nquelques ann\u00e9es en arri\u00e8re, c'\u00e9tait le 23e congr\u00e8s national de g\u00e9n\u00e9alogie \u00e0 Poitiers organis\u00e9 par @HerageCGP","jetpack_is_tweetstorm":false,"jetpack_publicize_feature_enabled":true},"categories":[267],"tags":[],"jetpack_publicize_connections":[],"jetpack_featured_media_url":"","jetpack_sharing_enabled":true,"jetpack_shortlink":"https:\/\/wp.me\/p4fVnZ-IW","jetpack-related-posts":[{"id":2796,"url":"https:\/\/herage.org\/blog\/https:\/blog.herage.org\/p=\/2796\/","url_meta":{"origin":2786,"position":0},"title":"Calendrier de l&rsquo;avent du CGP : Jour 8","date":"8 d\u00e9cembre 2019","format":false,"excerpt":"Pour le mois de d\u00e9cembre 2019, nous vous proposons d\u2019ouvrir la bo\u00eete \u00e0 souvenirs. Pour ce huiti\u00e8me jour, nous avons choisi d'\u00e9voquer M. Andr\u00e9 Chandernagor qui nous avait honorer de sa pr\u00e9sence aux journ\u00e9es d'\u00e9changes du Cercle de Charroux.en 2014. M. Chandernagor est descendant d'une vieille famille civraisienne et passionn\u00e9\u2026","rel":"","context":"Dans &quot;Calendrier de l'avent 2019&quot;","img":{"alt_text":"","src":"https:\/\/i0.wp.com\/herage.org\/blog\/wp-content\/uploads\/2019\/12\/Chandernagor-\u00c3\u00a0-Charroux.png?resize=350%2C200","width":350,"height":200},"classes":[]},{"id":2812,"url":"https:\/\/herage.org\/blog\/https:\/blog.herage.org\/p=\/2812\/","url_meta":{"origin":2786,"position":1},"title":"Calendrier de l&rsquo;avent du CGP : Jour 15","date":"15 d\u00e9cembre 2019","format":false,"excerpt":"Pour le mois de d\u00e9cembre 2019, nous vous proposons d\u2019ouvrir la bo\u00eete \u00e0 souvenirs. Pour ce 15e jour, nous avons choisi d'\u00e9voquer les expositions que nous avons pr\u00e9sent\u00e9es lors de nos derni\u00e8res manifestations. Ce sont de formidables souvenirs pour l'\u00e9quipe qui les a pr\u00e9par\u00e9es en amont. 2014- Charroux - Le\u2026","rel":"","context":"Dans &quot;Calendrier de l'avent 2019&quot;","img":{"alt_text":"","src":"https:\/\/i0.wp.com\/herage.org\/blog\/wp-content\/uploads\/2019\/12\/Jour-15.png?resize=350%2C200","width":350,"height":200},"classes":[]},{"id":2810,"url":"https:\/\/herage.org\/blog\/https:\/blog.herage.org\/p=\/2810\/","url_meta":{"origin":2786,"position":2},"title":"Calendrier de l&rsquo;avent du CGP : Jour 14","date":"14 d\u00e9cembre 2019","format":false,"excerpt":"Pour le mois de d\u00e9cembre 2019, nous vous proposons d\u2019ouvrir la bo\u00eete \u00e0 souvenirs. Pour ce 14e jour, nous avons choisi d'\u00e9voquer les souvenirs du Cercle. Ceux-ci sont fortement li\u00e9s aux journ\u00e9es d'\u00e9changes qui sont avant tout destin\u00e9es \u00e0 nos adh\u00e9rents qui peuvent ainsi exposer gratuitement pendant 2 jours le\u2026","rel":"","context":"Dans &quot;Calendrier de l'avent 2019&quot;","img":{"alt_text":"","src":"https:\/\/i0.wp.com\/herage.org\/blog\/wp-content\/uploads\/2019\/12\/Souvenirs-de-salons-CGP.png?resize=350%2C200","width":350,"height":200},"classes":[]},{"id":2870,"url":"https:\/\/herage.org\/blog\/https:\/blog.herage.org\/p=\/2870\/","url_meta":{"origin":2786,"position":3},"title":"Calendrier de l&rsquo;avent du CGP : Jour 21","date":"21 d\u00e9cembre 2019","format":false,"excerpt":"Pour le mois de d\u00e9cembre 2019, nous vous proposons d\u2019ouvrir la bo\u00eete \u00e0 souvenirs. En ce 21e jour, nous avons choisi d'\u00e9voquer un des des moments forts d'une association : les assembl\u00e9es g\u00e9n\u00e9rales. Vous \u00eates nombreux chaque ann\u00e9e \u00e0 r\u00e9pondre \u00e0 cette invitation. Cela en fait des souvenirs ! Voici\u2026","rel":"","context":"Dans &quot;Calendrier de l'avent 2019&quot;","img":{"alt_text":"","src":"https:\/\/i0.wp.com\/herage.org\/blog\/wp-content\/uploads\/2019\/12\/Souvenirs-AG-CGP.png?resize=350%2C200","width":350,"height":200},"classes":[]},{"id":2836,"url":"https:\/\/herage.org\/blog\/https:\/blog.herage.org\/p=\/2836\/","url_meta":{"origin":2786,"position":4},"title":"Calendrier de l&rsquo;avent du CGP : Jour 16","date":"16 d\u00e9cembre 2019","format":false,"excerpt":"Pour le mois de d\u00e9cembre 2019, nous vous proposons d\u2019ouvrir la bo\u00eete \u00e0 souvenirs. Nous avons demand\u00e9 \u00e0 nos adh\u00e9rents de bien vouloir partager des photos ou images et de nous dire en quelques mots ce qu\u2019elles \u00e9voquaient pour eux. Pour ce 16e jour, c'est au tour de Marie Jeanne\u2026","rel":"","context":"Dans &quot;Calendrier de l'avent 2019&quot;","img":{"alt_text":"Chalais, Vienne 86","src":"https:\/\/i0.wp.com\/herage.org\/blog\/wp-content\/uploads\/2019\/12\/img029-002.jpg?resize=350%2C200","width":350,"height":200},"classes":[]},{"id":2765,"url":"https:\/\/herage.org\/blog\/https:\/blog.herage.org\/p=\/2765\/","url_meta":{"origin":2786,"position":5},"title":"Calendrier de l&rsquo;avent du CGP : Jour 3","date":"3 d\u00e9cembre 2019","format":false,"excerpt":"Pour le mois de d\u00e9cembre 2019, nous vous proposons d\u2019ouvrir la bo\u00eete \u00e0 souvenirs. Nous avons demand\u00e9 \u00e0 nos adh\u00e9rents de bien vouloir partager des photos ou images et de nous dire en quelques mots ce qu\u2019elles \u00e9voquaient pour eux. La troisi\u00e8me photo est partag\u00e9e par Anne Berthe : \"sur\u2026","rel":"","context":"Dans &quot;Calendrier de l'avent 2019&quot;","img":{"alt_text":"","src":"https:\/\/i0.wp.com\/herage.org\/blog\/wp-content\/uploads\/2019\/12\/Dissay-Vall\u00c3\u00a9e-du-Clain-et-Usine-Gu\u00c3\u00a9rin.jpg?resize=350%2C200","width":350,"height":200},"classes":[]}],"_links":{"self":[{"href":"https:\/\/herage.org\/blog\/wp-json\/wp\/v2\/posts\/2786"}],"collection":[{"href":"https:\/\/herage.org\/blog\/wp-json\/wp\/v2\/posts"}],"about":[{"href":"https:\/\/herage.org\/blog\/wp-json\/wp\/v2\/types\/post"}],"author":[{"embeddable":true,"href":"https:\/\/herage.org\/blog\/wp-json\/wp\/v2\/users\/421"}],"replies":[{"embeddable":true,"href":"https:\/\/herage.org\/blog\/wp-json\/wp\/v2\/comments?post=2786"}],"version-history":[{"count":6,"href":"https:\/\/herage.org\/blog\/wp-json\/wp\/v2\/posts\/2786\/revisions"}],"predecessor-version":[{"id":2795,"href":"https:\/\/herage.org\/blog\/wp-json\/wp\/v2\/posts\/2786\/revisions\/2795"}],"wp:attachment":[{"href":"https:\/\/herage.org\/blog\/wp-json\/wp\/v2\/media?parent=2786"}],"wp:term":[{"taxonomy":"category","embeddable":true,"href":"https:\/\/herage.org\/blog\/wp-json\/wp\/v2\/categories?post=2786"},{"taxonomy":"post_tag","embeddable":true,"href":"https:\/\/herage.org\/blog\/wp-json\/wp\/v2\/tags?post=2786"}],"curies":[{"name":"wp","href":"https:\/\/api.w.org\/{rel}","templated":true}]}}