{"id":2796,"date":"2019-12-08T19:00:16","date_gmt":"2019-12-08T18:00:16","guid":{"rendered":"http:\/\/herage.org\/blog\/?p=2796"},"modified":"2019-12-09T00:58:26","modified_gmt":"2019-12-08T23:58:26","slug":"calendrier-de-lavent-du-cgp-jour-8","status":"publish","type":"post","link":"https:\/\/herage.org\/blog\/https:\/blog.herage.org\/p=\/2796\/","title":{"rendered":"Calendrier de l&rsquo;avent du CGP : Jour 8"},"content":{"rendered":"<div id=\"attachment_2822\" style=\"width: 1539px\" class=\"wp-caption aligncenter\"><a href=\"https:\/\/i0.wp.com\/herage.org\/blog\/wp-content\/uploads\/2019\/12\/Chandernagor-\u00e0-Charroux.png\"><img aria-describedby=\"caption-attachment-2822\" data-attachment-id=\"2822\" data-permalink=\"https:\/\/herage.org\/blog\/https:\/blog.herage.org\/p=\/2796\/chandernagor-a-charroux\/\" data-orig-file=\"https:\/\/i0.wp.com\/herage.org\/blog\/wp-content\/uploads\/2019\/12\/Chandernagor-\u00e0-Charroux.png?fit=1529%2C863&amp;ssl=1\" data-orig-size=\"1529,863\" data-comments-opened=\"1\" data-image-meta=\"{&quot;aperture&quot;:&quot;0&quot;,&quot;credit&quot;:&quot;&quot;,&quot;camera&quot;:&quot;&quot;,&quot;caption&quot;:&quot;&quot;,&quot;created_timestamp&quot;:&quot;0&quot;,&quot;copyright&quot;:&quot;&quot;,&quot;focal_length&quot;:&quot;0&quot;,&quot;iso&quot;:&quot;0&quot;,&quot;shutter_speed&quot;:&quot;0&quot;,&quot;title&quot;:&quot;&quot;,&quot;orientation&quot;:&quot;0&quot;}\" data-image-title=\"Chandernagor \u00e0 Charroux\" data-image-description=\"\" data-image-caption=\"&lt;p&gt;Andr\u00e9 Chandernagor aux journ\u00e9es d&amp;rsquo;\u00e9change du CGP \u00e0 Charroux, octobre 2014 &#8211; Photos \u00a9 CGP&lt;\/p&gt;\n\" data-medium-file=\"https:\/\/i0.wp.com\/herage.org\/blog\/wp-content\/uploads\/2019\/12\/Chandernagor-\u00e0-Charroux.png?fit=300%2C169&amp;ssl=1\" data-large-file=\"https:\/\/i0.wp.com\/herage.org\/blog\/wp-content\/uploads\/2019\/12\/Chandernagor-\u00e0-Charroux.png?fit=584%2C330&amp;ssl=1\" loading=\"lazy\" class=\"size-full wp-image-2822\" src=\"https:\/\/i0.wp.com\/herage.org\/blog\/wp-content\/uploads\/2019\/12\/Chandernagor-\u00e0-Charroux.png?resize=584%2C330\" alt=\"\" width=\"584\" height=\"330\" srcset=\"https:\/\/i0.wp.com\/herage.org\/blog\/wp-content\/uploads\/2019\/12\/Chandernagor-\u00e0-Charroux.png?w=1529&amp;ssl=1 1529w, https:\/\/i0.wp.com\/herage.org\/blog\/wp-content\/uploads\/2019\/12\/Chandernagor-\u00e0-Charroux.png?resize=300%2C169&amp;ssl=1 300w, https:\/\/i0.wp.com\/herage.org\/blog\/wp-content\/uploads\/2019\/12\/Chandernagor-\u00e0-Charroux.png?resize=768%2C433&amp;ssl=1 768w, https:\/\/i0.wp.com\/herage.org\/blog\/wp-content\/uploads\/2019\/12\/Chandernagor-\u00e0-Charroux.png?resize=1024%2C578&amp;ssl=1 1024w, https:\/\/i0.wp.com\/herage.org\/blog\/wp-content\/uploads\/2019\/12\/Chandernagor-\u00e0-Charroux.png?resize=500%2C282&amp;ssl=1 500w, https:\/\/i0.wp.com\/herage.org\/blog\/wp-content\/uploads\/2019\/12\/Chandernagor-\u00e0-Charroux.png?w=1168&amp;ssl=1 1168w\" sizes=\"(max-width: 584px) 100vw, 584px\" data-recalc-dims=\"1\" \/><\/a><p id=\"caption-attachment-2822\" class=\"wp-caption-text\">Andr\u00e9 Chandernagor aux journ\u00e9es d&rsquo;\u00e9change du CGP \u00e0 Charroux, octobre 2014 &#8211; Photos \u00a9 CGP<\/p><\/div>\n<p style=\"text-align: justify;\">Pour le mois de d\u00e9cembre 2019, nous vous proposons d\u2019ouvrir la bo\u00eete \u00e0 souvenirs. Pour ce huiti\u00e8me jour, nous avons choisi d&rsquo;\u00e9voquer <a href=\"https:\/\/fr.wikipedia.org\/wiki\/Andr%C3%A9_Chandernagor\" target=\"_blank\" rel=\"noopener\">M. Andr\u00e9 Chandernagor<\/a> qui nous avait honorer de sa pr\u00e9sence aux journ\u00e9es d&rsquo;\u00e9changes du Cercle de Charroux.en 2014.<\/p>\n<p style=\"text-align: justify;\">M. Chandernagor est descendant d&rsquo;une vieille famille civraisienne et passionn\u00e9 de g\u00e9n\u00e9alogie. Au cours de ces journ\u00e9es, il avait comment\u00e9 son arbre g\u00e9n\u00e9alogique et il avait pu \u00e9changer avec nos adh\u00e9rents.<\/p>\n","protected":false},"excerpt":{"rendered":"<p>Pour le mois de d\u00e9cembre 2019, nous vous proposons d\u2019ouvrir la bo\u00eete \u00e0 souvenirs. Pour ce huiti\u00e8me jour, nous avons choisi d&rsquo;\u00e9voquer M. Andr\u00e9 Chandernagor qui nous avait honorer de sa pr\u00e9sence aux journ\u00e9es d&rsquo;\u00e9changes du Cercle de Charroux.en 2014. &hellip; <a href=\"https:\/\/herage.org\/blog\/https:\/blog.herage.org\/p=\/2796\/\">Continuer la lecture <span class=\"meta-nav\">&rarr;<\/span><\/a><\/p>\n","protected":false},"author":421,"featured_media":0,"comment_status":"open","ping_status":"open","sticky":false,"template":"","format":"standard","meta":{"spay_email":"","jetpack_publicize_message":"Calendrier de l'avent du CGP : Jour 8\r\nUne journ\u00e9e souvenir avec M. Andr\u00e9 Chandernagor.","jetpack_is_tweetstorm":false,"jetpack_publicize_feature_enabled":true},"categories":[267],"tags":[],"jetpack_publicize_connections":[],"jetpack_featured_media_url":"","jetpack_sharing_enabled":true,"jetpack_shortlink":"https:\/\/wp.me\/p4fVnZ-J6","jetpack-related-posts":[{"id":2810,"url":"https:\/\/herage.org\/blog\/https:\/blog.herage.org\/p=\/2810\/","url_meta":{"origin":2796,"position":0},"title":"Calendrier de l&rsquo;avent du CGP : Jour 14","date":"14 d\u00e9cembre 2019","format":false,"excerpt":"Pour le mois de d\u00e9cembre 2019, nous vous proposons d\u2019ouvrir la bo\u00eete \u00e0 souvenirs. Pour ce 14e jour, nous avons choisi d'\u00e9voquer les souvenirs du Cercle. Ceux-ci sont fortement li\u00e9s aux journ\u00e9es d'\u00e9changes qui sont avant tout destin\u00e9es \u00e0 nos adh\u00e9rents qui peuvent ainsi exposer gratuitement pendant 2 jours le\u2026","rel":"","context":"Dans &quot;Calendrier de l'avent 2019&quot;","img":{"alt_text":"","src":"https:\/\/i0.wp.com\/herage.org\/blog\/wp-content\/uploads\/2019\/12\/Souvenirs-de-salons-CGP.png?resize=350%2C200","width":350,"height":200},"classes":[]},{"id":2786,"url":"https:\/\/herage.org\/blog\/https:\/blog.herage.org\/p=\/2786\/","url_meta":{"origin":2796,"position":1},"title":"Calendrier de l&rsquo;avent du CGP : Jour 7","date":"7 d\u00e9cembre 2019","format":false,"excerpt":"Pour le mois de d\u00e9cembre 2019, nous vous proposons d\u2019ouvrir la bo\u00eete \u00e0 souvenirs. Pour ce septi\u00e8me jour, nous avons choisi d'\u00e9voquer les souvenirs du Cercle. Parmi les plus marquants, il y a bien s\u00fbr le 23e salon national de g\u00e9n\u00e9alogie que nous avons eu l'honneur d'organiser du 02 au\u2026","rel":"","context":"Dans &quot;Calendrier de l'avent 2019&quot;","img":{"alt_text":"","src":"https:\/\/i0.wp.com\/herage.org\/blog\/wp-content\/uploads\/2019\/12\/congr\u00e8s-2.jpg?resize=350%2C200","width":350,"height":200},"classes":[]},{"id":2760,"url":"https:\/\/herage.org\/blog\/https:\/blog.herage.org\/p=\/2760\/","url_meta":{"origin":2796,"position":2},"title":"Calendrier de l&rsquo;avent du CGP : Jour 2","date":"2 d\u00e9cembre 2019","format":false,"excerpt":"Pour le mois de d\u00e9cembre 2019, nous vous proposons d\u2019ouvrir la bo\u00eete \u00e0 souvenirs. Nous avons demand\u00e9 \u00e0 nos adh\u00e9rents de bien vouloir partager des photos ou images et de nous dire en quelques mots ce qu\u2019elles \u00e9voquaient pour eux. La deuxi\u00e8me photo est partag\u00e9e par Fran\u00e7oise Degenne : \"Il\u2026","rel":"","context":"Dans &quot;Calendrier de l'avent 2019&quot;","img":{"alt_text":"","src":"https:\/\/i0.wp.com\/herage.org\/blog\/wp-content\/uploads\/2019\/12\/EgliseCremille.jpg?resize=350%2C200","width":350,"height":200},"classes":[]},{"id":2812,"url":"https:\/\/herage.org\/blog\/https:\/blog.herage.org\/p=\/2812\/","url_meta":{"origin":2796,"position":3},"title":"Calendrier de l&rsquo;avent du CGP : Jour 15","date":"15 d\u00e9cembre 2019","format":false,"excerpt":"Pour le mois de d\u00e9cembre 2019, nous vous proposons d\u2019ouvrir la bo\u00eete \u00e0 souvenirs. Pour ce 15e jour, nous avons choisi d'\u00e9voquer les expositions que nous avons pr\u00e9sent\u00e9es lors de nos derni\u00e8res manifestations. Ce sont de formidables souvenirs pour l'\u00e9quipe qui les a pr\u00e9par\u00e9es en amont. 2014- Charroux - Le\u2026","rel":"","context":"Dans &quot;Calendrier de l'avent 2019&quot;","img":{"alt_text":"","src":"https:\/\/i0.wp.com\/herage.org\/blog\/wp-content\/uploads\/2019\/12\/Jour-15.png?resize=350%2C200","width":350,"height":200},"classes":[]},{"id":2765,"url":"https:\/\/herage.org\/blog\/https:\/blog.herage.org\/p=\/2765\/","url_meta":{"origin":2796,"position":4},"title":"Calendrier de l&rsquo;avent du CGP : Jour 3","date":"3 d\u00e9cembre 2019","format":false,"excerpt":"Pour le mois de d\u00e9cembre 2019, nous vous proposons d\u2019ouvrir la bo\u00eete \u00e0 souvenirs. Nous avons demand\u00e9 \u00e0 nos adh\u00e9rents de bien vouloir partager des photos ou images et de nous dire en quelques mots ce qu\u2019elles \u00e9voquaient pour eux. La troisi\u00e8me photo est partag\u00e9e par Anne Berthe : \"sur\u2026","rel":"","context":"Dans &quot;Calendrier de l'avent 2019&quot;","img":{"alt_text":"","src":"https:\/\/i0.wp.com\/herage.org\/blog\/wp-content\/uploads\/2019\/12\/Dissay-Vall\u00c3\u00a9e-du-Clain-et-Usine-Gu\u00c3\u00a9rin.jpg?resize=350%2C200","width":350,"height":200},"classes":[]},{"id":2836,"url":"https:\/\/herage.org\/blog\/https:\/blog.herage.org\/p=\/2836\/","url_meta":{"origin":2796,"position":5},"title":"Calendrier de l&rsquo;avent du CGP : Jour 16","date":"16 d\u00e9cembre 2019","format":false,"excerpt":"Pour le mois de d\u00e9cembre 2019, nous vous proposons d\u2019ouvrir la bo\u00eete \u00e0 souvenirs. Nous avons demand\u00e9 \u00e0 nos adh\u00e9rents de bien vouloir partager des photos ou images et de nous dire en quelques mots ce qu\u2019elles \u00e9voquaient pour eux. Pour ce 16e jour, c'est au tour de Marie Jeanne\u2026","rel":"","context":"Dans &quot;Calendrier de l'avent 2019&quot;","img":{"alt_text":"Chalais, Vienne 86","src":"https:\/\/i0.wp.com\/herage.org\/blog\/wp-content\/uploads\/2019\/12\/img029-002.jpg?resize=350%2C200","width":350,"height":200},"classes":[]}],"_links":{"self":[{"href":"https:\/\/herage.org\/blog\/wp-json\/wp\/v2\/posts\/2796"}],"collection":[{"href":"https:\/\/herage.org\/blog\/wp-json\/wp\/v2\/posts"}],"about":[{"href":"https:\/\/herage.org\/blog\/wp-json\/wp\/v2\/types\/post"}],"author":[{"embeddable":true,"href":"https:\/\/herage.org\/blog\/wp-json\/wp\/v2\/users\/421"}],"replies":[{"embeddable":true,"href":"https:\/\/herage.org\/blog\/wp-json\/wp\/v2\/comments?post=2796"}],"version-history":[{"count":4,"href":"https:\/\/herage.org\/blog\/wp-json\/wp\/v2\/posts\/2796\/revisions"}],"predecessor-version":[{"id":2824,"href":"https:\/\/herage.org\/blog\/wp-json\/wp\/v2\/posts\/2796\/revisions\/2824"}],"wp:attachment":[{"href":"https:\/\/herage.org\/blog\/wp-json\/wp\/v2\/media?parent=2796"}],"wp:term":[{"taxonomy":"category","embeddable":true,"href":"https:\/\/herage.org\/blog\/wp-json\/wp\/v2\/categories?post=2796"},{"taxonomy":"post_tag","embeddable":true,"href":"https:\/\/herage.org\/blog\/wp-json\/wp\/v2\/tags?post=2796"}],"curies":[{"name":"wp","href":"https:\/\/api.w.org\/{rel}","templated":true}]}}