{"id":2800,"date":"2019-12-09T13:00:49","date_gmt":"2019-12-09T12:00:49","guid":{"rendered":"http:\/\/herage.org\/blog\/?p=2800"},"modified":"2019-12-09T18:40:48","modified_gmt":"2019-12-09T17:40:48","slug":"calendrier-de-lavent-du-cgp-jour-9","status":"publish","type":"post","link":"https:\/\/herage.org\/blog\/https:\/blog.herage.org\/p=\/2800\/","title":{"rendered":"Calendrier de l&rsquo;avent du CGP : Jour 9"},"content":{"rendered":"<div id=\"attachment_2825\" style=\"width: 420px\" class=\"wp-caption aligncenter\"><a href=\"https:\/\/i0.wp.com\/herage.org\/blog\/wp-content\/uploads\/2019\/12\/La-famille-BOUTHET-\u00e0-Bellein.png\"><img aria-describedby=\"caption-attachment-2825\" data-attachment-id=\"2825\" data-permalink=\"https:\/\/herage.org\/blog\/https:\/blog.herage.org\/p=\/2800\/la-famille-bouthet-a-bellein\/\" data-orig-file=\"https:\/\/i0.wp.com\/herage.org\/blog\/wp-content\/uploads\/2019\/12\/La-famille-BOUTHET-\u00e0-Bellein.png?fit=410%2C390&amp;ssl=1\" data-orig-size=\"410,390\" data-comments-opened=\"1\" data-image-meta=\"{&quot;aperture&quot;:&quot;0&quot;,&quot;credit&quot;:&quot;&quot;,&quot;camera&quot;:&quot;&quot;,&quot;caption&quot;:&quot;&quot;,&quot;created_timestamp&quot;:&quot;0&quot;,&quot;copyright&quot;:&quot;&quot;,&quot;focal_length&quot;:&quot;0&quot;,&quot;iso&quot;:&quot;0&quot;,&quot;shutter_speed&quot;:&quot;0&quot;,&quot;title&quot;:&quot;&quot;,&quot;orientation&quot;:&quot;0&quot;}\" data-image-title=\"La famille BOUTHET \u00e0 Bellein\" data-image-description=\"\" data-image-caption=\"&lt;p&gt;La famille BOUTHET pose avec l&amp;rsquo;\u00e2ne devant l\u2019objectif du p\u00e8re VILAR, coll priv\u00e9e Cl. DEGENNES&lt;\/p&gt;\n\" data-medium-file=\"https:\/\/i0.wp.com\/herage.org\/blog\/wp-content\/uploads\/2019\/12\/La-famille-BOUTHET-\u00e0-Bellein.png?fit=300%2C285&amp;ssl=1\" data-large-file=\"https:\/\/i0.wp.com\/herage.org\/blog\/wp-content\/uploads\/2019\/12\/La-famille-BOUTHET-\u00e0-Bellein.png?fit=410%2C390&amp;ssl=1\" loading=\"lazy\" class=\"size-full wp-image-2825\" src=\"https:\/\/i0.wp.com\/herage.org\/blog\/wp-content\/uploads\/2019\/12\/La-famille-BOUTHET-\u00e0-Bellein.png?resize=410%2C390\" alt=\"\" width=\"410\" height=\"390\" srcset=\"https:\/\/i0.wp.com\/herage.org\/blog\/wp-content\/uploads\/2019\/12\/La-famille-BOUTHET-\u00e0-Bellein.png?w=410&amp;ssl=1 410w, https:\/\/i0.wp.com\/herage.org\/blog\/wp-content\/uploads\/2019\/12\/La-famille-BOUTHET-\u00e0-Bellein.png?resize=300%2C285&amp;ssl=1 300w, https:\/\/i0.wp.com\/herage.org\/blog\/wp-content\/uploads\/2019\/12\/La-famille-BOUTHET-\u00e0-Bellein.png?resize=315%2C300&amp;ssl=1 315w\" sizes=\"(max-width: 410px) 100vw, 410px\" data-recalc-dims=\"1\" \/><\/a><p id=\"caption-attachment-2825\" class=\"wp-caption-text\">La famille BOUTHET pose avec l&rsquo;\u00e2ne devant l\u2019objectif du p\u00e8re VILAR, coll priv\u00e9e Cl. DEGENNES<\/p><\/div>\n<p>&nbsp;<\/p>\n<p style=\"text-align: justify;\">Pour le mois de d\u00e9cembre 2019, nous vous proposons d\u2019ouvrir la bo\u00eete \u00e0 souvenirs. Nous avons demand\u00e9 \u00e0 nos adh\u00e9rents de bien vouloir partager des photos ou images et de nous dire en quelques mots ce qu\u2019elles \u00e9voquaient pour eux.<\/p>\n<p style=\"text-align: justify;\">Pour ce neuvi\u00e8me jour, c&rsquo;est au tour de Claudine DEGENNES de partager une photo prise par un pr\u00eatre photographe :<br \/>\n<em>\u00ab\u00a0Cette sc\u00e8ne de tous les jours, a \u00e9t\u00e9 prise par le P\u00e8re Vilar, pr\u00eatre et enseignant, au coll\u00e8ge St Charles de Thouars. A chaque vacances, il se rendait \u00e0 Poitiers en v\u00e9lo. Il avait l\u2019habitude de s\u2019arr\u00eater \u00e0 Bellein* chez mes grands-parents maternels. Il d\u00e9jeunait, se reposait en lisant son br\u00e9viaire et repartait dans l\u2019apr\u00e8s-midi.<br \/>\nL\u2019appareil photo du p\u00e8re Vilar n\u2019\u00e9tait jamais bien loin. Il aimait immortaliser les sc\u00e8nes de la vie \u00e0 la campagne ; c\u2019est comme \u00e7a que nous avons des photos de chiens, de cochons, de chevaux et de b\u0153ufs.<br \/>\nDonc avant de partir, il rassemble toute la famille et voil\u00e0 fix\u00e9e sur la pellicule la famille Bouthet en habit de cultivateurs. <br \/>\nLe premier qui tient le collier de l\u2019\u00e2ne c\u2019est mon arri\u00e8re-grand-p\u00e8re Isidore Bouthet, n\u00e9 en 1868 \u00e0 Chouppes, assis sur l\u2019\u00e2ne c\u2019est mon oncle Marcel n\u00e9 en 1924, la petite fille, c\u2019est ma m\u00e8re Bernadette n\u00e9e en 1930, puis Bernard n\u00e9 en 1933, derri\u00e8re, ma grand-m\u00e8re Ch\u00e9rie n\u00e9e Contreau en 1905 et mon grand-p\u00e8re Hubert n\u00e9 en 1899. Il manque mon arri\u00e8re-grand-m\u00e8re Alix n\u00e9e M\u00e9tayer, elle devait vaquer \u00e0 ses occupations m\u00e9nag\u00e8res.<br \/>\nJe date la sc\u00e8ne aux environs de 1938-1940 et \u00e0 la sortie de l\u2019hiver, le cache-col, le chandail et paletots sont encore de rigueur. Tout ce petit monde pose devant la grange neuve au fond de la cour. \u00a0La maison de Bellein est toujours dans la famille Bouthet.\u00a0\u00bb<br \/>\n<\/em><\/p>\n<p style=\"text-align: justify;\"><span style=\"font-size: 10pt;\"><em>*Bellein\u00a0: petit village (3 maisons) situ\u00e9 sur la commune de Mazeuil, entre les routes de Thouars et d\u2019Airvault, village \u00e0 mi-chemin de Thouars \u00e0 Poitiers.<\/em><\/span>\u00a0<\/p>\n<p style=\"text-align: justify;\">Claudine aime raconter ses anc\u00eatres. En 2018, elle avait particip\u00e9 au ChallengeAZ avec le texte <a href=\"http:\/\/herage.org\/blog\/?p=1643\" target=\"_blank\" rel=\"noopener\">\u00ab\u00a0S comme Saint-Jean-de-Sauves, un Cl\u00e9mentois en Martinique\u00a0\u00bb<\/a> \u00e0 travers lequel elle a fait parl\u00e9 son arri\u00e8re-arri\u00e8re grand p\u00e8re S\u00e9raphin Contreau, dit le \u00ab\u00a0p\u00e8re La Martinique\u00a0\u00bb dont une partie de son existence \u00e9tait encore une \u00e9nigme. Nous esp\u00e9rons que celle-ci sera bient\u00f4t lev\u00e9e et que Claudine pourra ainsi partager ses nouvelles recherches avec vous.<\/p>\n<p style=\"text-align: justify;\">Bonne lecture !\u00a0<\/p>\n<p style=\"text-align: justify;\">\u00a0<\/p>\n","protected":false},"excerpt":{"rendered":"<p>&nbsp; Pour le mois de d\u00e9cembre 2019, nous vous proposons d\u2019ouvrir la bo\u00eete \u00e0 souvenirs. Nous avons demand\u00e9 \u00e0 nos adh\u00e9rents de bien vouloir partager des photos ou images et de nous dire en quelques mots ce qu\u2019elles \u00e9voquaient pour &hellip; <a href=\"https:\/\/herage.org\/blog\/https:\/blog.herage.org\/p=\/2800\/\">Continuer la lecture <span class=\"meta-nav\">&rarr;<\/span><\/a><\/p>\n","protected":false},"author":421,"featured_media":0,"comment_status":"open","ping_status":"open","sticky":false,"template":"","format":"standard","meta":{"spay_email":"","jetpack_publicize_message":"Calendrier de l'avent du CGP : Jour 9\r\nLa photo souvenir de Claudine DEGENNES : le jour o\u00f9 la famille Bouthet posait devant le p\u00e8re Vilar, un pr\u00eatre enseignant \u00e0 Thouars... et photographe du monde rural.","jetpack_is_tweetstorm":false,"jetpack_publicize_feature_enabled":true},"categories":[267],"tags":[],"jetpack_publicize_connections":[],"jetpack_featured_media_url":"","jetpack_sharing_enabled":true,"jetpack_shortlink":"https:\/\/wp.me\/p4fVnZ-Ja","jetpack-related-posts":[{"id":2836,"url":"https:\/\/herage.org\/blog\/https:\/blog.herage.org\/p=\/2836\/","url_meta":{"origin":2800,"position":0},"title":"Calendrier de l&rsquo;avent du CGP : Jour 16","date":"16 d\u00e9cembre 2019","format":false,"excerpt":"Pour le mois de d\u00e9cembre 2019, nous vous proposons d\u2019ouvrir la bo\u00eete \u00e0 souvenirs. Nous avons demand\u00e9 \u00e0 nos adh\u00e9rents de bien vouloir partager des photos ou images et de nous dire en quelques mots ce qu\u2019elles \u00e9voquaient pour eux. Pour ce 16e jour, c'est au tour de Marie Jeanne\u2026","rel":"","context":"Dans &quot;Calendrier de l'avent 2019&quot;","img":{"alt_text":"Chalais, Vienne 86","src":"https:\/\/i0.wp.com\/herage.org\/blog\/wp-content\/uploads\/2019\/12\/img029-002.jpg?resize=350%2C200","width":350,"height":200},"classes":[]},{"id":2875,"url":"https:\/\/herage.org\/blog\/https:\/blog.herage.org\/p=\/2875\/","url_meta":{"origin":2800,"position":1},"title":"Calendrier de l&rsquo;avent du CGP : Jour 22","date":"24 d\u00e9cembre 2019","format":false,"excerpt":"Pour le mois de d\u00e9cembre 2019, nous vous proposons d\u2019ouvrir la bo\u00eete \u00e0 souvenirs. Nous avons demand\u00e9 \u00e0 nos adh\u00e9rents de bien vouloir partager des photos ou images et de nous dire en quelques mots ce qu\u2019elles \u00e9voquaient pour eux. Pour ce 22e jour, Jean Moussu s'est replong\u00e9 dans les\u2026","rel":"","context":"Dans &quot;Calendrier de l'avent 2019&quot;","img":{"alt_text":"","src":"https:\/\/i0.wp.com\/herage.org\/blog\/wp-content\/uploads\/2019\/12\/Ypres_campagne1914-1915.jpg?resize=350%2C200","width":350,"height":200},"classes":[]},{"id":2806,"url":"https:\/\/herage.org\/blog\/https:\/blog.herage.org\/p=\/2806\/","url_meta":{"origin":2800,"position":2},"title":"Calendrier de l&rsquo;avent du CGP : Jour 12","date":"12 d\u00e9cembre 2019","format":false,"excerpt":"Pour le mois de d\u00e9cembre 2019, nous vous proposons d\u2019ouvrir la bo\u00eete \u00e0 souvenirs. Nous avons demand\u00e9 \u00e0 nos adh\u00e9rents de bien vouloir partager des photos ou images et de nous dire en quelques mots ce qu\u2019elles \u00e9voquaient pour eux. Pour le 12e jour, Bernard Poussard nous emm\u00e8ne \u00e0 Mign\u00e9-Auxances\u2026","rel":"","context":"Dans &quot;Calendrier de l'avent 2019&quot;","img":{"alt_text":"","src":"https:\/\/i0.wp.com\/herage.org\/blog\/wp-content\/uploads\/2019\/12\/Salvert-orphelinat-1.png?resize=350%2C200","width":350,"height":200},"classes":[]},{"id":2771,"url":"https:\/\/herage.org\/blog\/https:\/blog.herage.org\/p=\/2771\/","url_meta":{"origin":2800,"position":3},"title":"Calendrier de l&rsquo;avent du CGP : Jour 4","date":"4 d\u00e9cembre 2019","format":false,"excerpt":"Pour le mois de d\u00e9cembre 2019, nous vous proposons d\u2019ouvrir la bo\u00eete \u00e0 souvenirs. Nous avons demand\u00e9 \u00e0 nos adh\u00e9rents de bien vouloir partager des photos ou images et de nous dire en quelques mots ce qu\u2019elles \u00e9voquaient pour eux. La quatri\u00e8me photo est partag\u00e9e par Nat\u00a0Deret. Elle nous propose\u2026","rel":"","context":"Dans &quot;Calendrier de l'avent 2019&quot;","img":{"alt_text":"","src":"https:\/\/i0.wp.com\/herage.org\/blog\/wp-content\/uploads\/2019\/12\/Mariage-Grands-parents-Deret.jpeg?resize=350%2C200","width":350,"height":200},"classes":[]},{"id":2840,"url":"https:\/\/herage.org\/blog\/https:\/blog.herage.org\/p=\/2840\/","url_meta":{"origin":2800,"position":4},"title":"Calendrier de l&rsquo;avent du CGP : Jour 18","date":"18 d\u00e9cembre 2019","format":false,"excerpt":"Pour le mois de d\u00e9cembre 2019, nous vous proposons d\u2019ouvrir la bo\u00eete \u00e0 souvenirs. Nous avons demand\u00e9 \u00e0 nos adh\u00e9rents de bien vouloir partager des photos ou images et de nous dire en quelques mots ce qu\u2019elles \u00e9voquaient pour eux. Pour ce 18e jour, c'est au tour de Jacky Gerbault\u2026","rel":"","context":"Dans &quot;Calendrier de l'avent 2019&quot;","img":{"alt_text":"","src":"https:\/\/i0.wp.com\/herage.org\/blog\/wp-content\/uploads\/2019\/12\/Machine-\u00c3\u00a0-coudre.jpg?resize=350%2C200","width":350,"height":200},"classes":[]},{"id":2760,"url":"https:\/\/herage.org\/blog\/https:\/blog.herage.org\/p=\/2760\/","url_meta":{"origin":2800,"position":5},"title":"Calendrier de l&rsquo;avent du CGP : Jour 2","date":"2 d\u00e9cembre 2019","format":false,"excerpt":"Pour le mois de d\u00e9cembre 2019, nous vous proposons d\u2019ouvrir la bo\u00eete \u00e0 souvenirs. Nous avons demand\u00e9 \u00e0 nos adh\u00e9rents de bien vouloir partager des photos ou images et de nous dire en quelques mots ce qu\u2019elles \u00e9voquaient pour eux. La deuxi\u00e8me photo est partag\u00e9e par Fran\u00e7oise Degenne : \"Il\u2026","rel":"","context":"Dans &quot;Calendrier de l'avent 2019&quot;","img":{"alt_text":"","src":"https:\/\/i0.wp.com\/herage.org\/blog\/wp-content\/uploads\/2019\/12\/EgliseCremille.jpg?resize=350%2C200","width":350,"height":200},"classes":[]}],"_links":{"self":[{"href":"https:\/\/herage.org\/blog\/wp-json\/wp\/v2\/posts\/2800"}],"collection":[{"href":"https:\/\/herage.org\/blog\/wp-json\/wp\/v2\/posts"}],"about":[{"href":"https:\/\/herage.org\/blog\/wp-json\/wp\/v2\/types\/post"}],"author":[{"embeddable":true,"href":"https:\/\/herage.org\/blog\/wp-json\/wp\/v2\/users\/421"}],"replies":[{"embeddable":true,"href":"https:\/\/herage.org\/blog\/wp-json\/wp\/v2\/comments?post=2800"}],"version-history":[{"count":3,"href":"https:\/\/herage.org\/blog\/wp-json\/wp\/v2\/posts\/2800\/revisions"}],"predecessor-version":[{"id":2826,"href":"https:\/\/herage.org\/blog\/wp-json\/wp\/v2\/posts\/2800\/revisions\/2826"}],"wp:attachment":[{"href":"https:\/\/herage.org\/blog\/wp-json\/wp\/v2\/media?parent=2800"}],"wp:term":[{"taxonomy":"category","embeddable":true,"href":"https:\/\/herage.org\/blog\/wp-json\/wp\/v2\/categories?post=2800"},{"taxonomy":"post_tag","embeddable":true,"href":"https:\/\/herage.org\/blog\/wp-json\/wp\/v2\/tags?post=2800"}],"curies":[{"name":"wp","href":"https:\/\/api.w.org\/{rel}","templated":true}]}}