{"id":2802,"date":"2019-12-10T18:00:19","date_gmt":"2019-12-10T17:00:19","guid":{"rendered":"http:\/\/herage.org\/blog\/?p=2802"},"modified":"2019-12-10T13:42:45","modified_gmt":"2019-12-10T12:42:45","slug":"calendrier-de-lavent-du-cgp-jour-10","status":"publish","type":"post","link":"https:\/\/herage.org\/blog\/https:\/blog.herage.org\/p=\/2802\/","title":{"rendered":"Calendrier de l&rsquo;avent du CGP : Jour 10"},"content":{"rendered":"<div id=\"attachment_2827\" style=\"width: 3153px\" class=\"wp-caption aligncenter\"><a href=\"https:\/\/i0.wp.com\/herage.org\/blog\/wp-content\/uploads\/2019\/12\/01_1894_AV_mariage_roy_rouget.jpg\" target=\"_blank\" rel=\"noopener\"><img aria-describedby=\"caption-attachment-2827\" data-attachment-id=\"2827\" data-permalink=\"https:\/\/herage.org\/blog\/https:\/blog.herage.org\/p=\/2802\/01_1894_av_mariage_roy_rouget\/\" data-orig-file=\"https:\/\/i0.wp.com\/herage.org\/blog\/wp-content\/uploads\/2019\/12\/01_1894_AV_mariage_roy_rouget.jpg?fit=3143%2C2033&amp;ssl=1\" data-orig-size=\"3143,2033\" data-comments-opened=\"1\" data-image-meta=\"{&quot;aperture&quot;:&quot;1.9&quot;,&quot;credit&quot;:&quot;&quot;,&quot;camera&quot;:&quot;SM-G903F&quot;,&quot;caption&quot;:&quot;&quot;,&quot;created_timestamp&quot;:&quot;1485274512&quot;,&quot;copyright&quot;:&quot;&quot;,&quot;focal_length&quot;:&quot;3.7&quot;,&quot;iso&quot;:&quot;50&quot;,&quot;shutter_speed&quot;:&quot;0.03030303030303&quot;,&quot;title&quot;:&quot;&quot;,&quot;orientation&quot;:&quot;1&quot;}\" data-image-title=\"01_1894_AV_mariage_roy_rouget\" data-image-description=\"\" data-image-caption=\"&lt;p&gt;Mariage entre Jean-Joseph ROY et Louise Jos\u00e9phine ROUGET, 1894 Availles-en-Ch\u00e2tellerault&lt;\/p&gt;\n\" data-medium-file=\"https:\/\/i0.wp.com\/herage.org\/blog\/wp-content\/uploads\/2019\/12\/01_1894_AV_mariage_roy_rouget.jpg?fit=300%2C194&amp;ssl=1\" data-large-file=\"https:\/\/i0.wp.com\/herage.org\/blog\/wp-content\/uploads\/2019\/12\/01_1894_AV_mariage_roy_rouget.jpg?fit=584%2C378&amp;ssl=1\" loading=\"lazy\" class=\"wp-image-2827 size-full\" src=\"https:\/\/i0.wp.com\/herage.org\/blog\/wp-content\/uploads\/2019\/12\/01_1894_AV_mariage_roy_rouget.jpg?resize=584%2C378\" alt=\"\" width=\"584\" height=\"378\" srcset=\"https:\/\/i0.wp.com\/herage.org\/blog\/wp-content\/uploads\/2019\/12\/01_1894_AV_mariage_roy_rouget.jpg?w=3143&amp;ssl=1 3143w, https:\/\/i0.wp.com\/herage.org\/blog\/wp-content\/uploads\/2019\/12\/01_1894_AV_mariage_roy_rouget.jpg?resize=300%2C194&amp;ssl=1 300w, https:\/\/i0.wp.com\/herage.org\/blog\/wp-content\/uploads\/2019\/12\/01_1894_AV_mariage_roy_rouget.jpg?resize=768%2C497&amp;ssl=1 768w, https:\/\/i0.wp.com\/herage.org\/blog\/wp-content\/uploads\/2019\/12\/01_1894_AV_mariage_roy_rouget.jpg?resize=1024%2C662&amp;ssl=1 1024w, https:\/\/i0.wp.com\/herage.org\/blog\/wp-content\/uploads\/2019\/12\/01_1894_AV_mariage_roy_rouget.jpg?resize=464%2C300&amp;ssl=1 464w, https:\/\/i0.wp.com\/herage.org\/blog\/wp-content\/uploads\/2019\/12\/01_1894_AV_mariage_roy_rouget.jpg?w=1168&amp;ssl=1 1168w, https:\/\/i0.wp.com\/herage.org\/blog\/wp-content\/uploads\/2019\/12\/01_1894_AV_mariage_roy_rouget.jpg?w=1752&amp;ssl=1 1752w\" sizes=\"(max-width: 584px) 100vw, 584px\" data-recalc-dims=\"1\" \/><\/a><p id=\"caption-attachment-2827\" class=\"wp-caption-text\">Mariage entre Jean-Joseph ROY et Louise Jos\u00e9phine ROUGET, 1894 Availles-en-Ch\u00e2tellerault, coll. priv\u00e9e Gloria Godard<\/p><\/div>\n<p style=\"text-align: justify;\">Pour le mois de d\u00e9cembre 2019, nous vous proposons d\u2019ouvrir la bo\u00eete \u00e0 souvenirs. Nous avons demand\u00e9 \u00e0 nos adh\u00e9rents de bien vouloir partager des photos ou images et de nous dire en quelques mots ce qu\u2019elles \u00e9voquaient pour eux.<\/p>\n<p style=\"text-align: justify;\">Pour le 10e jour de ce calendrier, nous passons la plume \u00e0 Gloria Godard :<br \/>\n<em>\u00ab\u00a0Jean-Joseph ROY et Louise Jos\u00e9phine ROUGET se marient le 29 octobre 1894 \u00e0 Availles, leur mariage est b\u00e9ni \u00e0 l&rsquo;\u00e9glise de Prin\u00e7ay, car la mari\u00e9e est de Chabonnes. J&rsquo;ai une tendresse particuli\u00e8re pour Louise Jos\u00e9phine ROUGET : elle est le sosa 23 de mes filles Louise et Jos\u00e9phine.\u00a0\u00bb<\/em><\/p>\n<p style=\"text-align: justify;\">Certains d&rsquo;entre vous connaissent Gloria en tant que Lulu Sorci\u00e8re. Son grand plaisir est de partager ses trouvailles aux Archives et surtout de mettre en valeur le patrimoine des Availlais. Elle anime avec beaucoup de bienveillance et d&rsquo;entrain le bistrot patrimoine d&rsquo;Availles et depuis quelques mois un atelier d&rsquo;initiation \u00e0 la g\u00e9n\u00e9alogie.<br \/>\nElle aime raconter des histoires celle de sa famille bien s\u00fbr mais aussi toutes celles qui lui tombent sous les yeux et toujours avec simplicit\u00e9 et une pointe d&rsquo;humour tr\u00e8s fine.<\/p>\n<p style=\"text-align: justify;\">Gloria est quelqu&rsquo;un de g\u00e9n\u00e9reux avec un regard p\u00e9tillant et un sourire tr\u00e8s communicatif. Elle a toujours le mot juste pour encourager et balayer les r\u00e9ticences qui peuvent se pr\u00e9senter. Elle est en quelque sorte la bonne f\u00e9e du Cercle puisqu&rsquo;elle a donn\u00e9 l&rsquo;impulsion n\u00e9cessaire pour le lancement de notre atelier \u00e9criture. Pour tout cela, pour sa pr\u00e9sence et son accompagnement dans la projet du ChallengeAZ, je la remercie vivement.<\/p>\n<p>Vous pouvez retrouver Gloria sur les blogs qu&rsquo;elle anime :<br \/>\n<a href=\"http:\/\/luluarchiveavailles.blogspot.com\/\" target=\"_blank\" rel=\"noopener\">Lulu Archives Availles-en-Ch\u00e2tellerault<\/a><br \/>\n<a href=\"http:\/\/lulusorciere.blogspot.com\/\" target=\"_blank\" rel=\"noopener\">Le blog de Lulu Sorci\u00e8re<\/a><br \/>\n<a href=\"http:\/\/meresdalors.blogspot.com\/\" target=\"_blank\" rel=\"noopener\">M\u00e8res d&rsquo;alors<\/a><br \/>\n<a href=\"http:\/\/coramilletrobinet.blogspot.com\/\" target=\"_blank\" rel=\"noopener\">Cora Millet-Robinet, la Dame de la Cataudi\u00e8re<\/a><\/p>\n<p>et consulter ses bases de donn\u00e9es dont les liens et la liste sont \u00e0 suivre <a href=\"http:\/\/lulusorciere-archive.blogspot.com\/p\/les-petites-affaires-racontees.html\" target=\"_blank\" rel=\"noopener\">ICI<\/a>.<\/p>\n<p>Vous pouvez enfin d\u00e9couvrir les textes qu&rsquo;elle a propos\u00e9s pour le ChallengeAZ :<br \/>\nen 2018 avec <a href=\"http:\/\/herage.org\/blog\/?p=1619\" target=\"_blank\" rel=\"noopener\">G comme Genouill\u00e9, le croup et l&rsquo;\u00e9pid\u00e9miologiste<\/a><br \/>\nen 2019 avec <a href=\"http:\/\/herage.org\/blog\/?p=2321\" target=\"_blank\" rel=\"noopener\">N comme Naintr\u00e9, la m\u00e9thode de l&rsquo;instituteur Rocher<\/a><\/p>\n<p>Bonne lecture !<\/p>\n","protected":false},"excerpt":{"rendered":"<p>Pour le mois de d\u00e9cembre 2019, nous vous proposons d\u2019ouvrir la bo\u00eete \u00e0 souvenirs. Nous avons demand\u00e9 \u00e0 nos adh\u00e9rents de bien vouloir partager des photos ou images et de nous dire en quelques mots ce qu\u2019elles \u00e9voquaient pour eux. &hellip; <a href=\"https:\/\/herage.org\/blog\/https:\/blog.herage.org\/p=\/2802\/\">Continuer la lecture <span class=\"meta-nav\">&rarr;<\/span><\/a><\/p>\n","protected":false},"author":421,"featured_media":0,"comment_status":"open","ping_status":"open","sticky":false,"template":"","format":"standard","meta":{"spay_email":"","jetpack_publicize_message":"Calendrier de l'avent du CGP : Jour 10\r\nGloria Godard nous emm\u00e8ne \u00e0 Availles, une bourgade qu'elle affectionne particuli\u00e8rement \u00e0 tel point qu'elle en est devenue la gardienne de la m\u00e9moire et du patrimoine.","jetpack_is_tweetstorm":false,"jetpack_publicize_feature_enabled":true},"categories":[267],"tags":[],"jetpack_publicize_connections":[],"jetpack_featured_media_url":"","jetpack_sharing_enabled":true,"jetpack_shortlink":"https:\/\/wp.me\/p4fVnZ-Jc","jetpack-related-posts":[{"id":2865,"url":"https:\/\/herage.org\/blog\/https:\/blog.herage.org\/p=\/2865\/","url_meta":{"origin":2802,"position":0},"title":"Calendrier de l&rsquo;avent du CGP : Jour 20","date":"20 d\u00e9cembre 2019","format":false,"excerpt":"Pour le mois de d\u00e9cembre 2019, nous vous proposons d\u2019ouvrir la bo\u00eete \u00e0 souvenirs. Nous avons demand\u00e9 \u00e0 nos adh\u00e9rents de bien vouloir partager des photos ou images et de nous dire en quelques mots ce qu\u2019elles \u00e9voquaient pour eux. Pour ce 20e jour, c'est Christian DESSIOUX, notre secr\u00e9taire, qui\u2026","rel":"","context":"Dans &quot;Calendrier de l'avent 2019&quot;","img":{"alt_text":"BERGERON, PLAT, Persac, Vienne 86","src":"https:\/\/i0.wp.com\/herage.org\/blog\/wp-content\/uploads\/2019\/12\/mariage-adrien-001.jpg?resize=350%2C200","width":350,"height":200},"classes":[]},{"id":2804,"url":"https:\/\/herage.org\/blog\/https:\/blog.herage.org\/p=\/2804\/","url_meta":{"origin":2802,"position":1},"title":"Calendrier de l&rsquo;avent du CGP : Jour 11","date":"11 d\u00e9cembre 2019","format":false,"excerpt":"\u00a0 Pour le mois de d\u00e9cembre 2019, nous vous proposons d\u2019ouvrir la bo\u00eete \u00e0 souvenirs. Nous avons demand\u00e9 \u00e0 nos adh\u00e9rents de bien vouloir partager des photos ou images et de nous dire en quelques mots ce qu\u2019elles \u00e9voquaient pour eux. Au 11e jour, c'est le tour de David Albert-Brunet\u2026","rel":"","context":"Dans &quot;Calendrier de l'avent 2019&quot;","img":{"alt_text":"","src":"https:\/\/i0.wp.com\/herage.org\/blog\/wp-content\/uploads\/2019\/12\/Famille-AUTHE.png?resize=350%2C200","width":350,"height":200},"classes":[]},{"id":2771,"url":"https:\/\/herage.org\/blog\/https:\/blog.herage.org\/p=\/2771\/","url_meta":{"origin":2802,"position":2},"title":"Calendrier de l&rsquo;avent du CGP : Jour 4","date":"4 d\u00e9cembre 2019","format":false,"excerpt":"Pour le mois de d\u00e9cembre 2019, nous vous proposons d\u2019ouvrir la bo\u00eete \u00e0 souvenirs. Nous avons demand\u00e9 \u00e0 nos adh\u00e9rents de bien vouloir partager des photos ou images et de nous dire en quelques mots ce qu\u2019elles \u00e9voquaient pour eux. La quatri\u00e8me photo est partag\u00e9e par Nat\u00a0Deret. Elle nous propose\u2026","rel":"","context":"Dans &quot;Calendrier de l'avent 2019&quot;","img":{"alt_text":"","src":"https:\/\/i0.wp.com\/herage.org\/blog\/wp-content\/uploads\/2019\/12\/Mariage-Grands-parents-Deret.jpeg?resize=350%2C200","width":350,"height":200},"classes":[]},{"id":2755,"url":"https:\/\/herage.org\/blog\/https:\/blog.herage.org\/p=\/2755\/","url_meta":{"origin":2802,"position":3},"title":"Calendrier de l&rsquo;avent du CGP : Jour 1","date":"2 d\u00e9cembre 2019","format":false,"excerpt":"Pour le mois de d\u00e9cembre 2019, nous vous proposons d'ouvrir la bo\u00eete \u00e0 souvenirs. Nous avons demand\u00e9 \u00e0 nos adh\u00e9rents de bien vouloir partager des photos ou images et de nous dire en quelques mots ce qu'elles \u00e9voquaient pour eux. La premi\u00e8re photo est partag\u00e9e par Brigitte Billard : \"ma\u2026","rel":"","context":"Dans &quot;Calendrier de l'avent 2019&quot;","img":{"alt_text":"Latill\u00c3\u00a9, Quintard, Guignard","src":"https:\/\/i0.wp.com\/herage.org\/blog\/wp-content\/uploads\/2019\/12\/1905_10_Mariage_Guignard_Quintard-724x1024.jpg?resize=350%2C200","width":350,"height":200},"classes":[]},{"id":2781,"url":"https:\/\/herage.org\/blog\/https:\/blog.herage.org\/p=\/2781\/","url_meta":{"origin":2802,"position":4},"title":"Calendrier de l&rsquo;avent du CGP : Jour 6","date":"7 d\u00e9cembre 2019","format":false,"excerpt":"Pour le mois de d\u00e9cembre 2019, nous vous proposons d\u2019ouvrir la bo\u00eete \u00e0 souvenirs. Nous avons demand\u00e9 \u00e0 nos adh\u00e9rents de bien vouloir partager des photos ou images et de nous dire en quelques mots ce qu\u2019elles \u00e9voquaient pour eux. La sixi\u00e8me photo sera double. Elles sont partag\u00e9es par Claudie\u2026","rel":"","context":"Dans &quot;Calendrier de l'avent 2019&quot;","img":{"alt_text":"Thur\u00c3\u00a9, Vienne 86","src":"https:\/\/i0.wp.com\/herage.org\/blog\/wp-content\/uploads\/2019\/12\/Thur\u00c3\u00a9-\u00c3\u00a9glise.jpg?resize=350%2C200","width":350,"height":200},"classes":[]},{"id":2836,"url":"https:\/\/herage.org\/blog\/https:\/blog.herage.org\/p=\/2836\/","url_meta":{"origin":2802,"position":5},"title":"Calendrier de l&rsquo;avent du CGP : Jour 16","date":"16 d\u00e9cembre 2019","format":false,"excerpt":"Pour le mois de d\u00e9cembre 2019, nous vous proposons d\u2019ouvrir la bo\u00eete \u00e0 souvenirs. Nous avons demand\u00e9 \u00e0 nos adh\u00e9rents de bien vouloir partager des photos ou images et de nous dire en quelques mots ce qu\u2019elles \u00e9voquaient pour eux. Pour ce 16e jour, c'est au tour de Marie Jeanne\u2026","rel":"","context":"Dans &quot;Calendrier de l'avent 2019&quot;","img":{"alt_text":"Chalais, Vienne 86","src":"https:\/\/i0.wp.com\/herage.org\/blog\/wp-content\/uploads\/2019\/12\/img029-002.jpg?resize=350%2C200","width":350,"height":200},"classes":[]}],"_links":{"self":[{"href":"https:\/\/herage.org\/blog\/wp-json\/wp\/v2\/posts\/2802"}],"collection":[{"href":"https:\/\/herage.org\/blog\/wp-json\/wp\/v2\/posts"}],"about":[{"href":"https:\/\/herage.org\/blog\/wp-json\/wp\/v2\/types\/post"}],"author":[{"embeddable":true,"href":"https:\/\/herage.org\/blog\/wp-json\/wp\/v2\/users\/421"}],"replies":[{"embeddable":true,"href":"https:\/\/herage.org\/blog\/wp-json\/wp\/v2\/comments?post=2802"}],"version-history":[{"count":4,"href":"https:\/\/herage.org\/blog\/wp-json\/wp\/v2\/posts\/2802\/revisions"}],"predecessor-version":[{"id":2829,"href":"https:\/\/herage.org\/blog\/wp-json\/wp\/v2\/posts\/2802\/revisions\/2829"}],"wp:attachment":[{"href":"https:\/\/herage.org\/blog\/wp-json\/wp\/v2\/media?parent=2802"}],"wp:term":[{"taxonomy":"category","embeddable":true,"href":"https:\/\/herage.org\/blog\/wp-json\/wp\/v2\/categories?post=2802"},{"taxonomy":"post_tag","embeddable":true,"href":"https:\/\/herage.org\/blog\/wp-json\/wp\/v2\/tags?post=2802"}],"curies":[{"name":"wp","href":"https:\/\/api.w.org\/{rel}","templated":true}]}}