{"id":2804,"date":"2019-12-11T13:00:00","date_gmt":"2019-12-11T12:00:00","guid":{"rendered":"http:\/\/herage.org\/blog\/?p=2804"},"modified":"2019-12-10T23:04:12","modified_gmt":"2019-12-10T22:04:12","slug":"calendrier-de-lavent-du-cgp-jour-11","status":"publish","type":"post","link":"https:\/\/herage.org\/blog\/https:\/blog.herage.org\/p=\/2804\/","title":{"rendered":"Calendrier de l&rsquo;avent du CGP : Jour 11"},"content":{"rendered":"<div id=\"attachment_2830\" style=\"width: 1131px\" class=\"wp-caption aligncenter\"><a href=\"https:\/\/i0.wp.com\/herage.org\/blog\/wp-content\/uploads\/2019\/12\/Famille-AUTHE.png\"><img aria-describedby=\"caption-attachment-2830\" data-attachment-id=\"2830\" data-permalink=\"https:\/\/herage.org\/blog\/https:\/blog.herage.org\/p=\/2804\/famille-authe\/\" data-orig-file=\"https:\/\/i0.wp.com\/herage.org\/blog\/wp-content\/uploads\/2019\/12\/Famille-AUTHE.png?fit=1121%2C833&amp;ssl=1\" data-orig-size=\"1121,833\" data-comments-opened=\"1\" data-image-meta=\"{&quot;aperture&quot;:&quot;0&quot;,&quot;credit&quot;:&quot;&quot;,&quot;camera&quot;:&quot;&quot;,&quot;caption&quot;:&quot;&quot;,&quot;created_timestamp&quot;:&quot;0&quot;,&quot;copyright&quot;:&quot;&quot;,&quot;focal_length&quot;:&quot;0&quot;,&quot;iso&quot;:&quot;0&quot;,&quot;shutter_speed&quot;:&quot;0&quot;,&quot;title&quot;:&quot;&quot;,&quot;orientation&quot;:&quot;0&quot;}\" data-image-title=\"Famille AUTHE\" data-image-description=\"\" data-image-caption=\"&lt;p&gt;Ennfants et petits-enfants de Joseph Ier AUT\u00c9 (1840-1918) et Ad\u00e9la\u00efde MOINARD (1841-1897) vers l\u2019automne 1908 (Clich\u00e9 photographe J. HUAULT)&lt;\/p&gt;\n\" data-medium-file=\"https:\/\/i0.wp.com\/herage.org\/blog\/wp-content\/uploads\/2019\/12\/Famille-AUTHE.png?fit=300%2C223&amp;ssl=1\" data-large-file=\"https:\/\/i0.wp.com\/herage.org\/blog\/wp-content\/uploads\/2019\/12\/Famille-AUTHE.png?fit=584%2C434&amp;ssl=1\" loading=\"lazy\" class=\"size-full wp-image-2830\" src=\"https:\/\/i0.wp.com\/herage.org\/blog\/wp-content\/uploads\/2019\/12\/Famille-AUTHE.png?resize=584%2C434\" alt=\"\" width=\"584\" height=\"434\" srcset=\"https:\/\/i0.wp.com\/herage.org\/blog\/wp-content\/uploads\/2019\/12\/Famille-AUTHE.png?w=1121&amp;ssl=1 1121w, https:\/\/i0.wp.com\/herage.org\/blog\/wp-content\/uploads\/2019\/12\/Famille-AUTHE.png?resize=300%2C223&amp;ssl=1 300w, https:\/\/i0.wp.com\/herage.org\/blog\/wp-content\/uploads\/2019\/12\/Famille-AUTHE.png?resize=768%2C571&amp;ssl=1 768w, https:\/\/i0.wp.com\/herage.org\/blog\/wp-content\/uploads\/2019\/12\/Famille-AUTHE.png?resize=1024%2C761&amp;ssl=1 1024w, https:\/\/i0.wp.com\/herage.org\/blog\/wp-content\/uploads\/2019\/12\/Famille-AUTHE.png?resize=404%2C300&amp;ssl=1 404w\" sizes=\"(max-width: 584px) 100vw, 584px\" data-recalc-dims=\"1\" \/><\/a><p id=\"caption-attachment-2830\" class=\"wp-caption-text\">Ennfants et petits-enfants de Joseph Ier AUT\u00c9 (1840-1918) et Ad\u00e9la\u00efde MOINARD (1841-1897) vers l\u2019automne 1908 (Clich\u00e9 photographe J. HUAULT)<\/p><\/div>\n<p>&nbsp;<\/p>\n<p style=\"text-align: justify;\">Pour le mois de d\u00e9cembre 2019, nous vous proposons d\u2019ouvrir la bo\u00eete \u00e0 souvenirs. Nous avons demand\u00e9 \u00e0 nos adh\u00e9rents de bien vouloir partager des photos ou images et de nous dire en quelques mots ce qu\u2019elles \u00e9voquaient pour eux.<\/p>\n<p style=\"text-align: justify;\">Au 11e jour, c&rsquo;est le tour de David Albert-Brunet de nous raconter l&rsquo;histoire d&rsquo;une reconstitution d&rsquo;une photo familiale :<br \/>\n<em>\u00ab\u00a0Cette photographie a \u00e9t\u00e9 reproduite en l\u2019an 2010 par les laboratoires Photo Phox de Poitiers \u00e0 partir des deux seuls exemplaires originaux retrouv\u00e9s parmi les archives familiales de tous les nombreux descendants du couple AUT\u00c9 \u2013 MOINARD. En effet, l\u2019original de Norbert BERTHONNEAU \u00e9tait complet, mais avait souffert du soleil, celui de B\u00e9atrice R\u00c9AU-AUT\u00c9 \u00e9pouse BRIZION, en bon \u00e9tat de conservation, avait le personnage de gauche (Cl\u00e9ment ROULLET) de d\u00e9chir\u00e9. Ainsi, les laboratoires photographiques ont superpos\u00e9 les deux photographies pour n\u2019en faire qu\u2019une seule et ce, en ajoutant le personnage manquant \u2013 qui a \u00e9t\u00e9 fonc\u00e9 pour le contraste du visage \u2013 \u00e0 la photographie de B\u00e9atrice BRIZION \u00e0 partir de l\u2019exemplaire de Norbert BERTHONNEAU. D\u00e9sormais, nous pouvons donc voir que le volet de la fen\u00eatre derri\u00e8re Cl\u00e9ment ROULLET \u00e9tait ferm\u00e9\u2026 H\u00e9las, nous ignorons toujours quelle est cette maison cadre de cette photographie, tout comme le lieu d\u2019exercice du photographe J. HUAULT\u2026\u00a0\u00bb<\/em><\/p>\n<p style=\"text-align: justify;\"><em>De haut en bas, de gauche \u00e0 droite :<\/em><br \/>\n<em>1<sup>er<\/sup> rang :\u00a0Louis BERTHONNEAU (1855-1909),\u00a0Eug\u00e8ne GAULTIER (1874-1960),\u00a0Jean AUT\u00c9 (1866-1944),\u00a0Xavier HAUT\u00c9 (1871-1957), Joseph II AUT\u00c9 (1864-1942), Adrien AUT\u00c9 (1883-1945).<\/em><\/p>\n<p style=\"text-align: justify;\"><em>2<sup>e<\/sup> rang :\u00a0Cl\u00e9mentine HAUT\u00c9 (1873-1960) veuve Jean ROULLET \u00e9pouse Louis BERTHONNEAU, Jos\u00e9phine AUT\u00c9 (1876-1955) \u00e9pouse Eug\u00e8ne GAULTIER,\u00a0Jos\u00e9phine CHAMPION (1865-1936) \u00e9pouse Jean AUT\u00c9, Eug\u00e9nie CHALLEAU (1876-1962) \u00e9pouse Xavier HAUT\u00c9, Marie MAUBERGER (1868-1958) \u00e9pouse Joseph II AUT\u00c9.<\/em><\/p>\n<p style=\"text-align: justify;\"><em>3<sup>e<\/sup> rang :\u00a0Cl\u00e9ment ROULLET (1892-1966), 16 ans,\u00a0Eug\u00e9nie BARBOTIN (1895-1978) \u00e9pouse Albert HUCAULT, 13 ans, \u00c9mile ROULLET (1897-1918), 11 ans,\u00a0Yvonne BARBOTIN (1906-1974) \u00e9pouse Maurice H\u00c9RAULT, mon arri\u00e8re-grand-m\u00e8re, 2 ans,\u00a0Marie Eug\u00e9nie AUT\u00c9 (1901-1956) \u00e9pouse Louis BESNIER, 7 ans, L\u00e9on I<sup>er<\/sup> AUT\u00c9 (1894-1962), 14 ans,\u00a0Rachel GAULTIER (1903-1980) \u00e9pouse Georges GU\u00c9RIN, 5 ans, Cl\u00e9ment BARBOTIN (1904-1984), 4 ans,\u00a0Marie Gabrielle AUT\u00c9 (1892-1974) \u00e9pouse L\u00e9on I<sup>er<\/sup> DUCHESNES, 16 ans, Marie BARBOTIN (1893-1975), 15 ans.\u00a0\u00bb<\/em><\/p>\n<p>David a particip\u00e9 au ChallengeAZ :<br \/>\nen 2018 avec <a href=\"http:\/\/herage.org\/blog\/?p=1621\" target=\"_blank\" rel=\"noopener\">H comme Haut Messem\u00e9, 1906 un village loudunais se r\u00e9volte !<\/a><br \/>\nen 2019 avec <a href=\"http:\/\/herage.org\/blog\/?p=2315\" target=\"_blank\" rel=\"noopener\">K comme le King et les religieuses<\/a><\/p>\n<p style=\"text-align: justify;\">Bonne lecture !<\/p>\n","protected":false},"excerpt":{"rendered":"<p>&nbsp; Pour le mois de d\u00e9cembre 2019, nous vous proposons d\u2019ouvrir la bo\u00eete \u00e0 souvenirs. Nous avons demand\u00e9 \u00e0 nos adh\u00e9rents de bien vouloir partager des photos ou images et de nous dire en quelques mots ce qu\u2019elles \u00e9voquaient pour &hellip; <a href=\"https:\/\/herage.org\/blog\/https:\/blog.herage.org\/p=\/2804\/\">Continuer la lecture <span class=\"meta-nav\">&rarr;<\/span><\/a><\/p>\n","protected":false},"author":421,"featured_media":0,"comment_status":"open","ping_status":"open","sticky":false,"template":"","format":"standard","meta":{"spay_email":"","jetpack_publicize_message":"Calendrier de l'avent du CGP : Jour 11\r\nQuand deux photos ne valent plus qu'une et voil\u00e0 le tr\u00e9sor de la famille Auth\u00e9, anc\u00eatres de David Albert-Brunet.","jetpack_is_tweetstorm":false,"jetpack_publicize_feature_enabled":true},"categories":[267],"tags":[],"jetpack_publicize_connections":[],"jetpack_featured_media_url":"","jetpack_sharing_enabled":true,"jetpack_shortlink":"https:\/\/wp.me\/p4fVnZ-Je","jetpack-related-posts":[{"id":2836,"url":"https:\/\/herage.org\/blog\/https:\/blog.herage.org\/p=\/2836\/","url_meta":{"origin":2804,"position":0},"title":"Calendrier de l&rsquo;avent du CGP : Jour 16","date":"16 d\u00e9cembre 2019","format":false,"excerpt":"Pour le mois de d\u00e9cembre 2019, nous vous proposons d\u2019ouvrir la bo\u00eete \u00e0 souvenirs. Nous avons demand\u00e9 \u00e0 nos adh\u00e9rents de bien vouloir partager des photos ou images et de nous dire en quelques mots ce qu\u2019elles \u00e9voquaient pour eux. Pour ce 16e jour, c'est au tour de Marie Jeanne\u2026","rel":"","context":"Dans &quot;Calendrier de l'avent 2019&quot;","img":{"alt_text":"Chalais, Vienne 86","src":"https:\/\/i0.wp.com\/herage.org\/blog\/wp-content\/uploads\/2019\/12\/img029-002.jpg?resize=350%2C200","width":350,"height":200},"classes":[]},{"id":2870,"url":"https:\/\/herage.org\/blog\/https:\/blog.herage.org\/p=\/2870\/","url_meta":{"origin":2804,"position":1},"title":"Calendrier de l&rsquo;avent du CGP : Jour 21","date":"21 d\u00e9cembre 2019","format":false,"excerpt":"Pour le mois de d\u00e9cembre 2019, nous vous proposons d\u2019ouvrir la bo\u00eete \u00e0 souvenirs. En ce 21e jour, nous avons choisi d'\u00e9voquer un des des moments forts d'une association : les assembl\u00e9es g\u00e9n\u00e9rales. Vous \u00eates nombreux chaque ann\u00e9e \u00e0 r\u00e9pondre \u00e0 cette invitation. Cela en fait des souvenirs ! Voici\u2026","rel":"","context":"Dans &quot;Calendrier de l'avent 2019&quot;","img":{"alt_text":"","src":"https:\/\/i0.wp.com\/herage.org\/blog\/wp-content\/uploads\/2019\/12\/Souvenirs-AG-CGP.png?resize=350%2C200","width":350,"height":200},"classes":[]},{"id":2812,"url":"https:\/\/herage.org\/blog\/https:\/blog.herage.org\/p=\/2812\/","url_meta":{"origin":2804,"position":2},"title":"Calendrier de l&rsquo;avent du CGP : Jour 15","date":"15 d\u00e9cembre 2019","format":false,"excerpt":"Pour le mois de d\u00e9cembre 2019, nous vous proposons d\u2019ouvrir la bo\u00eete \u00e0 souvenirs. Pour ce 15e jour, nous avons choisi d'\u00e9voquer les expositions que nous avons pr\u00e9sent\u00e9es lors de nos derni\u00e8res manifestations. Ce sont de formidables souvenirs pour l'\u00e9quipe qui les a pr\u00e9par\u00e9es en amont. 2014- Charroux - Le\u2026","rel":"","context":"Dans &quot;Calendrier de l'avent 2019&quot;","img":{"alt_text":"","src":"https:\/\/i0.wp.com\/herage.org\/blog\/wp-content\/uploads\/2019\/12\/Jour-15.png?resize=350%2C200","width":350,"height":200},"classes":[]},{"id":2796,"url":"https:\/\/herage.org\/blog\/https:\/blog.herage.org\/p=\/2796\/","url_meta":{"origin":2804,"position":3},"title":"Calendrier de l&rsquo;avent du CGP : Jour 8","date":"8 d\u00e9cembre 2019","format":false,"excerpt":"Pour le mois de d\u00e9cembre 2019, nous vous proposons d\u2019ouvrir la bo\u00eete \u00e0 souvenirs. Pour ce huiti\u00e8me jour, nous avons choisi d'\u00e9voquer M. Andr\u00e9 Chandernagor qui nous avait honorer de sa pr\u00e9sence aux journ\u00e9es d'\u00e9changes du Cercle de Charroux.en 2014. M. Chandernagor est descendant d'une vieille famille civraisienne et passionn\u00e9\u2026","rel":"","context":"Dans &quot;Calendrier de l'avent 2019&quot;","img":{"alt_text":"","src":"https:\/\/i0.wp.com\/herage.org\/blog\/wp-content\/uploads\/2019\/12\/Chandernagor-\u00c3\u00a0-Charroux.png?resize=350%2C200","width":350,"height":200},"classes":[]},{"id":2765,"url":"https:\/\/herage.org\/blog\/https:\/blog.herage.org\/p=\/2765\/","url_meta":{"origin":2804,"position":4},"title":"Calendrier de l&rsquo;avent du CGP : Jour 3","date":"3 d\u00e9cembre 2019","format":false,"excerpt":"Pour le mois de d\u00e9cembre 2019, nous vous proposons d\u2019ouvrir la bo\u00eete \u00e0 souvenirs. Nous avons demand\u00e9 \u00e0 nos adh\u00e9rents de bien vouloir partager des photos ou images et de nous dire en quelques mots ce qu\u2019elles \u00e9voquaient pour eux. La troisi\u00e8me photo est partag\u00e9e par Anne Berthe : \"sur\u2026","rel":"","context":"Dans &quot;Calendrier de l'avent 2019&quot;","img":{"alt_text":"","src":"https:\/\/i0.wp.com\/herage.org\/blog\/wp-content\/uploads\/2019\/12\/Dissay-Vall\u00c3\u00a9e-du-Clain-et-Usine-Gu\u00c3\u00a9rin.jpg?resize=350%2C200","width":350,"height":200},"classes":[]},{"id":2875,"url":"https:\/\/herage.org\/blog\/https:\/blog.herage.org\/p=\/2875\/","url_meta":{"origin":2804,"position":5},"title":"Calendrier de l&rsquo;avent du CGP : Jour 22","date":"24 d\u00e9cembre 2019","format":false,"excerpt":"Pour le mois de d\u00e9cembre 2019, nous vous proposons d\u2019ouvrir la bo\u00eete \u00e0 souvenirs. Nous avons demand\u00e9 \u00e0 nos adh\u00e9rents de bien vouloir partager des photos ou images et de nous dire en quelques mots ce qu\u2019elles \u00e9voquaient pour eux. Pour ce 22e jour, Jean Moussu s'est replong\u00e9 dans les\u2026","rel":"","context":"Dans &quot;Calendrier de l'avent 2019&quot;","img":{"alt_text":"","src":"https:\/\/i0.wp.com\/herage.org\/blog\/wp-content\/uploads\/2019\/12\/Ypres_campagne1914-1915.jpg?resize=350%2C200","width":350,"height":200},"classes":[]}],"_links":{"self":[{"href":"https:\/\/herage.org\/blog\/wp-json\/wp\/v2\/posts\/2804"}],"collection":[{"href":"https:\/\/herage.org\/blog\/wp-json\/wp\/v2\/posts"}],"about":[{"href":"https:\/\/herage.org\/blog\/wp-json\/wp\/v2\/types\/post"}],"author":[{"embeddable":true,"href":"https:\/\/herage.org\/blog\/wp-json\/wp\/v2\/users\/421"}],"replies":[{"embeddable":true,"href":"https:\/\/herage.org\/blog\/wp-json\/wp\/v2\/comments?post=2804"}],"version-history":[{"count":3,"href":"https:\/\/herage.org\/blog\/wp-json\/wp\/v2\/posts\/2804\/revisions"}],"predecessor-version":[{"id":2831,"href":"https:\/\/herage.org\/blog\/wp-json\/wp\/v2\/posts\/2804\/revisions\/2831"}],"wp:attachment":[{"href":"https:\/\/herage.org\/blog\/wp-json\/wp\/v2\/media?parent=2804"}],"wp:term":[{"taxonomy":"category","embeddable":true,"href":"https:\/\/herage.org\/blog\/wp-json\/wp\/v2\/categories?post=2804"},{"taxonomy":"post_tag","embeddable":true,"href":"https:\/\/herage.org\/blog\/wp-json\/wp\/v2\/tags?post=2804"}],"curies":[{"name":"wp","href":"https:\/\/api.w.org\/{rel}","templated":true}]}}