{"id":2806,"date":"2019-12-12T13:00:40","date_gmt":"2019-12-12T12:00:40","guid":{"rendered":"http:\/\/herage.org\/blog\/?p=2806"},"modified":"2019-12-10T23:52:05","modified_gmt":"2019-12-10T22:52:05","slug":"calendrier-de-lavent-du-cgp-jour-12","status":"publish","type":"post","link":"https:\/\/herage.org\/blog\/https:\/blog.herage.org\/p=\/2806\/","title":{"rendered":"Calendrier de l&rsquo;avent du CGP : Jour 12"},"content":{"rendered":"<div id=\"attachment_2832\" style=\"width: 584px\" class=\"wp-caption aligncenter\"><a href=\"https:\/\/i0.wp.com\/herage.org\/blog\/wp-content\/uploads\/2019\/12\/Salvert-orphelinat-1.png\"><img aria-describedby=\"caption-attachment-2832\" data-attachment-id=\"2832\" data-permalink=\"https:\/\/herage.org\/blog\/https:\/blog.herage.org\/p=\/2806\/salvert-orphelinat-1\/\" data-orig-file=\"https:\/\/i0.wp.com\/herage.org\/blog\/wp-content\/uploads\/2019\/12\/Salvert-orphelinat-1.png?fit=574%2C374&amp;ssl=1\" data-orig-size=\"574,374\" data-comments-opened=\"1\" data-image-meta=\"{&quot;aperture&quot;:&quot;0&quot;,&quot;credit&quot;:&quot;&quot;,&quot;camera&quot;:&quot;&quot;,&quot;caption&quot;:&quot;&quot;,&quot;created_timestamp&quot;:&quot;0&quot;,&quot;copyright&quot;:&quot;&quot;,&quot;focal_length&quot;:&quot;0&quot;,&quot;iso&quot;:&quot;0&quot;,&quot;shutter_speed&quot;:&quot;0&quot;,&quot;title&quot;:&quot;&quot;,&quot;orientation&quot;:&quot;0&quot;}\" data-image-title=\"Salvert orphelinat 1\" data-image-description=\"\" data-image-caption=\"&lt;p&gt;Orphelines confi\u00e9es aux soeurs de Sainte Philom\u00e8ne, Salvert (Mign\u00e9-Auxances)&lt;\/p&gt;\n\" data-medium-file=\"https:\/\/i0.wp.com\/herage.org\/blog\/wp-content\/uploads\/2019\/12\/Salvert-orphelinat-1.png?fit=300%2C195&amp;ssl=1\" data-large-file=\"https:\/\/i0.wp.com\/herage.org\/blog\/wp-content\/uploads\/2019\/12\/Salvert-orphelinat-1.png?fit=574%2C374&amp;ssl=1\" loading=\"lazy\" class=\"size-full wp-image-2832\" src=\"https:\/\/i0.wp.com\/herage.org\/blog\/wp-content\/uploads\/2019\/12\/Salvert-orphelinat-1.png?resize=574%2C374\" alt=\"\" width=\"574\" height=\"374\" srcset=\"https:\/\/i0.wp.com\/herage.org\/blog\/wp-content\/uploads\/2019\/12\/Salvert-orphelinat-1.png?w=574&amp;ssl=1 574w, https:\/\/i0.wp.com\/herage.org\/blog\/wp-content\/uploads\/2019\/12\/Salvert-orphelinat-1.png?resize=300%2C195&amp;ssl=1 300w, https:\/\/i0.wp.com\/herage.org\/blog\/wp-content\/uploads\/2019\/12\/Salvert-orphelinat-1.png?resize=460%2C300&amp;ssl=1 460w\" sizes=\"(max-width: 574px) 100vw, 574px\" data-recalc-dims=\"1\" \/><\/a><p id=\"caption-attachment-2832\" class=\"wp-caption-text\">Orphelines confi\u00e9es aux soeurs de Sainte Philom\u00e8ne, Salvert (Mign\u00e9-Auxances)<\/p><\/div>\n<p style=\"text-align: justify;\">Pour le mois de d\u00e9cembre 2019, nous vous proposons d\u2019ouvrir la bo\u00eete \u00e0 souvenirs. Nous avons demand\u00e9 \u00e0 nos adh\u00e9rents de bien vouloir partager des photos ou images et de nous dire en quelques mots ce qu\u2019elles \u00e9voquaient pour eux.<\/p>\n<p style=\"text-align: justify;\">Pour le 12e jour, Bernard Poussard nous emm\u00e8ne \u00e0 Mign\u00e9-Auxances et plus pr\u00e9cis\u00e9ment au lieu-dit Salvert. Bernard conna\u00eet bien Mign\u00e9 puisqu&rsquo;il en \u00e9tudie depuis longtemps les archives au sein de l&rsquo;association Mign\u00e9-Auxances M\u00e9moires.<br \/>\n<em>\u00ab\u00a0La congr\u00e9gation des filles de Sainte-Philom\u00e8ne est cr\u00e9\u00e9e en 1835 par le p\u00e8re Adolphe-Henri Gaillard aum\u00f4nier \u00e0 l\u2019h\u00f4pital g\u00e9n\u00e9ral de Poitiers situ\u00e9 dans la rue actuelle Jean Mac\u00e9. Elle prend en charge des filles malades confi\u00e9es par l\u2019h\u00f4pital et les orphelins en bas \u00e2ge. Elle s\u2019installe en 1842 sur le domaine de Salvert commune de Mign\u00e9-Auxances que leur a achet\u00e9 et offert Pauline Dauvillier, connue pour sa charit\u00e9 et sa g\u00e9n\u00e9rosit\u00e9.\u00a0\u00bb<\/em><\/p>\n<p style=\"text-align: justify;\">Bernard est passionn\u00e9 d&rsquo;histoire et il a partag\u00e9 ses recherches au cours du challengeAZ (\u00e0 deux reprises, il a sauv\u00e9 le challenge par une pirouette pour remplir deux lettres improbables) :<br \/>\nen 2018 avec <a href=\"http:\/\/herage.org\/blog\/?p=1657\" target=\"_blank\" rel=\"noopener\">Z comme AuZances, un petit Louvre \u00e0 Poitiers<\/a><br \/>\nen 2019 avec <a href=\"http:\/\/herage.org\/blog\/?p=2343\" target=\"_blank\" rel=\"noopener\">Y comme l&rsquo;\u00e9cole Camille Demar\u00e7aY<\/a><\/p>\n<p>Bonne lecture !<\/p>\n<p style=\"text-align: justify;\">\u00a0<\/p>\n","protected":false},"excerpt":{"rendered":"<p>Pour le mois de d\u00e9cembre 2019, nous vous proposons d\u2019ouvrir la bo\u00eete \u00e0 souvenirs. Nous avons demand\u00e9 \u00e0 nos adh\u00e9rents de bien vouloir partager des photos ou images et de nous dire en quelques mots ce qu\u2019elles \u00e9voquaient pour eux. &hellip; <a href=\"https:\/\/herage.org\/blog\/https:\/blog.herage.org\/p=\/2806\/\">Continuer la lecture <span class=\"meta-nav\">&rarr;<\/span><\/a><\/p>\n","protected":false},"author":421,"featured_media":0,"comment_status":"open","ping_status":"open","sticky":false,"template":"","format":"standard","meta":{"spay_email":"","jetpack_publicize_message":"Calendrier de l'avent du CGP : Jour 12\r\nBernard Poussard \u00e9voque la m\u00e9moire de Mign\u00e9-Auxances.","jetpack_is_tweetstorm":false,"jetpack_publicize_feature_enabled":true},"categories":[267],"tags":[],"jetpack_publicize_connections":[],"jetpack_featured_media_url":"","jetpack_sharing_enabled":true,"jetpack_shortlink":"https:\/\/wp.me\/p4fVnZ-Jg","jetpack-related-posts":[{"id":2345,"url":"https:\/\/herage.org\/blog\/https:\/blog.herage.org\/p=\/2345\/","url_meta":{"origin":2806,"position":0},"title":"#ChallengeAZ \u2502 Z&#8230;  De A \u00e0 Z, les lettres de la machine \u00e0 lire","date":"30 novembre 2019","format":false,"excerpt":"Parmi mes nombreuses archives, j\u2019ai retrouv\u00e9 un document sign\u00e9 \u00abF.J.\u00a0Jallais, instituteur \u00e0 Mign\u00e9\u00a0\u00bb qui est en quelque sorte une publicit\u00e9 pour une m\u00e9thode de lecture. \u00ab\u00a0La m\u00e9thode permet d\u2019apprendre \u00e0 lire aux enfants et d\u2019attirer leur attention tout en les amusant. Elle se compose d\u2019une machine qui peut former toutes\u2026","rel":"","context":"Dans &quot;Challenge AZ 2019&quot;","img":{"alt_text":"","src":"https:\/\/i0.wp.com\/herage.org\/blog\/wp-content\/uploads\/2019\/11\/classe-de-M.-Jallais-.jpg?resize=350%2C200","width":350,"height":200},"classes":[]},{"id":2341,"url":"https:\/\/herage.org\/blog\/https:\/blog.herage.org\/p=\/2341\/","url_meta":{"origin":2806,"position":1},"title":"#ChallengeAZ \u2502 X&#8230; Identifiez les X sur les photos","date":"28 novembre 2019","format":false,"excerpt":"Pour les journ\u00e9es d'\u00e9changes du Cercle g\u00e9n\u00e9alogique Poitevin qui se sont d\u00e9roul\u00e9es \u00e0 Bignoux en 2018, nous avons fait appel \u00e0 nos adh\u00e9rents pour pr\u00e9parer une exposition de photos de classe de la Vienne. Nous avons ainsi pu r\u00e9unir une belle galerie de photos. Les plus anciennes datent de 1884\u2026","rel":"","context":"Dans &quot;Challenge AZ 2019&quot;","img":{"alt_text":"","src":"https:\/\/i0.wp.com\/herage.org\/blog\/wp-content\/uploads\/2019\/11\/Bignoux-par-Th-Chestier-13-1024x683.jpg?resize=350%2C200","width":350,"height":200},"classes":[]},{"id":1629,"url":"https:\/\/herage.org\/blog\/https:\/blog.herage.org\/p=\/1629\/","url_meta":{"origin":2806,"position":2},"title":"#ChallengeAZ \u2502 L&#8230; Lourdines, gargousses meurtri\u00e8res","date":"14 novembre 2018","format":false,"excerpt":"La commune de Mign\u00e9-Auxances poss\u00e8de de nombreuses carri\u00e8res de pierre, en particulier au lieu-dit \u00ab\u00a0les Lourdines\u00a0\u00bb. Pendant la guerre 1914-1918, celles-ci sont r\u00e9quisitionn\u00e9es pour le stockage de munitions et deux ateliers destin\u00e9s \u00e0 la fabrication de \u00ab\u00a0gargousses\u00a0\u00bb install\u00e9s sur le site. Deux cents femmes environ y travaillent dans des conditions\u2026","rel":"","context":"Dans &quot;14-18&quot;","img":{"alt_text":"","src":"https:\/\/i0.wp.com\/herage.org\/blog\/wp-content\/uploads\/2018\/11\/Stele-comm\u00c3\u00a9morative-des-Lourdines-2-1024x749.jpg?resize=350%2C200","width":350,"height":200},"classes":[]},{"id":2343,"url":"https:\/\/herage.org\/blog\/https:\/blog.herage.org\/p=\/2343\/","url_meta":{"origin":2806,"position":3},"title":"#ChallengeAZ \u2502 Y&#8230; L&rsquo;\u00e9cole Camille DEMAR\u00c7AY","date":"29 novembre 2019","format":false,"excerpt":"L\u2019\u00e9cole Camille Demar\u00e7ay se situe au bourg de Nanteuil dans la rue principale reliant celui de Mign\u00e9 \u00e0 Grand-Pont. Elle a \u00e9t\u00e9 construite sur la commune de Mign\u00e9-Auxances vers 1880 par Camille Demar\u00e7ay sur un terrain du domaine de Malaguet obtenu par h\u00e9ritage de son p\u00e8re, le g\u00e9n\u00e9ral d\u2019artillerie et\u2026","rel":"","context":"Dans &quot;Challenge AZ 2019&quot;","img":{"alt_text":"","src":"https:\/\/i0.wp.com\/herage.org\/blog\/wp-content\/uploads\/2019\/11\/Mign\u00c3\u00a9-\u00c3\u00a9cole-de-Nanteuil-1024x674.jpg?resize=350%2C200","width":350,"height":200},"classes":[]},{"id":2870,"url":"https:\/\/herage.org\/blog\/https:\/blog.herage.org\/p=\/2870\/","url_meta":{"origin":2806,"position":4},"title":"Calendrier de l&rsquo;avent du CGP : Jour 21","date":"21 d\u00e9cembre 2019","format":false,"excerpt":"Pour le mois de d\u00e9cembre 2019, nous vous proposons d\u2019ouvrir la bo\u00eete \u00e0 souvenirs. En ce 21e jour, nous avons choisi d'\u00e9voquer un des des moments forts d'une association : les assembl\u00e9es g\u00e9n\u00e9rales. Vous \u00eates nombreux chaque ann\u00e9e \u00e0 r\u00e9pondre \u00e0 cette invitation. Cela en fait des souvenirs ! Voici\u2026","rel":"","context":"Dans &quot;Calendrier de l'avent 2019&quot;","img":{"alt_text":"","src":"https:\/\/i0.wp.com\/herage.org\/blog\/wp-content\/uploads\/2019\/12\/Souvenirs-AG-CGP.png?resize=350%2C200","width":350,"height":200},"classes":[]},{"id":2760,"url":"https:\/\/herage.org\/blog\/https:\/blog.herage.org\/p=\/2760\/","url_meta":{"origin":2806,"position":5},"title":"Calendrier de l&rsquo;avent du CGP : Jour 2","date":"2 d\u00e9cembre 2019","format":false,"excerpt":"Pour le mois de d\u00e9cembre 2019, nous vous proposons d\u2019ouvrir la bo\u00eete \u00e0 souvenirs. Nous avons demand\u00e9 \u00e0 nos adh\u00e9rents de bien vouloir partager des photos ou images et de nous dire en quelques mots ce qu\u2019elles \u00e9voquaient pour eux. La deuxi\u00e8me photo est partag\u00e9e par Fran\u00e7oise Degenne : \"Il\u2026","rel":"","context":"Dans &quot;Calendrier de l'avent 2019&quot;","img":{"alt_text":"","src":"https:\/\/i0.wp.com\/herage.org\/blog\/wp-content\/uploads\/2019\/12\/EgliseCremille.jpg?resize=350%2C200","width":350,"height":200},"classes":[]}],"_links":{"self":[{"href":"https:\/\/herage.org\/blog\/wp-json\/wp\/v2\/posts\/2806"}],"collection":[{"href":"https:\/\/herage.org\/blog\/wp-json\/wp\/v2\/posts"}],"about":[{"href":"https:\/\/herage.org\/blog\/wp-json\/wp\/v2\/types\/post"}],"author":[{"embeddable":true,"href":"https:\/\/herage.org\/blog\/wp-json\/wp\/v2\/users\/421"}],"replies":[{"embeddable":true,"href":"https:\/\/herage.org\/blog\/wp-json\/wp\/v2\/comments?post=2806"}],"version-history":[{"count":3,"href":"https:\/\/herage.org\/blog\/wp-json\/wp\/v2\/posts\/2806\/revisions"}],"predecessor-version":[{"id":2833,"href":"https:\/\/herage.org\/blog\/wp-json\/wp\/v2\/posts\/2806\/revisions\/2833"}],"wp:attachment":[{"href":"https:\/\/herage.org\/blog\/wp-json\/wp\/v2\/media?parent=2806"}],"wp:term":[{"taxonomy":"category","embeddable":true,"href":"https:\/\/herage.org\/blog\/wp-json\/wp\/v2\/categories?post=2806"},{"taxonomy":"post_tag","embeddable":true,"href":"https:\/\/herage.org\/blog\/wp-json\/wp\/v2\/tags?post=2806"}],"curies":[{"name":"wp","href":"https:\/\/api.w.org\/{rel}","templated":true}]}}