{"id":2808,"date":"2019-12-13T13:00:13","date_gmt":"2019-12-13T12:00:13","guid":{"rendered":"http:\/\/herage.org\/blog\/?p=2808"},"modified":"2019-12-13T17:13:12","modified_gmt":"2019-12-13T16:13:12","slug":"calendrier-de-lavent-du-cgp-jour-13","status":"publish","type":"post","link":"https:\/\/herage.org\/blog\/https:\/blog.herage.org\/p=\/2808\/","title":{"rendered":"Calendrier de l&rsquo;avent du CGP : Jour 13"},"content":{"rendered":"<div id=\"attachment_2834\" style=\"width: 619px\" class=\"wp-caption aligncenter\"><a href=\"https:\/\/i0.wp.com\/herage.org\/blog\/wp-content\/uploads\/2019\/12\/Mariage-Point-Boutin-et-Point-Allard.png\"><img aria-describedby=\"caption-attachment-2834\" data-attachment-id=\"2834\" data-permalink=\"https:\/\/herage.org\/blog\/https:\/blog.herage.org\/p=\/2808\/mariage-point-boutin-et-point-allard\/\" data-orig-file=\"https:\/\/i0.wp.com\/herage.org\/blog\/wp-content\/uploads\/2019\/12\/Mariage-Point-Boutin-et-Point-Allard.png?fit=609%2C448&amp;ssl=1\" data-orig-size=\"609,448\" data-comments-opened=\"1\" data-image-meta=\"{&quot;aperture&quot;:&quot;0&quot;,&quot;credit&quot;:&quot;&quot;,&quot;camera&quot;:&quot;&quot;,&quot;caption&quot;:&quot;&quot;,&quot;created_timestamp&quot;:&quot;0&quot;,&quot;copyright&quot;:&quot;&quot;,&quot;focal_length&quot;:&quot;0&quot;,&quot;iso&quot;:&quot;0&quot;,&quot;shutter_speed&quot;:&quot;0&quot;,&quot;title&quot;:&quot;&quot;,&quot;orientation&quot;:&quot;0&quot;}\" data-image-title=\"Mariage Point Boutin et Point Allard\" data-image-description=\"\" data-image-caption=\"&lt;p&gt;Double mariage de  Germaine POINT avec  Marcel BOUTIN et de Henri POINT avec Maria ALLARD, coll priv\u00e9e Claude ALLARD&lt;\/p&gt;\n\" data-medium-file=\"https:\/\/i0.wp.com\/herage.org\/blog\/wp-content\/uploads\/2019\/12\/Mariage-Point-Boutin-et-Point-Allard.png?fit=300%2C221&amp;ssl=1\" data-large-file=\"https:\/\/i0.wp.com\/herage.org\/blog\/wp-content\/uploads\/2019\/12\/Mariage-Point-Boutin-et-Point-Allard.png?fit=584%2C430&amp;ssl=1\" loading=\"lazy\" class=\"size-full wp-image-2834\" src=\"https:\/\/i0.wp.com\/herage.org\/blog\/wp-content\/uploads\/2019\/12\/Mariage-Point-Boutin-et-Point-Allard.png?resize=584%2C430\" alt=\"\" width=\"584\" height=\"430\" srcset=\"https:\/\/i0.wp.com\/herage.org\/blog\/wp-content\/uploads\/2019\/12\/Mariage-Point-Boutin-et-Point-Allard.png?w=609&amp;ssl=1 609w, https:\/\/i0.wp.com\/herage.org\/blog\/wp-content\/uploads\/2019\/12\/Mariage-Point-Boutin-et-Point-Allard.png?resize=300%2C221&amp;ssl=1 300w, https:\/\/i0.wp.com\/herage.org\/blog\/wp-content\/uploads\/2019\/12\/Mariage-Point-Boutin-et-Point-Allard.png?resize=408%2C300&amp;ssl=1 408w\" sizes=\"(max-width: 584px) 100vw, 584px\" data-recalc-dims=\"1\" \/><\/a><p id=\"caption-attachment-2834\" class=\"wp-caption-text\">Double mariage de Germaine POINT avec Marcel BOUTIN et de Henri POINT avec Maria ALLARD, coll priv\u00e9e Claude ALLARD<\/p><\/div>\n<p style=\"text-align: justify;\">Pour le mois de d\u00e9cembre 2019, nous vous proposons d\u2019ouvrir la bo\u00eete \u00e0 souvenirs. Nous avons demand\u00e9 \u00e0 nos adh\u00e9rents de bien vouloir partager des photos ou images et de nous dire en quelques mots ce qu\u2019elles \u00e9voquaient pour eux.<\/p>\n<p>Pour ce 13e jour, c&rsquo;est Claude ALLARD qui prend la plume pour \u00e9voquer les mariages d&rsquo;antan \u00e0 travers ce double mariage :<\/p>\n<p style=\"text-align: justify;\"><em>\u00ab\u00a0Autrefois, les mariages \u00e0 la campagne \u00e9taient de v\u00e9ritables f\u00eates, lors desquels les familles avaient plaisir \u00e0 se retrouver pour festoyer\u00a0pendant 2 \u00e0 3 jours voire une semaine.\u00a0Plusieurs jours avant la noce, toute la famille s\u2019affairait pour pr\u00e9parer l\u2019\u00e9v\u00e9nement, car tout se passait en g\u00e9n\u00e9ral dans la grange de la ferme familiale.\u00a0Il fallait donc installer tables et bancs, d\u00e9corer les lieux avec des fleurs fabriqu\u00e9es en papier par les femmes, monter l\u2019estrade pour les musiciens et pr\u00e9parer le repas nuptial.\u00a0Pour cela, les hommes de la famille des futurs mari\u00e9s tuaient les volailles, le mouton, le cochon et les femmes fabriquaient les g\u00e2teaux.\u00a0La couturi\u00e8re cousait la robe de mari\u00e9e et celles des demoiselles d\u2019honneur.\u00a0Tous ces pr\u00e9paratifs \u00e9taient en g\u00e9n\u00e9ral une affaire de famille. Les paysans avaient peu de moyens pour d\u00e9l\u00e9guer la pr\u00e9paration \u00e0 des professionnels.<\/em><\/p>\n<p style=\"text-align: justify;\"><em>Le jour de l\u2019\u00e9v\u00e9nement, le cort\u00e8ge se constituait et allait, suivant le lieu d\u2019habitation, \u00e0 pied ou bien en carriole tir\u00e9e par un cheval, \u00e0 la mairie et \u00e0 l\u2019\u00e9glise ou bien au temple, accompagn\u00e9 par un musicien qui jouait de l\u2019accord\u00e9on.\u00a0Les paysans d\u2019origine modeste, se sacrifiaient pour marier leur fille ou leur fils, mais il fallait marquer l\u2019\u00e9v\u00e9nement.\u00a0C\u2019est la raison pour laquelle, il n\u2019\u00e9tait pas rare de voir un double mariage\u00a0dans une m\u00eame famille, le m\u00eame jour.\u00a0Il faut rappeler que tout au long de l\u2019ann\u00e9e, les paysans travaillaient tr\u00e8s durement et gagnaient mal leur vie.\u00a0C\u2019\u00e9tait l\u2019\u00e9poque ou la m\u00e9canisation n\u2019existait pas ou peu et tous les bras \u00e9taient n\u00e9cessaires pour accomplir les travaux agricoles.\u00a0La p\u00e9riode hivernale \u00e9tait sans doute moins harassante que le restant de l\u2019ann\u00e9e, car la terre produisait moins et les r\u00e9coltes \u00e9taient en sommeil.\u00a0Pendant cette p\u00e9riode de l\u2019ann\u00e9e, on pouvait souffler, m\u00eame s\u2019il fallait s\u2019occuper du b\u00e9tail.\u00a0Donc tr\u00e8s souvent, les mariages avaient lieu en hiver.<\/em><\/p>\n<p style=\"text-align: justify;\"><em>La photo ci-dessus est celle du double mariage de \u00a0<strong>Germaine POINT<\/strong> avec\u00a0 <strong>Marcel BOUTIN<\/strong> et de<strong> Henri POINT <\/strong>avec <strong>Maria ALLARD.\u00a0<\/strong><strong>Germaine <\/strong>\u00e9tait la s\u0153ur d&rsquo;<strong>Henri POINT.\u00a0<\/strong>Ce double mariage a eu lieu le <strong>26 novembre 1928 \u00e0 Saint Sauvant<\/strong> dans la Vienne.\u00a0Comme on peut le constater, la photo a \u00e9t\u00e9 prise dans la cour de la ferme, au pied du \u00ab\u00a0pailler\u00a0\u00bb.\u00a0On y voit donc les 3 familles <strong>POINT, BOUTIN et ALLARD<\/strong>, ce qui repr\u00e9sente beaucoup de personnes.<\/em><\/p>\n<p style=\"text-align: justify;\"><em>Mon p\u00e8re, <strong>Andr\u00e9 ALLARD<\/strong>, \u00e2g\u00e9 de 2ans et demi est assis sur les genoux de sa grand-m\u00e8re maternelle, <strong>Pauline NAUD<\/strong> et \u00e0 c\u00f4t\u00e9 de ses parents, <strong>Henri ALLARD et Ernestine BONNEAU<\/strong>. Ils se trouvent au 1<sup>er<\/sup> rang tout \u00e0 droite de la photo, et \u00e0 droite de <strong>Maria ALLARD<\/strong> l\u2019une des 2 mari\u00e9es.\u00a0A c\u00f4t\u00e9 d\u2019eux, \u00e0 gauche, se trouvent mes arri\u00e8res grands parents paternels, <strong>Alexandre ALLARD et Marie Madeleine PENNETAULT.\u00a0<\/strong>Toujours au 1<sup>er<\/sup> rang, mais \u00e0 gauche du 2<sup>\u00e8me<\/sup> mari\u00e9, qui est <strong>Marcel BOUTIN<\/strong>, on trouve la famille<strong> BOUTIN et POINT<\/strong>\u00a0.<\/em><\/p>\n<p style=\"text-align: justify;\"><em>On peut remarquer que les 2 mari\u00e9es portent la m\u00eame robe et le m\u00eame voile.\u00a0C\u2019est une noce importante et j\u2019aimerais beaucoup pouvoir identifier l\u2019ensemble des personnes pr\u00e9sentes.\u00a0<strong>Si toutefois quelqu\u2019un pouvait m\u2019aider \u00e0 identifier tous les participants \u00e0 cette noce campagnarde, j\u2019en serais bien s\u00fbr ravie.<\/strong><\/em><\/p>\n<p style=\"text-align: justify;\"><em>Au-del\u00e0 de cette qu\u00eate, je trouve que cette photo est pleine de nostalgie et j\u2019avais envie de la partager avec celles et ceux qui parcourons ces quelques lignes.\u00a0\u00bb<\/em><\/p>\n<p style=\"text-align: justify;\">Claude aime raconter l&rsquo;histoire de ses anc\u00eatres. Vous la retrouver r\u00e9guli\u00e8rement comme contributrice de la revue Herage. Elle a aussi particip\u00e9 au ChallengeAZ :<br \/>\nen 2018 avec <a href=\"http:\/\/herage.org\/blog\/?p=1641\" target=\"_blank\" rel=\"noopener\">R comme Rouill\u00e9, sauvetage d&rsquo;un cimeti\u00e8re protestant<\/a> et <a href=\"http:\/\/herage.org\/blog\/?p=1653\" target=\"_blank\" rel=\"noopener\">X comme Xansay le poilu voit rouge !<\/a><br \/>\nen 2019 avec <a href=\"http:\/\/herage.org\/blog\/?p=2298\" target=\"_blank\" rel=\"noopener\">C comme le certificat d&rsquo;\u00e9tudes de mon p\u00e8re<\/a>, <a href=\"http:\/\/herage.org\/blog\/?p=2311\" target=\"_blank\" rel=\"noopener\">I comme l&rsquo;Institut R\u00e9gional du Travail Social de Poitiers, lieu de m\u00e9moire<\/a> et <a href=\"http:\/\/herage.org\/blog\/?p=2325\" target=\"_blank\" rel=\"noopener\">P comme Fran\u00e7ois le Poitevin, compagnon<\/a><\/p>\n<p>Bonne lecture !<\/p>\n<p>&nbsp;<\/p>\n<p style=\"text-align: justify;\">\u00a0<\/p>\n","protected":false},"excerpt":{"rendered":"<p>Pour le mois de d\u00e9cembre 2019, nous vous proposons d\u2019ouvrir la bo\u00eete \u00e0 souvenirs. Nous avons demand\u00e9 \u00e0 nos adh\u00e9rents de bien vouloir partager des photos ou images et de nous dire en quelques mots ce qu\u2019elles \u00e9voquaient pour eux. &hellip; <a href=\"https:\/\/herage.org\/blog\/https:\/blog.herage.org\/p=\/2808\/\">Continuer la lecture <span class=\"meta-nav\">&rarr;<\/span><\/a><\/p>\n","protected":false},"author":421,"featured_media":0,"comment_status":"open","ping_status":"open","sticky":false,"template":"","format":"standard","meta":{"spay_email":"","jetpack_publicize_message":"Calendrier de l'avent du CGP : Jour 13\r\nClaude Allard partage un double mariage de Saint Sauvant (86).","jetpack_is_tweetstorm":false,"jetpack_publicize_feature_enabled":true},"categories":[267],"tags":[],"jetpack_publicize_connections":[],"jetpack_featured_media_url":"","jetpack_sharing_enabled":true,"jetpack_shortlink":"https:\/\/wp.me\/p4fVnZ-Ji","jetpack-related-posts":[{"id":2838,"url":"https:\/\/herage.org\/blog\/https:\/blog.herage.org\/p=\/2838\/","url_meta":{"origin":2808,"position":0},"title":"Calendrier de l&rsquo;avent du CGP : Jour 17","date":"17 d\u00e9cembre 2019","format":false,"excerpt":"Pour le mois de d\u00e9cembre 2019, nous vous proposons d\u2019ouvrir la bo\u00eete \u00e0 souvenirs. Nous avons demand\u00e9 \u00e0 nos adh\u00e9rents de bien vouloir partager des photos ou images et de nous dire en quelques mots ce qu\u2019elles \u00e9voquaient pour eux. Ce 17e jour, S\u00e9verine GOURDEAU partage avec vous la photo\u2026","rel":"","context":"Dans &quot;Calendrier de l'avent 2019&quot;","img":{"alt_text":"Saint-Pierre-les-Eglises, JOUBERT, PIFFETEAU, Vienne 86","src":"https:\/\/i0.wp.com\/herage.org\/blog\/wp-content\/uploads\/2019\/12\/Double-mariage-JOUBERT-PIFFETEAU-1946.jpg?resize=350%2C200","width":350,"height":200},"classes":[]},{"id":2836,"url":"https:\/\/herage.org\/blog\/https:\/blog.herage.org\/p=\/2836\/","url_meta":{"origin":2808,"position":1},"title":"Calendrier de l&rsquo;avent du CGP : Jour 16","date":"16 d\u00e9cembre 2019","format":false,"excerpt":"Pour le mois de d\u00e9cembre 2019, nous vous proposons d\u2019ouvrir la bo\u00eete \u00e0 souvenirs. Nous avons demand\u00e9 \u00e0 nos adh\u00e9rents de bien vouloir partager des photos ou images et de nous dire en quelques mots ce qu\u2019elles \u00e9voquaient pour eux. Pour ce 16e jour, c'est au tour de Marie Jeanne\u2026","rel":"","context":"Dans &quot;Calendrier de l'avent 2019&quot;","img":{"alt_text":"Chalais, Vienne 86","src":"https:\/\/i0.wp.com\/herage.org\/blog\/wp-content\/uploads\/2019\/12\/img029-002.jpg?resize=350%2C200","width":350,"height":200},"classes":[]},{"id":2771,"url":"https:\/\/herage.org\/blog\/https:\/blog.herage.org\/p=\/2771\/","url_meta":{"origin":2808,"position":2},"title":"Calendrier de l&rsquo;avent du CGP : Jour 4","date":"4 d\u00e9cembre 2019","format":false,"excerpt":"Pour le mois de d\u00e9cembre 2019, nous vous proposons d\u2019ouvrir la bo\u00eete \u00e0 souvenirs. Nous avons demand\u00e9 \u00e0 nos adh\u00e9rents de bien vouloir partager des photos ou images et de nous dire en quelques mots ce qu\u2019elles \u00e9voquaient pour eux. La quatri\u00e8me photo est partag\u00e9e par Nat\u00a0Deret. Elle nous propose\u2026","rel":"","context":"Dans &quot;Calendrier de l'avent 2019&quot;","img":{"alt_text":"","src":"https:\/\/i0.wp.com\/herage.org\/blog\/wp-content\/uploads\/2019\/12\/Mariage-Grands-parents-Deret.jpeg?resize=350%2C200","width":350,"height":200},"classes":[]},{"id":2760,"url":"https:\/\/herage.org\/blog\/https:\/blog.herage.org\/p=\/2760\/","url_meta":{"origin":2808,"position":3},"title":"Calendrier de l&rsquo;avent du CGP : Jour 2","date":"2 d\u00e9cembre 2019","format":false,"excerpt":"Pour le mois de d\u00e9cembre 2019, nous vous proposons d\u2019ouvrir la bo\u00eete \u00e0 souvenirs. Nous avons demand\u00e9 \u00e0 nos adh\u00e9rents de bien vouloir partager des photos ou images et de nous dire en quelques mots ce qu\u2019elles \u00e9voquaient pour eux. La deuxi\u00e8me photo est partag\u00e9e par Fran\u00e7oise Degenne : \"Il\u2026","rel":"","context":"Dans &quot;Calendrier de l'avent 2019&quot;","img":{"alt_text":"","src":"https:\/\/i0.wp.com\/herage.org\/blog\/wp-content\/uploads\/2019\/12\/EgliseCremille.jpg?resize=350%2C200","width":350,"height":200},"classes":[]},{"id":2802,"url":"https:\/\/herage.org\/blog\/https:\/blog.herage.org\/p=\/2802\/","url_meta":{"origin":2808,"position":4},"title":"Calendrier de l&rsquo;avent du CGP : Jour 10","date":"10 d\u00e9cembre 2019","format":false,"excerpt":"Pour le mois de d\u00e9cembre 2019, nous vous proposons d\u2019ouvrir la bo\u00eete \u00e0 souvenirs. Nous avons demand\u00e9 \u00e0 nos adh\u00e9rents de bien vouloir partager des photos ou images et de nous dire en quelques mots ce qu\u2019elles \u00e9voquaient pour eux. Pour le 10e jour de ce calendrier, nous passons la\u2026","rel":"","context":"Dans &quot;Calendrier de l'avent 2019&quot;","img":{"alt_text":"","src":"https:\/\/i0.wp.com\/herage.org\/blog\/wp-content\/uploads\/2019\/12\/01_1894_AV_mariage_roy_rouget.jpg?resize=350%2C200","width":350,"height":200},"classes":[]},{"id":2755,"url":"https:\/\/herage.org\/blog\/https:\/blog.herage.org\/p=\/2755\/","url_meta":{"origin":2808,"position":5},"title":"Calendrier de l&rsquo;avent du CGP : Jour 1","date":"2 d\u00e9cembre 2019","format":false,"excerpt":"Pour le mois de d\u00e9cembre 2019, nous vous proposons d'ouvrir la bo\u00eete \u00e0 souvenirs. Nous avons demand\u00e9 \u00e0 nos adh\u00e9rents de bien vouloir partager des photos ou images et de nous dire en quelques mots ce qu'elles \u00e9voquaient pour eux. La premi\u00e8re photo est partag\u00e9e par Brigitte Billard : \"ma\u2026","rel":"","context":"Dans &quot;Calendrier de l'avent 2019&quot;","img":{"alt_text":"Latill\u00c3\u00a9, Quintard, Guignard","src":"https:\/\/i0.wp.com\/herage.org\/blog\/wp-content\/uploads\/2019\/12\/1905_10_Mariage_Guignard_Quintard-724x1024.jpg?resize=350%2C200","width":350,"height":200},"classes":[]}],"_links":{"self":[{"href":"https:\/\/herage.org\/blog\/wp-json\/wp\/v2\/posts\/2808"}],"collection":[{"href":"https:\/\/herage.org\/blog\/wp-json\/wp\/v2\/posts"}],"about":[{"href":"https:\/\/herage.org\/blog\/wp-json\/wp\/v2\/types\/post"}],"author":[{"embeddable":true,"href":"https:\/\/herage.org\/blog\/wp-json\/wp\/v2\/users\/421"}],"replies":[{"embeddable":true,"href":"https:\/\/herage.org\/blog\/wp-json\/wp\/v2\/comments?post=2808"}],"version-history":[{"count":3,"href":"https:\/\/herage.org\/blog\/wp-json\/wp\/v2\/posts\/2808\/revisions"}],"predecessor-version":[{"id":2835,"href":"https:\/\/herage.org\/blog\/wp-json\/wp\/v2\/posts\/2808\/revisions\/2835"}],"wp:attachment":[{"href":"https:\/\/herage.org\/blog\/wp-json\/wp\/v2\/media?parent=2808"}],"wp:term":[{"taxonomy":"category","embeddable":true,"href":"https:\/\/herage.org\/blog\/wp-json\/wp\/v2\/categories?post=2808"},{"taxonomy":"post_tag","embeddable":true,"href":"https:\/\/herage.org\/blog\/wp-json\/wp\/v2\/tags?post=2808"}],"curies":[{"name":"wp","href":"https:\/\/api.w.org\/{rel}","templated":true}]}}