{"id":2812,"date":"2019-12-15T13:00:21","date_gmt":"2019-12-15T12:00:21","guid":{"rendered":"http:\/\/herage.org\/blog\/?p=2812"},"modified":"2019-12-17T23:59:23","modified_gmt":"2019-12-17T22:59:23","slug":"calendrier-de-lavent-du-cgp-jour-15","status":"publish","type":"post","link":"https:\/\/herage.org\/blog\/https:\/blog.herage.org\/p=\/2812\/","title":{"rendered":"Calendrier de l&rsquo;avent du CGP : Jour 15"},"content":{"rendered":"<p><a href=\"https:\/\/i0.wp.com\/herage.org\/blog\/wp-content\/uploads\/2019\/12\/Jour-15.png\" target=\"_blank\" rel=\"noopener\"><img data-attachment-id=\"2845\" data-permalink=\"https:\/\/herage.org\/blog\/https:\/blog.herage.org\/p=\/2812\/jour-15\/\" data-orig-file=\"https:\/\/i0.wp.com\/herage.org\/blog\/wp-content\/uploads\/2019\/12\/Jour-15.png?fit=1997%2C1553&amp;ssl=1\" data-orig-size=\"1997,1553\" data-comments-opened=\"1\" data-image-meta=\"{&quot;aperture&quot;:&quot;0&quot;,&quot;credit&quot;:&quot;&quot;,&quot;camera&quot;:&quot;&quot;,&quot;caption&quot;:&quot;&quot;,&quot;created_timestamp&quot;:&quot;0&quot;,&quot;copyright&quot;:&quot;&quot;,&quot;focal_length&quot;:&quot;0&quot;,&quot;iso&quot;:&quot;0&quot;,&quot;shutter_speed&quot;:&quot;0&quot;,&quot;title&quot;:&quot;&quot;,&quot;orientation&quot;:&quot;0&quot;}\" data-image-title=\"Les expositions de CGP\" data-image-description=\"\" data-image-caption=\"\" data-medium-file=\"https:\/\/i0.wp.com\/herage.org\/blog\/wp-content\/uploads\/2019\/12\/Jour-15.png?fit=300%2C233&amp;ssl=1\" data-large-file=\"https:\/\/i0.wp.com\/herage.org\/blog\/wp-content\/uploads\/2019\/12\/Jour-15.png?fit=584%2C454&amp;ssl=1\" loading=\"lazy\" class=\"aligncenter wp-image-2845 size-full\" src=\"https:\/\/i0.wp.com\/herage.org\/blog\/wp-content\/uploads\/2019\/12\/Jour-15.png?resize=584%2C454\" alt=\"\" width=\"584\" height=\"454\" srcset=\"https:\/\/i0.wp.com\/herage.org\/blog\/wp-content\/uploads\/2019\/12\/Jour-15.png?w=1997&amp;ssl=1 1997w, https:\/\/i0.wp.com\/herage.org\/blog\/wp-content\/uploads\/2019\/12\/Jour-15.png?resize=300%2C233&amp;ssl=1 300w, https:\/\/i0.wp.com\/herage.org\/blog\/wp-content\/uploads\/2019\/12\/Jour-15.png?resize=768%2C597&amp;ssl=1 768w, https:\/\/i0.wp.com\/herage.org\/blog\/wp-content\/uploads\/2019\/12\/Jour-15.png?resize=1024%2C796&amp;ssl=1 1024w, https:\/\/i0.wp.com\/herage.org\/blog\/wp-content\/uploads\/2019\/12\/Jour-15.png?resize=386%2C300&amp;ssl=1 386w, https:\/\/i0.wp.com\/herage.org\/blog\/wp-content\/uploads\/2019\/12\/Jour-15.png?w=1168&amp;ssl=1 1168w, https:\/\/i0.wp.com\/herage.org\/blog\/wp-content\/uploads\/2019\/12\/Jour-15.png?w=1752&amp;ssl=1 1752w\" sizes=\"(max-width: 584px) 100vw, 584px\" data-recalc-dims=\"1\" \/><\/a><\/p>\n<p style=\"text-align: justify;\">Pour le mois de d\u00e9cembre 2019, nous vous proposons d\u2019ouvrir la bo\u00eete \u00e0 souvenirs. Pour ce 15e jour, nous avons choisi d&rsquo;\u00e9voquer les expositions que nous avons pr\u00e9sent\u00e9es lors de nos derni\u00e8res manifestations. Ce sont de formidables souvenirs pour l&rsquo;\u00e9quipe qui les a pr\u00e9par\u00e9es en amont.<br \/>\n2014- Charroux &#8211; Le 22e bataillon d&rsquo;infanterie canadien fran\u00e7ais sur le front et Arthur MIGNAULT fondateur du 22e<br \/>\n2015 &#8211; Poitiers &#8211; Le Poitou et la Nouvelle France<br \/>\n2016 &#8211; Montamis\u00e9 &#8211; Les poilus du monument aux morts<br \/>\n2017 &#8211; Lenclo\u00eetre &#8211; Le drame des Lourdines<br \/>\n2018 &#8211; Bignoux &#8211; Parcours de vie d&rsquo;instituteurs de la Vienne Morts pour la France, l&rsquo;\u00e9cole et les panneaux Rossignol, Camille Gu\u00e9rin<br \/>\n2019 &#8211; Rouill\u00e9 &#8211; Arbres de descendance de familles protestantes<\/p>\n","protected":false},"excerpt":{"rendered":"<p>Pour le mois de d\u00e9cembre 2019, nous vous proposons d\u2019ouvrir la bo\u00eete \u00e0 souvenirs. Pour ce 15e jour, nous avons choisi d&rsquo;\u00e9voquer les expositions que nous avons pr\u00e9sent\u00e9es lors de nos derni\u00e8res manifestations. Ce sont de formidables souvenirs pour l&rsquo;\u00e9quipe &hellip; <a href=\"https:\/\/herage.org\/blog\/https:\/blog.herage.org\/p=\/2812\/\">Continuer la lecture <span class=\"meta-nav\">&rarr;<\/span><\/a><\/p>\n","protected":false},"author":421,"featured_media":0,"comment_status":"open","ping_status":"open","sticky":false,"template":"","format":"standard","meta":{"spay_email":"","jetpack_publicize_message":"Calendrier de l'avent du CGP : Jour 15\r\nLes expositions d' @HerageCGP","jetpack_is_tweetstorm":false,"jetpack_publicize_feature_enabled":true},"categories":[267],"tags":[],"jetpack_publicize_connections":[],"jetpack_featured_media_url":"","jetpack_sharing_enabled":true,"jetpack_shortlink":"https:\/\/wp.me\/p4fVnZ-Jm","jetpack-related-posts":[{"id":2875,"url":"https:\/\/herage.org\/blog\/https:\/blog.herage.org\/p=\/2875\/","url_meta":{"origin":2812,"position":0},"title":"Calendrier de l&rsquo;avent du CGP : Jour 22","date":"24 d\u00e9cembre 2019","format":false,"excerpt":"Pour le mois de d\u00e9cembre 2019, nous vous proposons d\u2019ouvrir la bo\u00eete \u00e0 souvenirs. Nous avons demand\u00e9 \u00e0 nos adh\u00e9rents de bien vouloir partager des photos ou images et de nous dire en quelques mots ce qu\u2019elles \u00e9voquaient pour eux. Pour ce 22e jour, Jean Moussu s'est replong\u00e9 dans les\u2026","rel":"","context":"Dans &quot;Calendrier de l'avent 2019&quot;","img":{"alt_text":"","src":"https:\/\/i0.wp.com\/herage.org\/blog\/wp-content\/uploads\/2019\/12\/Ypres_campagne1914-1915.jpg?resize=350%2C200","width":350,"height":200},"classes":[]},{"id":2810,"url":"https:\/\/herage.org\/blog\/https:\/blog.herage.org\/p=\/2810\/","url_meta":{"origin":2812,"position":1},"title":"Calendrier de l&rsquo;avent du CGP : Jour 14","date":"14 d\u00e9cembre 2019","format":false,"excerpt":"Pour le mois de d\u00e9cembre 2019, nous vous proposons d\u2019ouvrir la bo\u00eete \u00e0 souvenirs. Pour ce 14e jour, nous avons choisi d'\u00e9voquer les souvenirs du Cercle. Ceux-ci sont fortement li\u00e9s aux journ\u00e9es d'\u00e9changes qui sont avant tout destin\u00e9es \u00e0 nos adh\u00e9rents qui peuvent ainsi exposer gratuitement pendant 2 jours le\u2026","rel":"","context":"Dans &quot;Calendrier de l'avent 2019&quot;","img":{"alt_text":"","src":"https:\/\/i0.wp.com\/herage.org\/blog\/wp-content\/uploads\/2019\/12\/Souvenirs-de-salons-CGP.png?resize=350%2C200","width":350,"height":200},"classes":[]},{"id":2765,"url":"https:\/\/herage.org\/blog\/https:\/blog.herage.org\/p=\/2765\/","url_meta":{"origin":2812,"position":2},"title":"Calendrier de l&rsquo;avent du CGP : Jour 3","date":"3 d\u00e9cembre 2019","format":false,"excerpt":"Pour le mois de d\u00e9cembre 2019, nous vous proposons d\u2019ouvrir la bo\u00eete \u00e0 souvenirs. Nous avons demand\u00e9 \u00e0 nos adh\u00e9rents de bien vouloir partager des photos ou images et de nous dire en quelques mots ce qu\u2019elles \u00e9voquaient pour eux. La troisi\u00e8me photo est partag\u00e9e par Anne Berthe : \"sur\u2026","rel":"","context":"Dans &quot;Calendrier de l'avent 2019&quot;","img":{"alt_text":"","src":"https:\/\/i0.wp.com\/herage.org\/blog\/wp-content\/uploads\/2019\/12\/Dissay-Vall\u00c3\u00a9e-du-Clain-et-Usine-Gu\u00c3\u00a9rin.jpg?resize=350%2C200","width":350,"height":200},"classes":[]},{"id":2870,"url":"https:\/\/herage.org\/blog\/https:\/blog.herage.org\/p=\/2870\/","url_meta":{"origin":2812,"position":3},"title":"Calendrier de l&rsquo;avent du CGP : Jour 21","date":"21 d\u00e9cembre 2019","format":false,"excerpt":"Pour le mois de d\u00e9cembre 2019, nous vous proposons d\u2019ouvrir la bo\u00eete \u00e0 souvenirs. En ce 21e jour, nous avons choisi d'\u00e9voquer un des des moments forts d'une association : les assembl\u00e9es g\u00e9n\u00e9rales. Vous \u00eates nombreux chaque ann\u00e9e \u00e0 r\u00e9pondre \u00e0 cette invitation. Cela en fait des souvenirs ! Voici\u2026","rel":"","context":"Dans &quot;Calendrier de l'avent 2019&quot;","img":{"alt_text":"","src":"https:\/\/i0.wp.com\/herage.org\/blog\/wp-content\/uploads\/2019\/12\/Souvenirs-AG-CGP.png?resize=350%2C200","width":350,"height":200},"classes":[]},{"id":2786,"url":"https:\/\/herage.org\/blog\/https:\/blog.herage.org\/p=\/2786\/","url_meta":{"origin":2812,"position":4},"title":"Calendrier de l&rsquo;avent du CGP : Jour 7","date":"7 d\u00e9cembre 2019","format":false,"excerpt":"Pour le mois de d\u00e9cembre 2019, nous vous proposons d\u2019ouvrir la bo\u00eete \u00e0 souvenirs. Pour ce septi\u00e8me jour, nous avons choisi d'\u00e9voquer les souvenirs du Cercle. Parmi les plus marquants, il y a bien s\u00fbr le 23e salon national de g\u00e9n\u00e9alogie que nous avons eu l'honneur d'organiser du 02 au\u2026","rel":"","context":"Dans &quot;Calendrier de l'avent 2019&quot;","img":{"alt_text":"","src":"https:\/\/i0.wp.com\/herage.org\/blog\/wp-content\/uploads\/2019\/12\/congr\u00e8s-2.jpg?resize=350%2C200","width":350,"height":200},"classes":[]},{"id":2838,"url":"https:\/\/herage.org\/blog\/https:\/blog.herage.org\/p=\/2838\/","url_meta":{"origin":2812,"position":5},"title":"Calendrier de l&rsquo;avent du CGP : Jour 17","date":"17 d\u00e9cembre 2019","format":false,"excerpt":"Pour le mois de d\u00e9cembre 2019, nous vous proposons d\u2019ouvrir la bo\u00eete \u00e0 souvenirs. Nous avons demand\u00e9 \u00e0 nos adh\u00e9rents de bien vouloir partager des photos ou images et de nous dire en quelques mots ce qu\u2019elles \u00e9voquaient pour eux. Ce 17e jour, S\u00e9verine GOURDEAU partage avec vous la photo\u2026","rel":"","context":"Dans &quot;Calendrier de l'avent 2019&quot;","img":{"alt_text":"Saint-Pierre-les-Eglises, JOUBERT, PIFFETEAU, Vienne 86","src":"https:\/\/i0.wp.com\/herage.org\/blog\/wp-content\/uploads\/2019\/12\/Double-mariage-JOUBERT-PIFFETEAU-1946.jpg?resize=350%2C200","width":350,"height":200},"classes":[]}],"_links":{"self":[{"href":"https:\/\/herage.org\/blog\/wp-json\/wp\/v2\/posts\/2812"}],"collection":[{"href":"https:\/\/herage.org\/blog\/wp-json\/wp\/v2\/posts"}],"about":[{"href":"https:\/\/herage.org\/blog\/wp-json\/wp\/v2\/types\/post"}],"author":[{"embeddable":true,"href":"https:\/\/herage.org\/blog\/wp-json\/wp\/v2\/users\/421"}],"replies":[{"embeddable":true,"href":"https:\/\/herage.org\/blog\/wp-json\/wp\/v2\/comments?post=2812"}],"version-history":[{"count":5,"href":"https:\/\/herage.org\/blog\/wp-json\/wp\/v2\/posts\/2812\/revisions"}],"predecessor-version":[{"id":2856,"href":"https:\/\/herage.org\/blog\/wp-json\/wp\/v2\/posts\/2812\/revisions\/2856"}],"wp:attachment":[{"href":"https:\/\/herage.org\/blog\/wp-json\/wp\/v2\/media?parent=2812"}],"wp:term":[{"taxonomy":"category","embeddable":true,"href":"https:\/\/herage.org\/blog\/wp-json\/wp\/v2\/categories?post=2812"},{"taxonomy":"post_tag","embeddable":true,"href":"https:\/\/herage.org\/blog\/wp-json\/wp\/v2\/tags?post=2812"}],"curies":[{"name":"wp","href":"https:\/\/api.w.org\/{rel}","templated":true}]}}