{"id":2838,"date":"2019-12-17T13:00:57","date_gmt":"2019-12-17T12:00:57","guid":{"rendered":"http:\/\/herage.org\/blog\/?p=2838"},"modified":"2019-12-17T22:29:31","modified_gmt":"2019-12-17T21:29:31","slug":"calendrier-de-lavent-du-cgp-jour-17","status":"publish","type":"post","link":"https:\/\/herage.org\/blog\/https:\/blog.herage.org\/p=\/2838\/","title":{"rendered":"Calendrier de l&rsquo;avent du CGP : Jour 17"},"content":{"rendered":"<div id=\"attachment_2853\" style=\"width: 1738px\" class=\"wp-caption aligncenter\"><a href=\"https:\/\/i0.wp.com\/herage.org\/blog\/wp-content\/uploads\/2019\/12\/Double-mariage-JOUBERT-PIFFETEAU-1946.jpg\" target=\"_blank\" rel=\"noopener\"><img aria-describedby=\"caption-attachment-2853\" data-attachment-id=\"2853\" data-permalink=\"https:\/\/herage.org\/blog\/https:\/blog.herage.org\/p=\/2838\/double-mariage-joubert-piffeteau-1946\/\" data-orig-file=\"https:\/\/i0.wp.com\/herage.org\/blog\/wp-content\/uploads\/2019\/12\/Double-mariage-JOUBERT-PIFFETEAU-1946.jpg?fit=1728%2C1560&amp;ssl=1\" data-orig-size=\"1728,1560\" data-comments-opened=\"1\" data-image-meta=\"{&quot;aperture&quot;:&quot;2.2&quot;,&quot;credit&quot;:&quot;&quot;,&quot;camera&quot;:&quot;WIM Lite&quot;,&quot;caption&quot;:&quot;&quot;,&quot;created_timestamp&quot;:&quot;1574895058&quot;,&quot;copyright&quot;:&quot;&quot;,&quot;focal_length&quot;:&quot;4.73&quot;,&quot;iso&quot;:&quot;158&quot;,&quot;shutter_speed&quot;:&quot;0.03030303030303&quot;,&quot;title&quot;:&quot;&quot;,&quot;orientation&quot;:&quot;1&quot;}\" data-image-title=\"Double mariage JOUBERT-PIFFETEAU 1946\" data-image-description=\"\" data-image-caption=\"\" data-medium-file=\"https:\/\/i0.wp.com\/herage.org\/blog\/wp-content\/uploads\/2019\/12\/Double-mariage-JOUBERT-PIFFETEAU-1946.jpg?fit=300%2C271&amp;ssl=1\" data-large-file=\"https:\/\/i0.wp.com\/herage.org\/blog\/wp-content\/uploads\/2019\/12\/Double-mariage-JOUBERT-PIFFETEAU-1946.jpg?fit=584%2C527&amp;ssl=1\" loading=\"lazy\" class=\"wp-image-2853 size-full\" src=\"https:\/\/i0.wp.com\/herage.org\/blog\/wp-content\/uploads\/2019\/12\/Double-mariage-JOUBERT-PIFFETEAU-1946.jpg?resize=584%2C527\" alt=\"Saint-Pierre-les-Eglises, JOUBERT, PIFFETEAU, Vienne 86\" width=\"584\" height=\"527\" srcset=\"https:\/\/i0.wp.com\/herage.org\/blog\/wp-content\/uploads\/2019\/12\/Double-mariage-JOUBERT-PIFFETEAU-1946.jpg?w=1728&amp;ssl=1 1728w, https:\/\/i0.wp.com\/herage.org\/blog\/wp-content\/uploads\/2019\/12\/Double-mariage-JOUBERT-PIFFETEAU-1946.jpg?resize=300%2C271&amp;ssl=1 300w, https:\/\/i0.wp.com\/herage.org\/blog\/wp-content\/uploads\/2019\/12\/Double-mariage-JOUBERT-PIFFETEAU-1946.jpg?resize=768%2C693&amp;ssl=1 768w, https:\/\/i0.wp.com\/herage.org\/blog\/wp-content\/uploads\/2019\/12\/Double-mariage-JOUBERT-PIFFETEAU-1946.jpg?resize=1024%2C924&amp;ssl=1 1024w, https:\/\/i0.wp.com\/herage.org\/blog\/wp-content\/uploads\/2019\/12\/Double-mariage-JOUBERT-PIFFETEAU-1946.jpg?resize=332%2C300&amp;ssl=1 332w, https:\/\/i0.wp.com\/herage.org\/blog\/wp-content\/uploads\/2019\/12\/Double-mariage-JOUBERT-PIFFETEAU-1946.jpg?w=1168&amp;ssl=1 1168w\" sizes=\"(max-width: 584px) 100vw, 584px\" data-recalc-dims=\"1\" \/><\/a><p id=\"caption-attachment-2853\" class=\"wp-caption-text\">Double mariage des fr\u00e8res JOUBERT avec les soeurs PIFFETEAU, 1946 \u00e0 Saint-Pierre-les-Eglises (86)<\/p><\/div>\n<p style=\"text-align: justify;\">Pour le mois de d\u00e9cembre 2019, nous vous proposons d\u2019ouvrir la bo\u00eete \u00e0 souvenirs. Nous avons demand\u00e9 \u00e0 nos adh\u00e9rents de bien vouloir partager des photos ou images et de nous dire en quelques mots ce qu\u2019elles \u00e9voquaient pour eux.<\/p>\n<p style=\"text-align: justify;\">Ce 17e jour, S\u00e9verine GOURDEAU partage avec vous la photo de ce double mariage \u00e0 Saint-Pierre-les-Eglises :<br \/>\n<em>\u00ab\u00a0La commune de Saint-Pierre-les-Eglises fusionne le 01\/12\/1946 avec celle de Chauvigny.\u00a0J&rsquo;ai agr\u00e9ment\u00e9 ce clich\u00e9 de \u00ab\u00a0scrapbooking\u00a0\u00bb. Il pr\u00e9sente l&rsquo;un des derniers mariages de cette ancienne commune, avec la particularit\u00e9 d&rsquo;\u00eatre double. <\/em><br \/>\n<em>En effet le 24 mai 1946, les fr\u00e8res JOUBERT \u00e9pousent les s\u0153urs PIFFETEAU :\u00a0\u00a0\u00a0\u00a0\u00a0\u00a0\u00a0\u00a0\u00a0\u00a0\u00a0\u00a0 JOUBERT Gaston Ernest Henri (1918-2006) et PIFFETEAU Madeleine Rose Marie Jeanne (1925-2008), mes sosas 14 et 15, les plus petits des mari\u00e9s, s&rsquo;unissent le m\u00eame jour que JOUBERT\u00a0? et PIFFETEAU Marie.\u00a0\u00bb<\/em><\/p>\n<p style=\"text-align: justify;\">Le moins que l&rsquo;on puisse dire c&rsquo;est que chez les GOURDEAU la g\u00e9n\u00e9alogie est une passion qui se partage en famille mais aussi avec les autres. Anthony participe r\u00e9guli\u00e8rement, pour notre plus grand plaisir, dans la revue Herage et derni\u00e8rement, Camille, la fille du couple, a remis un texte \u00e0 l&rsquo;atelier \u00e9criture que nous avons publi\u00e9 pour le ChallengeAZ en 2019\u00a0avec R comme <a href=\"http:\/\/herage.org\/blog\/?p=2329\" target=\"_blank\" rel=\"noopener\">Regard sur l&rsquo;histoire de mon coll\u00e8ge.<\/a><br \/>\nLa rel\u00e8ve est assur\u00e9e !<\/p>\n<p>Bonne lecture !<\/p>\n","protected":false},"excerpt":{"rendered":"<p>Pour le mois de d\u00e9cembre 2019, nous vous proposons d\u2019ouvrir la bo\u00eete \u00e0 souvenirs. Nous avons demand\u00e9 \u00e0 nos adh\u00e9rents de bien vouloir partager des photos ou images et de nous dire en quelques mots ce qu\u2019elles \u00e9voquaient pour eux. &hellip; <a href=\"https:\/\/herage.org\/blog\/https:\/blog.herage.org\/p=\/2838\/\">Continuer la lecture <span class=\"meta-nav\">&rarr;<\/span><\/a><\/p>\n","protected":false},"author":421,"featured_media":0,"comment_status":"open","ping_status":"open","sticky":false,"template":"","format":"standard","meta":{"spay_email":"","jetpack_publicize_message":"Calendrier de l'avent du CGP : Jour 17\r\nS\u00e9verine nous  propose un double mariage \u00e0 Saint-Pierre-les-Eglises, parmi les derniers enregistr\u00e9s dans cette ancienne commune de la Vienne.","jetpack_is_tweetstorm":false,"jetpack_publicize_feature_enabled":true},"categories":[267],"tags":[],"jetpack_publicize_connections":[],"jetpack_featured_media_url":"","jetpack_sharing_enabled":true,"jetpack_shortlink":"https:\/\/wp.me\/p4fVnZ-JM","jetpack-related-posts":[{"id":2870,"url":"https:\/\/herage.org\/blog\/https:\/blog.herage.org\/p=\/2870\/","url_meta":{"origin":2838,"position":0},"title":"Calendrier de l&rsquo;avent du CGP : Jour 21","date":"21 d\u00e9cembre 2019","format":false,"excerpt":"Pour le mois de d\u00e9cembre 2019, nous vous proposons d\u2019ouvrir la bo\u00eete \u00e0 souvenirs. En ce 21e jour, nous avons choisi d'\u00e9voquer un des des moments forts d'une association : les assembl\u00e9es g\u00e9n\u00e9rales. Vous \u00eates nombreux chaque ann\u00e9e \u00e0 r\u00e9pondre \u00e0 cette invitation. Cela en fait des souvenirs ! Voici\u2026","rel":"","context":"Dans &quot;Calendrier de l'avent 2019&quot;","img":{"alt_text":"","src":"https:\/\/i0.wp.com\/herage.org\/blog\/wp-content\/uploads\/2019\/12\/Souvenirs-AG-CGP.png?resize=350%2C200","width":350,"height":200},"classes":[]},{"id":2836,"url":"https:\/\/herage.org\/blog\/https:\/blog.herage.org\/p=\/2836\/","url_meta":{"origin":2838,"position":1},"title":"Calendrier de l&rsquo;avent du CGP : Jour 16","date":"16 d\u00e9cembre 2019","format":false,"excerpt":"Pour le mois de d\u00e9cembre 2019, nous vous proposons d\u2019ouvrir la bo\u00eete \u00e0 souvenirs. Nous avons demand\u00e9 \u00e0 nos adh\u00e9rents de bien vouloir partager des photos ou images et de nous dire en quelques mots ce qu\u2019elles \u00e9voquaient pour eux. Pour ce 16e jour, c'est au tour de Marie Jeanne\u2026","rel":"","context":"Dans &quot;Calendrier de l'avent 2019&quot;","img":{"alt_text":"Chalais, Vienne 86","src":"https:\/\/i0.wp.com\/herage.org\/blog\/wp-content\/uploads\/2019\/12\/img029-002.jpg?resize=350%2C200","width":350,"height":200},"classes":[]},{"id":2771,"url":"https:\/\/herage.org\/blog\/https:\/blog.herage.org\/p=\/2771\/","url_meta":{"origin":2838,"position":2},"title":"Calendrier de l&rsquo;avent du CGP : Jour 4","date":"4 d\u00e9cembre 2019","format":false,"excerpt":"Pour le mois de d\u00e9cembre 2019, nous vous proposons d\u2019ouvrir la bo\u00eete \u00e0 souvenirs. Nous avons demand\u00e9 \u00e0 nos adh\u00e9rents de bien vouloir partager des photos ou images et de nous dire en quelques mots ce qu\u2019elles \u00e9voquaient pour eux. La quatri\u00e8me photo est partag\u00e9e par Nat\u00a0Deret. Elle nous propose\u2026","rel":"","context":"Dans &quot;Calendrier de l'avent 2019&quot;","img":{"alt_text":"","src":"https:\/\/i0.wp.com\/herage.org\/blog\/wp-content\/uploads\/2019\/12\/Mariage-Grands-parents-Deret.jpeg?resize=350%2C200","width":350,"height":200},"classes":[]},{"id":2802,"url":"https:\/\/herage.org\/blog\/https:\/blog.herage.org\/p=\/2802\/","url_meta":{"origin":2838,"position":3},"title":"Calendrier de l&rsquo;avent du CGP : Jour 10","date":"10 d\u00e9cembre 2019","format":false,"excerpt":"Pour le mois de d\u00e9cembre 2019, nous vous proposons d\u2019ouvrir la bo\u00eete \u00e0 souvenirs. Nous avons demand\u00e9 \u00e0 nos adh\u00e9rents de bien vouloir partager des photos ou images et de nous dire en quelques mots ce qu\u2019elles \u00e9voquaient pour eux. Pour le 10e jour de ce calendrier, nous passons la\u2026","rel":"","context":"Dans &quot;Calendrier de l'avent 2019&quot;","img":{"alt_text":"","src":"https:\/\/i0.wp.com\/herage.org\/blog\/wp-content\/uploads\/2019\/12\/01_1894_AV_mariage_roy_rouget.jpg?resize=350%2C200","width":350,"height":200},"classes":[]},{"id":2808,"url":"https:\/\/herage.org\/blog\/https:\/blog.herage.org\/p=\/2808\/","url_meta":{"origin":2838,"position":4},"title":"Calendrier de l&rsquo;avent du CGP : Jour 13","date":"13 d\u00e9cembre 2019","format":false,"excerpt":"Pour le mois de d\u00e9cembre 2019, nous vous proposons d\u2019ouvrir la bo\u00eete \u00e0 souvenirs. Nous avons demand\u00e9 \u00e0 nos adh\u00e9rents de bien vouloir partager des photos ou images et de nous dire en quelques mots ce qu\u2019elles \u00e9voquaient pour eux. Pour ce 13e jour, c'est Claude ALLARD qui prend la\u2026","rel":"","context":"Dans &quot;Calendrier de l'avent 2019&quot;","img":{"alt_text":"","src":"https:\/\/i0.wp.com\/herage.org\/blog\/wp-content\/uploads\/2019\/12\/Mariage-Point-Boutin-et-Point-Allard.png?resize=350%2C200","width":350,"height":200},"classes":[]},{"id":2755,"url":"https:\/\/herage.org\/blog\/https:\/blog.herage.org\/p=\/2755\/","url_meta":{"origin":2838,"position":5},"title":"Calendrier de l&rsquo;avent du CGP : Jour 1","date":"2 d\u00e9cembre 2019","format":false,"excerpt":"Pour le mois de d\u00e9cembre 2019, nous vous proposons d'ouvrir la bo\u00eete \u00e0 souvenirs. Nous avons demand\u00e9 \u00e0 nos adh\u00e9rents de bien vouloir partager des photos ou images et de nous dire en quelques mots ce qu'elles \u00e9voquaient pour eux. La premi\u00e8re photo est partag\u00e9e par Brigitte Billard : \"ma\u2026","rel":"","context":"Dans &quot;Calendrier de l'avent 2019&quot;","img":{"alt_text":"Latill\u00c3\u00a9, Quintard, Guignard","src":"https:\/\/i0.wp.com\/herage.org\/blog\/wp-content\/uploads\/2019\/12\/1905_10_Mariage_Guignard_Quintard-724x1024.jpg?resize=350%2C200","width":350,"height":200},"classes":[]}],"_links":{"self":[{"href":"https:\/\/herage.org\/blog\/wp-json\/wp\/v2\/posts\/2838"}],"collection":[{"href":"https:\/\/herage.org\/blog\/wp-json\/wp\/v2\/posts"}],"about":[{"href":"https:\/\/herage.org\/blog\/wp-json\/wp\/v2\/types\/post"}],"author":[{"embeddable":true,"href":"https:\/\/herage.org\/blog\/wp-json\/wp\/v2\/users\/421"}],"replies":[{"embeddable":true,"href":"https:\/\/herage.org\/blog\/wp-json\/wp\/v2\/comments?post=2838"}],"version-history":[{"count":3,"href":"https:\/\/herage.org\/blog\/wp-json\/wp\/v2\/posts\/2838\/revisions"}],"predecessor-version":[{"id":2854,"href":"https:\/\/herage.org\/blog\/wp-json\/wp\/v2\/posts\/2838\/revisions\/2854"}],"wp:attachment":[{"href":"https:\/\/herage.org\/blog\/wp-json\/wp\/v2\/media?parent=2838"}],"wp:term":[{"taxonomy":"category","embeddable":true,"href":"https:\/\/herage.org\/blog\/wp-json\/wp\/v2\/categories?post=2838"},{"taxonomy":"post_tag","embeddable":true,"href":"https:\/\/herage.org\/blog\/wp-json\/wp\/v2\/tags?post=2838"}],"curies":[{"name":"wp","href":"https:\/\/api.w.org\/{rel}","templated":true}]}}