{"id":2840,"date":"2019-12-18T13:00:10","date_gmt":"2019-12-18T12:00:10","guid":{"rendered":"http:\/\/herage.org\/blog\/?p=2840"},"modified":"2019-12-18T23:42:12","modified_gmt":"2019-12-18T22:42:12","slug":"calendrier-de-lavent-du-cgp-jour-18","status":"publish","type":"post","link":"https:\/\/herage.org\/blog\/https:\/blog.herage.org\/p=\/2840\/","title":{"rendered":"Calendrier de l&rsquo;avent du CGP : Jour 18"},"content":{"rendered":"<div id=\"attachment_2858\" style=\"width: 4519px\" class=\"wp-caption aligncenter\"><a href=\"https:\/\/i0.wp.com\/herage.org\/blog\/wp-content\/uploads\/2019\/12\/Machine-\u00e0-coudre.jpg\" target=\"_blank\" rel=\"noopener\"><img aria-describedby=\"caption-attachment-2858\" data-attachment-id=\"2858\" data-permalink=\"https:\/\/herage.org\/blog\/https:\/blog.herage.org\/p=\/2840\/machine-a-coudre\/\" data-orig-file=\"https:\/\/i0.wp.com\/herage.org\/blog\/wp-content\/uploads\/2019\/12\/Machine-\u00e0-coudre.jpg?fit=4509%2C3490&amp;ssl=1\" data-orig-size=\"4509,3490\" data-comments-opened=\"1\" data-image-meta=\"{&quot;aperture&quot;:&quot;0&quot;,&quot;credit&quot;:&quot;&quot;,&quot;camera&quot;:&quot;&quot;,&quot;caption&quot;:&quot;&quot;,&quot;created_timestamp&quot;:&quot;0&quot;,&quot;copyright&quot;:&quot;&quot;,&quot;focal_length&quot;:&quot;0&quot;,&quot;iso&quot;:&quot;0&quot;,&quot;shutter_speed&quot;:&quot;0&quot;,&quot;title&quot;:&quot;&quot;,&quot;orientation&quot;:&quot;0&quot;}\" data-image-title=\"Machine \u00e0 coudre\" data-image-description=\"\" data-image-caption=\"\" data-medium-file=\"https:\/\/i0.wp.com\/herage.org\/blog\/wp-content\/uploads\/2019\/12\/Machine-\u00e0-coudre.jpg?fit=300%2C232&amp;ssl=1\" data-large-file=\"https:\/\/i0.wp.com\/herage.org\/blog\/wp-content\/uploads\/2019\/12\/Machine-\u00e0-coudre.jpg?fit=584%2C452&amp;ssl=1\" loading=\"lazy\" class=\"wp-image-2858 size-full\" src=\"https:\/\/i0.wp.com\/herage.org\/blog\/wp-content\/uploads\/2019\/12\/Machine-\u00e0-coudre.jpg?resize=584%2C452\" alt=\"\" width=\"584\" height=\"452\" srcset=\"https:\/\/i0.wp.com\/herage.org\/blog\/wp-content\/uploads\/2019\/12\/Machine-\u00e0-coudre.jpg?w=4509&amp;ssl=1 4509w, https:\/\/i0.wp.com\/herage.org\/blog\/wp-content\/uploads\/2019\/12\/Machine-\u00e0-coudre.jpg?resize=300%2C232&amp;ssl=1 300w, https:\/\/i0.wp.com\/herage.org\/blog\/wp-content\/uploads\/2019\/12\/Machine-\u00e0-coudre.jpg?resize=768%2C594&amp;ssl=1 768w, https:\/\/i0.wp.com\/herage.org\/blog\/wp-content\/uploads\/2019\/12\/Machine-\u00e0-coudre.jpg?resize=1024%2C793&amp;ssl=1 1024w, https:\/\/i0.wp.com\/herage.org\/blog\/wp-content\/uploads\/2019\/12\/Machine-\u00e0-coudre.jpg?resize=388%2C300&amp;ssl=1 388w, https:\/\/i0.wp.com\/herage.org\/blog\/wp-content\/uploads\/2019\/12\/Machine-\u00e0-coudre.jpg?w=1168&amp;ssl=1 1168w, https:\/\/i0.wp.com\/herage.org\/blog\/wp-content\/uploads\/2019\/12\/Machine-\u00e0-coudre.jpg?w=1752&amp;ssl=1 1752w\" sizes=\"(max-width: 584px) 100vw, 584px\" data-recalc-dims=\"1\" \/><\/a><p id=\"caption-attachment-2858\" class=\"wp-caption-text\">De gauche \u00e0 droite : Claude ROUIL ; Constant BAUDINIERE ; Constant QUILLET, tailleur ; Suzanne ROUIL ; Marie-Rose ARNAULT ; Antonine PENINON ; ? ; ? ; ? ; Lucien GERBAULT ; Yvonne ROUIL, \u00e9pouse BAUDINIERE; ? (collection C. Couillaud)<\/p><\/div>\n<p style=\"text-align: justify;\">Pour le mois de d\u00e9cembre 2019, nous vous proposons d\u2019ouvrir la bo\u00eete \u00e0 souvenirs. Nous avons demand\u00e9 \u00e0 nos adh\u00e9rents de bien vouloir partager des photos ou images et de nous dire en quelques mots ce qu\u2019elles \u00e9voquaient pour eux.<\/p>\n<p style=\"text-align: justify;\">Pour ce 18e jour, c&rsquo;est au tour de Jacky Gerbault de nous offrir cette sc\u00e8ne de vie en pleine rue de Salles-en-Toulon:<br \/>\n<em>\u00ab\u00a0Sur cette photo se trouvent mes grands-parents paternels. Ma grand-m\u00e8re est install\u00e9e \u00e0 la machine \u00e0 coudre\u00a0et mon grand-p\u00e8re tient un objet dans sa main gauche, d&rsquo;ailleurs je me demande de quoi il s&rsquo;agit.\u00a0Sont pr\u00e9sents des tailleurs d&rsquo;habits, des couturi\u00e8res et des marchands de tissus rouenniers.<\/em><br \/>\n<em>Autre myst\u00e8re la date de cette photo, le livre de photos de Valdivienne, page 171, la date de 1908, alors que pour moi elle ne\u00a0peut \u00eatre dat\u00e9e que du d\u00e9but de 1920.<\/em><br \/>\n<em>La photo m&rsquo;a \u00e9t\u00e9 transmise par Christophe Couillaud.\u00a0\u00bb<\/em><\/p>\n<p style=\"text-align: justify;\">Jacky aime parler des m\u00e9tiers de nos anciens. C&rsquo;est ainsi que pour le challengeAZ il s&rsquo;est pench\u00e9 sur deux m\u00e9tiers que nous rencontrons dans nos recherches :<br \/>\nen 2018 avec B comme <a href=\"http:\/\/herage.org\/blog\/?p=1608\" target=\"_blank\" rel=\"noopener\">Bonnes, la Ronde, des meuniers<\/a><br \/>\n<span style=\"text-align: justify;\">en 2019 avec V comme <\/span><a style=\"text-align: justify;\" href=\"http:\/\/herage.org\/blog\/?p=2692\" target=\"_blank\" rel=\"noopener\">Valdivienne, une dynastie d&rsquo;instituteurs<\/a><\/p>\n<p style=\"text-align: justify;\">Bonne lecture !<\/p>\n","protected":false},"excerpt":{"rendered":"<p>Pour le mois de d\u00e9cembre 2019, nous vous proposons d\u2019ouvrir la bo\u00eete \u00e0 souvenirs. Nous avons demand\u00e9 \u00e0 nos adh\u00e9rents de bien vouloir partager des photos ou images et de nous dire en quelques mots ce qu\u2019elles \u00e9voquaient pour eux. &hellip; <a href=\"https:\/\/herage.org\/blog\/https:\/blog.herage.org\/p=\/2840\/\">Continuer la lecture <span class=\"meta-nav\">&rarr;<\/span><\/a><\/p>\n","protected":false},"author":421,"featured_media":0,"comment_status":"open","ping_status":"open","sticky":false,"template":"","format":"standard","meta":{"spay_email":"","jetpack_publicize_message":"Calendrier de l'avent du CGP : Jour 18\r\nJacky nous emm\u00e8ne \u00e0 Salles-en-Toulon avec une sc\u00e8ne de vie autour de petits m\u00e9tiers qui animaient les rues de nos villages.","jetpack_is_tweetstorm":false,"jetpack_publicize_feature_enabled":true},"categories":[267],"tags":[],"jetpack_publicize_connections":[],"jetpack_featured_media_url":"","jetpack_sharing_enabled":true,"jetpack_shortlink":"https:\/\/wp.me\/p4fVnZ-JO","jetpack-related-posts":[{"id":2771,"url":"https:\/\/herage.org\/blog\/https:\/blog.herage.org\/p=\/2771\/","url_meta":{"origin":2840,"position":0},"title":"Calendrier de l&rsquo;avent du CGP : Jour 4","date":"4 d\u00e9cembre 2019","format":false,"excerpt":"Pour le mois de d\u00e9cembre 2019, nous vous proposons d\u2019ouvrir la bo\u00eete \u00e0 souvenirs. Nous avons demand\u00e9 \u00e0 nos adh\u00e9rents de bien vouloir partager des photos ou images et de nous dire en quelques mots ce qu\u2019elles \u00e9voquaient pour eux. La quatri\u00e8me photo est partag\u00e9e par Nat\u00a0Deret. Elle nous propose\u2026","rel":"","context":"Dans &quot;Calendrier de l'avent 2019&quot;","img":{"alt_text":"","src":"https:\/\/i0.wp.com\/herage.org\/blog\/wp-content\/uploads\/2019\/12\/Mariage-Grands-parents-Deret.jpeg?resize=350%2C200","width":350,"height":200},"classes":[]},{"id":2765,"url":"https:\/\/herage.org\/blog\/https:\/blog.herage.org\/p=\/2765\/","url_meta":{"origin":2840,"position":1},"title":"Calendrier de l&rsquo;avent du CGP : Jour 3","date":"3 d\u00e9cembre 2019","format":false,"excerpt":"Pour le mois de d\u00e9cembre 2019, nous vous proposons d\u2019ouvrir la bo\u00eete \u00e0 souvenirs. Nous avons demand\u00e9 \u00e0 nos adh\u00e9rents de bien vouloir partager des photos ou images et de nous dire en quelques mots ce qu\u2019elles \u00e9voquaient pour eux. La troisi\u00e8me photo est partag\u00e9e par Anne Berthe : \"sur\u2026","rel":"","context":"Dans &quot;Calendrier de l'avent 2019&quot;","img":{"alt_text":"","src":"https:\/\/i0.wp.com\/herage.org\/blog\/wp-content\/uploads\/2019\/12\/Dissay-Vall\u00c3\u00a9e-du-Clain-et-Usine-Gu\u00c3\u00a9rin.jpg?resize=350%2C200","width":350,"height":200},"classes":[]},{"id":2786,"url":"https:\/\/herage.org\/blog\/https:\/blog.herage.org\/p=\/2786\/","url_meta":{"origin":2840,"position":2},"title":"Calendrier de l&rsquo;avent du CGP : Jour 7","date":"7 d\u00e9cembre 2019","format":false,"excerpt":"Pour le mois de d\u00e9cembre 2019, nous vous proposons d\u2019ouvrir la bo\u00eete \u00e0 souvenirs. Pour ce septi\u00e8me jour, nous avons choisi d'\u00e9voquer les souvenirs du Cercle. Parmi les plus marquants, il y a bien s\u00fbr le 23e salon national de g\u00e9n\u00e9alogie que nous avons eu l'honneur d'organiser du 02 au\u2026","rel":"","context":"Dans &quot;Calendrier de l'avent 2019&quot;","img":{"alt_text":"","src":"https:\/\/i0.wp.com\/herage.org\/blog\/wp-content\/uploads\/2019\/12\/congr\u00e8s-2.jpg?resize=350%2C200","width":350,"height":200},"classes":[]},{"id":2760,"url":"https:\/\/herage.org\/blog\/https:\/blog.herage.org\/p=\/2760\/","url_meta":{"origin":2840,"position":3},"title":"Calendrier de l&rsquo;avent du CGP : Jour 2","date":"2 d\u00e9cembre 2019","format":false,"excerpt":"Pour le mois de d\u00e9cembre 2019, nous vous proposons d\u2019ouvrir la bo\u00eete \u00e0 souvenirs. Nous avons demand\u00e9 \u00e0 nos adh\u00e9rents de bien vouloir partager des photos ou images et de nous dire en quelques mots ce qu\u2019elles \u00e9voquaient pour eux. La deuxi\u00e8me photo est partag\u00e9e par Fran\u00e7oise Degenne : \"Il\u2026","rel":"","context":"Dans &quot;Calendrier de l'avent 2019&quot;","img":{"alt_text":"","src":"https:\/\/i0.wp.com\/herage.org\/blog\/wp-content\/uploads\/2019\/12\/EgliseCremille.jpg?resize=350%2C200","width":350,"height":200},"classes":[]},{"id":2810,"url":"https:\/\/herage.org\/blog\/https:\/blog.herage.org\/p=\/2810\/","url_meta":{"origin":2840,"position":4},"title":"Calendrier de l&rsquo;avent du CGP : Jour 14","date":"14 d\u00e9cembre 2019","format":false,"excerpt":"Pour le mois de d\u00e9cembre 2019, nous vous proposons d\u2019ouvrir la bo\u00eete \u00e0 souvenirs. Pour ce 14e jour, nous avons choisi d'\u00e9voquer les souvenirs du Cercle. Ceux-ci sont fortement li\u00e9s aux journ\u00e9es d'\u00e9changes qui sont avant tout destin\u00e9es \u00e0 nos adh\u00e9rents qui peuvent ainsi exposer gratuitement pendant 2 jours le\u2026","rel":"","context":"Dans &quot;Calendrier de l'avent 2019&quot;","img":{"alt_text":"","src":"https:\/\/i0.wp.com\/herage.org\/blog\/wp-content\/uploads\/2019\/12\/Souvenirs-de-salons-CGP.png?resize=350%2C200","width":350,"height":200},"classes":[]},{"id":2796,"url":"https:\/\/herage.org\/blog\/https:\/blog.herage.org\/p=\/2796\/","url_meta":{"origin":2840,"position":5},"title":"Calendrier de l&rsquo;avent du CGP : Jour 8","date":"8 d\u00e9cembre 2019","format":false,"excerpt":"Pour le mois de d\u00e9cembre 2019, nous vous proposons d\u2019ouvrir la bo\u00eete \u00e0 souvenirs. Pour ce huiti\u00e8me jour, nous avons choisi d'\u00e9voquer M. Andr\u00e9 Chandernagor qui nous avait honorer de sa pr\u00e9sence aux journ\u00e9es d'\u00e9changes du Cercle de Charroux.en 2014. M. Chandernagor est descendant d'une vieille famille civraisienne et passionn\u00e9\u2026","rel":"","context":"Dans &quot;Calendrier de l'avent 2019&quot;","img":{"alt_text":"","src":"https:\/\/i0.wp.com\/herage.org\/blog\/wp-content\/uploads\/2019\/12\/Chandernagor-\u00c3\u00a0-Charroux.png?resize=350%2C200","width":350,"height":200},"classes":[]}],"_links":{"self":[{"href":"https:\/\/herage.org\/blog\/wp-json\/wp\/v2\/posts\/2840"}],"collection":[{"href":"https:\/\/herage.org\/blog\/wp-json\/wp\/v2\/posts"}],"about":[{"href":"https:\/\/herage.org\/blog\/wp-json\/wp\/v2\/types\/post"}],"author":[{"embeddable":true,"href":"https:\/\/herage.org\/blog\/wp-json\/wp\/v2\/users\/421"}],"replies":[{"embeddable":true,"href":"https:\/\/herage.org\/blog\/wp-json\/wp\/v2\/comments?post=2840"}],"version-history":[{"count":4,"href":"https:\/\/herage.org\/blog\/wp-json\/wp\/v2\/posts\/2840\/revisions"}],"predecessor-version":[{"id":2860,"href":"https:\/\/herage.org\/blog\/wp-json\/wp\/v2\/posts\/2840\/revisions\/2860"}],"wp:attachment":[{"href":"https:\/\/herage.org\/blog\/wp-json\/wp\/v2\/media?parent=2840"}],"wp:term":[{"taxonomy":"category","embeddable":true,"href":"https:\/\/herage.org\/blog\/wp-json\/wp\/v2\/categories?post=2840"},{"taxonomy":"post_tag","embeddable":true,"href":"https:\/\/herage.org\/blog\/wp-json\/wp\/v2\/tags?post=2840"}],"curies":[{"name":"wp","href":"https:\/\/api.w.org\/{rel}","templated":true}]}}