{"id":2861,"date":"2019-12-19T12:45:05","date_gmt":"2019-12-19T11:45:05","guid":{"rendered":"http:\/\/herage.org\/blog\/?p=2861"},"modified":"2019-12-19T00:17:46","modified_gmt":"2019-12-18T23:17:46","slug":"calendrier-de-lavent-du-cgp-jour-19","status":"publish","type":"post","link":"https:\/\/herage.org\/blog\/https:\/blog.herage.org\/p=\/2861\/","title":{"rendered":"Calendrier de l&rsquo;avent du CGP : Jour 19"},"content":{"rendered":"<div id=\"attachment_2862\" style=\"width: 2219px\" class=\"wp-caption aligncenter\"><a href=\"https:\/\/i0.wp.com\/herage.org\/blog\/wp-content\/uploads\/2019\/12\/Puy-Lonchard-hiver-1957-1958.jpg\" target=\"_blank\" rel=\"noopener\"><img aria-describedby=\"caption-attachment-2862\" data-attachment-id=\"2862\" data-permalink=\"https:\/\/herage.org\/blog\/https:\/blog.herage.org\/p=\/2861\/puy-lonchard-hiver-1957-1958\/\" data-orig-file=\"https:\/\/i0.wp.com\/herage.org\/blog\/wp-content\/uploads\/2019\/12\/Puy-Lonchard-hiver-1957-1958.jpg?fit=2209%2C1433&amp;ssl=1\" data-orig-size=\"2209,1433\" data-comments-opened=\"1\" data-image-meta=\"{&quot;aperture&quot;:&quot;3.2&quot;,&quot;credit&quot;:&quot;&quot;,&quot;camera&quot;:&quot;COOLPIX A10&quot;,&quot;caption&quot;:&quot;&quot;,&quot;created_timestamp&quot;:&quot;-62169984000&quot;,&quot;copyright&quot;:&quot;&quot;,&quot;focal_length&quot;:&quot;4.6&quot;,&quot;iso&quot;:&quot;80&quot;,&quot;shutter_speed&quot;:&quot;0.0125&quot;,&quot;title&quot;:&quot;&quot;,&quot;orientation&quot;:&quot;1&quot;}\" data-image-title=\"Puy-Lonchard hiver 1957-1958, coll. priv\u00e9e Th. P\u00e9ronnet\" data-image-description=\"\" data-image-caption=\"\" data-medium-file=\"https:\/\/i0.wp.com\/herage.org\/blog\/wp-content\/uploads\/2019\/12\/Puy-Lonchard-hiver-1957-1958.jpg?fit=300%2C195&amp;ssl=1\" data-large-file=\"https:\/\/i0.wp.com\/herage.org\/blog\/wp-content\/uploads\/2019\/12\/Puy-Lonchard-hiver-1957-1958.jpg?fit=584%2C379&amp;ssl=1\" loading=\"lazy\" class=\"wp-image-2862 size-full\" src=\"https:\/\/i0.wp.com\/herage.org\/blog\/wp-content\/uploads\/2019\/12\/Puy-Lonchard-hiver-1957-1958.jpg?resize=584%2C379\" alt=\"\" width=\"584\" height=\"379\" srcset=\"https:\/\/i0.wp.com\/herage.org\/blog\/wp-content\/uploads\/2019\/12\/Puy-Lonchard-hiver-1957-1958.jpg?w=2209&amp;ssl=1 2209w, https:\/\/i0.wp.com\/herage.org\/blog\/wp-content\/uploads\/2019\/12\/Puy-Lonchard-hiver-1957-1958.jpg?resize=300%2C195&amp;ssl=1 300w, https:\/\/i0.wp.com\/herage.org\/blog\/wp-content\/uploads\/2019\/12\/Puy-Lonchard-hiver-1957-1958.jpg?resize=768%2C498&amp;ssl=1 768w, https:\/\/i0.wp.com\/herage.org\/blog\/wp-content\/uploads\/2019\/12\/Puy-Lonchard-hiver-1957-1958.jpg?resize=1024%2C664&amp;ssl=1 1024w, https:\/\/i0.wp.com\/herage.org\/blog\/wp-content\/uploads\/2019\/12\/Puy-Lonchard-hiver-1957-1958.jpg?resize=462%2C300&amp;ssl=1 462w, https:\/\/i0.wp.com\/herage.org\/blog\/wp-content\/uploads\/2019\/12\/Puy-Lonchard-hiver-1957-1958.jpg?w=1168&amp;ssl=1 1168w, https:\/\/i0.wp.com\/herage.org\/blog\/wp-content\/uploads\/2019\/12\/Puy-Lonchard-hiver-1957-1958.jpg?w=1752&amp;ssl=1 1752w\" sizes=\"(max-width: 584px) 100vw, 584px\" data-recalc-dims=\"1\" \/><\/a><p id=\"caption-attachment-2862\" class=\"wp-caption-text\">Puy-Lonchard hiver 1957-1958, coll. priv\u00e9e Th. P\u00e9ronnet<\/p><\/div>\n<p style=\"text-align: justify;\">Pour le mois de d\u00e9cembre 2019, nous vous proposons d\u2019ouvrir la bo\u00eete \u00e0 souvenirs. Nous avons demand\u00e9 \u00e0 nos adh\u00e9rents de bien vouloir partager des photos ou images et de nous dire en quelques mots ce qu\u2019elles \u00e9voquaient pour eux.<\/p>\n<p style=\"text-align: justify;\">19 jours d\u00e9j\u00e0 que nos adh\u00e9rents partagent leurs souvenirs. Aujourd&rsquo;hui c&rsquo;est Thierry P\u00e9ronnet qui nous pr\u00e9sente une photo d&rsquo;un autre si\u00e8cle :<br \/>\n<em>\u00ab\u00a0Une photographie du temps ancien, prise dans une salle de classe de l&rsquo;\u00e9cole municipale de Puy-Lonchard de la commune de Ciss\u00e9. C&rsquo;\u00e9tait un autre mill\u00e9naire, le deuxi\u00e8me, une autre Histoire, une p\u00e9riode antique. La seule photographie connue rassemblant les quatre enfants d&rsquo;une fratrie, avec tout le charme du noir et blanc, aucune autre les r\u00e9unissant n&rsquo;a \u00e9t\u00e9 prise depuis. C&rsquo;est l&rsquo;hiver 1957-1958, les enfants sont encore insouciants et posent sur fond de carte de l&rsquo;Alg\u00e9rie Fran\u00e7aise. La classe \u00e9tait chauff\u00e9e \u00e0 l&rsquo;ancienne par, un po\u00eale br\u00fblant des buches en bois.\u00a0\u00bb<\/em><\/p>\n<p style=\"text-align: justify;\">Thierry est un ma\u00eetre agu\u00e9rri en g\u00e9n\u00e9alogie. Ce \u00ab\u00a0petit vermisseau du Poitou\u00a0\u00bb, comme il aime malicieuse se nommer, est une r\u00e9f\u00e9rence pour nous autres qui avons beaucoup \u00e0 apprendre pour atteindre son expertise. Sous son air bourru, il cache une immense connaissance des registres et autres tr\u00e9sors des Archives d\u00e9partementales o\u00f9 il se r\u00e9fugie r\u00e9guli\u00e8rement. Il faut savoir m\u00e9riter les informations qu&rsquo;il distille. C&rsquo;est pourquoi nous sommes honor\u00e9s qu&rsquo;il participe au ChallengeAZ du Cercle.<\/p>\n<p>Retrouvez les textes qu&rsquo;il a propos\u00e9 dans le cadre du Challenge AZ :<br \/>\nen 2018 avec J comme <a href=\"http:\/\/herage.org\/blog\/?p=1736\" target=\"_blank\" rel=\"noopener\">La Jusie, une famille de \u00ab\u00a0noiseux\u00a0\u00bb, les BOURREAU<\/a> et Y comme <a href=\"http:\/\/herage.org\/blog\/?p=1655\" target=\"_blank\" rel=\"noopener\">Yteuil, une empreinte r\u00e9v\u00e8le une chapelle disparue<\/a><br \/>\nen 2019 avec M comme <a href=\"http:\/\/herage.org\/blog\/?p=2319\" target=\"_blank\" rel=\"noopener\">les Mannevy de Poitiers<\/a>, O comme <a href=\"http:\/\/herage.org\/blog\/?p=2323\" target=\"_blank\" rel=\"noopener\">sous l&rsquo;Occupation, fichage \u00e0 Lavoux<\/a> et U comme <a href=\"http:\/\/herage.org\/blog\/?p=2335\" target=\"_blank\" rel=\"noopener\">Universit\u00e9 de Poitiers, portraits de docteurs en m\u00e9decine<\/a><\/p>\n","protected":false},"excerpt":{"rendered":"<p>Pour le mois de d\u00e9cembre 2019, nous vous proposons d\u2019ouvrir la bo\u00eete \u00e0 souvenirs. Nous avons demand\u00e9 \u00e0 nos adh\u00e9rents de bien vouloir partager des photos ou images et de nous dire en quelques mots ce qu\u2019elles \u00e9voquaient pour eux. &hellip; <a href=\"https:\/\/herage.org\/blog\/https:\/blog.herage.org\/p=\/2861\/\">Continuer la lecture <span class=\"meta-nav\">&rarr;<\/span><\/a><\/p>\n","protected":false},"author":421,"featured_media":0,"comment_status":"open","ping_status":"open","sticky":false,"template":"","format":"standard","meta":{"spay_email":"","jetpack_publicize_message":"Calendrier de l'avent du CGP : Jour 19\r\nSouvenir d'un autre si\u00e8cle pour Thierry P\u00e9ronnet.","jetpack_is_tweetstorm":false,"jetpack_publicize_feature_enabled":true},"categories":[267],"tags":[],"jetpack_publicize_connections":[],"jetpack_featured_media_url":"","jetpack_sharing_enabled":true,"jetpack_shortlink":"https:\/\/wp.me\/p4fVnZ-K9","jetpack-related-posts":[{"id":2840,"url":"https:\/\/herage.org\/blog\/https:\/blog.herage.org\/p=\/2840\/","url_meta":{"origin":2861,"position":0},"title":"Calendrier de l&rsquo;avent du CGP : Jour 18","date":"18 d\u00e9cembre 2019","format":false,"excerpt":"Pour le mois de d\u00e9cembre 2019, nous vous proposons d\u2019ouvrir la bo\u00eete \u00e0 souvenirs. Nous avons demand\u00e9 \u00e0 nos adh\u00e9rents de bien vouloir partager des photos ou images et de nous dire en quelques mots ce qu\u2019elles \u00e9voquaient pour eux. Pour ce 18e jour, c'est au tour de Jacky Gerbault\u2026","rel":"","context":"Dans &quot;Calendrier de l'avent 2019&quot;","img":{"alt_text":"","src":"https:\/\/i0.wp.com\/herage.org\/blog\/wp-content\/uploads\/2019\/12\/Machine-\u00c3\u00a0-coudre.jpg?resize=350%2C200","width":350,"height":200},"classes":[]},{"id":2765,"url":"https:\/\/herage.org\/blog\/https:\/blog.herage.org\/p=\/2765\/","url_meta":{"origin":2861,"position":1},"title":"Calendrier de l&rsquo;avent du CGP : Jour 3","date":"3 d\u00e9cembre 2019","format":false,"excerpt":"Pour le mois de d\u00e9cembre 2019, nous vous proposons d\u2019ouvrir la bo\u00eete \u00e0 souvenirs. Nous avons demand\u00e9 \u00e0 nos adh\u00e9rents de bien vouloir partager des photos ou images et de nous dire en quelques mots ce qu\u2019elles \u00e9voquaient pour eux. La troisi\u00e8me photo est partag\u00e9e par Anne Berthe : \"sur\u2026","rel":"","context":"Dans &quot;Calendrier de l'avent 2019&quot;","img":{"alt_text":"","src":"https:\/\/i0.wp.com\/herage.org\/blog\/wp-content\/uploads\/2019\/12\/Dissay-Vall\u00c3\u00a9e-du-Clain-et-Usine-Gu\u00c3\u00a9rin.jpg?resize=350%2C200","width":350,"height":200},"classes":[]},{"id":2771,"url":"https:\/\/herage.org\/blog\/https:\/blog.herage.org\/p=\/2771\/","url_meta":{"origin":2861,"position":2},"title":"Calendrier de l&rsquo;avent du CGP : Jour 4","date":"4 d\u00e9cembre 2019","format":false,"excerpt":"Pour le mois de d\u00e9cembre 2019, nous vous proposons d\u2019ouvrir la bo\u00eete \u00e0 souvenirs. Nous avons demand\u00e9 \u00e0 nos adh\u00e9rents de bien vouloir partager des photos ou images et de nous dire en quelques mots ce qu\u2019elles \u00e9voquaient pour eux. La quatri\u00e8me photo est partag\u00e9e par Nat\u00a0Deret. Elle nous propose\u2026","rel":"","context":"Dans &quot;Calendrier de l'avent 2019&quot;","img":{"alt_text":"","src":"https:\/\/i0.wp.com\/herage.org\/blog\/wp-content\/uploads\/2019\/12\/Mariage-Grands-parents-Deret.jpeg?resize=350%2C200","width":350,"height":200},"classes":[]},{"id":2836,"url":"https:\/\/herage.org\/blog\/https:\/blog.herage.org\/p=\/2836\/","url_meta":{"origin":2861,"position":3},"title":"Calendrier de l&rsquo;avent du CGP : Jour 16","date":"16 d\u00e9cembre 2019","format":false,"excerpt":"Pour le mois de d\u00e9cembre 2019, nous vous proposons d\u2019ouvrir la bo\u00eete \u00e0 souvenirs. Nous avons demand\u00e9 \u00e0 nos adh\u00e9rents de bien vouloir partager des photos ou images et de nous dire en quelques mots ce qu\u2019elles \u00e9voquaient pour eux. Pour ce 16e jour, c'est au tour de Marie Jeanne\u2026","rel":"","context":"Dans &quot;Calendrier de l'avent 2019&quot;","img":{"alt_text":"Chalais, Vienne 86","src":"https:\/\/i0.wp.com\/herage.org\/blog\/wp-content\/uploads\/2019\/12\/img029-002.jpg?resize=350%2C200","width":350,"height":200},"classes":[]},{"id":2786,"url":"https:\/\/herage.org\/blog\/https:\/blog.herage.org\/p=\/2786\/","url_meta":{"origin":2861,"position":4},"title":"Calendrier de l&rsquo;avent du CGP : Jour 7","date":"7 d\u00e9cembre 2019","format":false,"excerpt":"Pour le mois de d\u00e9cembre 2019, nous vous proposons d\u2019ouvrir la bo\u00eete \u00e0 souvenirs. Pour ce septi\u00e8me jour, nous avons choisi d'\u00e9voquer les souvenirs du Cercle. Parmi les plus marquants, il y a bien s\u00fbr le 23e salon national de g\u00e9n\u00e9alogie que nous avons eu l'honneur d'organiser du 02 au\u2026","rel":"","context":"Dans &quot;Calendrier de l'avent 2019&quot;","img":{"alt_text":"","src":"https:\/\/i0.wp.com\/herage.org\/blog\/wp-content\/uploads\/2019\/12\/congr\u00e8s-2.jpg?resize=350%2C200","width":350,"height":200},"classes":[]},{"id":2810,"url":"https:\/\/herage.org\/blog\/https:\/blog.herage.org\/p=\/2810\/","url_meta":{"origin":2861,"position":5},"title":"Calendrier de l&rsquo;avent du CGP : Jour 14","date":"14 d\u00e9cembre 2019","format":false,"excerpt":"Pour le mois de d\u00e9cembre 2019, nous vous proposons d\u2019ouvrir la bo\u00eete \u00e0 souvenirs. Pour ce 14e jour, nous avons choisi d'\u00e9voquer les souvenirs du Cercle. Ceux-ci sont fortement li\u00e9s aux journ\u00e9es d'\u00e9changes qui sont avant tout destin\u00e9es \u00e0 nos adh\u00e9rents qui peuvent ainsi exposer gratuitement pendant 2 jours le\u2026","rel":"","context":"Dans &quot;Calendrier de l'avent 2019&quot;","img":{"alt_text":"","src":"https:\/\/i0.wp.com\/herage.org\/blog\/wp-content\/uploads\/2019\/12\/Souvenirs-de-salons-CGP.png?resize=350%2C200","width":350,"height":200},"classes":[]}],"_links":{"self":[{"href":"https:\/\/herage.org\/blog\/wp-json\/wp\/v2\/posts\/2861"}],"collection":[{"href":"https:\/\/herage.org\/blog\/wp-json\/wp\/v2\/posts"}],"about":[{"href":"https:\/\/herage.org\/blog\/wp-json\/wp\/v2\/types\/post"}],"author":[{"embeddable":true,"href":"https:\/\/herage.org\/blog\/wp-json\/wp\/v2\/users\/421"}],"replies":[{"embeddable":true,"href":"https:\/\/herage.org\/blog\/wp-json\/wp\/v2\/comments?post=2861"}],"version-history":[{"count":2,"href":"https:\/\/herage.org\/blog\/wp-json\/wp\/v2\/posts\/2861\/revisions"}],"predecessor-version":[{"id":2864,"href":"https:\/\/herage.org\/blog\/wp-json\/wp\/v2\/posts\/2861\/revisions\/2864"}],"wp:attachment":[{"href":"https:\/\/herage.org\/blog\/wp-json\/wp\/v2\/media?parent=2861"}],"wp:term":[{"taxonomy":"category","embeddable":true,"href":"https:\/\/herage.org\/blog\/wp-json\/wp\/v2\/categories?post=2861"},{"taxonomy":"post_tag","embeddable":true,"href":"https:\/\/herage.org\/blog\/wp-json\/wp\/v2\/tags?post=2861"}],"curies":[{"name":"wp","href":"https:\/\/api.w.org\/{rel}","templated":true}]}}