{"id":2884,"date":"2019-12-25T01:10:10","date_gmt":"2019-12-25T00:10:10","guid":{"rendered":"http:\/\/herage.org\/blog\/?p=2884"},"modified":"2019-12-25T01:10:10","modified_gmt":"2019-12-25T00:10:10","slug":"calendrier-de-lavent-du-cgp-jour-24","status":"publish","type":"post","link":"https:\/\/herage.org\/blog\/https:\/blog.herage.org\/p=\/2884\/","title":{"rendered":"Calendrier de l&rsquo;avent du CGP : Jour 24"},"content":{"rendered":"<p><a href=\"https:\/\/i0.wp.com\/herage.org\/blog\/wp-content\/uploads\/2019\/12\/aagp-coulonges.jpg\"><img data-attachment-id=\"2885\" data-permalink=\"https:\/\/herage.org\/blog\/https:\/blog.herage.org\/p=\/2884\/aagp-coulonges\/\" data-orig-file=\"https:\/\/i0.wp.com\/herage.org\/blog\/wp-content\/uploads\/2019\/12\/aagp-coulonges.jpg?fit=1615%2C1039&amp;ssl=1\" data-orig-size=\"1615,1039\" data-comments-opened=\"1\" data-image-meta=\"{&quot;aperture&quot;:&quot;0&quot;,&quot;credit&quot;:&quot;&quot;,&quot;camera&quot;:&quot;&quot;,&quot;caption&quot;:&quot;&quot;,&quot;created_timestamp&quot;:&quot;0&quot;,&quot;copyright&quot;:&quot;&quot;,&quot;focal_length&quot;:&quot;0&quot;,&quot;iso&quot;:&quot;0&quot;,&quot;shutter_speed&quot;:&quot;0&quot;,&quot;title&quot;:&quot;&quot;,&quot;orientation&quot;:&quot;1&quot;}\" data-image-title=\"aagp coulonges\" data-image-description=\"\" data-image-caption=\"\" data-medium-file=\"https:\/\/i0.wp.com\/herage.org\/blog\/wp-content\/uploads\/2019\/12\/aagp-coulonges.jpg?fit=300%2C193&amp;ssl=1\" data-large-file=\"https:\/\/i0.wp.com\/herage.org\/blog\/wp-content\/uploads\/2019\/12\/aagp-coulonges.jpg?fit=584%2C376&amp;ssl=1\" loading=\"lazy\" class=\"aligncenter size-full wp-image-2885\" src=\"https:\/\/i0.wp.com\/herage.org\/blog\/wp-content\/uploads\/2019\/12\/aagp-coulonges.jpg?resize=584%2C376\" alt=\"\" width=\"584\" height=\"376\" srcset=\"https:\/\/i0.wp.com\/herage.org\/blog\/wp-content\/uploads\/2019\/12\/aagp-coulonges.jpg?w=1615&amp;ssl=1 1615w, https:\/\/i0.wp.com\/herage.org\/blog\/wp-content\/uploads\/2019\/12\/aagp-coulonges.jpg?resize=300%2C193&amp;ssl=1 300w, https:\/\/i0.wp.com\/herage.org\/blog\/wp-content\/uploads\/2019\/12\/aagp-coulonges.jpg?resize=768%2C494&amp;ssl=1 768w, https:\/\/i0.wp.com\/herage.org\/blog\/wp-content\/uploads\/2019\/12\/aagp-coulonges.jpg?resize=1024%2C659&amp;ssl=1 1024w, https:\/\/i0.wp.com\/herage.org\/blog\/wp-content\/uploads\/2019\/12\/aagp-coulonges.jpg?resize=466%2C300&amp;ssl=1 466w, https:\/\/i0.wp.com\/herage.org\/blog\/wp-content\/uploads\/2019\/12\/aagp-coulonges.jpg?w=1168&amp;ssl=1 1168w\" sizes=\"(max-width: 584px) 100vw, 584px\" data-recalc-dims=\"1\" \/><\/a><\/p>\n<p style=\"text-align: justify;\">Pour le mois de d\u00e9cembre 2019, nous vous proposons d\u2019ouvrir la bo\u00eete \u00e0 souvenirs. Nous avons demand\u00e9 \u00e0 nos adh\u00e9rents de bien vouloir partager des photos ou images et de nous dire en quelques mots ce qu\u2019elles \u00e9voquaient pour eux.<\/p>\n<p style=\"text-align: justify;\">Pour ce 24e et dernier jour de l&rsquo;avent, j&rsquo;ai gard\u00e9 cette histoire propos\u00e9e par Anthony Gourdeau car elle r\u00e9sonne comme un cadeau de No\u00ebl pour tout g\u00e9n\u00e9alogiste qui est en qu\u00eate de conna\u00eetre le visage de ses anc\u00eatres :<br \/>\n<em>\u00ab\u00a0Il y a quelques ann\u00e9es, je d\u00e9couvrais mon arri\u00e8re-grand-p\u00e8re Paul Douh\u00e9ret (1907-1967), en photographie sur une carte postale repr\u00e9sentant les magasins g\u00e9n\u00e9raux DALLAIS Fr\u00e8res \u00e0 COULONGES (86), o\u00f9 il \u00e9tait employ\u00e9 comme chauffeur routier dans les ann\u00e9es 30 (Le pays montmorillonnais, tome II, de G\u00e9rard Simmat et Pierre Juchault, page 95). Cette commune peu touristique ne pr\u00e9sente que tr\u00e8s peu de cartes postales anciennes.<\/em><br \/>\n<em>Dans ce m\u00eame ouvrage, dans le chapitre concernant l&rsquo;h\u00f4pital (page 111), j&rsquo;y d\u00e9couvre un clich\u00e9 repr\u00e9sentant la c\u00e9r\u00e9monie de remise de d\u00e9corations, dans la cour principale, apr\u00e8s la fin de la Premi\u00e8re Guerre mondiale. Particularit\u00e9 des deux r\u00e9cipiendaires, ils ne poss\u00e8dent plus leur jambe du c\u00f4t\u00e9 droit.<\/em><br \/>\n<em>Mon anc\u00eatre Jean Douh\u00e9ret (1874-1937), p\u00e8re du pr\u00e9c\u00e9dent, poilu et mutil\u00e9 de la Grande Guerre, bless\u00e9 par un \u00e9clat d&rsquo;obus aux combats de Massiges le 25\/09\/1915, s&rsquo;est vu amputer de la jambe droite et du pouce droit. Il est par la suite hospitalis\u00e9 \u00e0 l&rsquo;h\u00f4pital de MONTMORILLON, en raison de son \u00e9pouse domicili\u00e9e \u00e0 COULONGES (1914-1926). Il re\u00e7oit une jambe de bois pendant sa convalescence.<\/em><br \/>\n<em>Revenons \u00e0 cette photographie de remise de d\u00e9corations. Le jeune soldat de droite en uniforme est porteur de b\u00e9quilles. Celui de gauche plus \u00e2g\u00e9 en tenue civile, probablement r\u00e9form\u00e9 depuis plus longtemps, porte un b\u00e9ret et laisse appara\u00eetre l&rsquo;extr\u00e9mit\u00e9 d&rsquo;une proth\u00e8se de jambe.<\/em><br \/>\n<em>Derni\u00e8rement en consultant un site de vente en ligne sp\u00e9cialis\u00e9 dans les cartes postales, j&rsquo;ai d\u00e9couvert un clich\u00e9 qui m&rsquo;\u00e9tait inconnu \u00e0 COULONGES.<\/em><br \/>\n<em>Il s&rsquo;agit d&rsquo;un clich\u00e9 des plus banal, repr\u00e9sentant quatre cyclistes et un pi\u00e9ton posant sur la place de la mairie. N\u00e9anmoins, mon \u0153il est attir\u00e9 par un d\u00e9tail concernant le second cycliste \u00e0 partir de la droite. En effet, je remarque qu&rsquo;il n&rsquo;a pas de jambe droite, celle-ci laisse appara\u00eetre en place une jambe de bois visible en agrandissant et colorisant le clich\u00e9. La tenue vestimentaire et le physique de l&rsquo;int\u00e9ress\u00e9 correspond au d\u00e9cor\u00e9 pr\u00e9c\u00e9demment observ\u00e9. Il s&rsquo;agit tr\u00e8s probablement de mon arri\u00e8re-arri\u00e8re-grand-p\u00e8re, pour lequel il n&rsquo;existe aucune photographie familiale.\u00a0\u00bb<\/em><\/p>\n<p>Bonnes f\u00eates \u00e0 tous !<\/p>\n<p style=\"text-align: justify;\">\u00a0<\/p>\n","protected":false},"excerpt":{"rendered":"<p>Pour le mois de d\u00e9cembre 2019, nous vous proposons d\u2019ouvrir la bo\u00eete \u00e0 souvenirs. Nous avons demand\u00e9 \u00e0 nos adh\u00e9rents de bien vouloir partager des photos ou images et de nous dire en quelques mots ce qu\u2019elles \u00e9voquaient pour eux. &hellip; <a href=\"https:\/\/herage.org\/blog\/https:\/blog.herage.org\/p=\/2884\/\">Continuer la lecture <span class=\"meta-nav\">&rarr;<\/span><\/a><\/p>\n","protected":false},"author":421,"featured_media":0,"comment_status":"open","ping_status":"open","sticky":false,"template":"","format":"standard","meta":{"spay_email":"","jetpack_publicize_message":"Calendrier de l'avent du CGP : Jour 24\r\nAu d\u00e9tour d'une carte postale, Anthony Gourdeau d\u00e9couvre le visage d'un anc\u00eatre.","jetpack_is_tweetstorm":false,"jetpack_publicize_feature_enabled":true},"categories":[267],"tags":[],"jetpack_publicize_connections":[],"jetpack_featured_media_url":"","jetpack_sharing_enabled":true,"jetpack_shortlink":"https:\/\/wp.me\/p4fVnZ-Kw","jetpack-related-posts":[{"id":2765,"url":"https:\/\/herage.org\/blog\/https:\/blog.herage.org\/p=\/2765\/","url_meta":{"origin":2884,"position":0},"title":"Calendrier de l&rsquo;avent du CGP : Jour 3","date":"3 d\u00e9cembre 2019","format":false,"excerpt":"Pour le mois de d\u00e9cembre 2019, nous vous proposons d\u2019ouvrir la bo\u00eete \u00e0 souvenirs. Nous avons demand\u00e9 \u00e0 nos adh\u00e9rents de bien vouloir partager des photos ou images et de nous dire en quelques mots ce qu\u2019elles \u00e9voquaient pour eux. La troisi\u00e8me photo est partag\u00e9e par Anne Berthe : \"sur\u2026","rel":"","context":"Dans &quot;Calendrier de l'avent 2019&quot;","img":{"alt_text":"","src":"https:\/\/i0.wp.com\/herage.org\/blog\/wp-content\/uploads\/2019\/12\/Dissay-Vall\u00c3\u00a9e-du-Clain-et-Usine-Gu\u00c3\u00a9rin.jpg?resize=350%2C200","width":350,"height":200},"classes":[]},{"id":2771,"url":"https:\/\/herage.org\/blog\/https:\/blog.herage.org\/p=\/2771\/","url_meta":{"origin":2884,"position":1},"title":"Calendrier de l&rsquo;avent du CGP : Jour 4","date":"4 d\u00e9cembre 2019","format":false,"excerpt":"Pour le mois de d\u00e9cembre 2019, nous vous proposons d\u2019ouvrir la bo\u00eete \u00e0 souvenirs. Nous avons demand\u00e9 \u00e0 nos adh\u00e9rents de bien vouloir partager des photos ou images et de nous dire en quelques mots ce qu\u2019elles \u00e9voquaient pour eux. La quatri\u00e8me photo est partag\u00e9e par Nat\u00a0Deret. Elle nous propose\u2026","rel":"","context":"Dans &quot;Calendrier de l'avent 2019&quot;","img":{"alt_text":"","src":"https:\/\/i0.wp.com\/herage.org\/blog\/wp-content\/uploads\/2019\/12\/Mariage-Grands-parents-Deret.jpeg?resize=350%2C200","width":350,"height":200},"classes":[]},{"id":2806,"url":"https:\/\/herage.org\/blog\/https:\/blog.herage.org\/p=\/2806\/","url_meta":{"origin":2884,"position":2},"title":"Calendrier de l&rsquo;avent du CGP : Jour 12","date":"12 d\u00e9cembre 2019","format":false,"excerpt":"Pour le mois de d\u00e9cembre 2019, nous vous proposons d\u2019ouvrir la bo\u00eete \u00e0 souvenirs. Nous avons demand\u00e9 \u00e0 nos adh\u00e9rents de bien vouloir partager des photos ou images et de nous dire en quelques mots ce qu\u2019elles \u00e9voquaient pour eux. Pour le 12e jour, Bernard Poussard nous emm\u00e8ne \u00e0 Mign\u00e9-Auxances\u2026","rel":"","context":"Dans &quot;Calendrier de l'avent 2019&quot;","img":{"alt_text":"","src":"https:\/\/i0.wp.com\/herage.org\/blog\/wp-content\/uploads\/2019\/12\/Salvert-orphelinat-1.png?resize=350%2C200","width":350,"height":200},"classes":[]},{"id":2836,"url":"https:\/\/herage.org\/blog\/https:\/blog.herage.org\/p=\/2836\/","url_meta":{"origin":2884,"position":3},"title":"Calendrier de l&rsquo;avent du CGP : Jour 16","date":"16 d\u00e9cembre 2019","format":false,"excerpt":"Pour le mois de d\u00e9cembre 2019, nous vous proposons d\u2019ouvrir la bo\u00eete \u00e0 souvenirs. Nous avons demand\u00e9 \u00e0 nos adh\u00e9rents de bien vouloir partager des photos ou images et de nous dire en quelques mots ce qu\u2019elles \u00e9voquaient pour eux. Pour ce 16e jour, c'est au tour de Marie Jeanne\u2026","rel":"","context":"Dans &quot;Calendrier de l'avent 2019&quot;","img":{"alt_text":"Chalais, Vienne 86","src":"https:\/\/i0.wp.com\/herage.org\/blog\/wp-content\/uploads\/2019\/12\/img029-002.jpg?resize=350%2C200","width":350,"height":200},"classes":[]},{"id":2838,"url":"https:\/\/herage.org\/blog\/https:\/blog.herage.org\/p=\/2838\/","url_meta":{"origin":2884,"position":4},"title":"Calendrier de l&rsquo;avent du CGP : Jour 17","date":"17 d\u00e9cembre 2019","format":false,"excerpt":"Pour le mois de d\u00e9cembre 2019, nous vous proposons d\u2019ouvrir la bo\u00eete \u00e0 souvenirs. Nous avons demand\u00e9 \u00e0 nos adh\u00e9rents de bien vouloir partager des photos ou images et de nous dire en quelques mots ce qu\u2019elles \u00e9voquaient pour eux. Ce 17e jour, S\u00e9verine GOURDEAU partage avec vous la photo\u2026","rel":"","context":"Dans &quot;Calendrier de l'avent 2019&quot;","img":{"alt_text":"Saint-Pierre-les-Eglises, JOUBERT, PIFFETEAU, Vienne 86","src":"https:\/\/i0.wp.com\/herage.org\/blog\/wp-content\/uploads\/2019\/12\/Double-mariage-JOUBERT-PIFFETEAU-1946.jpg?resize=350%2C200","width":350,"height":200},"classes":[]},{"id":2875,"url":"https:\/\/herage.org\/blog\/https:\/blog.herage.org\/p=\/2875\/","url_meta":{"origin":2884,"position":5},"title":"Calendrier de l&rsquo;avent du CGP : Jour 22","date":"24 d\u00e9cembre 2019","format":false,"excerpt":"Pour le mois de d\u00e9cembre 2019, nous vous proposons d\u2019ouvrir la bo\u00eete \u00e0 souvenirs. Nous avons demand\u00e9 \u00e0 nos adh\u00e9rents de bien vouloir partager des photos ou images et de nous dire en quelques mots ce qu\u2019elles \u00e9voquaient pour eux. Pour ce 22e jour, Jean Moussu s'est replong\u00e9 dans les\u2026","rel":"","context":"Dans &quot;Calendrier de l'avent 2019&quot;","img":{"alt_text":"","src":"https:\/\/i0.wp.com\/herage.org\/blog\/wp-content\/uploads\/2019\/12\/Ypres_campagne1914-1915.jpg?resize=350%2C200","width":350,"height":200},"classes":[]}],"_links":{"self":[{"href":"https:\/\/herage.org\/blog\/wp-json\/wp\/v2\/posts\/2884"}],"collection":[{"href":"https:\/\/herage.org\/blog\/wp-json\/wp\/v2\/posts"}],"about":[{"href":"https:\/\/herage.org\/blog\/wp-json\/wp\/v2\/types\/post"}],"author":[{"embeddable":true,"href":"https:\/\/herage.org\/blog\/wp-json\/wp\/v2\/users\/421"}],"replies":[{"embeddable":true,"href":"https:\/\/herage.org\/blog\/wp-json\/wp\/v2\/comments?post=2884"}],"version-history":[{"count":1,"href":"https:\/\/herage.org\/blog\/wp-json\/wp\/v2\/posts\/2884\/revisions"}],"predecessor-version":[{"id":2886,"href":"https:\/\/herage.org\/blog\/wp-json\/wp\/v2\/posts\/2884\/revisions\/2886"}],"wp:attachment":[{"href":"https:\/\/herage.org\/blog\/wp-json\/wp\/v2\/media?parent=2884"}],"wp:term":[{"taxonomy":"category","embeddable":true,"href":"https:\/\/herage.org\/blog\/wp-json\/wp\/v2\/categories?post=2884"},{"taxonomy":"post_tag","embeddable":true,"href":"https:\/\/herage.org\/blog\/wp-json\/wp\/v2\/tags?post=2884"}],"curies":[{"name":"wp","href":"https:\/\/api.w.org\/{rel}","templated":true}]}}