{"id":3012,"date":"2021-07-07T11:12:19","date_gmt":"2021-07-07T09:12:19","guid":{"rendered":"https:\/\/herage.org\/blog\/?p=3012"},"modified":"2021-09-04T19:58:49","modified_gmt":"2021-09-04T17:58:49","slug":"les-conferences","status":"publish","type":"post","link":"https:\/\/herage.org\/blog\/https:\/blog.herage.org\/p=\/3012\/","title":{"rendered":"Les conf\u00e9rences pour les 40 ans du CGP"},"content":{"rendered":"\n<div id=\"attachment_3093\" style=\"width: 610px\" class=\"wp-caption aligncenter\"><a href=\"https:\/\/i0.wp.com\/herage.org\/blog\/wp-content\/uploads\/2021\/07\/Salle-Agora-Jaunay-Marigny.jpg?ssl=1\" target=\"_blank\" rel=\"noopener\"><img aria-describedby=\"caption-attachment-3093\" data-attachment-id=\"3093\" data-permalink=\"https:\/\/herage.org\/blog\/https:\/blog.herage.org\/p=\/3012\/salle-agora-jaunay-marigny\/\" data-orig-file=\"https:\/\/i0.wp.com\/herage.org\/blog\/wp-content\/uploads\/2021\/07\/Salle-Agora-Jaunay-Marigny.jpg?fit=600%2C450&amp;ssl=1\" data-orig-size=\"600,450\" data-comments-opened=\"1\" data-image-meta=\"{&quot;aperture&quot;:&quot;2.6&quot;,&quot;credit&quot;:&quot;&quot;,&quot;camera&quot;:&quot;E8400&quot;,&quot;caption&quot;:&quot;&quot;,&quot;created_timestamp&quot;:&quot;1130231759&quot;,&quot;copyright&quot;:&quot;&quot;,&quot;focal_length&quot;:&quot;6.1&quot;,&quot;iso&quot;:&quot;132&quot;,&quot;shutter_speed&quot;:&quot;0.24390243902439&quot;,&quot;title&quot;:&quot;&quot;,&quot;orientation&quot;:&quot;1&quot;}\" data-image-title=\"Salle Agora Jaunay Marigny\" data-image-description=\"\" data-image-caption=\"&lt;p&gt;Jaunay-Marigny : auditorium salle Agora&lt;\/p&gt;\n\" data-medium-file=\"https:\/\/i0.wp.com\/herage.org\/blog\/wp-content\/uploads\/2021\/07\/Salle-Agora-Jaunay-Marigny.jpg?fit=300%2C225&amp;ssl=1\" data-large-file=\"https:\/\/i0.wp.com\/herage.org\/blog\/wp-content\/uploads\/2021\/07\/Salle-Agora-Jaunay-Marigny.jpg?fit=584%2C438&amp;ssl=1\" loading=\"lazy\" class=\"wp-image-3093 size-full\" src=\"https:\/\/i0.wp.com\/herage.org\/blog\/wp-content\/uploads\/2021\/07\/Salle-Agora-Jaunay-Marigny.jpg?resize=584%2C438&#038;ssl=1\" alt=\"auditorium salle Agora \u00e0 Jaunay Marigny, Vienne 86, 40 ans Cercle g\u00e9n\u00e9alogique Poitevin\" width=\"584\" height=\"438\" srcset=\"https:\/\/i0.wp.com\/herage.org\/blog\/wp-content\/uploads\/2021\/07\/Salle-Agora-Jaunay-Marigny.jpg?w=600&amp;ssl=1 600w, https:\/\/i0.wp.com\/herage.org\/blog\/wp-content\/uploads\/2021\/07\/Salle-Agora-Jaunay-Marigny.jpg?resize=300%2C225&amp;ssl=1 300w, https:\/\/i0.wp.com\/herage.org\/blog\/wp-content\/uploads\/2021\/07\/Salle-Agora-Jaunay-Marigny.jpg?resize=400%2C300&amp;ssl=1 400w\" sizes=\"(max-width: 584px) 100vw, 584px\" data-recalc-dims=\"1\" \/><\/a><p id=\"caption-attachment-3093\" class=\"wp-caption-text\">Jaunay-Marigny : auditorium salle Agora<\/p><\/div>\n<p style=\"text-align: justify;\">D&rsquo;ores et d\u00e9j\u00e0 nous pouvons vous annoncer les conf\u00e9rences qui seront propos\u00e9es les 25 et 26 septembre 2021 dans la salle Agora \u00e0 Jaunay-Marigny (86).<\/p>\n<p style=\"text-align: justify;\"><br \/><span style=\"color: #0000ff;\"><strong>Samedi 25 septembre 2021<\/strong><\/span><\/p>\n<ul>\n<li aria-level=\"1\"><strong>14h30 &#8211; Ga\u00eblle Chupeau<\/strong>, g\u00e9n\u00e9ticienne<br \/>\n<ul style=\"list-style-type: disc;\">\n<li aria-level=\"2\"><span style=\"background-color: #ccffff;\">Les tribulations d\u2019Homo sapiens \u00e0 travers la g\u00e9n\u00e9tique<\/span><\/li>\n<\/ul>\n<\/li>\n<li aria-level=\"1\"><strong>16h -Anthony Gourdeau<\/strong>, adh\u00e9rent du CGP (g\u00e8re le blog <a href=\"https:\/\/geneablog86.over-blog.com\/\" target=\"_blank\" rel=\"noopener\">Geneablog86<\/a>)\u00a0<br \/>\n<ul style=\"list-style-type: disc;\">\n<li aria-level=\"2\"><span style=\"background-color: #ccffff;\">Les gendarmes de la Vienne d\u00e9tach\u00e9s pendant le conflit de 1870-1871<\/span>\u00a0<\/li>\n<\/ul>\n<\/li>\n<\/ul>\n<p><span style=\"color: #0000ff;\"><strong>Dimanche 26 septembre 2021<\/strong><\/span><\/p>\n<ul>\n<li aria-level=\"1\"><strong>10h &#8211; Ga\u00ebl Chenard<\/strong>, directeur des <a href=\"https:\/\/archives-deux-sevres-vienne.fr\/\" target=\"_blank\" rel=\"noopener\">Archives d\u00e9partementales de la Vienne<\/a>\u00a0\n<ul style=\"list-style-type: disc;\">\n<li aria-level=\"2\"><span style=\"background-color: #ccffff;\">Promesses et fausses promesses des archives en ligne<\/span><\/li>\n<\/ul>\n<\/li>\n<li><strong>11h &#8211; J\u00e9r\u00f4me Malhache<\/strong>, g\u00e9n\u00e9alogiste professionnel sp\u00e9cialiste des archives militaires (son activit\u00e9 professionnelle \u00e0 retrouver <a href=\"https:\/\/www.genealogie-france.com\/\" target=\"_blank\" rel=\"noopener\">ICI<\/a>)<br \/>\n<ul style=\"list-style-type: disc;\">\n<li aria-level=\"2\"><span style=\"background-color: #ccffff;\">1870-1871 : nos anc\u00eatres et la guerre<\/span><\/li>\n<\/ul>\n<\/li>\n<li><strong>14h30 &#8211; Isabelle Soulard<\/strong>, historienne (biographie et bibliographie \u00e0 retrouver <a href=\"https:\/\/www.babelio.com\/auteur\/Isabelle-Soulard\/83604\" target=\"_blank\" rel=\"noopener\">ICI<\/a>)<br \/>\n<ul style=\"list-style-type: disc;\">\n<li aria-level=\"2\"><span style=\"background-color: #ccffff;\">Croyances et pratiques religieuses en Poitou au 19e si\u00e8cle<\/span><\/li>\n<\/ul>\n<\/li>\n<li aria-level=\"1\"><strong>16h &#8211; Amaury Venault<\/strong>, romancier (biographie et bibliographie \u00e0 retrouver <a href=\"https:\/\/www.babelio.com\/auteur\/Amaury-Venault\/245467\" target=\"_blank\" rel=\"noopener\">ICI<\/a>)<br \/>\n<ul style=\"list-style-type: disc;\">\n<li aria-level=\"2\"><span style=\"background-color: #ccffff;\">Ali\u00e9nor d\u2019Aquitaine entre histoire et l\u00e9gende<\/span><\/li>\n<\/ul>\n<\/li>\n<\/ul>\n<p><span style=\"color: #3366ff;\"><em>Pour conna\u00eetre tout le d\u00e9tail de la programmation des festivit\u00e9s de nos 40 ans les 25 et 26 septembre 2021, salle Agora \u00e0 Jaunay-Marigny, revenir <span style=\"color: #ff9900;\"><a style=\"color: #ff9900;\" href=\"https:\/\/herage.org\/blog\/?p=2960\" target=\"_blank\" rel=\"noopener\">ICI<\/a><\/span>.<\/em><\/span><\/p>\n<p>\u00a0<\/p>\n<p style=\"text-align: center;\">\u00a0<\/p>\n","protected":false},"excerpt":{"rendered":"<p>D&rsquo;ores et d\u00e9j\u00e0 nous pouvons vous annoncer les conf\u00e9rences qui seront propos\u00e9es les 25 et 26 septembre 2021 dans la salle Agora \u00e0 Jaunay-Marigny (86). Samedi 25 septembre 2021 14h30 &#8211; Ga\u00eblle Chupeau, g\u00e9n\u00e9ticienne Les tribulations d\u2019Homo sapiens \u00e0 travers &hellip; <a href=\"https:\/\/herage.org\/blog\/https:\/blog.herage.org\/p=\/3012\/\">Continuer la lecture <span class=\"meta-nav\">&rarr;<\/span><\/a><\/p>\n","protected":false},"author":2,"featured_media":0,"comment_status":"closed","ping_status":"closed","sticky":false,"template":"","format":"standard","meta":{"spay_email":"","jetpack_publicize_message":"","jetpack_is_tweetstorm":false,"jetpack_publicize_feature_enabled":true},"categories":[268],"tags":[],"jetpack_publicize_connections":[],"jetpack_featured_media_url":"","jetpack_sharing_enabled":true,"jetpack_shortlink":"https:\/\/wp.me\/p4fVnZ-MA","jetpack-related-posts":[{"id":2960,"url":"https:\/\/herage.org\/blog\/https:\/blog.herage.org\/p=\/2960\/","url_meta":{"origin":3012,"position":0},"title":"Anniversaire des 40 ans","date":"7 juillet 2021","format":false,"excerpt":"Programme : clic sur l'image pour l'agrandir Les festivit\u00e9s pour les 40 ans du Cercle g\u00e9n\u00e9alogique Poitevin se d\u00e9clinent sur plusieurs temps forts. Vous trouverez le d\u00e9tail de la programmation actualis\u00e9e en cliquant sur les pav\u00e9s ci-dessous.Venez nombreux \u00e0 Jaunay Marigny les 25 et 26 septembre prochain.ATTENTION : la pr\u00e9sentation\u2026","rel":"","context":"Dans &quot;Anniversaire&quot;","img":{"alt_text":"40 ans de g\u00e9n\u00e9alogie pour le Cercle G\u00e9n\u00e9alogique Poitevin","src":"https:\/\/i0.wp.com\/herage.org\/blog\/wp-content\/uploads\/2021\/06\/cercle-genealogique_anniv.png?resize=350%2C200&ssl=1","width":350,"height":200},"classes":[]},{"id":3011,"url":"https:\/\/herage.org\/blog\/https:\/blog.herage.org\/p=\/3011\/","url_meta":{"origin":3012,"position":1},"title":"Les ateliers pour les 40 ans du CGP","date":"7 juillet 2021","format":false,"excerpt":"Les 25 et 26 septembre 2021, nous proposerons, comme nous avons l'habitude de le faire lors de nos journ\u00e9es d'\u00e9changes, diff\u00e9rents ateliers o\u00f9 vous pourrez venir vous initier ou vous perfectionner \u00e0 la g\u00e9n\u00e9alogie et aux outils qui l'entourent.Il y en aura pour tous les go\u00fbts : d\u00e9butants et experts.\u2026","rel":"","context":"Dans &quot;Anniversaire&quot;","img":{"alt_text":"Les ateliers d'initiation \u00c3\u00a0 la g\u00c3\u00a9n\u00c3\u00a9alogie \u00c3\u00a0 Bignoux (Vienne) par le Cercle G\u00c3\u00a9n\u00c3\u00a9alogique Poitevin","src":"https:\/\/i0.wp.com\/herage.org\/blog\/wp-content\/uploads\/2021\/07\/2020-02-18-atelier-initiation-Bignoux-v2-1024x576.jpg?resize=350%2C200&ssl=1","width":350,"height":200},"classes":[]},{"id":2999,"url":"https:\/\/herage.org\/blog\/https:\/blog.herage.org\/p=\/2999\/","url_meta":{"origin":3012,"position":2},"title":"Un rallye g\u00e9n\u00e9alogique pour les 40 ans du CGP","date":"7 juillet 2021","format":false,"excerpt":"Le Sosa myst\u00e8re \u00a0 Il s\u2019agit d'un jeu en ligne sur smartphone. Le joueur progressera en une douzaine d\u2019\u00e9tapes o\u00f9 il devra, \u00e0 chacune d\u2019elles, r\u00e9soudre une \u00e9nigme ou r\u00e9pondre \u00e0 une question. Les \u00e9nigmes auront un caract\u00e8re g\u00e9n\u00e9alogique affirm\u00e9 (utilisation des connaissances et termes sp\u00e9cifiques des outils, des m\u00e9thodes\u2026","rel":"","context":"Dans &quot;Anniversaire&quot;","img":{"alt_text":"","src":"https:\/\/i0.wp.com\/herage.org\/blog\/wp-content\/uploads\/2021\/07\/mockup-slide2-294x300.png?resize=350%2C200&ssl=1","width":350,"height":200},"classes":[]},{"id":3017,"url":"https:\/\/herage.org\/blog\/https:\/blog.herage.org\/p=\/3017\/","url_meta":{"origin":3012,"position":3},"title":"Le g\u00e2teau des 40 ans du CGP","date":"7 juillet 2021","format":false,"excerpt":"\u00a0 Un anniversaire... \u00e7a se f\u00eate! Chaque ann\u00e9e, \u00e0 l'occasion des rencontres\/\u00e9changes, le Cercle g\u00e9n\u00e9alogique Poitevin organise un repas convivial auquel participent r\u00e9guli\u00e8rement une centaine d'adh\u00e9rents. Cette ann\u00e9e d'anniversaire aurait pu \u00eatre l'occasion d'un repas sp\u00e9cial.\u00a0Le contexte en a d\u00e9cid\u00e9 autrement : il ne parait pas raisonnable de prendre, une\u2026","rel":"","context":"Dans &quot;Anniversaire&quot;","img":{"alt_text":"1981-2021 40 ans de passion pour la g\u00e9n\u00e9alogie, g\u00e2teau d'anniversaire, Cercle G\u00e9n\u00e9alogique Poitevin","src":"https:\/\/i0.wp.com\/herage.org\/blog\/wp-content\/uploads\/2021\/07\/Le-gateau-danniversaire-40-ans-CGP.png?resize=350%2C200&ssl=1","width":350,"height":200},"classes":[]},{"id":3014,"url":"https:\/\/herage.org\/blog\/https:\/blog.herage.org\/p=\/3014\/","url_meta":{"origin":3012,"position":4},"title":"40 ans du CGP : r\u00e9trospective des expositions","date":"10 juillet 2021","format":false,"excerpt":"Depuis 40 ans le Cercle g\u00e9n\u00e9alogique poitevin propose r\u00e9guli\u00e8rement des expositions qui sont pr\u00e9sent\u00e9es au cours des journ\u00e9es d'\u00e9change qu'il organise. Les 25 et 26 septembre 2021 sera l'occasion de les d\u00e9couvrir ou de les revoir dans la salle Agora \u00e0 Jaunay-Marigny. Des in\u00e9dits seront \u00e9galement pr\u00e9sent\u00e9s. Pour vous donner\u2026","rel":"","context":"Dans &quot;Anniversaire&quot;","img":{"alt_text":"","src":"https:\/\/i0.wp.com\/herage.org\/blog\/wp-content\/uploads\/2021\/07\/Expo-poilus-Montamise.jpg?resize=350%2C200&ssl=1","width":350,"height":200},"classes":[]},{"id":2993,"url":"https:\/\/herage.org\/blog\/https:\/blog.herage.org\/p=\/2993\/","url_meta":{"origin":3012,"position":5},"title":"Les 40 ans du CGP : parlez nous de vos Sosa 40 et 1981","date":"7 juillet 2021","format":false,"excerpt":"\u00c0 l'occasion de l\u2019anniversaire, le bureau lance deux d\u00e9fis \u00e0 ses adh\u00e9rents les plus motiv\u00e9s. Deux nombres symboliques sont au point de d\u00e9part de ces d\u00e9fis : 40 comme l'anniversaire, 1981 comme l'ann\u00e9e de naissance du cercle. Il s\u2019agit donc pour les adh\u00e9rents de rechercher dans leur arbre g\u00e9n\u00e9alogique les\u2026","rel":"","context":"Dans &quot;Anniversaire&quot;","img":{"alt_text":"L'arbre des 40 ans du Cercle g\u00c3\u00a9n\u00c3\u00a9alogique poitevin, sosa 40 et sosa 1981","src":"https:\/\/i0.wp.com\/herage.org\/blog\/wp-content\/uploads\/2021\/07\/Arbre-40-ans-CGP-1024x971.png?resize=350%2C200&ssl=1","width":350,"height":200},"classes":[]}],"_links":{"self":[{"href":"https:\/\/herage.org\/blog\/wp-json\/wp\/v2\/posts\/3012"}],"collection":[{"href":"https:\/\/herage.org\/blog\/wp-json\/wp\/v2\/posts"}],"about":[{"href":"https:\/\/herage.org\/blog\/wp-json\/wp\/v2\/types\/post"}],"author":[{"embeddable":true,"href":"https:\/\/herage.org\/blog\/wp-json\/wp\/v2\/users\/2"}],"replies":[{"embeddable":true,"href":"https:\/\/herage.org\/blog\/wp-json\/wp\/v2\/comments?post=3012"}],"version-history":[{"count":19,"href":"https:\/\/herage.org\/blog\/wp-json\/wp\/v2\/posts\/3012\/revisions"}],"predecessor-version":[{"id":3254,"href":"https:\/\/herage.org\/blog\/wp-json\/wp\/v2\/posts\/3012\/revisions\/3254"}],"wp:attachment":[{"href":"https:\/\/herage.org\/blog\/wp-json\/wp\/v2\/media?parent=3012"}],"wp:term":[{"taxonomy":"category","embeddable":true,"href":"https:\/\/herage.org\/blog\/wp-json\/wp\/v2\/categories?post=3012"},{"taxonomy":"post_tag","embeddable":true,"href":"https:\/\/herage.org\/blog\/wp-json\/wp\/v2\/tags?post=3012"}],"curies":[{"name":"wp","href":"https:\/\/api.w.org\/{rel}","templated":true}]}}