{"id":340,"date":"2011-06-04T13:51:33","date_gmt":"2011-06-04T12:51:33","guid":{"rendered":"http:\/\/herage.org\/blog\/?p=340"},"modified":"2011-06-04T14:20:50","modified_gmt":"2011-06-04T13:20:50","slug":"rencontres-genealogiques-a-poitiers-les-1-et-2-octobre-2011","status":"publish","type":"post","link":"https:\/\/herage.org\/blog\/https:\/blog.herage.org\/p=\/340\/","title":{"rendered":"Rencontres G\u00e9n\u00e9alogiques \u00e0 Poitiers les 1 et 2 octobre 2011"},"content":{"rendered":"<p>A l&rsquo;occasion du 30\u00b0 anniversaire du Cercle G\u00e9n\u00e9alogique Poitevin et du 20\u00b0 anniversaire\u00a0 de l&rsquo;Union G\u00e9n\u00e9alogique Poitou-Charentes, une rencontre est organis\u00e9e les 1 et 2 octobre 2011.<\/p>\n<p>Plus de 20 cercles couvrant les d\u00e9partements du Poitou-Charentes et des d\u00e9partements voisins seront pr\u00e9sents \u00e0 cette grande f\u00eate.<\/p>\n<p>En sus des cercles de la r\u00e9gion, vous trouverez aussi des stands commerciaux et m\u00eame les cercles des Ardennes, Corr\u00e8ze et Aveyron.<\/p>\n<div id=\"attachment_341\" style=\"width: 160px\" class=\"wp-caption alignleft\"><a href=\"https:\/\/i0.wp.com\/herage.org\/blog\/wp-content\/uploads\/2011\/06\/Affiche_Anniversaire.jpg\"><img aria-describedby=\"caption-attachment-341\" data-attachment-id=\"341\" data-permalink=\"https:\/\/herage.org\/blog\/https:\/blog.herage.org\/p=\/340\/affiche_anniversaire\/\" data-orig-file=\"https:\/\/i0.wp.com\/herage.org\/blog\/wp-content\/uploads\/2011\/06\/Affiche_Anniversaire.jpg?fit=461%2C648&amp;ssl=1\" data-orig-size=\"461,648\" data-comments-opened=\"1\" data-image-meta=\"{&quot;aperture&quot;:&quot;0&quot;,&quot;credit&quot;:&quot;&quot;,&quot;camera&quot;:&quot;&quot;,&quot;caption&quot;:&quot;&quot;,&quot;created_timestamp&quot;:&quot;0&quot;,&quot;copyright&quot;:&quot;&quot;,&quot;focal_length&quot;:&quot;0&quot;,&quot;iso&quot;:&quot;0&quot;,&quot;shutter_speed&quot;:&quot;0&quot;,&quot;title&quot;:&quot;&quot;}\" data-image-title=\"Rencontres G\u00e9n\u00e9alogiques \" data-image-description=\"&lt;p&gt;Rencontres G\u00e9n\u00e9alogiques des 1 et 2 octobre 2011 avec tous les cercles des d\u00e9partements du Poitou-Charentes et des alentours.&lt;br \/&gt;\nEntr\u00e9e libre et gratuite&lt;\/p&gt;\n\" data-image-caption=\"&lt;p&gt;Affiche des rencontres g\u00e9n\u00e9alogiques des 1 et 2 octobre \u00e0 Poitiers&lt;\/p&gt;\n\" data-medium-file=\"https:\/\/i0.wp.com\/herage.org\/blog\/wp-content\/uploads\/2011\/06\/Affiche_Anniversaire.jpg?fit=213%2C300&amp;ssl=1\" data-large-file=\"https:\/\/i0.wp.com\/herage.org\/blog\/wp-content\/uploads\/2011\/06\/Affiche_Anniversaire.jpg?fit=461%2C648&amp;ssl=1\" loading=\"lazy\" class=\"size-thumbnail wp-image-341\" title=\"Rencontres G\u00e9n\u00e9alogiques \" src=\"https:\/\/i0.wp.com\/herage.org\/blog\/wp-content\/uploads\/2011\/06\/Affiche_Anniversaire-150x150.jpg?resize=150%2C150\" alt=\"Rencontres G\u00e9n\u00e9alogiques des 1 et 2 octobre 2011 \u00e0 Poitiers\" width=\"150\" height=\"150\" srcset=\"https:\/\/i0.wp.com\/herage.org\/blog\/wp-content\/uploads\/2011\/06\/Affiche_Anniversaire.jpg?resize=150%2C150&amp;ssl=1 150w, https:\/\/i0.wp.com\/herage.org\/blog\/wp-content\/uploads\/2011\/06\/Affiche_Anniversaire.jpg?zoom=2&amp;resize=150%2C150&amp;ssl=1 300w, https:\/\/i0.wp.com\/herage.org\/blog\/wp-content\/uploads\/2011\/06\/Affiche_Anniversaire.jpg?zoom=3&amp;resize=150%2C150&amp;ssl=1 450w\" sizes=\"(max-width: 150px) 100vw, 150px\" data-recalc-dims=\"1\" \/><\/a><p id=\"caption-attachment-341\" class=\"wp-caption-text\">Affiche des rencontres g\u00e9n\u00e9alogiques des 1 et 2 octobre \u00e0 Poitiers<\/p><\/div>\n<p>L&rsquo;entr\u00e9e est libre et gratuite pour tous les visiteurs et vous serez accueillis \u00e0 la salle de <a title=\"la Hune \u00e0 Saint-Beno\u00eet\" href=\"http:\/\/www.ville-saint-benoit.fr\/culture-temps-libre\/la-hune.html\" target=\"_blank\">La Hune<\/a> 1, avenue du Champ de la Caille \u00e0 Saint-Beno\u00eet (86280) de\u00a0 9h30 \u00e0 18h les 1 et 2 octobre 2011 par tous les cercles.<\/p>\n<p>N&rsquo;h\u00e9sitez pas \u00e0 r\u00e9server votre week-end pour retrouver des b\u00e9n\u00e9voles qui vous aideront \u00e0 la recherche de vos anc\u00eatres.<\/p>\n<p>L&rsquo;acc\u00e8s est ais\u00e9 <small><a style=\"color: #0000ff; text-align: left;\" href=\"http:\/\/maps.google.fr\/maps?hl=fr&amp;ie=UTF8&amp;ll=46.558949,0.344825&amp;spn=0.013279,0.043602&amp;z=15&amp;source=embed\">Agrandir le plan<\/a><\/small> et le parking est spacieux et vous y stationnerez sans difficult\u00e9.<\/p>\n<p>Serge PICAULT<\/p>\n","protected":false},"excerpt":{"rendered":"<p>A l&rsquo;occasion du 30\u00b0 anniversaire du Cercle G\u00e9n\u00e9alogique Poitevin et du 20\u00b0 anniversaire\u00a0 de l&rsquo;Union G\u00e9n\u00e9alogique Poitou-Charentes, une rencontre est organis\u00e9e les 1 et 2 octobre 2011. Plus de 20 cercles couvrant les d\u00e9partements du Poitou-Charentes et des d\u00e9partements voisins &hellip; <a href=\"https:\/\/herage.org\/blog\/https:\/blog.herage.org\/p=\/340\/\">Continuer la lecture <span class=\"meta-nav\">&rarr;<\/span><\/a><\/p>\n","protected":false},"author":3,"featured_media":0,"comment_status":"open","ping_status":"open","sticky":false,"template":"","format":"standard","meta":{"spay_email":"","jetpack_publicize_message":"","jetpack_is_tweetstorm":false,"jetpack_publicize_feature_enabled":true},"categories":[13],"tags":[],"jetpack_publicize_connections":[],"jetpack_featured_media_url":"","jetpack_sharing_enabled":true,"jetpack_shortlink":"https:\/\/wp.me\/p4fVnZ-5u","jetpack-related-posts":[{"id":583,"url":"https:\/\/herage.org\/blog\/https:\/blog.herage.org\/p=\/583\/","url_meta":{"origin":340,"position":0},"title":"Journ\u00e9es de la g\u00e9n\u00e9alogie \u00e0 Niort les 11 &#038; 12 octobre 2014","date":"19 janvier 2014","format":false,"excerpt":"Le cercle G\u00e9n\u00e9alogique des Deux-S\u00e8vres organise une grande manifestation g\u00e9n\u00e9alogique r\u00e9gionale au parc des expositions \u00a0de Niort les 11 & 12 octobre 2014. A cette occasion, vous y rencontrerez tous les cercles de l'Union G\u00e9n\u00e9alogique Poitou-Charentes- Vend\u00e9e, soit les cercles de la Charente, de l'Aunis, de la Saintonge, du Sud\u2026","rel":"","context":"Dans &quot;Manifestation&quot;","img":{"alt_text":"","src":"","width":0,"height":0},"classes":[]},{"id":761,"url":"https:\/\/herage.org\/blog\/https:\/blog.herage.org\/p=\/761\/","url_meta":{"origin":340,"position":1},"title":"Grande r\u00e9union g\u00e9n\u00e9alogique r\u00e9gionale","date":"29 avril 2016","format":false,"excerpt":"Grande manifestation g\u00e9n\u00e9alogique r\u00e9gionale \u00e0 saintes les samedi 21 et dimanche 22 mai 2016","rel":"","context":"Dans &quot;Manifestation&quot;","img":{"alt_text":"","src":"https:\/\/i0.wp.com\/herage.org\/blog\/wp-content\/uploads\/2016\/04\/gc3a9nc3a9alogie-saintes1-212x300.jpg?resize=350%2C200","width":350,"height":200},"classes":[]},{"id":465,"url":"https:\/\/herage.org\/blog\/https:\/blog.herage.org\/p=\/465\/","url_meta":{"origin":340,"position":2},"title":"Rencontres G\u00e9n\u00e9alogiques \u00e0 Monts sur Guesnes les 22 et 23 septembre 2012","date":"17 septembre 2012","format":false,"excerpt":"Le samedi 22 et le dimanche 23 septembre, de 9h \u00e0 18h venez retrouver les adh\u00e9rents du Cercle G\u00e9n\u00e9alogique Poitevin \u00e0 la salle des f\u00eates de Monts-sur-Guesnes. L'entr\u00e9e est libre et gratuite. vous y trouverez de nombreux exposants parmi les adh\u00e9rents qui afficheront les r\u00e9sultats de leurs recherches et aussi\u2026","rel":"","context":"Dans &quot;Manifestation&quot;","img":{"alt_text":"","src":"","width":0,"height":0},"classes":[]},{"id":770,"url":"https:\/\/herage.org\/blog\/https:\/blog.herage.org\/p=\/770\/","url_meta":{"origin":340,"position":3},"title":"Journ\u00e9es Expo\/Echanges \u00e0 Montamis\u00e9","date":"8 ao\u00fbt 2016","format":false,"excerpt":"\u00a0 Comme tous les ans, le Cercle G\u00e9n\u00e9alogique Poitevin organise 2 jours destin\u00e9s aux \u00e9changes entre nos adh\u00e9rents. Cette ann\u00e9e, cette rencontre a lieu \u00e0 Montamis\u00e9, pr\u00e8s de Poitiers, les 15 et 16 octobre 2016 dans la salle des f\u00eates (rue du C\u00e8dre, 86360 Montamis\u00e9). Si vous \u00eates adh\u00e9rent de\u2026","rel":"","context":"Dans &quot;Manifestation&quot;","img":{"alt_text":"","src":"https:\/\/i0.wp.com\/herage.org\/blog\/wp-content\/uploads\/2016\/08\/affiche_montamise-232x300.png?resize=350%2C200","width":350,"height":200},"classes":[]},{"id":784,"url":"https:\/\/herage.org\/blog\/https:\/blog.herage.org\/p=\/784\/","url_meta":{"origin":340,"position":4},"title":"Pass\u2019Yon g\u00e9n\u00e9alogie Vend\u00e9e","date":"23 octobre 2016","format":false,"excerpt":"Pass'Yon G\u00e9n\u00e9alogie Vend\u00e9e les 29 et 30 octobre 2016","rel":"","context":"Dans &quot;Manifestation&quot;","img":{"alt_text":"","src":"https:\/\/genea79.files.wordpress.com\/2016\/10\/salon_cg_vend__en.jpg?w=350&h=200&crop=1","width":350,"height":200},"classes":[]},{"id":660,"url":"https:\/\/herage.org\/blog\/https:\/blog.herage.org\/p=\/660\/","url_meta":{"origin":340,"position":5},"title":"Charroux sera g\u00e9n\u00e9alogique les 18 &#038; 19 octobre 2014","date":"20 septembre 2014","format":false,"excerpt":"Grande manifestation g\u00e9n\u00e9alogique \u00e0 Charroux les 18 et 19 octobre 2014 organis\u00e9e par le CGP (Cercle G\u00e9n\u00e9alogique Poitevin)","rel":"","context":"Dans &quot;Manifestation&quot;","img":{"alt_text":"","src":"https:\/\/i0.wp.com\/herage.org\/blog\/wp-content\/uploads\/2014\/09\/expo_2014_charroux-212x300.png?resize=350%2C200","width":350,"height":200},"classes":[]}],"_links":{"self":[{"href":"https:\/\/herage.org\/blog\/wp-json\/wp\/v2\/posts\/340"}],"collection":[{"href":"https:\/\/herage.org\/blog\/wp-json\/wp\/v2\/posts"}],"about":[{"href":"https:\/\/herage.org\/blog\/wp-json\/wp\/v2\/types\/post"}],"author":[{"embeddable":true,"href":"https:\/\/herage.org\/blog\/wp-json\/wp\/v2\/users\/3"}],"replies":[{"embeddable":true,"href":"https:\/\/herage.org\/blog\/wp-json\/wp\/v2\/comments?post=340"}],"version-history":[{"count":6,"href":"https:\/\/herage.org\/blog\/wp-json\/wp\/v2\/posts\/340\/revisions"}],"predecessor-version":[{"id":347,"href":"https:\/\/herage.org\/blog\/wp-json\/wp\/v2\/posts\/340\/revisions\/347"}],"wp:attachment":[{"href":"https:\/\/herage.org\/blog\/wp-json\/wp\/v2\/media?parent=340"}],"wp:term":[{"taxonomy":"category","embeddable":true,"href":"https:\/\/herage.org\/blog\/wp-json\/wp\/v2\/categories?post=340"},{"taxonomy":"post_tag","embeddable":true,"href":"https:\/\/herage.org\/blog\/wp-json\/wp\/v2\/tags?post=340"}],"curies":[{"name":"wp","href":"https:\/\/api.w.org\/{rel}","templated":true}]}}