{"id":349,"date":"2011-10-02T06:57:47","date_gmt":"2011-10-02T05:57:47","guid":{"rendered":"http:\/\/herage.org\/blog\/?p=349"},"modified":"2011-10-08T14:25:01","modified_gmt":"2011-10-08T13:25:01","slug":"les-30-ans-du-cercle-second-jour","status":"publish","type":"post","link":"https:\/\/herage.org\/blog\/https:\/blog.herage.org\/p=\/349\/","title":{"rendered":"Les 30 ans du cercle, second jour"},"content":{"rendered":"<p><a href=\"https:\/\/i0.wp.com\/herage.org\/blog\/wp-content\/uploads\/2011\/10\/IMG_0155.jpg\"><img data-attachment-id=\"364\" data-permalink=\"https:\/\/herage.org\/blog\/https:\/blog.herage.org\/p=\/349\/img_0155\/\" data-orig-file=\"https:\/\/i0.wp.com\/herage.org\/blog\/wp-content\/uploads\/2011\/10\/IMG_0155.jpg?fit=3504%2C2336&amp;ssl=1\" data-orig-size=\"3504,2336\" data-comments-opened=\"1\" data-image-meta=\"{&quot;aperture&quot;:&quot;4&quot;,&quot;credit&quot;:&quot;&quot;,&quot;camera&quot;:&quot;Canon EOS 30D&quot;,&quot;caption&quot;:&quot;&quot;,&quot;created_timestamp&quot;:&quot;1317566194&quot;,&quot;copyright&quot;:&quot;&quot;,&quot;focal_length&quot;:&quot;17&quot;,&quot;iso&quot;:&quot;400&quot;,&quot;shutter_speed&quot;:&quot;0.016666666666667&quot;,&quot;title&quot;:&quot;&quot;}\" data-image-title=\"Le Stand du CGP\" data-image-description=\"\" data-image-caption=\"\" data-medium-file=\"https:\/\/i0.wp.com\/herage.org\/blog\/wp-content\/uploads\/2011\/10\/IMG_0155.jpg?fit=300%2C200&amp;ssl=1\" data-large-file=\"https:\/\/i0.wp.com\/herage.org\/blog\/wp-content\/uploads\/2011\/10\/IMG_0155.jpg?fit=584%2C389&amp;ssl=1\" loading=\"lazy\" class=\"alignleft size-thumbnail wp-image-364\" title=\"Le Stand du CGP\" src=\"https:\/\/i0.wp.com\/herage.org\/blog\/wp-content\/uploads\/2011\/10\/IMG_0155-150x150.jpg?resize=96%2C96\" alt=\"\" width=\"96\" height=\"96\" srcset=\"https:\/\/i0.wp.com\/herage.org\/blog\/wp-content\/uploads\/2011\/10\/IMG_0155.jpg?resize=150%2C150&amp;ssl=1 150w, https:\/\/i0.wp.com\/herage.org\/blog\/wp-content\/uploads\/2011\/10\/IMG_0155.jpg?zoom=3&amp;resize=96%2C96&amp;ssl=1 288w\" sizes=\"(max-width: 96px) 100vw, 96px\" data-recalc-dims=\"1\" \/><\/a>Les g\u00e9n\u00e9alogistes ont d\u00e9laiss\u00e9 les plages et la d\u00e9tente pour venir nombreux \u00e0 la salle de la Hune \u00e0 c\u00f4t\u00e9 de Poitiers pour se rencontrer, \u00e9changer et poursuivre leurs recherches.<br \/>\nUn <a href=\"http:\/\/herage.org\/blog\/wp-content\/uploads\/2011\/10\/FR3_2011-11-02-lb-512.wmv\" cible=\"fr3\"> reportage de <img title=\"franc3 Poitou-Charentes\" src=\"https:\/\/i0.wp.com\/herage.org\/blog\/wp-content\/uploads\/2011\/10\/logo_france31.gif?w=584\" alt=\"reportage France3 Poitou-Charentes\" data-recalc-dims=\"1\" \/><\/a> montre, en image, cette manifestation qui fut une r\u00e9elle r\u00e9ussite.<br \/>\nUn seul regret, une salle finalement un peu exigu\u00eb au vu des nombreux visiteurs pr\u00e9sents.<\/p>\n","protected":false},"excerpt":{"rendered":"<p>Les g\u00e9n\u00e9alogistes ont d\u00e9laiss\u00e9 les plages et la d\u00e9tente pour venir nombreux \u00e0 la salle de la Hune \u00e0 c\u00f4t\u00e9 de Poitiers pour se rencontrer, \u00e9changer et poursuivre leurs recherches. Un reportage de montre, en image, cette manifestation qui fut &hellip; <a href=\"https:\/\/herage.org\/blog\/https:\/blog.herage.org\/p=\/349\/\">Continuer la lecture <span class=\"meta-nav\">&rarr;<\/span><\/a><\/p>\n","protected":false},"author":3,"featured_media":0,"comment_status":"open","ping_status":"open","sticky":false,"template":"","format":"standard","meta":{"spay_email":"","jetpack_publicize_message":"","jetpack_is_tweetstorm":false,"jetpack_publicize_feature_enabled":true},"categories":[13],"tags":[40,46],"jetpack_publicize_connections":[],"jetpack_featured_media_url":"","jetpack_sharing_enabled":true,"jetpack_shortlink":"https:\/\/wp.me\/p4fVnZ-5D","jetpack-related-posts":[{"id":1424,"url":"https:\/\/herage.org\/blog\/https:\/blog.herage.org\/p=\/1424\/","url_meta":{"origin":349,"position":0},"title":"Les rencontres g\u00e9n\u00e9alogiques du CGP \u00e0 Bignoux","date":"5 juillet 2018","format":false,"excerpt":"Comme tous les ans, le Cercle G\u00e9n\u00e9alogique Poitevin organise un week-end de partages et d'\u00e9changes entre passionn\u00e9s de g\u00e9n\u00e9alogie et donne \u00e9galement la possibilit\u00e9 \u00e0 ses adh\u00e9rents d'exposer leurs travaux de recherches. Cette ann\u00e9e, cette rencontre aura lieu dans la salle socio-culturelle de\u00a0Bignoux, pr\u00e8s de Poitiers, les 06 et 07\u2026","rel":"","context":"Dans &quot;Manifestation&quot;","img":{"alt_text":"forum g\u00e9n\u00e9alogie CGP cercle G\u00e9n\u00e9alogique Poitevin 06 et 07 octobre 2018 Bignoux","src":"https:\/\/i0.wp.com\/herage.org\/blog\/wp-content\/uploads\/2018\/07\/Com-Facebook-1.jpg?fit=454%2C300&ssl=1&resize=350%2C200","width":350,"height":200},"classes":[]},{"id":648,"url":"https:\/\/herage.org\/blog\/https:\/blog.herage.org\/p=\/648\/","url_meta":{"origin":349,"position":1},"title":"Journ\u00e9es de la G\u00e9n\u00e9alogie \u00e0 Niort","date":"20 septembre 2014","format":false,"excerpt":"\u00a0 Le Cercle G\u00e9n\u00e9alogique des Deux-S\u00e8vres organise, \u00e0 Niort deux journ\u00e9es de la g\u00e9n\u00e9alogie ou 30 associations du grand ouest seront pr\u00e9sentes. \u00a0Cette grande\u00a0manifestation se d\u00e9roulera les 11 et 12 octobre salle du D\u00f4me au parc exposition de Niort. Le\u00a0parc exposition de Niort est situ\u00e9 au milieu d'un parc de\u00a010\u2026","rel":"","context":"Dans &quot;Manifestation&quot;","img":{"alt_text":"","src":"https:\/\/i0.wp.com\/herage.org\/blog\/wp-content\/uploads\/2014\/09\/cgds_expo_2014-300x211.png?resize=350%2C200","width":350,"height":200},"classes":[]},{"id":684,"url":"https:\/\/herage.org\/blog\/https:\/blog.herage.org\/p=\/684\/","url_meta":{"origin":349,"position":2},"title":"Salon G\u00e9n\u00e9alogique de Paris XV\u00b0","date":"7 mars 2015","format":false,"excerpt":"De nombreux visiteurs, passionn\u00e9s de g\u00e9n\u00e9alogie, sont venus dans la salle des f\u00eates de la mairie du XV\u00b0 arrondissement de Paris pour rencontrer les associations g\u00e9n\u00e9alogiques ou professionnels de la g\u00e9n\u00e9alogie.Le temps cl\u00e9ment a pouss\u00e9 de nombreux visiteurs vers le stand du Cercle anim\u00e9 par l'Antenne Francilienne.","rel":"","context":"Dans &quot;Ile de France&quot;","img":{"alt_text":"","src":"https:\/\/i0.wp.com\/herage.org\/blog\/wp-content\/uploads\/2015\/03\/2015-03-06-15.00.43-300x224.jpg?resize=350%2C200","width":350,"height":200},"classes":[]},{"id":2269,"url":"https:\/\/herage.org\/blog\/https:\/blog.herage.org\/p=\/2269\/","url_meta":{"origin":349,"position":3},"title":"Les journ\u00e9es d&rsquo;\u00e9changes du CGP \u00e0 Rouill\u00e9","date":"21 juillet 2019","format":false,"excerpt":"Comme tous les ans, au tout d\u00e9but du 3e trimestre, le Cercle G\u00e9n\u00e9alogique Poitevin donne rendez-vous \u00e0 ses adh\u00e9rents pour deux journ\u00e9es d'\u00e9changes et de partage. Cette ann\u00e9e, le cercle invite tous les passionn\u00e9s de g\u00e9n\u00e9alogie les 28 et 29 septembre 2019 dans la salle des f\u00eates de Rouill\u00e9. Rouill\u00e9\u2026","rel":"","context":"Dans &quot;Manifestation&quot;","img":{"alt_text":"","src":"https:\/\/i0.wp.com\/herage.org\/blog\/wp-content\/uploads\/2019\/07\/2019-06-25_AFFICHE-2019-A4VF-212x300.png?resize=350%2C200","width":350,"height":200},"classes":[]},{"id":660,"url":"https:\/\/herage.org\/blog\/https:\/blog.herage.org\/p=\/660\/","url_meta":{"origin":349,"position":4},"title":"Charroux sera g\u00e9n\u00e9alogique les 18 &#038; 19 octobre 2014","date":"20 septembre 2014","format":false,"excerpt":"Grande manifestation g\u00e9n\u00e9alogique \u00e0 Charroux les 18 et 19 octobre 2014 organis\u00e9e par le CGP (Cercle G\u00e9n\u00e9alogique Poitevin)","rel":"","context":"Dans &quot;Manifestation&quot;","img":{"alt_text":"","src":"https:\/\/i0.wp.com\/herage.org\/blog\/wp-content\/uploads\/2014\/09\/expo_2014_charroux-212x300.png?resize=350%2C200","width":350,"height":200},"classes":[]},{"id":539,"url":"https:\/\/herage.org\/blog\/https:\/blog.herage.org\/p=\/539\/","url_meta":{"origin":349,"position":5},"title":"Rencontres d&rsquo;automne 2013 Fontaine-le-Comte","date":"7 octobre 2013","format":false,"excerpt":"Samedi 5 et dimanche 6 octobre le Cercle G\u00e9n\u00e9alogique Poitevin\u00a0 a organis\u00e9 ses traditionnelles rencontres \u00e9changes g\u00e9n\u00e9alogiques annuelles. Cette ann\u00e9e c'est la magnifique salle des f\u00eates de Fontaine-le-Comte qui a accueilli cette manifestation. Une quarantaine de stands anim\u00e9s et tenus par les adh\u00e9rents du CGP ont pr\u00e9sent\u00e9s au nombreux public\u2026","rel":"","context":"Dans &quot;Vienne&quot;","img":{"alt_text":"IMG_0001 REDUIT","src":"https:\/\/i0.wp.com\/herage.org\/blog\/wp-content\/uploads\/2013\/10\/IMG_0001-REDUIT-1024x766.jpg?resize=350%2C200","width":350,"height":200},"classes":[]}],"_links":{"self":[{"href":"https:\/\/herage.org\/blog\/wp-json\/wp\/v2\/posts\/349"}],"collection":[{"href":"https:\/\/herage.org\/blog\/wp-json\/wp\/v2\/posts"}],"about":[{"href":"https:\/\/herage.org\/blog\/wp-json\/wp\/v2\/types\/post"}],"author":[{"embeddable":true,"href":"https:\/\/herage.org\/blog\/wp-json\/wp\/v2\/users\/3"}],"replies":[{"embeddable":true,"href":"https:\/\/herage.org\/blog\/wp-json\/wp\/v2\/comments?post=349"}],"version-history":[{"count":19,"href":"https:\/\/herage.org\/blog\/wp-json\/wp\/v2\/posts\/349\/revisions"}],"predecessor-version":[{"id":362,"href":"https:\/\/herage.org\/blog\/wp-json\/wp\/v2\/posts\/349\/revisions\/362"}],"wp:attachment":[{"href":"https:\/\/herage.org\/blog\/wp-json\/wp\/v2\/media?parent=349"}],"wp:term":[{"taxonomy":"category","embeddable":true,"href":"https:\/\/herage.org\/blog\/wp-json\/wp\/v2\/categories?post=349"},{"taxonomy":"post_tag","embeddable":true,"href":"https:\/\/herage.org\/blog\/wp-json\/wp\/v2\/tags?post=349"}],"curies":[{"name":"wp","href":"https:\/\/api.w.org\/{rel}","templated":true}]}}