{"id":350,"date":"2011-10-01T17:52:17","date_gmt":"2011-10-01T16:52:17","guid":{"rendered":"http:\/\/herage.org\/blog\/?p=350"},"modified":"2011-10-06T07:58:20","modified_gmt":"2011-10-06T06:58:20","slug":"les-30-ans-du-cercle-premier-jour","status":"publish","type":"post","link":"https:\/\/herage.org\/blog\/https:\/blog.herage.org\/p=\/350\/","title":{"rendered":"Les 30 ans du cercle, premier jour"},"content":{"rendered":"<p>La manifestation organis\u00e9e par le Cercle G\u00e9n\u00e9alogique Poitevin et l&rsquo;Union Poitou-Charentes \u00e0 l&rsquo;occasion des 30 et 20 ans a \u00e9t\u00e9 un vrai succ\u00e8s.<br \/>\nPr\u00e8s de 800 visiteurs <a href=\"https:\/\/i0.wp.com\/herage.org\/blog\/wp-content\/uploads\/2011\/10\/Photo-0051.jpg\"><img data-attachment-id=\"353\" data-permalink=\"https:\/\/herage.org\/blog\/https:\/blog.herage.org\/p=\/350\/photo-005-2\/\" data-orig-file=\"https:\/\/i0.wp.com\/herage.org\/blog\/wp-content\/uploads\/2011\/10\/Photo-0051.jpg?fit=3504%2C2336&amp;ssl=1\" data-orig-size=\"3504,2336\" data-comments-opened=\"1\" data-image-meta=\"{&quot;aperture&quot;:&quot;4&quot;,&quot;credit&quot;:&quot;&quot;,&quot;camera&quot;:&quot;Canon EOS 30D&quot;,&quot;caption&quot;:&quot;&quot;,&quot;created_timestamp&quot;:&quot;1317486936&quot;,&quot;copyright&quot;:&quot;&quot;,&quot;focal_length&quot;:&quot;22&quot;,&quot;iso&quot;:&quot;400&quot;,&quot;shutter_speed&quot;:&quot;0.016666666666667&quot;,&quot;title&quot;:&quot;&quot;}\" data-image-title=\"Photo 005\" data-image-description=\"\" data-image-caption=\"\" data-medium-file=\"https:\/\/i0.wp.com\/herage.org\/blog\/wp-content\/uploads\/2011\/10\/Photo-0051.jpg?fit=300%2C200&amp;ssl=1\" data-large-file=\"https:\/\/i0.wp.com\/herage.org\/blog\/wp-content\/uploads\/2011\/10\/Photo-0051.jpg?fit=584%2C389&amp;ssl=1\" loading=\"lazy\" class=\"alignleft size-thumbnail wp-image-353\" title=\"Photo 005\" src=\"https:\/\/i0.wp.com\/herage.org\/blog\/wp-content\/uploads\/2011\/10\/Photo-0051-150x150.jpg?resize=120%2C120\" alt=\"\" width=\"120\" height=\"120\" srcset=\"https:\/\/i0.wp.com\/herage.org\/blog\/wp-content\/uploads\/2011\/10\/Photo-0051.jpg?resize=150%2C150&amp;ssl=1 150w, https:\/\/i0.wp.com\/herage.org\/blog\/wp-content\/uploads\/2011\/10\/Photo-0051.jpg?zoom=2&amp;resize=120%2C120&amp;ssl=1 240w, https:\/\/i0.wp.com\/herage.org\/blog\/wp-content\/uploads\/2011\/10\/Photo-0051.jpg?zoom=3&amp;resize=120%2C120&amp;ssl=1 360w\" sizes=\"(max-width: 120px) 100vw, 120px\" data-recalc-dims=\"1\" \/><\/a>sont venus consulter les associations pr\u00e9sentes ou encore les g\u00e9n\u00e9alogistes amateurs qui exposaient leurs travaux.<br \/>\nNombreux sont les nouveaux cousinages qui ont \u00e9t\u00e9 d\u00e9couverts.<br \/>\nUn tirage au sort des tickets d&rsquo;entr\u00e9e  a \u00e9t\u00e9 organis\u00e9 et les gagnants sont les porteurs des num\u00e9ros suivants : 40, 423, 261, 398, 485, 133, 457, 145, 132 et 193.<br \/>\nDemain dimanche, la manifestation se poursuit d\u00e8s 9h30 \u00e0 La Hune avec toujours l&rsquo;entr\u00e9e gratuite.<\/p>\n","protected":false},"excerpt":{"rendered":"<p>La manifestation organis\u00e9e par le Cercle G\u00e9n\u00e9alogique Poitevin et l&rsquo;Union Poitou-Charentes \u00e0 l&rsquo;occasion des 30 et 20 ans a \u00e9t\u00e9 un vrai succ\u00e8s. Pr\u00e8s de 800 visiteurs sont venus consulter les associations pr\u00e9sentes ou encore les g\u00e9n\u00e9alogistes amateurs qui exposaient &hellip; <a href=\"https:\/\/herage.org\/blog\/https:\/blog.herage.org\/p=\/350\/\">Continuer la lecture <span class=\"meta-nav\">&rarr;<\/span><\/a><\/p>\n","protected":false},"author":3,"featured_media":0,"comment_status":"open","ping_status":"open","sticky":false,"template":"","format":"standard","meta":{"spay_email":"","jetpack_publicize_message":"","jetpack_is_tweetstorm":false,"jetpack_publicize_feature_enabled":true},"categories":[33,13,12],"tags":[],"jetpack_publicize_connections":[],"jetpack_featured_media_url":"","jetpack_sharing_enabled":true,"jetpack_shortlink":"https:\/\/wp.me\/p4fVnZ-5E","jetpack-related-posts":[{"id":3014,"url":"https:\/\/herage.org\/blog\/https:\/blog.herage.org\/p=\/3014\/","url_meta":{"origin":350,"position":0},"title":"40 ans du CGP : r\u00e9trospective des expositions","date":"10 juillet 2021","format":false,"excerpt":"Depuis 40 ans le Cercle g\u00e9n\u00e9alogique poitevin propose r\u00e9guli\u00e8rement des expositions qui sont pr\u00e9sent\u00e9es au cours des journ\u00e9es d'\u00e9change qu'il organise. Les 25 et 26 septembre 2021 sera l'occasion de les d\u00e9couvrir ou de les revoir dans la salle Agora \u00e0 Jaunay-Marigny. Des in\u00e9dits seront \u00e9galement pr\u00e9sent\u00e9s. Pour vous donner\u2026","rel":"","context":"Dans &quot;Anniversaire&quot;","img":{"alt_text":"","src":"https:\/\/i0.wp.com\/herage.org\/blog\/wp-content\/uploads\/2021\/07\/Expo-poilus-Montamise.jpg?resize=350%2C200&ssl=1","width":350,"height":200},"classes":[]},{"id":197,"url":"https:\/\/herage.org\/blog\/https:\/blog.herage.org\/p=\/197\/","url_meta":{"origin":350,"position":1},"title":"Journ\u00e9es d&rsquo;\u00e9changes \u00e0 Quin\u00e7ay","date":"13 octobre 2010","format":false,"excerpt":"Le samedi 16 et le dimanche 17 octobre, le Cercle G\u00e9n\u00e9alogique Poitevin organise ses traditionnelles journ\u00e9es d'\u00e9changes. Cette ann\u00e9e elles vont se d\u00e9rouler dans la Salle des F\u00eates de Quin\u00e7ay dans la Vienne de 9h00 \u00e0 18h00. Le public sera accueilli par une grande partie des membres du bureau ainsi\u2026","rel":"","context":"Dans &quot;Manifestation&quot;","img":{"alt_text":"","src":"https:\/\/i0.wp.com\/herage.org\/blog\/wp-content\/uploads\/2010\/10\/Journ\u00c3\u00a9e-CGP-Quicay.jpg?resize=350%2C200","width":350,"height":200},"classes":[]},{"id":548,"url":"https:\/\/herage.org\/blog\/https:\/blog.herage.org\/p=\/548\/","url_meta":{"origin":350,"position":2},"title":"Les G\u00e9n\u00e9alogiques \u00e0 paris le 10 novembre 2013","date":"15 d\u00e9cembre 2013","format":false,"excerpt":"Le cercle a \u00e9t\u00e9 heureux d'accueillir les adh\u00e9rents et sympathisants sur son stand \u00e0 l\u2019occasion des deuxi\u00e8me rencontres des G\u00e9n\u00e9alogiques aux salons de l'Aveyron dans le 12\u00b0 arrondissement de Paris. Vous avez \u00e9t\u00e9 nombreux (2200 visiteurs ont franchi les portes du salon) \u00e0 venir\u00a0 nous voir et nous vous en\u2026","rel":"","context":"Dans &quot;Antenne&quot;","img":{"alt_text":"","src":"","width":0,"height":0},"classes":[]},{"id":508,"url":"https:\/\/herage.org\/blog\/https:\/blog.herage.org\/p=\/508\/","url_meta":{"origin":350,"position":3},"title":"R\u00e9union de l\u2019antenne francilienne du 8 d\u00e9cembre 2012","date":"13 d\u00e9cembre 2012","format":false,"excerpt":"R\u00e9union de l\u2019antenne francilienne du 8 d\u00e9cembre 2012. \u00a0 Ce samedi 8 d\u00e9cembre, nous nous retrouvons \u00e0 14 heures au si\u00e8ge de la FFG, Tour Essor \u00e0 Pantin. Serge Picault ouvre la s\u00e9ance. Nous sommes dix. Jean-Pierre J\u00e9rome et Pierrette Gilard sont absents excus\u00e9s. Apr\u00e8s avoir \u00e9voqu\u00e9 les prochains rendez-vous\u2026","rel":"","context":"Dans &quot;Antenne&quot;","img":{"alt_text":"","src":"","width":0,"height":0},"classes":[]},{"id":334,"url":"https:\/\/herage.org\/blog\/https:\/blog.herage.org\/p=\/334\/","url_meta":{"origin":350,"position":4},"title":"Congr\u00e8s National G\u00e9n\u00e9alogique de Lille","date":"4 juin 2011","format":false,"excerpt":"Le cercle \u00e9tait pr\u00e9sent \u00e0 cette manifestation nationale se d\u00e9roulant sur 3 jours les 2, 3 et 4 juin. Cet \u00e9v\u00e9nement qui se d\u00e9roule tous les 2 ans sur la p\u00e9riode de l\u2019Ascension est, cette ann\u00e9e, situ\u00e9 \u00e0 deux pas du Centre Ville de Lille, est l'occasion de faire conna\u00eetre\u2026","rel":"","context":"Dans &quot;Manifestation&quot;","img":{"alt_text":"","src":"","width":0,"height":0},"classes":[]},{"id":792,"url":"https:\/\/herage.org\/blog\/https:\/blog.herage.org\/p=\/792\/","url_meta":{"origin":350,"position":5},"title":"Manifestation G\u00e9n\u00e9alogique \u00e0 la mairie du XV\u00b0 arrondissement de Paris","date":"24 janvier 2017","format":false,"excerpt":"Salon de la G\u00e9n\u00e9alogie \u00e0 la mairie de Paris XV\u00b0 les 10 et 11 mars 2017","rel":"","context":"Dans &quot;Ile de France&quot;","img":{"alt_text":"","src":"https:\/\/i0.wp.com\/herage.org\/blog\/wp-content\/uploads\/2017\/01\/s2017-03_salon_de_la_genealogie_mairie_15-215x300.jpg?resize=350%2C200","width":350,"height":200},"classes":[]}],"_links":{"self":[{"href":"https:\/\/herage.org\/blog\/wp-json\/wp\/v2\/posts\/350"}],"collection":[{"href":"https:\/\/herage.org\/blog\/wp-json\/wp\/v2\/posts"}],"about":[{"href":"https:\/\/herage.org\/blog\/wp-json\/wp\/v2\/types\/post"}],"author":[{"embeddable":true,"href":"https:\/\/herage.org\/blog\/wp-json\/wp\/v2\/users\/3"}],"replies":[{"embeddable":true,"href":"https:\/\/herage.org\/blog\/wp-json\/wp\/v2\/comments?post=350"}],"version-history":[{"count":4,"href":"https:\/\/herage.org\/blog\/wp-json\/wp\/v2\/posts\/350\/revisions"}],"predecessor-version":[{"id":379,"href":"https:\/\/herage.org\/blog\/wp-json\/wp\/v2\/posts\/350\/revisions\/379"}],"wp:attachment":[{"href":"https:\/\/herage.org\/blog\/wp-json\/wp\/v2\/media?parent=350"}],"wp:term":[{"taxonomy":"category","embeddable":true,"href":"https:\/\/herage.org\/blog\/wp-json\/wp\/v2\/categories?post=350"},{"taxonomy":"post_tag","embeddable":true,"href":"https:\/\/herage.org\/blog\/wp-json\/wp\/v2\/tags?post=350"}],"curies":[{"name":"wp","href":"https:\/\/api.w.org\/{rel}","templated":true}]}}