{"id":357,"date":"2011-10-15T09:07:48","date_gmt":"2011-10-15T08:07:48","guid":{"rendered":"http:\/\/herage.org\/blog\/?p=357"},"modified":"2011-10-16T07:38:22","modified_gmt":"2011-10-16T06:38:22","slug":"les-genealogiques-a-lespace-reuilly-paris-12%c2%b0","status":"publish","type":"post","link":"https:\/\/herage.org\/blog\/https:\/blog.herage.org\/p=\/357\/","title":{"rendered":"Le 12 novembre \u00e0 l&rsquo;espace Reuilly (Paris 12\u00b0)"},"content":{"rendered":"<p><a href=\"https:\/\/i0.wp.com\/herage.org\/blog\/wp-content\/uploads\/2011\/10\/Affiche-ERIC-MEETING-2.jpg\"><img data-attachment-id=\"418\" data-permalink=\"https:\/\/herage.org\/blog\/https:\/blog.herage.org\/p=\/357\/affiche-eric-meeting-2\/\" data-orig-file=\"https:\/\/i0.wp.com\/herage.org\/blog\/wp-content\/uploads\/2011\/10\/Affiche-ERIC-MEETING-2.jpg?fit=595%2C842&amp;ssl=1\" data-orig-size=\"595,842\" data-comments-opened=\"1\" data-image-meta=\"{&quot;aperture&quot;:&quot;0&quot;,&quot;credit&quot;:&quot;&quot;,&quot;camera&quot;:&quot;&quot;,&quot;caption&quot;:&quot;&quot;,&quot;created_timestamp&quot;:&quot;0&quot;,&quot;copyright&quot;:&quot;&quot;,&quot;focal_length&quot;:&quot;0&quot;,&quot;iso&quot;:&quot;0&quot;,&quot;shutter_speed&quot;:&quot;0&quot;,&quot;title&quot;:&quot;&quot;}\" data-image-title=\"Les G\u00e9n\u00e9alogiques\" data-image-description=\"\" data-image-caption=\"\" data-medium-file=\"https:\/\/i0.wp.com\/herage.org\/blog\/wp-content\/uploads\/2011\/10\/Affiche-ERIC-MEETING-2.jpg?fit=211%2C300&amp;ssl=1\" data-large-file=\"https:\/\/i0.wp.com\/herage.org\/blog\/wp-content\/uploads\/2011\/10\/Affiche-ERIC-MEETING-2.jpg?fit=584%2C826&amp;ssl=1\" loading=\"lazy\" class=\"size-thumbnail wp-image-418 alignleft\" title=\"Les G\u00e9n\u00e9alogiques\" src=\"https:\/\/i0.wp.com\/herage.org\/blog\/wp-content\/uploads\/2011\/10\/Affiche-ERIC-MEETING-2-150x150.jpg?resize=150%2C150\" alt=\"\" width=\"150\" height=\"150\" srcset=\"https:\/\/i0.wp.com\/herage.org\/blog\/wp-content\/uploads\/2011\/10\/Affiche-ERIC-MEETING-2.jpg?resize=150%2C150&amp;ssl=1 150w, https:\/\/i0.wp.com\/herage.org\/blog\/wp-content\/uploads\/2011\/10\/Affiche-ERIC-MEETING-2.jpg?zoom=2&amp;resize=150%2C150&amp;ssl=1 300w, https:\/\/i0.wp.com\/herage.org\/blog\/wp-content\/uploads\/2011\/10\/Affiche-ERIC-MEETING-2.jpg?zoom=3&amp;resize=150%2C150&amp;ssl=1 450w\" sizes=\"(max-width: 150px) 100vw, 150px\" data-recalc-dims=\"1\" \/><\/a> Le 12 novembre, vous pourrez reprouver le Cercle G\u00e9n\u00e9alogique Poitevin aux <a title=\"Les G\u00e9n\u00e9alogiques \u00e0 Paris 12\u00b0 le 12 novembre 20111\" href=\"http:\/\/genealogiques.fr\/\" target=\"_blank\">premi\u00e8res G\u00e9n\u00e9alogiques<\/a>, salon d&rsquo;exposition et d&rsquo;\u00e9change qui se d\u00e9roulera \u00e0 espace de Reuilly en plein c\u0153ur du 12\u00b0 arrondissement.<\/p>\n<p>Ce salon se d\u00e9roulera de 10h \u00e017h \u00e0 l&rsquo;espace Reuilly, 21 rue Antoine-Julien-H\u00e9nard dans le 12\u00b0 et l&rsquo;entr\u00e9e est gratuite.<\/p>\n<p>Vous pouvez vous y rendre en m\u00e9tro :<\/p>\n<ul>\n<li>Ligne 8 \u00ab\u00a0Balard\/Cr\u00e9teil\u00a0\u00bb arr\u00eat Montgallet<\/li>\n<li>Ligne 6 \u00ab\u00a0Nation\/Etoile\u00a0\u00bb arr\u00eat Dugommier<\/li>\n<\/ul>\n<p>ou en Bus :<\/p>\n<ul>\n<li>Ligne 29 Arr\u00eat Mairie du XII\u00e8me<\/li>\n<li>Ligne 46 Arr\u00eat Montgallet<\/li>\n<li>Ligne 62 Arr\u00eat Dausmesnil<\/li>\n<\/ul>\n<p>enfin en voiture en stationnant au parking public 34-36 rue de Reuilly (Paris 75012) cf\u00a0 <small><a style=\"color: #0000ff; text-align: left;\" href=\"http:\/\/maps.google.fr\/maps?f=q&amp;source=embed&amp;hl=fr&amp;geocode=&amp;q=21+rue+h%C3%A9nard+paris&amp;aq=&amp;sll=48.84043,2.389355&amp;sspn=0.085526,0.154324&amp;vpsrc=6&amp;ie=UTF8&amp;hq=&amp;hnear=21+Rue+Antoine-Julien+H%C3%A9nard,+75012+Paris,+%C3%8Ele-de-France&amp;ll=48.84265,2.389784&amp;spn=0.002673,0.004823&amp;t=h&amp;z=14\"> le plan<\/a><\/small><\/p>\n<p>N&rsquo;h\u00e9sitez pas \u00e0 venir poser des questions ou encore \u00e0 nous rencontrer.<\/p>\n<p>&nbsp;<\/p>\n","protected":false},"excerpt":{"rendered":"<p>Le 12 novembre, vous pourrez reprouver le Cercle G\u00e9n\u00e9alogique Poitevin aux premi\u00e8res G\u00e9n\u00e9alogiques, salon d&rsquo;exposition et d&rsquo;\u00e9change qui se d\u00e9roulera \u00e0 espace de Reuilly en plein c\u0153ur du 12\u00b0 arrondissement. Ce salon se d\u00e9roulera de 10h \u00e017h \u00e0 l&rsquo;espace Reuilly, &hellip; <a href=\"https:\/\/herage.org\/blog\/https:\/blog.herage.org\/p=\/357\/\">Continuer la lecture <span class=\"meta-nav\">&rarr;<\/span><\/a><\/p>\n","protected":false},"author":3,"featured_media":0,"comment_status":"open","ping_status":"open","sticky":false,"template":"","format":"standard","meta":{"spay_email":"","jetpack_publicize_message":"","jetpack_is_tweetstorm":false,"jetpack_publicize_feature_enabled":true},"categories":[13,12],"tags":[],"jetpack_publicize_connections":[],"jetpack_featured_media_url":"","jetpack_sharing_enabled":true,"jetpack_shortlink":"https:\/\/wp.me\/p4fVnZ-5L","jetpack-related-posts":[{"id":495,"url":"https:\/\/herage.org\/blog\/https:\/blog.herage.org\/p=\/495\/","url_meta":{"origin":357,"position":0},"title":"G\u00e9n\u00e9@2012, Manifestation \u00e0 Soubise (Paris) les 29 et 30 septembre","date":"17 septembre 2012","format":false,"excerpt":"G\u00e9n\u00e9@2012\u00a0 \u00ab Le Forum national de g\u00e9n\u00e9alogie \u00bb se d\u00e9roulera les samedi 29 et dimanche 30 septembre 2012 aux Archives Nationales Cour de l\u2019H\u00f4tel de Soubise 60 rue des Francs-Bourgeois Paris (3e) L'acc\u00e8s est ais\u00e9 par le m\u00e9tro (station Rambuteau) ou encore le bus (arr\u00eat \"Archives - Rambuteau \" de\u2026","rel":"","context":"Dans &quot;Ile de France&quot;","img":{"alt_text":"","src":"","width":0,"height":0},"classes":[]},{"id":792,"url":"https:\/\/herage.org\/blog\/https:\/blog.herage.org\/p=\/792\/","url_meta":{"origin":357,"position":1},"title":"Manifestation G\u00e9n\u00e9alogique \u00e0 la mairie du XV\u00b0 arrondissement de Paris","date":"24 janvier 2017","format":false,"excerpt":"Salon de la G\u00e9n\u00e9alogie \u00e0 la mairie de Paris XV\u00b0 les 10 et 11 mars 2017","rel":"","context":"Dans &quot;Ile de France&quot;","img":{"alt_text":"","src":"https:\/\/i0.wp.com\/herage.org\/blog\/wp-content\/uploads\/2017\/01\/s2017-03_salon_de_la_genealogie_mairie_15-215x300.jpg?resize=350%2C200","width":350,"height":200},"classes":[]},{"id":724,"url":"https:\/\/herage.org\/blog\/https:\/blog.herage.org\/p=\/724\/","url_meta":{"origin":357,"position":2},"title":"Salon G\u00e9n\u00e9alogique de la mairie du XV\u00b0","date":"23 f\u00e9vrier 2016","format":false,"excerpt":"Vous pourrez retrouver le Cercle G\u00e9n\u00e9alogique Poitevin au Salon de la G\u00e9n\u00e9alogie de la marie du XV\u00b0 qui se d\u00e9roulera : le 11 mars de 10h \u00e0 20h le 12 mars de 10h \u00e0 17h Cette manifestation, organis\u00e9e par Archives et Cultures avec le partenariat de Geneanet rassemblera les associations\u2026","rel":"","context":"Dans &quot;Ile de France&quot;","img":{"alt_text":"","src":"https:\/\/i0.wp.com\/herage.org\/blog\/wp-content\/uploads\/2016\/02\/s2016-03-1112_salon_de_la_genealogie_marie_15-212x300.jpg?resize=350%2C200","width":350,"height":200},"classes":[]},{"id":548,"url":"https:\/\/herage.org\/blog\/https:\/blog.herage.org\/p=\/548\/","url_meta":{"origin":357,"position":3},"title":"Les G\u00e9n\u00e9alogiques \u00e0 paris le 10 novembre 2013","date":"15 d\u00e9cembre 2013","format":false,"excerpt":"Le cercle a \u00e9t\u00e9 heureux d'accueillir les adh\u00e9rents et sympathisants sur son stand \u00e0 l\u2019occasion des deuxi\u00e8me rencontres des G\u00e9n\u00e9alogiques aux salons de l'Aveyron dans le 12\u00b0 arrondissement de Paris. Vous avez \u00e9t\u00e9 nombreux (2200 visiteurs ont franchi les portes du salon) \u00e0 venir\u00a0 nous voir et nous vous en\u2026","rel":"","context":"Dans &quot;Antenne&quot;","img":{"alt_text":"","src":"","width":0,"height":0},"classes":[]},{"id":648,"url":"https:\/\/herage.org\/blog\/https:\/blog.herage.org\/p=\/648\/","url_meta":{"origin":357,"position":4},"title":"Journ\u00e9es de la G\u00e9n\u00e9alogie \u00e0 Niort","date":"20 septembre 2014","format":false,"excerpt":"\u00a0 Le Cercle G\u00e9n\u00e9alogique des Deux-S\u00e8vres organise, \u00e0 Niort deux journ\u00e9es de la g\u00e9n\u00e9alogie ou 30 associations du grand ouest seront pr\u00e9sentes. \u00a0Cette grande\u00a0manifestation se d\u00e9roulera les 11 et 12 octobre salle du D\u00f4me au parc exposition de Niort. Le\u00a0parc exposition de Niort est situ\u00e9 au milieu d'un parc de\u00a010\u2026","rel":"","context":"Dans &quot;Manifestation&quot;","img":{"alt_text":"","src":"https:\/\/i0.wp.com\/herage.org\/blog\/wp-content\/uploads\/2014\/09\/cgds_expo_2014-300x211.png?resize=350%2C200","width":350,"height":200},"classes":[]},{"id":2259,"url":"https:\/\/herage.org\/blog\/https:\/blog.herage.org\/p=\/2259\/","url_meta":{"origin":357,"position":5},"title":"AG de l\u2019Association \u00e0 Loudun le 23 mars 2019","date":"7 mars 2019","format":false,"excerpt":"L\u2019Assembl\u00e9e G\u00e9n\u00e9rale 2019 du Cercle G\u00e9n\u00e9alogique Poitevin se d\u00e9roulera le 23\u00a0mars 2019, Salle des F\u00eates de VENIERS \u00e0 LOUDUN (86200).","rel":"","context":"Dans &quot;AG&quot;","img":{"alt_text":"","src":"https:\/\/i0.wp.com\/herage.org\/blog\/wp-content\/uploads\/2019\/03\/cgp_img_ag-300x206.jpg?resize=350%2C200","width":350,"height":200},"classes":[]}],"_links":{"self":[{"href":"https:\/\/herage.org\/blog\/wp-json\/wp\/v2\/posts\/357"}],"collection":[{"href":"https:\/\/herage.org\/blog\/wp-json\/wp\/v2\/posts"}],"about":[{"href":"https:\/\/herage.org\/blog\/wp-json\/wp\/v2\/types\/post"}],"author":[{"embeddable":true,"href":"https:\/\/herage.org\/blog\/wp-json\/wp\/v2\/users\/3"}],"replies":[{"embeddable":true,"href":"https:\/\/herage.org\/blog\/wp-json\/wp\/v2\/comments?post=357"}],"version-history":[{"count":13,"href":"https:\/\/herage.org\/blog\/wp-json\/wp\/v2\/posts\/357\/revisions"}],"predecessor-version":[{"id":433,"href":"https:\/\/herage.org\/blog\/wp-json\/wp\/v2\/posts\/357\/revisions\/433"}],"wp:attachment":[{"href":"https:\/\/herage.org\/blog\/wp-json\/wp\/v2\/media?parent=357"}],"wp:term":[{"taxonomy":"category","embeddable":true,"href":"https:\/\/herage.org\/blog\/wp-json\/wp\/v2\/categories?post=357"},{"taxonomy":"post_tag","embeddable":true,"href":"https:\/\/herage.org\/blog\/wp-json\/wp\/v2\/tags?post=357"}],"curies":[{"name":"wp","href":"https:\/\/api.w.org\/{rel}","templated":true}]}}