{"id":465,"date":"2012-09-17T18:31:19","date_gmt":"2012-09-17T17:31:19","guid":{"rendered":"http:\/\/herage.org\/blog\/?p=465"},"modified":"2012-09-17T18:42:52","modified_gmt":"2012-09-17T17:42:52","slug":"rencontres-genealogiques-a-monts-sur-guesnes-les-22-et-23-septembre-2012","status":"publish","type":"post","link":"https:\/\/herage.org\/blog\/https:\/blog.herage.org\/p=\/465\/","title":{"rendered":"Rencontres G\u00e9n\u00e9alogiques \u00e0 Monts sur Guesnes les 22 et 23 septembre 2012"},"content":{"rendered":"<p><a href=\"https:\/\/i0.wp.com\/herage.org\/blog\/wp-content\/uploads\/2012\/09\/affiche-monts-2012-2.jpg\"><img data-attachment-id=\"469\" data-permalink=\"https:\/\/herage.org\/blog\/https:\/blog.herage.org\/p=\/465\/affiche-monts-2012-2\/\" data-orig-file=\"https:\/\/i0.wp.com\/herage.org\/blog\/wp-content\/uploads\/2012\/09\/affiche-monts-2012-2.jpg?fit=720%2C1040&amp;ssl=1\" data-orig-size=\"720,1040\" data-comments-opened=\"1\" data-image-meta=\"{&quot;aperture&quot;:&quot;0&quot;,&quot;credit&quot;:&quot;&quot;,&quot;camera&quot;:&quot;&quot;,&quot;caption&quot;:&quot;&quot;,&quot;created_timestamp&quot;:&quot;0&quot;,&quot;copyright&quot;:&quot;&quot;,&quot;focal_length&quot;:&quot;0&quot;,&quot;iso&quot;:&quot;0&quot;,&quot;shutter_speed&quot;:&quot;0&quot;,&quot;title&quot;:&quot;&quot;}\" data-image-title=\"Rencontres g\u00e9n\u00e9alogiques \u00e0 Monts-sur-Guesnes\" data-image-description=\"\" data-image-caption=\"\" data-medium-file=\"https:\/\/i0.wp.com\/herage.org\/blog\/wp-content\/uploads\/2012\/09\/affiche-monts-2012-2.jpg?fit=207%2C300&amp;ssl=1\" data-large-file=\"https:\/\/i0.wp.com\/herage.org\/blog\/wp-content\/uploads\/2012\/09\/affiche-monts-2012-2.jpg?fit=584%2C845&amp;ssl=1\" loading=\"lazy\" class=\"alignleft size-thumbnail wp-image-469\" title=\"Rencontres g\u00e9n\u00e9alogiques \u00e0 Monts-sur-Guesnes\" src=\"https:\/\/i0.wp.com\/herage.org\/blog\/wp-content\/uploads\/2012\/09\/affiche-monts-2012-2-150x150.jpg?resize=150%2C150\" alt=\"Rencontres g\u00e9n\u00e9alogiques \u00e0 Monts-sur-Guesnes par le Cercle G\u00e9n\u00e9alogique Poitevin\" width=\"150\" height=\"150\" srcset=\"https:\/\/i0.wp.com\/herage.org\/blog\/wp-content\/uploads\/2012\/09\/affiche-monts-2012-2.jpg?resize=150%2C150&amp;ssl=1 150w, https:\/\/i0.wp.com\/herage.org\/blog\/wp-content\/uploads\/2012\/09\/affiche-monts-2012-2.jpg?zoom=2&amp;resize=150%2C150&amp;ssl=1 300w, https:\/\/i0.wp.com\/herage.org\/blog\/wp-content\/uploads\/2012\/09\/affiche-monts-2012-2.jpg?zoom=3&amp;resize=150%2C150&amp;ssl=1 450w\" sizes=\"(max-width: 150px) 100vw, 150px\" data-recalc-dims=\"1\" \/><\/a>Le samedi 22 et le dimanche 23 septembre, de 9h \u00e0 18h venez retrouver les adh\u00e9rents du Cercle G\u00e9n\u00e9alogique Poitevin \u00e0 la salle des f\u00eates de <a title=\"Monts sur Guenes\" href=\"https:\/\/maps.google.fr\/maps?q=Monts-sur-Guesnes&amp;hl=fr&amp;sll=47.643967,1.590573&amp;sspn=5.981354,11.513672&amp;oq=monts+sur+guesnes&amp;t=h&amp;hnear=Monts-sur-Guesnes,+Vienne,+Poitou-Charentes&amp;z=13\" target=\"_blank\">Monts-sur-Guesnes<\/a>. L&rsquo;entr\u00e9e est libre et gratuite. vous y trouverez de nombreux exposants parmi les adh\u00e9rents qui afficheront les r\u00e9sultats de leurs recherches et aussi les cercles voisins comme les Deux-S\u00e8vres, la Charente et plusieurs autres.<\/p>\n<p>Anne-C\u00e9cile CHAUVEAU nous parlera samedi \u00e0 15h30 de la\u00a0 \u00ab\u00a0paix de Loudun en 1616\u00a0\u00bb\u00a0 et Jean-Louis BEAUCARNOT du \u00ab\u00a0Rendez-vous avec nos anc\u00eatres\u00a0\u00bb le dimanche \u00e0 14h30.<\/p>\n<p>Venez nombreux, l&rsquo;entr\u00e9e est gratuite et la ville de Monts sur Guesnes m\u00e9rite d&rsquo;\u00eatre connue.<\/p>\n","protected":false},"excerpt":{"rendered":"<p>Le samedi 22 et le dimanche 23 septembre, de 9h \u00e0 18h venez retrouver les adh\u00e9rents du Cercle G\u00e9n\u00e9alogique Poitevin \u00e0 la salle des f\u00eates de Monts-sur-Guesnes. L&rsquo;entr\u00e9e est libre et gratuite. vous y trouverez de nombreux exposants parmi les &hellip; <a href=\"https:\/\/herage.org\/blog\/https:\/blog.herage.org\/p=\/465\/\">Continuer la lecture <span class=\"meta-nav\">&rarr;<\/span><\/a><\/p>\n","protected":false},"author":3,"featured_media":0,"comment_status":"open","ping_status":"open","sticky":false,"template":"","format":"standard","meta":{"spay_email":"","jetpack_publicize_message":"","jetpack_is_tweetstorm":false,"jetpack_publicize_feature_enabled":true},"categories":[13,53,52],"tags":[],"jetpack_publicize_connections":[],"jetpack_featured_media_url":"","jetpack_sharing_enabled":true,"jetpack_shortlink":"https:\/\/wp.me\/p4fVnZ-7v","jetpack-related-posts":[{"id":2302,"url":"https:\/\/herage.org\/blog\/https:\/blog.herage.org\/p=\/2302\/","url_meta":{"origin":465,"position":0},"title":"#ChallengeAZ \u2502 E&#8230;  L&rsquo;\u00e9cole \u00e0 Monts-sur-Guesnes","date":"6 novembre 2019","format":false,"excerpt":"Si l\u2019on ne doit \u00e9videmment pas \u00ab\u00a0l\u2019invention de l\u2019\u00e9cole\u00a0\u00bb \u00e0 Charlemagne, puisque l\u2019on estime qu\u2019elle existait d\u00e8s 3 000 av. JC, c\u2019est au d\u00e9put\u00e9 Louis Joseph CHARLIER que l\u2019on doit pour la premi\u00e8re fois, en 1793, l\u2019id\u00e9e d\u2019un enseignement primaire obligatoire, la\u00efc et gratuit. L\u2019\u00e9ducation appara\u00eet alors comme le plus\u2026","rel":"","context":"Dans &quot;Challenge AZ 2019&quot;","img":{"alt_text":"","src":"https:\/\/i0.wp.com\/herage.org\/blog\/wp-content\/uploads\/2019\/10\/Ecole-Monts.png?resize=350%2C200","width":350,"height":200},"classes":[]},{"id":3351,"url":"https:\/\/herage.org\/blog\/https:\/blog.herage.org\/p=\/3351\/","url_meta":{"origin":465,"position":1},"title":"Le 4 mars 2023, \u00e0 Monts-sur-Guesnes , Initiation \u00e0 la G\u00e9n\u00e9alogie","date":"21 f\u00e9vrier 2023","format":"image","excerpt":"Initiation \u00e0 la G\u00e9n\u00e9alogie le 4 mars 2023 \u00e0 Monts-sur-Guesnes","rel":"","context":"Dans &quot;Formation&quot;","img":{"alt_text":"","src":"https:\/\/i0.wp.com\/herage.org\/blog\/wp-content\/uploads\/2023\/02\/20230304_monts_affiche.jpg?resize=350%2C200&ssl=1","width":350,"height":200},"classes":[]},{"id":897,"url":"https:\/\/herage.org\/blog\/https:\/blog.herage.org\/p=\/897\/","url_meta":{"origin":465,"position":2},"title":"Curzay-sur-Vonne : les registres disparaissent&#8230;deux cur\u00e9s en perdent la t\u00eate !","date":"8 novembre 2017","format":false,"excerpt":"Ren\u00e9 GALLOIS est arriv\u00e9 \u00e0 la cure de Curzay en mai 1791. Auparavant, il \u00e9tait aum\u00f4nier \u00e0 Menigoute (79). En 1792, il proc\u00e8de \u00e0 un inventaire des registres paroissiaux et note le constat suivant : \"Je cur\u00e9 de la paroisse de Curzay, district de Lusignan, ayant fait \u00e0 mon entr\u00e9e\u2026","rel":"","context":"Dans &quot;Anecdotes&quot;","img":{"alt_text":"","src":"https:\/\/i0.wp.com\/herage.org\/blog\/wp-content\/uploads\/2017\/10\/Curzay-sur-Vonne-\u00c3\u00a9glise-Saint-Martin-fa\u00c3\u00a7ade-occidentale.-200x300.jpg?resize=350%2C200","width":350,"height":200},"classes":[]},{"id":1424,"url":"https:\/\/herage.org\/blog\/https:\/blog.herage.org\/p=\/1424\/","url_meta":{"origin":465,"position":3},"title":"Les rencontres g\u00e9n\u00e9alogiques du CGP \u00e0 Bignoux","date":"5 juillet 2018","format":false,"excerpt":"Comme tous les ans, le Cercle G\u00e9n\u00e9alogique Poitevin organise un week-end de partages et d'\u00e9changes entre passionn\u00e9s de g\u00e9n\u00e9alogie et donne \u00e9galement la possibilit\u00e9 \u00e0 ses adh\u00e9rents d'exposer leurs travaux de recherches. Cette ann\u00e9e, cette rencontre aura lieu dans la salle socio-culturelle de\u00a0Bignoux, pr\u00e8s de Poitiers, les 06 et 07\u2026","rel":"","context":"Dans &quot;Manifestation&quot;","img":{"alt_text":"forum g\u00e9n\u00e9alogie CGP cercle G\u00e9n\u00e9alogique Poitevin 06 et 07 octobre 2018 Bignoux","src":"https:\/\/i0.wp.com\/herage.org\/blog\/wp-content\/uploads\/2018\/07\/Com-Facebook-1.jpg?fit=454%2C300&ssl=1&resize=350%2C200","width":350,"height":200},"classes":[]},{"id":2269,"url":"https:\/\/herage.org\/blog\/https:\/blog.herage.org\/p=\/2269\/","url_meta":{"origin":465,"position":4},"title":"Les journ\u00e9es d&rsquo;\u00e9changes du CGP \u00e0 Rouill\u00e9","date":"21 juillet 2019","format":false,"excerpt":"Comme tous les ans, au tout d\u00e9but du 3e trimestre, le Cercle G\u00e9n\u00e9alogique Poitevin donne rendez-vous \u00e0 ses adh\u00e9rents pour deux journ\u00e9es d'\u00e9changes et de partage. Cette ann\u00e9e, le cercle invite tous les passionn\u00e9s de g\u00e9n\u00e9alogie les 28 et 29 septembre 2019 dans la salle des f\u00eates de Rouill\u00e9. Rouill\u00e9\u2026","rel":"","context":"Dans &quot;Manifestation&quot;","img":{"alt_text":"","src":"https:\/\/i0.wp.com\/herage.org\/blog\/wp-content\/uploads\/2019\/07\/2019-06-25_AFFICHE-2019-A4VF-212x300.png?resize=350%2C200","width":350,"height":200},"classes":[]},{"id":2512,"url":"https:\/\/herage.org\/blog\/https:\/blog.herage.org\/p=\/2512\/","url_meta":{"origin":465,"position":5},"title":"#ChallengeAZ 2019&#8230; sur le chemin de l&rsquo;\u00e9cole","date":"30 octobre 2019","format":false,"excerpt":"L'ann\u00e9e derni\u00e8re j'ai embarqu\u00e9 une vingtaine d'adh\u00e9rents du Cercle g\u00e9n\u00e9alogique Poitevin au sein d'un l'atelier \u00e9criture dont l'objectif \u00e9tait de participer \u00e0 un d\u00e9fi d'\u00e9criture lanc\u00e9 par Sophie Boudarel il y a quelques ann\u00e9es d\u00e9j\u00e0. Durant tout le mois de novembre, nous avons publi\u00e9 tous les jours, sauf le dimanche,\u2026","rel":"","context":"Dans &quot;Challenge AZ 2019&quot;","img":{"alt_text":"Bignoux, exposition, journ\u00c3\u00a9es d'\u00c3\u00a9change, CGP, Vienne (86), Rossignol","src":"https:\/\/i0.wp.com\/herage.org\/blog\/wp-content\/uploads\/2019\/10\/Souvenirs-Expos-Bignoux.png?resize=350%2C200","width":350,"height":200},"classes":[]}],"_links":{"self":[{"href":"https:\/\/herage.org\/blog\/wp-json\/wp\/v2\/posts\/465"}],"collection":[{"href":"https:\/\/herage.org\/blog\/wp-json\/wp\/v2\/posts"}],"about":[{"href":"https:\/\/herage.org\/blog\/wp-json\/wp\/v2\/types\/post"}],"author":[{"embeddable":true,"href":"https:\/\/herage.org\/blog\/wp-json\/wp\/v2\/users\/3"}],"replies":[{"embeddable":true,"href":"https:\/\/herage.org\/blog\/wp-json\/wp\/v2\/comments?post=465"}],"version-history":[{"count":16,"href":"https:\/\/herage.org\/blog\/wp-json\/wp\/v2\/posts\/465\/revisions"}],"predecessor-version":[{"id":485,"href":"https:\/\/herage.org\/blog\/wp-json\/wp\/v2\/posts\/465\/revisions\/485"}],"wp:attachment":[{"href":"https:\/\/herage.org\/blog\/wp-json\/wp\/v2\/media?parent=465"}],"wp:term":[{"taxonomy":"category","embeddable":true,"href":"https:\/\/herage.org\/blog\/wp-json\/wp\/v2\/categories?post=465"},{"taxonomy":"post_tag","embeddable":true,"href":"https:\/\/herage.org\/blog\/wp-json\/wp\/v2\/tags?post=465"}],"curies":[{"name":"wp","href":"https:\/\/api.w.org\/{rel}","templated":true}]}}