{"id":475,"date":"2012-09-17T18:27:50","date_gmt":"2012-09-17T17:27:50","guid":{"rendered":"http:\/\/herage.org\/blog\/?p=475"},"modified":"2012-09-17T18:43:55","modified_gmt":"2012-09-17T17:43:55","slug":"475","status":"publish","type":"post","link":"https:\/\/herage.org\/blog\/https:\/blog.herage.org\/p=\/475\/","title":{"rendered":"Nouvelles fonctionnalit\u00e9es sur le site des AD pour les listes de recensement"},"content":{"rendered":"<p>Les Archives D\u00e9partementales de la Vienne nous ont fait part d&rsquo;une nouveaut\u00e9 concernant les listes de recensement de population en ligne sur le site internet des Archives d\u00e9partementales.<\/p>\n<p>Jusqu&rsquo;\u00e0 pr\u00e9sent, ces listes, num\u00e9ris\u00e9es et en ligne de 1836 \u00e0 1901 inclus, \u00e9taient accessibles uniquement \u00e0 partir du nom de la commune et de l&rsquo;ann\u00e9e de recensement concern\u00e9es. D\u00e9sormais, pour les listes de recensement entre 1836 et 1891 inclus, il sera possible de les interroger aussi sur le nom, le pr\u00e9nom ou la profession des personnes recens\u00e9es.<\/p>\n<p>Chacun est invit\u00e9 \u00e0 participer \u00e0 l&rsquo;enrichissement de cette indexation, qui comporte pour le moment d\u00e9j\u00e0 pr\u00e8s de 6 000 entr\u00e9es. Plus le nombre d&rsquo;entr\u00e9es d&rsquo;index sera \u00e9lev\u00e9, plus les r\u00e9sultats des interrogations sur le site seront pr\u00e9cis. Les adh\u00e9rents du CGP qui souhaiteraient participer \u00e0 ce chantier sont donc les bienvenus : ils trouveront sur le site des AD toutes les indications n\u00e9cessaires pour contribuer \u00e0 l&rsquo;indexation.<\/p>\n<p>Chacun est invit\u00e9 \u00e0 relayer cette information.<\/p>\n","protected":false},"excerpt":{"rendered":"<p>Les Archives D\u00e9partementales de la Vienne nous ont fait part d&rsquo;une nouveaut\u00e9 concernant les listes de recensement de population en ligne sur le site internet des Archives d\u00e9partementales. Jusqu&rsquo;\u00e0 pr\u00e9sent, ces listes, num\u00e9ris\u00e9es et en ligne de 1836 \u00e0 1901 &hellip; <a href=\"https:\/\/herage.org\/blog\/https:\/blog.herage.org\/p=\/475\/\">Continuer la lecture <span class=\"meta-nav\">&rarr;<\/span><\/a><\/p>\n","protected":false},"author":3,"featured_media":0,"comment_status":"open","ping_status":"open","sticky":false,"template":"","format":"standard","meta":{"spay_email":"","jetpack_publicize_message":"","jetpack_is_tweetstorm":false,"jetpack_publicize_feature_enabled":true},"categories":[44,30,58,20],"tags":[39,60,59],"jetpack_publicize_connections":[],"jetpack_featured_media_url":"","jetpack_sharing_enabled":true,"jetpack_shortlink":"https:\/\/wp.me\/s4fVnZ-475","jetpack-related-posts":[{"id":2317,"url":"https:\/\/herage.org\/blog\/https:\/blog.herage.org\/p=\/2317\/","url_meta":{"origin":475,"position":0},"title":"#ChallengeAZ \u2502 L&#8230; Latill\u00e9, mais o\u00f9 est pass\u00e9 La Paploterie ?","date":"14 novembre 2019","format":false,"excerpt":"Le 2 avril 1872, mon arri\u00e8re arri\u00e8re grand-m\u00e8re, Louise Ang\u00e8le REAU, met au monde dans la petite maison de son beau-fr\u00e8re et de sa s\u0153ur, Fran\u00e7ois QUINTARD et Marie Magdelaine REAU, un petit gar\u00e7on de p\u00e8re inconnu, Louis REAULT. Cette maison, nous dit l\u2019acte de naissance, est situ\u00e9e \u00e0 la\u2026","rel":"","context":"Dans &quot;Challenge AZ 2019&quot;","img":{"alt_text":"","src":"https:\/\/i0.wp.com\/herage.org\/blog\/wp-content\/uploads\/2019\/11\/Paploterie_2019_11_01-1024x723.jpg?resize=350%2C200","width":350,"height":200},"classes":[]},{"id":1608,"url":"https:\/\/herage.org\/blog\/https:\/blog.herage.org\/p=\/1608\/","url_meta":{"origin":475,"position":1},"title":"#ChallengeAZ \u2502 B&#8230;Bonnes, La Ronde, des meuniers","date":"2 novembre 2018","format":false,"excerpt":"Situation et bref historique Le moulin de la Ronde assis en la rivi\u00e8re Vienne et situ\u00e9 sur la commune de Bonnes est cit\u00e9, pour la premi\u00e8re fois, en 1417 dans un jugement du s\u00e9n\u00e9chal de l\u2019\u00e9v\u00eaque de Poitiers. Le moulin de la Ronde \u00e9tait alors le moulin banal de la\u2026","rel":"","context":"Dans &quot;Challenge AZ 2018&quot;","img":{"alt_text":"Fonctionnement d'un moulin \u00c3\u00a0 eau","src":"https:\/\/i0.wp.com\/herage.org\/blog\/wp-content\/uploads\/2018\/11\/moulin-a-eau-fonctionnement-V2-290x300.jpg?resize=350%2C200","width":350,"height":200},"classes":[]},{"id":1647,"url":"https:\/\/herage.org\/blog\/https:\/blog.herage.org\/p=\/1647\/","url_meta":{"origin":475,"position":2},"title":"#ChallengeAZ \u2502 U&#8230; Usson, casse-t\u00eate pour le facteur","date":"24 novembre 2018","format":false,"excerpt":"En France, sur la carte de Cassini, quatre villages portent le nom d\u2019Usson : un en Auvergne, un autre dans le Forez, un troisi\u00e8me dans le Poitou, un quatri\u00e8me en Charente. Celui qui nous int\u00e9resse aujourd\u2019hui est celui qui est dans la province du Poitou, au sud de Poitiers, maintenant\u2026","rel":"","context":"Dans &quot;Challenge AZ 2018&quot;","img":{"alt_text":"Usson-du-Poitou, Vienne 86, place de l'\u00c3\u00a9glise","src":"https:\/\/i0.wp.com\/herage.org\/blog\/wp-content\/uploads\/2018\/11\/Usson-place-de-l\u00c3\u00a9glise-v1.jpg?resize=350%2C200","width":350,"height":200},"classes":[]},{"id":1649,"url":"https:\/\/herage.org\/blog\/https:\/blog.herage.org\/p=\/1649\/","url_meta":{"origin":475,"position":3},"title":"#ChallengeAZ \u2502 V&#8230; Vouill\u00e9, un tableau en l&rsquo;honneur des poilus","date":"26 novembre 2018","format":false,"excerpt":"Il y a dans le cimeti\u00e8re de Vouill\u00e9 un monument de m\u00e9moire un peu particulier, une st\u00e8le qui regroupe les photographies de seize soldats morts pour la France lors de la premi\u00e8re guerre mondiale. Pourquoi n'y a-t-il que 16 noms sur ce monument\u00a0? Le livre d'or et le monument aux\u2026","rel":"","context":"Dans &quot;14-18&quot;","img":{"alt_text":"Cimeti\u00c3\u00a8re de Vouill\u00c3\u00a9, Vienne, 14-18","src":"https:\/\/i0.wp.com\/herage.org\/blog\/wp-content\/uploads\/2018\/11\/Tableau-dhonneur-Vouill\u00c3\u00a9-1v1-715x1024.jpg?resize=350%2C200","width":350,"height":200},"classes":[]},{"id":1643,"url":"https:\/\/herage.org\/blog\/https:\/blog.herage.org\/p=\/1643\/","url_meta":{"origin":475,"position":4},"title":"#ChallengeAZ \u2502 S&#8230; Saint-Jean-de-Sauves, un Cl\u00e9mentois en Martinique","date":"22 novembre 2018","format":false,"excerpt":"\u00a0 \u00a0 S\u00e9raphin CONTREAU,\u00a0dit \"le p\u00e8re la Martinique\" Je suis n\u00e9 le 28 janvier 1837, \"sur les une heure du matin\" dans la maison de la grand'cour \u00e0 Saint-Jean-de-Sauves, je suis le 3e enfant de Pierre et de Marie PELLEVRAU. C'est l'adjoint VALLET, officier de l'\u00e9tat civil ce jour qui\u2026","rel":"","context":"Dans &quot;Challenge AZ 2018&quot;","img":{"alt_text":"","src":"https:\/\/i0.wp.com\/herage.org\/blog\/wp-content\/uploads\/2018\/11\/CPA-Saint-Pierre-Martinique-Vue-Generale-avant-la-Catastrophe-France-1913.jpg?resize=350%2C200","width":350,"height":200},"classes":[]},{"id":2323,"url":"https:\/\/herage.org\/blog\/https:\/blog.herage.org\/p=\/2323\/","url_meta":{"origin":475,"position":5},"title":"#ChallengeAZ \u2502 O&#8230; sous l&rsquo;Occupation, fichage \u00e0 Lavoux","date":"18 novembre 2019","format":false,"excerpt":"Le document\u00a0: \u00a0 Dans la s\u00e9rie 1-W-5579 aux Archives d\u00e9partementales de la Vienne (AD86) on trouve parmi d\u2019autres documents une fiche de police dat\u00e9e du 05 novembre 1942, avec comme en-t\u00eate \u00ab\u00a0MINISTERE DE L\u2019INTERIEUR\u00a0: Direction G\u00e9n\u00e9rale de la S\u00e9curit\u00e9 Nationale\u00a0\u00bb. On est deux jours avant le franchissement de la ligne\u2026","rel":"","context":"Dans &quot;Challenge AZ 2019&quot;","img":{"alt_text":"Lavoux, Vienne,","src":"https:\/\/i0.wp.com\/herage.org\/blog\/wp-content\/uploads\/2019\/11\/Lavoux-place-de-la-mairie.jpg?resize=350%2C200","width":350,"height":200},"classes":[]}],"_links":{"self":[{"href":"https:\/\/herage.org\/blog\/wp-json\/wp\/v2\/posts\/475"}],"collection":[{"href":"https:\/\/herage.org\/blog\/wp-json\/wp\/v2\/posts"}],"about":[{"href":"https:\/\/herage.org\/blog\/wp-json\/wp\/v2\/types\/post"}],"author":[{"embeddable":true,"href":"https:\/\/herage.org\/blog\/wp-json\/wp\/v2\/users\/3"}],"replies":[{"embeddable":true,"href":"https:\/\/herage.org\/blog\/wp-json\/wp\/v2\/comments?post=475"}],"version-history":[{"count":8,"href":"https:\/\/herage.org\/blog\/wp-json\/wp\/v2\/posts\/475\/revisions"}],"predecessor-version":[{"id":477,"href":"https:\/\/herage.org\/blog\/wp-json\/wp\/v2\/posts\/475\/revisions\/477"}],"wp:attachment":[{"href":"https:\/\/herage.org\/blog\/wp-json\/wp\/v2\/media?parent=475"}],"wp:term":[{"taxonomy":"category","embeddable":true,"href":"https:\/\/herage.org\/blog\/wp-json\/wp\/v2\/categories?post=475"},{"taxonomy":"post_tag","embeddable":true,"href":"https:\/\/herage.org\/blog\/wp-json\/wp\/v2\/tags?post=475"}],"curies":[{"name":"wp","href":"https:\/\/api.w.org\/{rel}","templated":true}]}}