{"id":495,"date":"2012-09-17T20:13:49","date_gmt":"2012-09-17T19:13:49","guid":{"rendered":"http:\/\/herage.org\/blog\/?p=495"},"modified":"2012-09-18T18:59:07","modified_gmt":"2012-09-18T17:59:07","slug":"gene2012-manifestation-a-soubise-paris-les-29-et-30-septembre","status":"publish","type":"post","link":"https:\/\/herage.org\/blog\/https:\/blog.herage.org\/p=\/495\/","title":{"rendered":"G\u00e9n\u00e9@2012, Manifestation \u00e0 Soubise (Paris) les 29 et 30 septembre"},"content":{"rendered":"<p>G\u00e9n\u00e9@2012\u00a0 \u00ab Le Forum national de g\u00e9n\u00e9alogie \u00bb se d\u00e9roulera les samedi 29 et dimanche 30 septembre 2012 aux<\/p>\n<p><a title=\"Archives Nationales\" href=\"http:\/\/www.archivesnationales.culture.gouv.fr\/chan\/index.html\" target=\"_blank\">Archives Nationales<\/a><br \/>\nCour de l\u2019H\u00f4tel de Soubise<br \/>\n60 rue des Francs-Bourgeois Paris (3e)<\/p>\n<p><a title=\"Archives Nationales\" href=\"https:\/\/maps.google.fr\/maps?q=60+rue+des+Francs-Bourgeois+Paris+(3e)&amp;hl=fr&amp;ie=UTF8&amp;ll=48.859463,2.357651&amp;spn=0.004285,0.009259&amp;sll=47.993787,1.891278&amp;sspn=1.115681,2.3703&amp;t=h&amp;hnear=60+Rue+des+Francs+Bourgeois,+75004+Paris,+%C3%8Ele-de-France&amp;z=17&amp;lci=transit_comp\" target=\"_blank\">L&rsquo;acc\u00e8s <\/a>est ais\u00e9 par le m\u00e9tro (station Rambuteau) ou encore le bus (arr\u00eat \u00ab\u00a0Archives &#8211; Rambuteau \u00a0\u00bb de la lignes 29 ou 75, \u00ab\u00a0Grenier Saint Lazare &#8211; Quartier de l&rsquo;Horloge\u00a0\u00bb des lignes 29, 38, 47 ou\u00a0 \u00ab\u00a0\u00c9glise Saint Gervais\u00a0\u00bb des lignes 67, 69, 76 ou 96 )<\/p>\n<p>L&rsquo;ouverture est<\/p>\n<ul>\n<li>Samedi de 10h00 \u00e0 19h00<\/li>\n<li>Dimanche de 10h00 \u00e0 17h30<\/li>\n<\/ul>\n<p>Plus de 60 associations de toute la France ont r\u00e9pondu \u00e0 l&rsquo;invitation de la F\u00e9d\u00e9ration Fran\u00e7aise de G\u00e9n\u00e9alogie et seront pr\u00e9sentes ce weekend. Vous y reprouverez le Cercle G\u00e9n\u00e9alogique Poitevin et les associations de la &lt;Charente et des Deux-S\u00e8vres.<\/p>\n<p>De plus, de nombreuses conf\u00e9rences et des visites des Archives nationales sont pr\u00e9vues.<\/p>\n<p><strong>LES CONF\u00c9RENCES :<\/strong><br \/>\nEntr\u00e9e gratuite sans inscription dans la limite des places disponibles<\/p>\n<p><strong>Samedi 29 septembre 2012<\/strong><\/p>\n<p>. 11h00-12h00 : <em>\u00abD\u00e9buter sa g\u00e9n\u00e9alogie\u00bb<\/em> &#8211; F\u00e9d\u00e9ration Fran\u00e7aise de G\u00e9n\u00e9alogie<\/p>\n<p>. 13h30-15h00 : <em>\u00abLes Archives : mode d\u2019emploi\u00bb<\/em> &#8211; Archives de France<\/p>\n<p>. 15h30-17h00 : <em>\u00abVotre anc\u00eatre a vu du pays gr\u00e2ce \u00e0 l\u2019arm\u00e9e\u00bb<\/em> &#8211; Service historique de la D\u00e9fense<\/p>\n<p><strong>Dimanche 30 septembre 2012<\/strong><\/p>\n<p>. 11h00-12h30 : <em>\u00abRessources g\u00e9n\u00e9alogiques du Service historique de la D\u00e9fense et inventaires disponibles en ligne\u00bb<\/em> &#8211; Service historique de la D\u00e9fense<\/p>\n<p>. 13h30-14h30 : <em>\u00abD\u00e9buter sa g\u00e9n\u00e9alogie\u00bb<\/em> &#8211; F\u00e9d\u00e9ration Fran\u00e7aise de G\u00e9n\u00e9alogie<\/p>\n<p>. 15h00-16h30 : <em>\u00abLes Archives : mode d\u2019emploi\u00bb<\/em> &#8211; Archives de France<\/p>\n<p>&nbsp;<\/p>\n<p><strong>LES VISITES<\/strong> : Samedi et dimanche<\/p>\n<p><strong>Inscriptions sur place \u2013 horaires affich\u00e9s sur le stand de la F\u00e9d\u00e9ration Fran\u00e7aise de G\u00e9n\u00e9alogie.<\/strong><\/p>\n<ul>\n<li>\u00ab Visites toponymiques du CARAN et initiation aux recherches \u00bb<\/li>\n<li>\u00ab Visite des Grands D\u00e9p\u00f4ts \u00bb : 2 par jour<\/li>\n<\/ul>\n<p>L&rsquo;entr\u00e9e est gratuite, ne loupez pas cette occasion qui se renouvelle tr\u00e8s rarement.<\/p>\n","protected":false},"excerpt":{"rendered":"<p>G\u00e9n\u00e9@2012\u00a0 \u00ab Le Forum national de g\u00e9n\u00e9alogie \u00bb se d\u00e9roulera les samedi 29 et dimanche 30 septembre 2012 aux Archives Nationales Cour de l\u2019H\u00f4tel de Soubise 60 rue des Francs-Bourgeois Paris (3e) L&rsquo;acc\u00e8s est ais\u00e9 par le m\u00e9tro (station Rambuteau) &hellip; <a href=\"https:\/\/herage.org\/blog\/https:\/blog.herage.org\/p=\/495\/\">Continuer la lecture <span class=\"meta-nav\">&rarr;<\/span><\/a><\/p>\n","protected":false},"author":3,"featured_media":0,"comment_status":"open","ping_status":"open","sticky":false,"template":"","format":"standard","meta":{"spay_email":"","jetpack_publicize_message":"","jetpack_is_tweetstorm":false,"jetpack_publicize_feature_enabled":true},"categories":[49,13,51],"tags":[],"jetpack_publicize_connections":[],"jetpack_featured_media_url":"","jetpack_sharing_enabled":true,"jetpack_shortlink":"https:\/\/wp.me\/p4fVnZ-7Z","jetpack-related-posts":[{"id":81,"url":"https:\/\/herage.org\/blog\/https:\/blog.herage.org\/p=\/81\/","url_meta":{"origin":495,"position":0},"title":"Gene@2010, le Forum de la G\u00e9n\u00e9alogie","date":"11 mai 2010","format":false,"excerpt":"Le prochain forum de la g\u00e9n\u00e9alogie Gene@2010 se d\u00e9roulera \u00e0 Paris dans le 4\u00b0 arrondissement, sur le site prestigieux des archives nationales, l'h\u00f4tel de Soubise. Bien sur, le cercle participera \u00e0 cette manifestation nationale qui se d\u00e9roulera les 25 septembre de 10h \u00e0 19h et le dimanche 26 septembre de\u2026","rel":"","context":"Dans &quot;Manifestation&quot;","img":{"alt_text":"","src":"https:\/\/i0.wp.com\/www.genefede.org\/docs\/biblio\/Vignette%20Internet.jpg?resize=350%2C200","width":350,"height":200},"classes":[]},{"id":626,"url":"https:\/\/herage.org\/blog\/https:\/blog.herage.org\/p=\/626\/","url_meta":{"origin":495,"position":1},"title":"3e forum national de g\u00e9n\u00e9alogie \u00e0 Paris","date":"22 juillet 2014","format":false,"excerpt":"Venez rencontrer le CGP \u00e0 Soubise (Paris 3\u00b0) les 27 et 28 septembre 2014","rel":"","context":"Dans &quot;Antenne&quot;","img":{"alt_text":"","src":"https:\/\/i0.wp.com\/herage.org\/blog\/wp-content\/uploads\/2014\/07\/genea20141-211x300.jpg?resize=350%2C200","width":350,"height":200},"classes":[]},{"id":779,"url":"https:\/\/herage.org\/blog\/https:\/blog.herage.org\/p=\/779\/","url_meta":{"origin":495,"position":2},"title":"Forum national de G\u00e9n\u00e9alogie les 24 et 25 septembre 2016 \u00e0 Paris","date":"11 septembre 2016","format":false,"excerpt":"Le Forum National de G\u00e9n\u00e9alogie (g\u00e9n\u00e9@2016) se tiendra aux Archives nationales (60 rue des Francs Bourgeois, Paris IIIe). Au programme, conf\u00e9rences, visites guid\u00e9es et nombreux exposants. Le Cercle G\u00e9n\u00e9alogique Poitevin sera heureux de vous rencontrer \u00e0 cette occasion sur son stand. L'entr\u00e9e est gratuite.","rel":"","context":"Dans &quot;Ile de France&quot;","img":{"alt_text":"","src":"https:\/\/ci5.googleusercontent.com\/proxy\/YCiqYwoNwaDLspHXPNiTltru_cwscCpUfCGO_fRVBEpRbKZUBIW7bw1O9ahChanBcAnKzBVDEB6_SQfxZGUq-HLFFxusFTUb4ztCxrXj_YZUixtEFQwg_NKbx3Ra=s0-d-e1-ft","width":350,"height":200},"classes":[]},{"id":465,"url":"https:\/\/herage.org\/blog\/https:\/blog.herage.org\/p=\/465\/","url_meta":{"origin":495,"position":3},"title":"Rencontres G\u00e9n\u00e9alogiques \u00e0 Monts sur Guesnes les 22 et 23 septembre 2012","date":"17 septembre 2012","format":false,"excerpt":"Le samedi 22 et le dimanche 23 septembre, de 9h \u00e0 18h venez retrouver les adh\u00e9rents du Cercle G\u00e9n\u00e9alogique Poitevin \u00e0 la salle des f\u00eates de Monts-sur-Guesnes. L'entr\u00e9e est libre et gratuite. vous y trouverez de nombreux exposants parmi les adh\u00e9rents qui afficheront les r\u00e9sultats de leurs recherches et aussi\u2026","rel":"","context":"Dans &quot;Manifestation&quot;","img":{"alt_text":"","src":"","width":0,"height":0},"classes":[]},{"id":880,"url":"https:\/\/herage.org\/blog\/https:\/blog.herage.org\/p=\/880\/","url_meta":{"origin":495,"position":4},"title":"Visite \u00e0 Poitiers d&rsquo;un petit personnage de tr\u00e8s haut rang","date":"25 octobre 2017","format":false,"excerpt":"Au cours de nos recherches ou relev\u00e9s, nous d\u00e9nichons parfois des actes qui sortent de l'ordinaire. Les cur\u00e9s allaient de temps en temps au del\u00e0 du recensement des \u00e9v\u00e9nements religieux de leurs ouailles et utilisaient les registres pour faire leurs comptes ou t\u00e9moigner sur des ph\u00e9nom\u00e8nes m\u00e9t\u00e9orologiques ou \u00e9pid\u00e9miques. En\u2026","rel":"","context":"Dans &quot;Anecdotes&quot;","img":{"alt_text":"","src":"https:\/\/i0.wp.com\/herage.org\/blog\/wp-content\/uploads\/2017\/10\/visite-infante-\u00c3\u00a0-poitiers-228x300.jpg?resize=350%2C200","width":350,"height":200},"classes":[]},{"id":539,"url":"https:\/\/herage.org\/blog\/https:\/blog.herage.org\/p=\/539\/","url_meta":{"origin":495,"position":5},"title":"Rencontres d&rsquo;automne 2013 Fontaine-le-Comte","date":"7 octobre 2013","format":false,"excerpt":"Samedi 5 et dimanche 6 octobre le Cercle G\u00e9n\u00e9alogique Poitevin\u00a0 a organis\u00e9 ses traditionnelles rencontres \u00e9changes g\u00e9n\u00e9alogiques annuelles. Cette ann\u00e9e c'est la magnifique salle des f\u00eates de Fontaine-le-Comte qui a accueilli cette manifestation. Une quarantaine de stands anim\u00e9s et tenus par les adh\u00e9rents du CGP ont pr\u00e9sent\u00e9s au nombreux public\u2026","rel":"","context":"Dans &quot;Vienne&quot;","img":{"alt_text":"IMG_0001 REDUIT","src":"https:\/\/i0.wp.com\/herage.org\/blog\/wp-content\/uploads\/2013\/10\/IMG_0001-REDUIT-1024x766.jpg?resize=350%2C200","width":350,"height":200},"classes":[]}],"_links":{"self":[{"href":"https:\/\/herage.org\/blog\/wp-json\/wp\/v2\/posts\/495"}],"collection":[{"href":"https:\/\/herage.org\/blog\/wp-json\/wp\/v2\/posts"}],"about":[{"href":"https:\/\/herage.org\/blog\/wp-json\/wp\/v2\/types\/post"}],"author":[{"embeddable":true,"href":"https:\/\/herage.org\/blog\/wp-json\/wp\/v2\/users\/3"}],"replies":[{"embeddable":true,"href":"https:\/\/herage.org\/blog\/wp-json\/wp\/v2\/comments?post=495"}],"version-history":[{"count":4,"href":"https:\/\/herage.org\/blog\/wp-json\/wp\/v2\/posts\/495\/revisions"}],"predecessor-version":[{"id":499,"href":"https:\/\/herage.org\/blog\/wp-json\/wp\/v2\/posts\/495\/revisions\/499"}],"wp:attachment":[{"href":"https:\/\/herage.org\/blog\/wp-json\/wp\/v2\/media?parent=495"}],"wp:term":[{"taxonomy":"category","embeddable":true,"href":"https:\/\/herage.org\/blog\/wp-json\/wp\/v2\/categories?post=495"},{"taxonomy":"post_tag","embeddable":true,"href":"https:\/\/herage.org\/blog\/wp-json\/wp\/v2\/tags?post=495"}],"curies":[{"name":"wp","href":"https:\/\/api.w.org\/{rel}","templated":true}]}}