{"id":504,"date":"2012-11-29T06:24:46","date_gmt":"2012-11-29T05:24:46","guid":{"rendered":"http:\/\/herage.org\/blog\/?p=504"},"modified":"2013-09-27T19:11:44","modified_gmt":"2013-09-27T18:11:44","slug":"reunion-2013-de-lantenne-francilienne","status":"publish","type":"post","link":"https:\/\/herage.org\/blog\/https:\/blog.herage.org\/p=\/504\/","title":{"rendered":"R\u00e9union 2013 et 2014 de l&rsquo;Antenne Francilienne"},"content":{"rendered":"<p>Les dates des r\u00e9unions 2013 de l&rsquo;antenne francilienne sont :<\/p>\n<ul>\n<li><strong>samedi 9 f\u00e9vrier 2013 ==&gt; <\/strong>r\u00e9union de l&rsquo;Antenne Francilienne \u00e0 14 h au si\u00e8ge de la F\u00e9d\u00e9ration Fran\u00e7aise de G\u00e9n\u00e9alogie<em> <\/em>.<\/li>\n<li><strong>samedi 6 avril 2013 <\/strong><strong>==&gt; <\/strong>r\u00e9union de l&rsquo;Antenne Francilienne \u00e0 14 h au si\u00e8ge de la F\u00e9d\u00e9ration Fran\u00e7aise de G\u00e9n\u00e9alogie<em> <\/em>.<\/li>\n<li><strong>samedi 8 juin 2013 <\/strong><strong>==&gt; <\/strong>r\u00e9union de l&rsquo;Antenne Francilienne \u00e0 14 h au si\u00e8ge de la F\u00e9d\u00e9ration Fran\u00e7aise de G\u00e9n\u00e9alogie<\/li>\n<li><em> <\/em><strong>samedi 28 septembre 2013 <\/strong><strong>==&gt; <\/strong>r\u00e9union de l&rsquo;Antenne Francilienne \u00e0 14 h au si\u00e8ge de la F\u00e9d\u00e9ration Fran\u00e7aise de G\u00e9n\u00e9alogie<\/li>\n<li><em> <\/em><strong>samedi 30 novembre 2013 <\/strong><strong>==&gt; <\/strong>r\u00e9union de l&rsquo;Antenne Francilienne \u00e0 14 h au si\u00e8ge de la F\u00e9d\u00e9ration Fran\u00e7aise de G\u00e9n\u00e9alogie<\/li>\n<\/ul>\n<p>Les dates 2014 sont maintenant arr\u00eat\u00e9es. Il s&rsquo;agit de :<\/p>\n<ul>\n<li><strong>samedi 1 f\u00e9vrier 2014 ==&gt;\u00a0<\/strong>r\u00e9union de l&rsquo;Antenne Francilienne \u00e0 14 h au si\u00e8ge de la F\u00e9d\u00e9ration Fran\u00e7aise de G\u00e9n\u00e9alogie<em>\u00a0<\/em>.<\/li>\n<li><strong>samedi 29 mars 2014\u00a0<\/strong><strong>==&gt;\u00a0<\/strong>r\u00e9union de l&rsquo;Antenne Francilienne \u00e0 14 h au si\u00e8ge de la F\u00e9d\u00e9ration Fran\u00e7aise de G\u00e9n\u00e9alogie<em>\u00a0<\/em>.<\/li>\n<li><strong>samedi 7 juin 2014\u00a0<\/strong><strong>==&gt;\u00a0<\/strong>r\u00e9union de l&rsquo;Antenne Francilienne \u00e0 14 h au si\u00e8ge de la F\u00e9d\u00e9ration Fran\u00e7aise de G\u00e9n\u00e9alogie<\/li>\n<li><em>\u00a0<\/em><strong>samedi 4 octobre 2014\u00a0<\/strong><strong>==&gt;\u00a0<\/strong>r\u00e9union de l&rsquo;Antenne Francilienne \u00e0 14 h au si\u00e8ge de la F\u00e9d\u00e9ration Fran\u00e7aise de G\u00e9n\u00e9alogie<\/li>\n<li><em>\u00a0<\/em><strong>samedi 29 novembre 2014\u00a0<\/strong><strong>==&gt;\u00a0<\/strong>r\u00e9union de l&rsquo;Antenne Francilienne \u00e0 14 h au si\u00e8ge de la F\u00e9d\u00e9ration Fran\u00e7aise de G\u00e9n\u00e9alogie<\/li>\n<\/ul>\n<p>Les r\u00e9union se d\u00e9roulent dans les locaux de la F\u00e9d\u00e9ration Fran\u00e7aise de G\u00e9n\u00e9alogie, porte de Pantin.<\/p>\n<p>Le plan et les modalit\u00e9s d&rsquo;acc\u00e8s sont indiqu\u00e9s sur <a title=\"Salle des r\u00e9unions de l'Antenne Francilienne\" href=\"http:\/\/herage.org\/antenne_reunions.htm\" target=\"_blank\">herage<\/a><\/p>\n<p>Ces r\u00e9unions sont ouvertes aux adh\u00e9rents et aux sympathisants. Elles sont un moment d\u2019\u00e9changes sur les recherches g\u00e9n\u00e9alogiques de chacun et sur la vie du cercle o\u00f9 chaque participants peut poser toute question ou aborder tout probl\u00e8me ou difficult\u00e9. N&rsquo;h\u00e9sitez pas \u00e0 vous y rendre.<\/p>\n","protected":false},"excerpt":{"rendered":"<p>Les dates des r\u00e9unions 2013 de l&rsquo;antenne francilienne sont : samedi 9 f\u00e9vrier 2013 ==&gt; r\u00e9union de l&rsquo;Antenne Francilienne \u00e0 14 h au si\u00e8ge de la F\u00e9d\u00e9ration Fran\u00e7aise de G\u00e9n\u00e9alogie . samedi 6 avril 2013 ==&gt; r\u00e9union de l&rsquo;Antenne Francilienne &hellip; <a href=\"https:\/\/herage.org\/blog\/https:\/blog.herage.org\/p=\/504\/\">Continuer la lecture <span class=\"meta-nav\">&rarr;<\/span><\/a><\/p>\n","protected":false},"author":3,"featured_media":0,"comment_status":"open","ping_status":"open","sticky":false,"template":"","format":"standard","meta":{"spay_email":"","jetpack_publicize_message":"","jetpack_is_tweetstorm":false,"jetpack_publicize_feature_enabled":true},"categories":[47,37,12],"tags":[],"jetpack_publicize_connections":[],"jetpack_featured_media_url":"","jetpack_sharing_enabled":true,"jetpack_shortlink":"https:\/\/wp.me\/p4fVnZ-88","jetpack-related-posts":[{"id":508,"url":"https:\/\/herage.org\/blog\/https:\/blog.herage.org\/p=\/508\/","url_meta":{"origin":504,"position":0},"title":"R\u00e9union de l\u2019antenne francilienne du 8 d\u00e9cembre 2012","date":"13 d\u00e9cembre 2012","format":false,"excerpt":"R\u00e9union de l\u2019antenne francilienne du 8 d\u00e9cembre 2012. \u00a0 Ce samedi 8 d\u00e9cembre, nous nous retrouvons \u00e0 14 heures au si\u00e8ge de la FFG, Tour Essor \u00e0 Pantin. Serge Picault ouvre la s\u00e9ance. Nous sommes dix. Jean-Pierre J\u00e9rome et Pierrette Gilard sont absents excus\u00e9s. Apr\u00e8s avoir \u00e9voqu\u00e9 les prochains rendez-vous\u2026","rel":"","context":"Dans &quot;Antenne&quot;","img":{"alt_text":"","src":"","width":0,"height":0},"classes":[]},{"id":214,"url":"https:\/\/herage.org\/blog\/https:\/blog.herage.org\/p=\/214\/","url_meta":{"origin":504,"position":1},"title":"Antenne Francilienne","date":"14 octobre 2010","format":false,"excerpt":"Attention, du fait des travaux dans les locaux de la F\u00e9d\u00e9ration Fran\u00e7aise de G\u00e9n\u00e9alogie, la r\u00e9union de l'Antenne francilienne initialement pr\u00e9vue, \u00e0 l'origine le 23, puis repouss\u00e9e au 30 octobre,\u00a0 ne pourra finalement se tenir. Nous avons donc tous rendez-vous, adh\u00e9rents et sympathisants, lors de notre prochaine rencontre,\u00a0 soit le\u2026","rel":"","context":"Dans &quot;R\u00e9unions&quot;","img":{"alt_text":"","src":"","width":0,"height":0},"classes":[]},{"id":684,"url":"https:\/\/herage.org\/blog\/https:\/blog.herage.org\/p=\/684\/","url_meta":{"origin":504,"position":2},"title":"Salon G\u00e9n\u00e9alogique de Paris XV\u00b0","date":"7 mars 2015","format":false,"excerpt":"De nombreux visiteurs, passionn\u00e9s de g\u00e9n\u00e9alogie, sont venus dans la salle des f\u00eates de la mairie du XV\u00b0 arrondissement de Paris pour rencontrer les associations g\u00e9n\u00e9alogiques ou professionnels de la g\u00e9n\u00e9alogie.Le temps cl\u00e9ment a pouss\u00e9 de nombreux visiteurs vers le stand du Cercle anim\u00e9 par l'Antenne Francilienne.","rel":"","context":"Dans &quot;Ile de France&quot;","img":{"alt_text":"","src":"https:\/\/i0.wp.com\/herage.org\/blog\/wp-content\/uploads\/2015\/03\/2015-03-06-15.00.43-300x224.jpg?resize=350%2C200","width":350,"height":200},"classes":[]},{"id":420,"url":"https:\/\/herage.org\/blog\/https:\/blog.herage.org\/p=\/420\/","url_meta":{"origin":504,"position":3},"title":"Compte rendu de la r\u00e9union de l&rsquo;Antenne Francilienne du 3 d\u00e9cembre 2011","date":"3 d\u00e9cembre 2011","format":false,"excerpt":"Antenne Parisienne Compte rendu de la r\u00e9union du 3 d\u00e9cembre 2011 Notre derni\u00e8re r\u00e9union de l\u2019ann\u00e9e 2011 s\u2019est tenue le 3 d\u00e9cembre autour de Serge Picault. \u00c9taient excus\u00e9s : Mrs. J.P. J\u00e9r\u00f4me, P. Lancereau, M. et Mme Touret, et Isabelle Br\u00e9geaud. Cependant, nous \u00e9tions 10 pr\u00e9sents pour \u00e9couter M. Pierre\u2026","rel":"","context":"Dans &quot;Antenne&quot;","img":{"alt_text":"","src":"","width":0,"height":0},"classes":[]},{"id":500,"url":"https:\/\/herage.org\/blog\/https:\/blog.herage.org\/p=\/500\/","url_meta":{"origin":504,"position":4},"title":"CR de la R\u00e9union de l&rsquo;Antenne Francilienne du 20 octobre 2012","date":"24 octobre 2012","format":false,"excerpt":"Antenne Parisienne Le 20 octobre dernier, nous nous sommes r\u00e9unis pour la quatri\u00e8me fois de l\u2019ann\u00e9e 2012 \u00e0 la tour Essor. Nous avons eu l\u2019agr\u00e9able surprise de voir Thierry CHESTIER, notre pr\u00e9sident, venir nous saluer et nous informer que le CGP \u00e9tait en bonne position et que nous avions un\u2026","rel":"","context":"Dans &quot;Antenne&quot;","img":{"alt_text":"","src":"","width":0,"height":0},"classes":[]},{"id":602,"url":"https:\/\/herage.org\/blog\/https:\/blog.herage.org\/p=\/602\/","url_meta":{"origin":504,"position":5},"title":"CR de la r\u00e9union de l&rsquo;Antenne du 1\/2\/2014","date":"9 f\u00e9vrier 2014","format":false,"excerpt":"Antenne Parisienne \u00a0\u00a0\u00a0 Compte rendu de la r\u00e9union du 1er f\u00e9vrier 2014 Notre 1\u00e8re r\u00e9union de l\u2019ann\u00e9e 2014 s\u2019est tenue comme les fois pr\u00e9c\u00e9dentes au 22\u00e8me \u00e9tage de la Tour ESSOR apr\u00e8s un d\u00e9jeuner convivial pris en commun. Nous \u00e9tions 12 g\u00e9n\u00e9alogistes pour \u00e9couter Serge nous rappeler dans un 1er\u2026","rel":"","context":"Dans &quot;Antenne&quot;","img":{"alt_text":"","src":"","width":0,"height":0},"classes":[]}],"_links":{"self":[{"href":"https:\/\/herage.org\/blog\/wp-json\/wp\/v2\/posts\/504"}],"collection":[{"href":"https:\/\/herage.org\/blog\/wp-json\/wp\/v2\/posts"}],"about":[{"href":"https:\/\/herage.org\/blog\/wp-json\/wp\/v2\/types\/post"}],"author":[{"embeddable":true,"href":"https:\/\/herage.org\/blog\/wp-json\/wp\/v2\/users\/3"}],"replies":[{"embeddable":true,"href":"https:\/\/herage.org\/blog\/wp-json\/wp\/v2\/comments?post=504"}],"version-history":[{"count":5,"href":"https:\/\/herage.org\/blog\/wp-json\/wp\/v2\/posts\/504\/revisions"}],"predecessor-version":[{"id":507,"href":"https:\/\/herage.org\/blog\/wp-json\/wp\/v2\/posts\/504\/revisions\/507"}],"wp:attachment":[{"href":"https:\/\/herage.org\/blog\/wp-json\/wp\/v2\/media?parent=504"}],"wp:term":[{"taxonomy":"category","embeddable":true,"href":"https:\/\/herage.org\/blog\/wp-json\/wp\/v2\/categories?post=504"},{"taxonomy":"post_tag","embeddable":true,"href":"https:\/\/herage.org\/blog\/wp-json\/wp\/v2\/tags?post=504"}],"curies":[{"name":"wp","href":"https:\/\/api.w.org\/{rel}","templated":true}]}}