{"id":508,"date":"2012-12-13T20:03:42","date_gmt":"2012-12-13T19:03:42","guid":{"rendered":"http:\/\/herage.org\/blog\/?p=508"},"modified":"2012-12-13T20:03:42","modified_gmt":"2012-12-13T19:03:42","slug":"reunion-de-lantenne-francilienne-du-8-decembre-2012","status":"publish","type":"post","link":"https:\/\/herage.org\/blog\/https:\/blog.herage.org\/p=\/508\/","title":{"rendered":"R\u00e9union de l\u2019antenne francilienne du 8 d\u00e9cembre 2012"},"content":{"rendered":"<p align=\"center\"><strong>R\u00e9union de l\u2019antenne francilienne du 8 d\u00e9cembre 2012<\/strong>.<\/p>\n<p>&nbsp;<\/p>\n<p>Ce samedi 8 d\u00e9cembre, nous nous retrouvons \u00e0 14 heures au si\u00e8ge de la FFG, Tour Essor \u00e0 Pantin. Serge Picault ouvre la s\u00e9ance. Nous sommes dix. Jean-Pierre J\u00e9rome et Pierrette Gilard sont absents excus\u00e9s.<\/p>\n<p>Apr\u00e8s avoir \u00e9voqu\u00e9 les prochains rendez-vous du Cercle\u00a0en 2013 : assembl\u00e9e g\u00e9n\u00e9rale et manifestations, Serge Picault nous rappelle fort utilement le fonctionnement de G\u00e9n\u00e9abank. Cette base de donn\u00e9es nationale est accessible \u00e0 tout adh\u00e9rent et la contribution du Cercle nous permet \u00e0 chacun d\u2019utiliser des points pour l\u2019achat d\u2019actes paroissiaux et d\u2019\u00e9tat-civil, ce qui peut \u00eatre tr\u00e8s utile pour nos recherches hors du d\u00e9partement de la Vienne.<\/p>\n<p>Apr\u00e8s quoi suit un moment d\u2019\u00e9changes et de partage. Andr\u00e9e Touret nous fait part d\u2019une lecture tr\u00e8s int\u00e9ressante\u00a0: le livre \u00ab\u00a0Poitevins, m\u00e9decins des Rois\u00a0\u00bb de Robert Ducluzeau, publi\u00e9 dans la collection Histoire chez Gestes Editions.<\/p>\n<p>Apr\u00e8s avoir trouv\u00e9 quelques cousinages dans l\u2019assistance, nous nous s\u00e9parons vers 17h30 en se promettant de se revoir en 2013.<\/p>\n<p>Isabelle Br\u00e9geaud,CGP1589.<\/p>\n","protected":false},"excerpt":{"rendered":"<p>R\u00e9union de l\u2019antenne francilienne du 8 d\u00e9cembre 2012. &nbsp; Ce samedi 8 d\u00e9cembre, nous nous retrouvons \u00e0 14 heures au si\u00e8ge de la FFG, Tour Essor \u00e0 Pantin. Serge Picault ouvre la s\u00e9ance. Nous sommes dix. Jean-Pierre J\u00e9rome et Pierrette &hellip; <a href=\"https:\/\/herage.org\/blog\/https:\/blog.herage.org\/p=\/508\/\">Continuer la lecture <span class=\"meta-nav\">&rarr;<\/span><\/a><\/p>\n","protected":false},"author":3,"featured_media":0,"comment_status":"open","ping_status":"open","sticky":false,"template":"","format":"standard","meta":{"spay_email":"","jetpack_publicize_message":"","jetpack_is_tweetstorm":false,"jetpack_publicize_feature_enabled":true},"categories":[47,37,12],"tags":[],"jetpack_publicize_connections":[],"jetpack_featured_media_url":"","jetpack_sharing_enabled":true,"jetpack_shortlink":"https:\/\/wp.me\/p4fVnZ-8c","jetpack-related-posts":[{"id":214,"url":"https:\/\/herage.org\/blog\/https:\/blog.herage.org\/p=\/214\/","url_meta":{"origin":508,"position":0},"title":"Antenne Francilienne","date":"14 octobre 2010","format":false,"excerpt":"Attention, du fait des travaux dans les locaux de la F\u00e9d\u00e9ration Fran\u00e7aise de G\u00e9n\u00e9alogie, la r\u00e9union de l'Antenne francilienne initialement pr\u00e9vue, \u00e0 l'origine le 23, puis repouss\u00e9e au 30 octobre,\u00a0 ne pourra finalement se tenir. Nous avons donc tous rendez-vous, adh\u00e9rents et sympathisants, lors de notre prochaine rencontre,\u00a0 soit le\u2026","rel":"","context":"Dans &quot;R\u00e9unions&quot;","img":{"alt_text":"","src":"","width":0,"height":0},"classes":[]},{"id":500,"url":"https:\/\/herage.org\/blog\/https:\/blog.herage.org\/p=\/500\/","url_meta":{"origin":508,"position":1},"title":"CR de la R\u00e9union de l&rsquo;Antenne Francilienne du 20 octobre 2012","date":"24 octobre 2012","format":false,"excerpt":"Antenne Parisienne Le 20 octobre dernier, nous nous sommes r\u00e9unis pour la quatri\u00e8me fois de l\u2019ann\u00e9e 2012 \u00e0 la tour Essor. Nous avons eu l\u2019agr\u00e9able surprise de voir Thierry CHESTIER, notre pr\u00e9sident, venir nous saluer et nous informer que le CGP \u00e9tait en bonne position et que nous avions un\u2026","rel":"","context":"Dans &quot;Antenne&quot;","img":{"alt_text":"","src":"","width":0,"height":0},"classes":[]},{"id":420,"url":"https:\/\/herage.org\/blog\/https:\/blog.herage.org\/p=\/420\/","url_meta":{"origin":508,"position":2},"title":"Compte rendu de la r\u00e9union de l&rsquo;Antenne Francilienne du 3 d\u00e9cembre 2011","date":"3 d\u00e9cembre 2011","format":false,"excerpt":"Antenne Parisienne Compte rendu de la r\u00e9union du 3 d\u00e9cembre 2011 Notre derni\u00e8re r\u00e9union de l\u2019ann\u00e9e 2011 s\u2019est tenue le 3 d\u00e9cembre autour de Serge Picault. \u00c9taient excus\u00e9s : Mrs. J.P. J\u00e9r\u00f4me, P. Lancereau, M. et Mme Touret, et Isabelle Br\u00e9geaud. Cependant, nous \u00e9tions 10 pr\u00e9sents pour \u00e9couter M. Pierre\u2026","rel":"","context":"Dans &quot;Antenne&quot;","img":{"alt_text":"","src":"","width":0,"height":0},"classes":[]},{"id":504,"url":"https:\/\/herage.org\/blog\/https:\/blog.herage.org\/p=\/504\/","url_meta":{"origin":508,"position":3},"title":"R\u00e9union 2013 et 2014 de l&rsquo;Antenne Francilienne","date":"29 novembre 2012","format":false,"excerpt":"Les dates des r\u00e9unions 2013 de l'antenne francilienne sont : samedi 9 f\u00e9vrier 2013 ==> r\u00e9union de l'Antenne Francilienne \u00e0 14 h au si\u00e8ge de la F\u00e9d\u00e9ration Fran\u00e7aise de G\u00e9n\u00e9alogie . samedi 6 avril 2013 ==> r\u00e9union de l'Antenne Francilienne \u00e0 14 h au si\u00e8ge de la F\u00e9d\u00e9ration Fran\u00e7aise de\u2026","rel":"","context":"Dans &quot;Antenne&quot;","img":{"alt_text":"","src":"","width":0,"height":0},"classes":[]},{"id":602,"url":"https:\/\/herage.org\/blog\/https:\/blog.herage.org\/p=\/602\/","url_meta":{"origin":508,"position":4},"title":"CR de la r\u00e9union de l&rsquo;Antenne du 1\/2\/2014","date":"9 f\u00e9vrier 2014","format":false,"excerpt":"Antenne Parisienne \u00a0\u00a0\u00a0 Compte rendu de la r\u00e9union du 1er f\u00e9vrier 2014 Notre 1\u00e8re r\u00e9union de l\u2019ann\u00e9e 2014 s\u2019est tenue comme les fois pr\u00e9c\u00e9dentes au 22\u00e8me \u00e9tage de la Tour ESSOR apr\u00e8s un d\u00e9jeuner convivial pris en commun. Nous \u00e9tions 12 g\u00e9n\u00e9alogistes pour \u00e9couter Serge nous rappeler dans un 1er\u2026","rel":"","context":"Dans &quot;Antenne&quot;","img":{"alt_text":"","src":"","width":0,"height":0},"classes":[]},{"id":684,"url":"https:\/\/herage.org\/blog\/https:\/blog.herage.org\/p=\/684\/","url_meta":{"origin":508,"position":5},"title":"Salon G\u00e9n\u00e9alogique de Paris XV\u00b0","date":"7 mars 2015","format":false,"excerpt":"De nombreux visiteurs, passionn\u00e9s de g\u00e9n\u00e9alogie, sont venus dans la salle des f\u00eates de la mairie du XV\u00b0 arrondissement de Paris pour rencontrer les associations g\u00e9n\u00e9alogiques ou professionnels de la g\u00e9n\u00e9alogie.Le temps cl\u00e9ment a pouss\u00e9 de nombreux visiteurs vers le stand du Cercle anim\u00e9 par l'Antenne Francilienne.","rel":"","context":"Dans &quot;Ile de France&quot;","img":{"alt_text":"","src":"https:\/\/i0.wp.com\/herage.org\/blog\/wp-content\/uploads\/2015\/03\/2015-03-06-15.00.43-300x224.jpg?resize=350%2C200","width":350,"height":200},"classes":[]}],"_links":{"self":[{"href":"https:\/\/herage.org\/blog\/wp-json\/wp\/v2\/posts\/508"}],"collection":[{"href":"https:\/\/herage.org\/blog\/wp-json\/wp\/v2\/posts"}],"about":[{"href":"https:\/\/herage.org\/blog\/wp-json\/wp\/v2\/types\/post"}],"author":[{"embeddable":true,"href":"https:\/\/herage.org\/blog\/wp-json\/wp\/v2\/users\/3"}],"replies":[{"embeddable":true,"href":"https:\/\/herage.org\/blog\/wp-json\/wp\/v2\/comments?post=508"}],"version-history":[{"count":2,"href":"https:\/\/herage.org\/blog\/wp-json\/wp\/v2\/posts\/508\/revisions"}],"predecessor-version":[{"id":510,"href":"https:\/\/herage.org\/blog\/wp-json\/wp\/v2\/posts\/508\/revisions\/510"}],"wp:attachment":[{"href":"https:\/\/herage.org\/blog\/wp-json\/wp\/v2\/media?parent=508"}],"wp:term":[{"taxonomy":"category","embeddable":true,"href":"https:\/\/herage.org\/blog\/wp-json\/wp\/v2\/categories?post=508"},{"taxonomy":"post_tag","embeddable":true,"href":"https:\/\/herage.org\/blog\/wp-json\/wp\/v2\/tags?post=508"}],"curies":[{"name":"wp","href":"https:\/\/api.w.org\/{rel}","templated":true}]}}