{"id":706,"date":"2016-03-02T18:37:51","date_gmt":"2016-03-02T17:37:51","guid":{"rendered":"http:\/\/herage.org\/blog\/?p=706"},"modified":"2018-03-11T17:54:21","modified_gmt":"2018-03-11T16:54:21","slug":"assemblee-generale-2016","status":"publish","type":"post","link":"https:\/\/herage.org\/blog\/https:\/blog.herage.org\/p=\/706\/","title":{"rendered":"Assembl\u00e9e G\u00e9n\u00e9rale 2016"},"content":{"rendered":"<p>Le <strong>samedi 9\u00a0avril 2016<\/strong>, tous les adh\u00e9rents du Cercle G\u00e9n\u00e9alogique Poitevin sont convi\u00e9s \u00e0 l&rsquo;Assembl\u00e9e G\u00e9n\u00e9rale 2016 qui se d\u00e9roulera\u00a0:<\/p>\n<p style=\"padding-left: 30px;\"><strong><img class=\"alignright\" src=\"https:\/\/i0.wp.com\/www.herage.org\/images\/cgp_ag2016.png?w=200\" alt=\"\" data-recalc-dims=\"1\" \/><\/strong><a title=\"Salle des f\u00eates de Champigny-le-Sec\" href=\"https:\/\/www.google.fr\/maps\/place\/18+Rue+de+la+Poste,+86170+Champigny-le-Sec\/@46.7141586,0.1521517,372m\/data=!3m1!1e3!4m2!3m1!1s0x47fd84d3fbb009eb:0x3579e19d036de503\" target=\"_blank\" rel=\"noopener\"><strong>Salle des F\u00eates<\/strong><\/a><br \/>\n<strong> 18, rue de la Poste<\/strong><br \/>\n<strong> 86180 Champigny-le-Sec<\/strong><\/p>\n<p>L\u2019accueil sera op\u00e9rationnel d\u00e8s 9 h dans le hall de la salle des f\u00eates o\u00f9 il vous sera demand\u00e9 de consigner votre pr\u00e9sence.<\/p>\n<p>L&rsquo;ordre du jour de l&rsquo;Assembl\u00e9e G\u00e9n\u00e9rale est :<\/p>\n<ul style=\"color: #000000;\">\n<li>rapport moral du Pr\u00e9sident,<\/li>\n<li>rapport d\u2019activit\u00e9s de l\u2019antenne \u00cele-de-France,<\/li>\n<li>rapport financier du Tr\u00e9sorier,<\/li>\n<li>bilan du congr\u00e8s, et exposition de photos,<\/li>\n<li>approbation des rapports et des comptes,<\/li>\n<li>les d\u00e9pouillements des archives,<\/li>\n<li>questions diverses.<\/li>\n<\/ul>\n<p>Puis, \u00e0 l&rsquo;issue de l&rsquo;AG, un\u00a0d\u00e9jeuner sur place sera possible pour les personnes <a title=\"Inscription au repas\" href=\"http:\/\/herage.org\/telechargements\/cgp_ag2016_inscription.pdf\" target=\"_blank\" rel=\"noopener\">pr\u00e9alablement inscrites<\/a>\u00a0au repas.<\/p>\n<table>\n<tbody>\n<tr>\n<td><a href=\"https:\/\/i0.wp.com\/herage.org\/blog\/wp-content\/uploads\/2016\/03\/affiche_david.jpg\" target=\"_blank\" rel=\"noopener\"><img data-attachment-id=\"753\" data-permalink=\"https:\/\/herage.org\/blog\/https:\/blog.herage.org\/p=\/706\/affiche_david\/\" data-orig-file=\"https:\/\/i0.wp.com\/herage.org\/blog\/wp-content\/uploads\/2016\/03\/affiche_david.jpg?fit=601%2C1028&amp;ssl=1\" data-orig-size=\"601,1028\" data-comments-opened=\"1\" data-image-meta=\"{&quot;aperture&quot;:&quot;0&quot;,&quot;credit&quot;:&quot;&quot;,&quot;camera&quot;:&quot;&quot;,&quot;caption&quot;:&quot;&quot;,&quot;created_timestamp&quot;:&quot;0&quot;,&quot;copyright&quot;:&quot;&quot;,&quot;focal_length&quot;:&quot;0&quot;,&quot;iso&quot;:&quot;0&quot;,&quot;shutter_speed&quot;:&quot;0&quot;,&quot;title&quot;:&quot;&quot;}\" data-image-title=\"affiche_david\" data-image-description=\"\" data-image-caption=\"\" data-medium-file=\"https:\/\/i0.wp.com\/herage.org\/blog\/wp-content\/uploads\/2016\/03\/affiche_david.jpg?fit=175%2C300&amp;ssl=1\" data-large-file=\"https:\/\/i0.wp.com\/herage.org\/blog\/wp-content\/uploads\/2016\/03\/affiche_david.jpg?fit=584%2C1000&amp;ssl=1\" loading=\"lazy\" class=\"wp-image-753 \" src=\"https:\/\/i0.wp.com\/herage.org\/blog\/wp-content\/uploads\/2016\/03\/affiche_david-175x300.jpg?resize=165%2C283\" alt=\"conf\u00e9rence par David ALBERT-BRUNET \" width=\"165\" height=\"283\" srcset=\"https:\/\/i0.wp.com\/herage.org\/blog\/wp-content\/uploads\/2016\/03\/affiche_david.jpg?resize=175%2C300&amp;ssl=1 175w, https:\/\/i0.wp.com\/herage.org\/blog\/wp-content\/uploads\/2016\/03\/affiche_david.jpg?resize=598%2C1024&amp;ssl=1 598w, https:\/\/i0.wp.com\/herage.org\/blog\/wp-content\/uploads\/2016\/03\/affiche_david.jpg?w=601&amp;ssl=1 601w\" sizes=\"(max-width: 165px) 100vw, 165px\" data-recalc-dims=\"1\" \/><\/a><\/td>\n<td style=\"padding: 15px;\">\n<p style=\"text-align: left;\">Dans l&rsquo;apr\u00e8s-midi, vous pourrez suivre un expos\u00e9,<br \/>\naccompagn\u00e9 d&rsquo;une exposition, sur<\/p>\n<p style=\"text-align: center; color: #000000;\"><strong>Les Poitevins \u00e0 la Conqu\u00eate de l&rsquo;Ouest&#8230; Canadien!<br \/>\n(1860-1959)<\/strong><\/p>\n<p>par David ALBERT-BRUNET.<\/td>\n<\/tr>\n<\/tbody>\n<\/table>\n<p>N&rsquo;oubliez pas de vous <a title=\"Inscription \u00e0 l'AG et au repas\" href=\"http:\/\/herage.org\/telechargements\/cgp_ag2016_inscription.pdf\" target=\"_blank\" rel=\"noopener\">inscrire <\/a>et d&rsquo;adresser ce document avant le\u00a0<span style=\"color: #000000; text-decoration: underline;\"><strong>27\u00a0<\/strong><\/span><strong style=\"color: #000000;\"><span style=\"text-decoration: underline;\">mars 2016.<br \/>\n<\/span><\/strong><\/p>\n<p>Vous ne pouvez venir ? Adressez <a title=\"Pouvoir\" href=\"http:\/\/herage.org\/telechargements\/cgp_ag2016_pouvoir.pdf\" target=\"_blank\" rel=\"noopener\">votre pouvoir<\/a>.<\/p>\n<p>Profitez en pour adresser vos questions ou observations. Une r\u00e9ponse sera donn\u00e9e \u00e0 l&rsquo;Assembl\u00e9e G\u00e9n\u00e9rale.<\/p>\n","protected":false},"excerpt":{"rendered":"<p>Le samedi 9\u00a0avril 2016, tous les adh\u00e9rents du Cercle G\u00e9n\u00e9alogique Poitevin sont convi\u00e9s \u00e0 l&rsquo;Assembl\u00e9e G\u00e9n\u00e9rale 2016 qui se d\u00e9roulera\u00a0: Salle des F\u00eates 18, rue de la Poste 86180 Champigny-le-Sec L\u2019accueil sera op\u00e9rationnel d\u00e8s 9 h dans le hall de &hellip; <a href=\"https:\/\/herage.org\/blog\/https:\/blog.herage.org\/p=\/706\/\">Continuer la lecture <span class=\"meta-nav\">&rarr;<\/span><\/a><\/p>\n","protected":false},"author":3,"featured_media":0,"comment_status":"open","ping_status":"closed","sticky":false,"template":"","format":"standard","meta":{"spay_email":"","jetpack_publicize_message":"","jetpack_is_tweetstorm":false,"jetpack_publicize_feature_enabled":true},"categories":[8,13,53,12,52],"tags":[86,186],"jetpack_publicize_connections":[],"jetpack_featured_media_url":"","jetpack_sharing_enabled":true,"jetpack_shortlink":"https:\/\/wp.me\/p4fVnZ-bo","jetpack-related-posts":[{"id":2259,"url":"https:\/\/herage.org\/blog\/https:\/blog.herage.org\/p=\/2259\/","url_meta":{"origin":706,"position":0},"title":"AG de l\u2019Association \u00e0 Loudun le 23 mars 2019","date":"7 mars 2019","format":false,"excerpt":"L\u2019Assembl\u00e9e G\u00e9n\u00e9rale 2019 du Cercle G\u00e9n\u00e9alogique Poitevin se d\u00e9roulera le 23\u00a0mars 2019, Salle des F\u00eates de VENIERS \u00e0 LOUDUN (86200).","rel":"","context":"Dans &quot;AG&quot;","img":{"alt_text":"","src":"https:\/\/i0.wp.com\/herage.org\/blog\/wp-content\/uploads\/2019\/03\/cgp_img_ag-300x206.jpg?resize=350%2C200","width":350,"height":200},"classes":[]},{"id":1065,"url":"https:\/\/herage.org\/blog\/https:\/blog.herage.org\/p=\/1065\/","url_meta":{"origin":706,"position":1},"title":"AG de l&rsquo;Association \u00e0 Civaux le 17 mars 2018","date":"13 mars 2018","format":false,"excerpt":"AG 2018 du CGP \u00e0 Civaux le 17 mars 2018","rel":"","context":"Dans &quot;AG&quot;","img":{"alt_text":"","src":"https:\/\/i0.wp.com\/herage.org\/blog\/wp-content\/uploads\/2018\/02\/cgp_ag2018-217x300.png?resize=350%2C200","width":350,"height":200},"classes":[]},{"id":769,"url":"https:\/\/herage.org\/blog\/https:\/blog.herage.org\/p=\/769\/","url_meta":{"origin":706,"position":2},"title":"AG 2017 \u00e0 Terc\u00e9","date":"3 f\u00e9vrier 2017","format":false,"excerpt":"L'Assembl\u00e9e g\u00e9n\u00e9rale 2017 du Cercle G\u00e9n\u00e9alogique Poitevin se d\u00e9roulera le 25 mars 2017 aussi, tous les adh\u00e9rents de l'association sont convi\u00e9s salle du Friaula chemin des \u00e9coliers 86800 Terc\u00e9. D\u00c9ROULEMENT DE LA JOURN\u00c9E 8 h 30 : accueil et \u00e9margement. 9 h 30 : assembl\u00e9e g\u00e9n\u00e9rale, ordre du jour :\u2026","rel":"","context":"Dans &quot;AG&quot;","img":{"alt_text":"","src":"https:\/\/i0.wp.com\/herage.org\/blog\/wp-content\/uploads\/2016\/08\/ag2017-217x300.png?resize=350%2C200","width":350,"height":200},"classes":[]},{"id":2888,"url":"https:\/\/herage.org\/blog\/https:\/blog.herage.org\/p=\/2888\/","url_meta":{"origin":706,"position":3},"title":"AG 2020 le 21 mars \u00e0 Verri\u00e8res","date":"20 f\u00e9vrier 2020","format":false,"excerpt":"\u00a0 Nous serons heureux de vous retrouver pour la prochaine assembl\u00e9e g\u00e9n\u00e9rale de l'association qui se d\u00e9roulera le samedi 21 mars 2020 salle polyvalente de La Garenne \u00e0 Verri\u00e8res Ce moment est important dans la vie de notre association. Il ne s'agit pas seulement de pr\u00e9senter les bilans d'activit\u00e9 et\u2026","rel":"","context":"Dans &quot;AG&quot;","img":{"alt_text":"","src":"https:\/\/i0.wp.com\/herage.org\/blog\/wp-content\/uploads\/2020\/02\/AG-CGP-2020-1-300x300.png?resize=350%2C200","width":350,"height":200},"classes":[]},{"id":4,"url":"https:\/\/herage.org\/blog\/https:\/blog.herage.org\/p=\/4\/","url_meta":{"origin":706,"position":4},"title":"Assembl\u00e9e G\u00e9n\u00e9rale 2010","date":"16 mars 2010","format":false,"excerpt":"Le 6 mars, \u00e0 Leignes sur Fontaine, 130 adh\u00e9rents environ , sont venus participer \u00e0 l'assembl\u00e9e g\u00e9n\u00e9rale du Cercle. Cette r\u00e9union tr\u00e8s conviviale a permis de faire le point sur les activit\u00e9s 2009, les projets 2010 et bien sur de valider les comptes. Apr\u00e8s un d\u00e9jeuner fort agr\u00e9able, tous les\u2026","rel":"","context":"Dans &quot;Manifestation&quot;","img":{"alt_text":"","src":"https:\/\/i0.wp.com\/herage.org\/blog\/wp-content\/uploads\/2010\/03\/IMG_5238B.jpg?resize=350%2C200","width":350,"height":200},"classes":[]},{"id":539,"url":"https:\/\/herage.org\/blog\/https:\/blog.herage.org\/p=\/539\/","url_meta":{"origin":706,"position":5},"title":"Rencontres d&rsquo;automne 2013 Fontaine-le-Comte","date":"7 octobre 2013","format":false,"excerpt":"Samedi 5 et dimanche 6 octobre le Cercle G\u00e9n\u00e9alogique Poitevin\u00a0 a organis\u00e9 ses traditionnelles rencontres \u00e9changes g\u00e9n\u00e9alogiques annuelles. Cette ann\u00e9e c'est la magnifique salle des f\u00eates de Fontaine-le-Comte qui a accueilli cette manifestation. Une quarantaine de stands anim\u00e9s et tenus par les adh\u00e9rents du CGP ont pr\u00e9sent\u00e9s au nombreux public\u2026","rel":"","context":"Dans &quot;Vienne&quot;","img":{"alt_text":"IMG_0001 REDUIT","src":"https:\/\/i0.wp.com\/herage.org\/blog\/wp-content\/uploads\/2013\/10\/IMG_0001-REDUIT-1024x766.jpg?resize=350%2C200","width":350,"height":200},"classes":[]}],"_links":{"self":[{"href":"https:\/\/herage.org\/blog\/wp-json\/wp\/v2\/posts\/706"}],"collection":[{"href":"https:\/\/herage.org\/blog\/wp-json\/wp\/v2\/posts"}],"about":[{"href":"https:\/\/herage.org\/blog\/wp-json\/wp\/v2\/types\/post"}],"author":[{"embeddable":true,"href":"https:\/\/herage.org\/blog\/wp-json\/wp\/v2\/users\/3"}],"replies":[{"embeddable":true,"href":"https:\/\/herage.org\/blog\/wp-json\/wp\/v2\/comments?post=706"}],"version-history":[{"count":22,"href":"https:\/\/herage.org\/blog\/wp-json\/wp\/v2\/posts\/706\/revisions"}],"predecessor-version":[{"id":1278,"href":"https:\/\/herage.org\/blog\/wp-json\/wp\/v2\/posts\/706\/revisions\/1278"}],"wp:attachment":[{"href":"https:\/\/herage.org\/blog\/wp-json\/wp\/v2\/media?parent=706"}],"wp:term":[{"taxonomy":"category","embeddable":true,"href":"https:\/\/herage.org\/blog\/wp-json\/wp\/v2\/categories?post=706"},{"taxonomy":"post_tag","embeddable":true,"href":"https:\/\/herage.org\/blog\/wp-json\/wp\/v2\/tags?post=706"}],"curies":[{"name":"wp","href":"https:\/\/api.w.org\/{rel}","templated":true}]}}