{"id":779,"date":"2016-09-11T11:40:45","date_gmt":"2016-09-11T09:40:45","guid":{"rendered":"http:\/\/herage.org\/blog\/?p=779"},"modified":"2018-03-11T17:52:12","modified_gmt":"2018-03-11T16:52:12","slug":"forum-national-de-genealogie-les-24-et-25-septembre-2016-a-paris","status":"publish","type":"post","link":"https:\/\/herage.org\/blog\/https:\/blog.herage.org\/p=\/779\/","title":{"rendered":"Forum national de G\u00e9n\u00e9alogie les 24 et 25 septembre 2016 \u00e0 Paris"},"content":{"rendered":"<div style=\"width: 310px\" class=\"wp-caption alignnone\"><img loading=\"lazy\" class=\"\" src=\"https:\/\/ci5.googleusercontent.com\/proxy\/YCiqYwoNwaDLspHXPNiTltru_cwscCpUfCGO_fRVBEpRbKZUBIW7bw1O9ahChanBcAnKzBVDEB6_SQfxZGUq-HLFFxusFTUb4ztCxrXj_YZUixtEFQwg_NKbx3Ra=s0-d-e1-ft#https:\/\/genea79.files.wordpress.com\/2016\/09\/affiche_genea2016.jpg\" alt=\"Manifestation g\u00e9n\u00e9alogique \u00e0 Soubise\" width=\"300\" height=\"424\" \/><p class=\"wp-caption-text\">Gene@2016<\/p><\/div>\n<div>\n<p>Le Forum National de G\u00e9n\u00e9alogie (g\u00e9n\u00e9@2016) se tiendra aux Archives nationales (60 rue des Francs Bourgeois, Paris IIIe).<\/p>\n<p>Au programme, conf\u00e9rences, visites guid\u00e9es et nombreux exposants.<\/p>\n<p>Le Cercle G\u00e9n\u00e9alogique Poitevin sera heureux de vous rencontrer \u00e0 cette occasion sur son stand.<\/p>\n<p>L&rsquo;entr\u00e9e est gratuite.<\/p>\n<div><\/div>\n<\/div>\n","protected":false},"excerpt":{"rendered":"<p>Le Forum National de G\u00e9n\u00e9alogie (g\u00e9n\u00e9@2016) se tiendra aux Archives nationales (60 rue des Francs Bourgeois, Paris IIIe). Au programme, conf\u00e9rences, visites guid\u00e9es et nombreux exposants. Le Cercle G\u00e9n\u00e9alogique Poitevin sera heureux de vous rencontrer \u00e0 cette occasion sur son &hellip; <a href=\"https:\/\/herage.org\/blog\/https:\/blog.herage.org\/p=\/779\/\">Continuer la lecture <span class=\"meta-nav\">&rarr;<\/span><\/a><\/p>\n","protected":false},"author":3,"featured_media":0,"comment_status":"open","ping_status":"open","sticky":false,"template":"","format":"standard","meta":{"spay_email":"","jetpack_publicize_message":"","jetpack_is_tweetstorm":false,"jetpack_publicize_feature_enabled":true},"categories":[49,13,51,92,12],"tags":[89,88],"jetpack_publicize_connections":[],"jetpack_featured_media_url":"","jetpack_sharing_enabled":true,"jetpack_shortlink":"https:\/\/wp.me\/p4fVnZ-cz","jetpack-related-posts":[{"id":626,"url":"https:\/\/herage.org\/blog\/https:\/blog.herage.org\/p=\/626\/","url_meta":{"origin":779,"position":0},"title":"3e forum national de g\u00e9n\u00e9alogie \u00e0 Paris","date":"22 juillet 2014","format":false,"excerpt":"Venez rencontrer le CGP \u00e0 Soubise (Paris 3\u00b0) les 27 et 28 septembre 2014","rel":"","context":"Dans &quot;Antenne&quot;","img":{"alt_text":"","src":"https:\/\/i0.wp.com\/herage.org\/blog\/wp-content\/uploads\/2014\/07\/genea20141-211x300.jpg?resize=350%2C200","width":350,"height":200},"classes":[]},{"id":81,"url":"https:\/\/herage.org\/blog\/https:\/blog.herage.org\/p=\/81\/","url_meta":{"origin":779,"position":1},"title":"Gene@2010, le Forum de la G\u00e9n\u00e9alogie","date":"11 mai 2010","format":false,"excerpt":"Le prochain forum de la g\u00e9n\u00e9alogie Gene@2010 se d\u00e9roulera \u00e0 Paris dans le 4\u00b0 arrondissement, sur le site prestigieux des archives nationales, l'h\u00f4tel de Soubise. Bien sur, le cercle participera \u00e0 cette manifestation nationale qui se d\u00e9roulera les 25 septembre de 10h \u00e0 19h et le dimanche 26 septembre de\u2026","rel":"","context":"Dans &quot;Manifestation&quot;","img":{"alt_text":"","src":"https:\/\/i0.wp.com\/www.genefede.org\/docs\/biblio\/Vignette%20Internet.jpg?resize=350%2C200","width":350,"height":200},"classes":[]},{"id":495,"url":"https:\/\/herage.org\/blog\/https:\/blog.herage.org\/p=\/495\/","url_meta":{"origin":779,"position":2},"title":"G\u00e9n\u00e9@2012, Manifestation \u00e0 Soubise (Paris) les 29 et 30 septembre","date":"17 septembre 2012","format":false,"excerpt":"G\u00e9n\u00e9@2012\u00a0 \u00ab Le Forum national de g\u00e9n\u00e9alogie \u00bb se d\u00e9roulera les samedi 29 et dimanche 30 septembre 2012 aux Archives Nationales Cour de l\u2019H\u00f4tel de Soubise 60 rue des Francs-Bourgeois Paris (3e) L'acc\u00e8s est ais\u00e9 par le m\u00e9tro (station Rambuteau) ou encore le bus (arr\u00eat \"Archives - Rambuteau \" de\u2026","rel":"","context":"Dans &quot;Ile de France&quot;","img":{"alt_text":"","src":"","width":0,"height":0},"classes":[]},{"id":1284,"url":"https:\/\/herage.org\/blog\/https:\/blog.herage.org\/p=\/1284\/","url_meta":{"origin":779,"position":3},"title":"Prochain rendez-vous : salon de la g\u00e9n\u00e9alogie \u00e0 la Mairie du XVe","date":"12 mars 2018","format":false,"excerpt":"Cette ann\u00e9e encore le Cercle G\u00e9n\u00e9alogique Poitevin sera pr\u00e9sent au prochain grand salon de la g\u00e9n\u00e9alogie organis\u00e9 \u00e0 la Mairie du XV\u00e8 arrondissement de Paris en partenariat avec Archives et Culture et Geneanet. Il aura lieu du 15 au 17 mars prochain. Ce salon est ouvert \u00e0 tous, amateurs ou\u2026","rel":"","context":"Dans &quot;Manifestation&quot;","img":{"alt_text":"","src":"https:\/\/i0.wp.com\/herage.org\/blog\/wp-content\/uploads\/2018\/02\/affiche_2018.jpg?fit=857%2C1200&ssl=1&resize=350%2C200","width":350,"height":200},"classes":[]},{"id":792,"url":"https:\/\/herage.org\/blog\/https:\/blog.herage.org\/p=\/792\/","url_meta":{"origin":779,"position":4},"title":"Manifestation G\u00e9n\u00e9alogique \u00e0 la mairie du XV\u00b0 arrondissement de Paris","date":"24 janvier 2017","format":false,"excerpt":"Salon de la G\u00e9n\u00e9alogie \u00e0 la mairie de Paris XV\u00b0 les 10 et 11 mars 2017","rel":"","context":"Dans &quot;Ile de France&quot;","img":{"alt_text":"","src":"https:\/\/i0.wp.com\/herage.org\/blog\/wp-content\/uploads\/2017\/01\/s2017-03_salon_de_la_genealogie_mairie_15-215x300.jpg?resize=350%2C200","width":350,"height":200},"classes":[]},{"id":676,"url":"https:\/\/herage.org\/blog\/https:\/blog.herage.org\/p=\/676\/","url_meta":{"origin":779,"position":5},"title":"19\u00b0 Quinzaine de g\u00e9n\u00e9alogie \u00e0 la librairie de la vo\u00fbte","date":"19 janvier 2015","format":false,"excerpt":"19e Quinzaine de g\u00e9n\u00e9alogie \u00e0 la Librairie de la Vo\u00fbte La Librairie de la Vo\u00fbte, install\u00e9e dans le 12e arrondissement de Paris, vous invite \u00e0 sa 19e Quinzaine de la g\u00e9n\u00e9alogie,\u00a0du 20 au 31 janvier 2015. Associations et g\u00e9n\u00e9alogistes professionnels vous conseilleront chaque jour dans vos recherches. \u2666 Mardi 20\u2026","rel":"","context":"Dans &quot;Ile de France&quot;","img":{"alt_text":"","src":"","width":0,"height":0},"classes":[]}],"_links":{"self":[{"href":"https:\/\/herage.org\/blog\/wp-json\/wp\/v2\/posts\/779"}],"collection":[{"href":"https:\/\/herage.org\/blog\/wp-json\/wp\/v2\/posts"}],"about":[{"href":"https:\/\/herage.org\/blog\/wp-json\/wp\/v2\/types\/post"}],"author":[{"embeddable":true,"href":"https:\/\/herage.org\/blog\/wp-json\/wp\/v2\/users\/3"}],"replies":[{"embeddable":true,"href":"https:\/\/herage.org\/blog\/wp-json\/wp\/v2\/comments?post=779"}],"version-history":[{"count":1,"href":"https:\/\/herage.org\/blog\/wp-json\/wp\/v2\/posts\/779\/revisions"}],"predecessor-version":[{"id":780,"href":"https:\/\/herage.org\/blog\/wp-json\/wp\/v2\/posts\/779\/revisions\/780"}],"wp:attachment":[{"href":"https:\/\/herage.org\/blog\/wp-json\/wp\/v2\/media?parent=779"}],"wp:term":[{"taxonomy":"category","embeddable":true,"href":"https:\/\/herage.org\/blog\/wp-json\/wp\/v2\/categories?post=779"},{"taxonomy":"post_tag","embeddable":true,"href":"https:\/\/herage.org\/blog\/wp-json\/wp\/v2\/tags?post=779"}],"curies":[{"name":"wp","href":"https:\/\/api.w.org\/{rel}","templated":true}]}}