{"id":811,"date":"2017-06-10T08:26:16","date_gmt":"2017-06-10T06:26:16","guid":{"rendered":"http:\/\/herage.org\/blog\/?p=811"},"modified":"2018-03-11T17:45:10","modified_gmt":"2018-03-11T16:45:10","slug":"les-7-8-octobre-2017-journees-expo-echanges-a-lencloitre","status":"publish","type":"post","link":"https:\/\/herage.org\/blog\/https:\/blog.herage.org\/p=\/811\/","title":{"rendered":"les 7-8 octobre 2017, journ\u00e9es Expo &#038; Echanges \u00e0 Lenclo\u00eetre"},"content":{"rendered":"<p><a href=\"http:\/\/herage.org\/blog\/?attachment_id=812\" rel=\"attachment wp-att-812\"><img data-attachment-id=\"812\" data-permalink=\"https:\/\/herage.org\/blog\/https:\/blog.herage.org\/p=\/811\/affiche_5_lencloitre\/\" data-orig-file=\"https:\/\/i0.wp.com\/herage.org\/blog\/wp-content\/uploads\/2017\/06\/affiche_5_Lencloitre.png?fit=1240%2C1754&amp;ssl=1\" data-orig-size=\"1240,1754\" data-comments-opened=\"1\" data-image-meta=\"{&quot;aperture&quot;:&quot;0&quot;,&quot;credit&quot;:&quot;&quot;,&quot;camera&quot;:&quot;&quot;,&quot;caption&quot;:&quot;&quot;,&quot;created_timestamp&quot;:&quot;0&quot;,&quot;copyright&quot;:&quot;&quot;,&quot;focal_length&quot;:&quot;0&quot;,&quot;iso&quot;:&quot;0&quot;,&quot;shutter_speed&quot;:&quot;0&quot;,&quot;title&quot;:&quot;&quot;,&quot;orientation&quot;:&quot;0&quot;}\" data-image-title=\"affiche_5_Lencloitre\" data-image-description=\"\" data-image-caption=\"\" data-medium-file=\"https:\/\/i0.wp.com\/herage.org\/blog\/wp-content\/uploads\/2017\/06\/affiche_5_Lencloitre.png?fit=212%2C300&amp;ssl=1\" data-large-file=\"https:\/\/i0.wp.com\/herage.org\/blog\/wp-content\/uploads\/2017\/06\/affiche_5_Lencloitre.png?fit=584%2C826&amp;ssl=1\" loading=\"lazy\" class=\"size-medium wp-image-812 alignleft\" src=\"https:\/\/i0.wp.com\/herage.org\/blog\/wp-content\/uploads\/2017\/06\/affiche_5_Lencloitre-212x300.png?resize=212%2C300\" alt=\"affiche_5_Lencloitre\" width=\"212\" height=\"300\" srcset=\"https:\/\/i0.wp.com\/herage.org\/blog\/wp-content\/uploads\/2017\/06\/affiche_5_Lencloitre.png?resize=212%2C300&amp;ssl=1 212w, https:\/\/i0.wp.com\/herage.org\/blog\/wp-content\/uploads\/2017\/06\/affiche_5_Lencloitre.png?resize=768%2C1086&amp;ssl=1 768w, https:\/\/i0.wp.com\/herage.org\/blog\/wp-content\/uploads\/2017\/06\/affiche_5_Lencloitre.png?resize=724%2C1024&amp;ssl=1 724w, https:\/\/i0.wp.com\/herage.org\/blog\/wp-content\/uploads\/2017\/06\/affiche_5_Lencloitre.png?w=1240&amp;ssl=1 1240w, https:\/\/i0.wp.com\/herage.org\/blog\/wp-content\/uploads\/2017\/06\/affiche_5_Lencloitre.png?w=1168&amp;ssl=1 1168w\" sizes=\"(max-width: 212px) 100vw, 212px\" data-recalc-dims=\"1\" \/><\/a><\/p>\n<p>Les 7 et 8 octobre 2017, dans la salle multim\u00e9dia de Lenclo\u00eetre, les adh\u00e9rents du Cercle G\u00e9n\u00e9alogique Poitevin exposent leurs recherches et travaux.<\/p>\n<p>Que vous ayez d\u00e9but\u00e9 l&rsquo;histoire de votre famille depuis de nombreuses ann\u00e9es ou que vous pensiez \u00e9tablir votre g\u00e9n\u00e9alogie ou celle de vos proches, \u00a0vous y rencontrerez des passionn\u00e9s et certainement des cousins.<\/p>\n<p>L&rsquo;association de G\u00e9n\u00e9alogie de la Vienne et ses plus fid\u00e8les adh\u00e9rents vous y accueilleront.<\/p>\n<p>Vous pourrez b\u00e9n\u00e9ficier de la base de donn\u00e9es des 2 500 000 actes d\u00e9pouill\u00e9s par les adh\u00e9rents du Cercle G\u00e9n\u00e9alogique Poitevin.<\/p>\n<p>Les associations de l&rsquo;Indre &amp; Loire, de l&rsquo;Indre, des Deux-S\u00e8vres \u00a0auront aussi un stand pour vous aider.<\/p>\n<p>R\u00e9servez votre week-end pour <a href=\"https:\/\/www.google.fr\/maps\/place\/Salle+Multim%C3%A9dia\/@46.8139667,0.1858486,11z\/data=!4m5!3m4!1s0x47fd9f8d6cf8af2f:0x70d7583d8278385!8m2!3d46.813963!4d0.3259243\" target=\"_blank\">venir <\/a>\u00e0 la <a href=\"http:\/\/www.apmac.asso.fr\/etablissement\/salle-multimedia-lencloitre\/\" target=\"_blank\">salle multim\u00e9dia de Lenclo\u00eetre<\/a>\u00a0situ\u00e9e :<br \/>\nGu\u00e9 de la grange<br \/>\n86140 Lenclo\u00eetre.<\/p>\n<p>Ouverture, les 7 et 8 octobre 2017, de 10h \u00e0 18h.<\/p>\n<p>Bien sur, l&rsquo;entr\u00e9e est libre et gratuite et le parking de votre v\u00e9hicule est assur\u00e9.<\/p>\n<p>Voici le <a href=\"http:\/\/herage.org\/telechargements\/affiche_5_Lencloitre.pdf\">lien<\/a> de l&rsquo;affiche en format imprimable.<\/p>\n","protected":false},"excerpt":{"rendered":"<p>Journ\u00e9es Expo &#038; Echanges des adh\u00e9rents du Cercle G\u00e9n\u00e9alogique Poitevin les 7 &#038; 8 octobre 2017 \u00e0 la salle Multim\u00e9dia de Lenclo\u00eetre. <a href=\"https:\/\/herage.org\/blog\/https:\/blog.herage.org\/p=\/811\/\">Continuer la lecture <span class=\"meta-nav\">&rarr;<\/span><\/a><\/p>\n","protected":false},"author":3,"featured_media":0,"comment_status":"open","ping_status":"closed","sticky":false,"template":"","format":"standard","meta":{"spay_email":"","jetpack_publicize_message":"","jetpack_is_tweetstorm":false,"jetpack_publicize_feature_enabled":true},"categories":[13,53,92,12,52],"tags":[70,183,89],"jetpack_publicize_connections":[],"jetpack_featured_media_url":"","jetpack_sharing_enabled":true,"jetpack_shortlink":"https:\/\/wp.me\/p4fVnZ-d5","jetpack-related-posts":[{"id":1424,"url":"https:\/\/herage.org\/blog\/https:\/blog.herage.org\/p=\/1424\/","url_meta":{"origin":811,"position":0},"title":"Les rencontres g\u00e9n\u00e9alogiques du CGP \u00e0 Bignoux","date":"5 juillet 2018","format":false,"excerpt":"Comme tous les ans, le Cercle G\u00e9n\u00e9alogique Poitevin organise un week-end de partages et d'\u00e9changes entre passionn\u00e9s de g\u00e9n\u00e9alogie et donne \u00e9galement la possibilit\u00e9 \u00e0 ses adh\u00e9rents d'exposer leurs travaux de recherches. Cette ann\u00e9e, cette rencontre aura lieu dans la salle socio-culturelle de\u00a0Bignoux, pr\u00e8s de Poitiers, les 06 et 07\u2026","rel":"","context":"Dans &quot;Manifestation&quot;","img":{"alt_text":"forum g\u00e9n\u00e9alogie CGP cercle G\u00e9n\u00e9alogique Poitevin 06 et 07 octobre 2018 Bignoux","src":"https:\/\/i0.wp.com\/herage.org\/blog\/wp-content\/uploads\/2018\/07\/Com-Facebook-1.jpg?fit=454%2C300&ssl=1&resize=350%2C200","width":350,"height":200},"classes":[]},{"id":770,"url":"https:\/\/herage.org\/blog\/https:\/blog.herage.org\/p=\/770\/","url_meta":{"origin":811,"position":1},"title":"Journ\u00e9es Expo\/Echanges \u00e0 Montamis\u00e9","date":"8 ao\u00fbt 2016","format":false,"excerpt":"\u00a0 Comme tous les ans, le Cercle G\u00e9n\u00e9alogique Poitevin organise 2 jours destin\u00e9s aux \u00e9changes entre nos adh\u00e9rents. Cette ann\u00e9e, cette rencontre a lieu \u00e0 Montamis\u00e9, pr\u00e8s de Poitiers, les 15 et 16 octobre 2016 dans la salle des f\u00eates (rue du C\u00e8dre, 86360 Montamis\u00e9). Si vous \u00eates adh\u00e9rent de\u2026","rel":"","context":"Dans &quot;Manifestation&quot;","img":{"alt_text":"","src":"https:\/\/i0.wp.com\/herage.org\/blog\/wp-content\/uploads\/2016\/08\/affiche_montamise-232x300.png?resize=350%2C200","width":350,"height":200},"classes":[]},{"id":2269,"url":"https:\/\/herage.org\/blog\/https:\/blog.herage.org\/p=\/2269\/","url_meta":{"origin":811,"position":2},"title":"Les journ\u00e9es d&rsquo;\u00e9changes du CGP \u00e0 Rouill\u00e9","date":"21 juillet 2019","format":false,"excerpt":"Comme tous les ans, au tout d\u00e9but du 3e trimestre, le Cercle G\u00e9n\u00e9alogique Poitevin donne rendez-vous \u00e0 ses adh\u00e9rents pour deux journ\u00e9es d'\u00e9changes et de partage. Cette ann\u00e9e, le cercle invite tous les passionn\u00e9s de g\u00e9n\u00e9alogie les 28 et 29 septembre 2019 dans la salle des f\u00eates de Rouill\u00e9. Rouill\u00e9\u2026","rel":"","context":"Dans &quot;Manifestation&quot;","img":{"alt_text":"","src":"https:\/\/i0.wp.com\/herage.org\/blog\/wp-content\/uploads\/2019\/07\/2019-06-25_AFFICHE-2019-A4VF-212x300.png?resize=350%2C200","width":350,"height":200},"classes":[]},{"id":3311,"url":"https:\/\/herage.org\/blog\/https:\/blog.herage.org\/p=\/3311\/","url_meta":{"origin":811,"position":3},"title":"Une journ\u00e9e \u00e0 Ciss\u00e9 (86)","date":"26 juin 2022","format":false,"excerpt":"Journ\u00e9es expo\/\u00e9changes 2022 organis\u00e9es par le CGP \u00e0 Ciss\u00e9","rel":"","context":"Dans &quot;Manifestation&quot;","img":{"alt_text":"","src":"https:\/\/i0.wp.com\/herage.org\/blog\/wp-content\/uploads\/2022\/06\/CGP-Cisse-2022-evenement-FBK-1-2.png?fit=555%2C312&ssl=1&resize=350%2C200","width":350,"height":200},"classes":[]},{"id":1475,"url":"https:\/\/herage.org\/blog\/https:\/blog.herage.org\/p=\/1475\/","url_meta":{"origin":811,"position":4},"title":"Journ\u00e9e des Associations le 9 septembre \u00e0 Poitiers","date":"4 septembre 2018","format":false,"excerpt":"journ\u00e9es des associations \u00e0 Poitiers le 9 septembre 2018","rel":"","context":"Dans &quot;Manifestation&quot;","img":{"alt_text":"","src":"https:\/\/i0.wp.com\/herage.org\/blog\/wp-content\/uploads\/2018\/09\/2018-09-09_Poitiers_Journees_des_Associations-v3.jpg?fit=807%2C1200&ssl=1&resize=350%2C200","width":350,"height":200},"classes":[]},{"id":660,"url":"https:\/\/herage.org\/blog\/https:\/blog.herage.org\/p=\/660\/","url_meta":{"origin":811,"position":5},"title":"Charroux sera g\u00e9n\u00e9alogique les 18 &#038; 19 octobre 2014","date":"20 septembre 2014","format":false,"excerpt":"Grande manifestation g\u00e9n\u00e9alogique \u00e0 Charroux les 18 et 19 octobre 2014 organis\u00e9e par le CGP (Cercle G\u00e9n\u00e9alogique Poitevin)","rel":"","context":"Dans &quot;Manifestation&quot;","img":{"alt_text":"","src":"https:\/\/i0.wp.com\/herage.org\/blog\/wp-content\/uploads\/2014\/09\/expo_2014_charroux-212x300.png?resize=350%2C200","width":350,"height":200},"classes":[]}],"_links":{"self":[{"href":"https:\/\/herage.org\/blog\/wp-json\/wp\/v2\/posts\/811"}],"collection":[{"href":"https:\/\/herage.org\/blog\/wp-json\/wp\/v2\/posts"}],"about":[{"href":"https:\/\/herage.org\/blog\/wp-json\/wp\/v2\/types\/post"}],"author":[{"embeddable":true,"href":"https:\/\/herage.org\/blog\/wp-json\/wp\/v2\/users\/3"}],"replies":[{"embeddable":true,"href":"https:\/\/herage.org\/blog\/wp-json\/wp\/v2\/comments?post=811"}],"version-history":[{"count":10,"href":"https:\/\/herage.org\/blog\/wp-json\/wp\/v2\/posts\/811\/revisions"}],"predecessor-version":[{"id":826,"href":"https:\/\/herage.org\/blog\/wp-json\/wp\/v2\/posts\/811\/revisions\/826"}],"wp:attachment":[{"href":"https:\/\/herage.org\/blog\/wp-json\/wp\/v2\/media?parent=811"}],"wp:term":[{"taxonomy":"category","embeddable":true,"href":"https:\/\/herage.org\/blog\/wp-json\/wp\/v2\/categories?post=811"},{"taxonomy":"post_tag","embeddable":true,"href":"https:\/\/herage.org\/blog\/wp-json\/wp\/v2\/tags?post=811"}],"curies":[{"name":"wp","href":"https:\/\/api.w.org\/{rel}","templated":true}]}}